{"id":3001,"date":"2018-07-09T10:10:42","date_gmt":"2018-07-09T10:10:42","guid":{"rendered":"https:\/\/medianeeds.es\/escandol-zuckerberg-que-en-sabem\/"},"modified":"2018-08-31T08:51:57","modified_gmt":"2018-08-31T08:51:57","slug":"escandolo-zuckerberg-que-es-lo-que-sabemos","status":"publish","type":"post","link":"https:\/\/medianeeds.es\/es\/escandolo-zuckerberg-que-es-lo-que-sabemos\/","title":{"rendered":"Esc\u00e1ndalo Zuckerberg, qu\u00e9 es lo que sabemos?"},"content":{"rendered":"<p>Desde hace unos meses todos hemos o\u00eddo hablar del llamado esc\u00e1ndalo Zuckerberg, fundador y director ejecutivo de la famosa red social Facebook.<\/p>\n<p>Ahora que parece que las aguas se han tranquilizado, podemos ponernos a pensar y hacernos algunas preguntas.<\/p>\n<p>Sabemos realmente qu\u00e9 ha pasado con los usuarios y sus datos personales de esta red social? la protecci\u00f3n de datos que la red garantiza es real y segura?<\/p>\n<p>&nbsp;<\/p>\n<p>&nbsp;<\/p>\n<ul>\n<li>Hagamos un flashback para saber sus antecedentes.<\/li>\n<\/ul>\n<p>&nbsp;<\/p>\n<p>En el a\u00f1o 2014, la consultora pol\u00edtica Cambridge Analytica se hizo con el poder de datos personales de m\u00e1s de 87 millones de usuarios de Facebook para su uso propio y personal sin hacer menci\u00f3n a las personas que utilizan esta red vulnerando as\u00ed su privacidad y derecho a la protecci\u00f3n de datos que garantiza el equipo de Zuckerberg. Ahora, sale a la luz que lo mismo ocurri\u00f3, con un total de 2,7 millones de usuarios europeos afectados, durante las \u00faltimas elecciones en que Donald Trump sali\u00f3 elegido.<\/p>\n<p>&nbsp;<\/p>\n<ul>\n<li>Ante el esc\u00e1ndalo Zuckerberg, qu\u00e9 decide hacer la empresa?<\/li>\n<\/ul>\n<p>&nbsp;<\/p>\n<p>Facebook, a ra\u00edz de la filtraci\u00f3n de datos supuestamente fortuita ambas veces, decide poner en marcha un plan de protecci\u00f3n de datos para que sus usuarios se sientan protegidos y se den cuenta que la empresa trabaja por su seguridad personal.<\/p>\n<p>Durante el mes de marzo de este a\u00f1o, la red social pone a disposici\u00f3n de un grupo reducido de usuarios informaci\u00f3n sobre el funcionamiento de la protecci\u00f3n de datos, y como hacerlo para hacer p\u00fablica cierta informaci\u00f3n o como hacerla desaparecer del perfil p\u00fablico si as\u00ed lo prefiere el usuario.<br \/>\nEn este cuestionario se preguntar\u00eda a los perfiles p\u00fablicos si quieren seguir haciendo p\u00fablica informaci\u00f3n sobre pol\u00edtica, religi\u00f3n, entre otros temas personales. Adem\u00e1s, se podr\u00eda elegir si desean que la red utilice sus datos p\u00fablicas para personalizar los contenidos que puedan aparecer en su perfil, o escoger si les gusta como se est\u00e1 llevando a cabo la protecci\u00f3n de sus datos, as\u00ed como obtener una explicaci\u00f3n por parte de Facebook sobre qu\u00e9 uso se est\u00e1 haciendo de sus datos personales y p\u00fablicas.<\/p>\n<p>&nbsp;<\/p>\n<p>Zuckerberg informa que, adem\u00e1s de este cuestionario, se pone a disposici\u00f3n del usuario, de momento fuera de la Uni\u00f3n Europea, la opci\u00f3n de reconocimiento facial para que se pueda tener siempre conocimiento de las im\u00e1genes que se publican con el rostro de cada uno.<\/p>\n<p>&nbsp;<\/p>\n<ul>\n<li>Para los presidentes de los grupos pol\u00edticos europeos no es suficiente.<\/li>\n<\/ul>\n<p>&nbsp;<\/p>\n<p>No contentos con las medidas que Facebook escoge para solucionar el sesc\u00e1ndolo Zuckerberg, el Parlamento Europeo pide explicaciones.<\/p>\n<p>La Euroc\u00e1mara se pregunta si el caso de la filtraci\u00f3n de datos a la consultora Cambridge Analytica es un caso aislado o s\u00f3lo es la punta del iceberg. Pregunta que el fundador de la red social responde durante la reuni\u00f3n en Bruselas el pasado mes de mayo, con los dirigentes pol\u00edticos europeos, mencionando que \u00abse est\u00e1 trabajando e investigando en todas las empresas que tienen acceso a los datos de los usuarios de Facebook\u00bb para descubrir si hay otros malos usos de estas. Y que \u00abeste es un trabajo que llevar\u00e1 meses\u00bb.<\/p>\n<p>&nbsp;<\/p>\n<p>Si bien esta respuesta podr\u00eda calmar las fieras, la Euroc\u00e1mara no queda contenta, y los usuarios de Facebook se mantienen a la expectativa. Adem\u00e1s, el n\u00famero de usuarios registrados en la red baja considerablemente desde el conocimiento del ya bautizado como el esc\u00e1ndalo Zuckerberg.<\/p>\n<p>&nbsp;<\/p>\n<p>Hoy por hoy, lo que los usuarios de esta conocida red social s\u00f3lo pueden saber con seguridad es que las presiones de los m\u00e1ximos dirigentes pol\u00edticos de Europa han hecho aumentar la seguridad que hasta ahora garantizaba la privacidad de la informaci\u00f3n personal. Y que, para las pr\u00f3ximas elecciones europeas del a\u00f1o 2019, Facebook est\u00e1 en el punto de mira y no se le permite ning\u00fan error que haga vulnerar los datos de los perfiles que todav\u00eda conf\u00edan en su equipo.<\/p>\n<p>&nbsp;<\/p>\n<p>En conclusi\u00f3n, pues, no se puede sacar agua clara y podemos deducir que, por muchas explicaciones que se d\u00e9 a los usuarios de Facebook, nunca se podr\u00e1 saber a ciencia cierta cu\u00e1l es el uso real que se hace de los datos personales que son necesarias para poderse registrar en la red. Y, aunque la seguridad de nuestros datos es importante, y la red las pone en duda, tendremos que seguir confiando si queremos seguir activos, esperando cu\u00e1ndo ser\u00e1 el pr\u00f3ximo esc\u00e1ndalo que salga a la luz.<\/p>\n<p>&nbsp;<\/p>\n","protected":false},"excerpt":{"rendered":"<p>Desde hace unos meses todos hemos o\u00eddo hablar del llamado esc\u00e1ndalo Zuckerberg, fundador y director ejecutivo de la famosa red social Facebook. Ahora que parece que las aguas se han tranquilizado, podemos ponernos a pensar y hacernos algunas preguntas. Sabemos realmente qu\u00e9 ha pasado con los usuarios y sus datos personales de esta red social? [&hellip;]<\/p>\n","protected":false},"author":1,"featured_media":10504,"comment_status":"closed","ping_status":"closed","sticky":false,"template":"","format":"standard","meta":{"_et_pb_use_builder":"","_et_pb_old_content":"","_et_gb_content_width":"","footnotes":""},"categories":[252,279],"tags":[24,44,80,178,179,245],"class_list":["post-3001","post","type-post","status-publish","format-standard","has-post-thumbnail","hentry","category-noticias","category-redes-sociales-3","tag-empresa-es","tag-facebook","tag-privacidad","tag-proteccion","tag-red-social","tag-xarxa-social-es"],"yoast_head":"<!-- This site is optimized with the Yoast SEO plugin v27.5 - https:\/\/yoast.com\/product\/yoast-seo-wordpress\/ -->\n<title>Esc\u00e1ndalo Zuckerberg, qu\u00e9 es lo que sabemos? - Medianeeds Reus<\/title>\n<meta name=\"description\" content=\"Desde hace unos meses todos hemos o\u00eddo hablar del llamado esc\u00e1ndalo Zuckerberg, fundador y director ejecutivo de la famosa red social Facebook.\" \/>\n<meta name=\"robots\" content=\"index, follow, max-snippet:-1, max-image-preview:large, max-video-preview:-1\" \/>\n<link rel=\"canonical\" href=\"https:\/\/medianeeds.es\/es\/escandolo-zuckerberg-que-es-lo-que-sabemos\/\" \/>\n<meta property=\"og:locale\" content=\"es_ES\" \/>\n<meta property=\"og:type\" content=\"article\" \/>\n<meta property=\"og:title\" content=\"Esc\u00e1ndalo Zuckerberg, qu\u00e9 es lo que sabemos? - Medianeeds Reus\" \/>\n<meta property=\"og:description\" content=\"Desde hace unos meses todos hemos o\u00eddo hablar del llamado esc\u00e1ndalo Zuckerberg, fundador y director ejecutivo de la famosa red social Facebook.\" \/>\n<meta property=\"og:url\" content=\"https:\/\/medianeeds.es\/es\/escandolo-zuckerberg-que-es-lo-que-sabemos\/\" \/>\n<meta property=\"og:site_name\" content=\"M\u00e0rketing Reus | Media Needs Reus | Ag\u00e8ncia de publicitat Reus\" \/>\n<meta property=\"article:publisher\" content=\"https:\/\/www.facebook.com\/medianeeds.es\/\" \/>\n<meta property=\"article:published_time\" content=\"2018-07-09T10:10:42+00:00\" \/>\n<meta property=\"article:modified_time\" content=\"2018-08-31T08:51:57+00:00\" \/>\n<meta property=\"og:image\" content=\"https:\/\/medianeeds.es\/wp-content\/uploads\/2018\/07\/ESCANDALO-ZUCKERBERG-2.jpg\" \/>\n\t<meta property=\"og:image:width\" content=\"997\" \/>\n\t<meta property=\"og:image:height\" content=\"629\" \/>\n\t<meta property=\"og:image:type\" content=\"image\/jpeg\" \/>\n<meta name=\"author\" content=\"Medianeeds\" \/>\n<meta name=\"twitter:label1\" content=\"Escrito por\" \/>\n\t<meta name=\"twitter:data1\" content=\"Medianeeds\" \/>\n\t<meta name=\"twitter:label2\" content=\"Tiempo de lectura\" \/>\n\t<meta name=\"twitter:data2\" content=\"4 minutos\" \/>\n<script type=\"application\/ld+json\" class=\"yoast-schema-graph\">{\"@context\":\"https:\\\/\\\/schema.org\",\"@graph\":[{\"@type\":\"Article\",\"@id\":\"https:\\\/\\\/medianeeds.es\\\/es\\\/escandolo-zuckerberg-que-es-lo-que-sabemos\\\/#article\",\"isPartOf\":{\"@id\":\"https:\\\/\\\/medianeeds.es\\\/es\\\/escandolo-zuckerberg-que-es-lo-que-sabemos\\\/\"},\"author\":{\"name\":\"Medianeeds\",\"@id\":\"https:\\\/\\\/medianeeds.es\\\/#\\\/schema\\\/person\\\/6a6f2f17f283df3eeb0946feebd2af79\"},\"headline\":\"Esc\u00e1ndalo Zuckerberg, qu\u00e9 es lo que sabemos?\",\"datePublished\":\"2018-07-09T10:10:42+00:00\",\"dateModified\":\"2018-08-31T08:51:57+00:00\",\"mainEntityOfPage\":{\"@id\":\"https:\\\/\\\/medianeeds.es\\\/es\\\/escandolo-zuckerberg-que-es-lo-que-sabemos\\\/\"},\"wordCount\":799,\"publisher\":{\"@id\":\"https:\\\/\\\/medianeeds.es\\\/#organization\"},\"image\":{\"@id\":\"https:\\\/\\\/medianeeds.es\\\/es\\\/escandolo-zuckerberg-que-es-lo-que-sabemos\\\/#primaryimage\"},\"thumbnailUrl\":\"https:\\\/\\\/medianeeds.es\\\/wp-content\\\/uploads\\\/2018\\\/07\\\/ESCANDALO-ZUCKERBERG-2.jpg\",\"keywords\":[\"Empresa\",\"facebook\",\"privacidad\",\"protecci\u00f3n\",\"red social\",\"Xarxa Social\"],\"articleSection\":[\"Noticias\",\"Redes Sociales\"],\"inLanguage\":\"es\"},{\"@type\":\"WebPage\",\"@id\":\"https:\\\/\\\/medianeeds.es\\\/es\\\/escandolo-zuckerberg-que-es-lo-que-sabemos\\\/\",\"url\":\"https:\\\/\\\/medianeeds.es\\\/es\\\/escandolo-zuckerberg-que-es-lo-que-sabemos\\\/\",\"name\":\"Esc\u00e1ndalo Zuckerberg, qu\u00e9 es lo que sabemos? - Medianeeds Reus\",\"isPartOf\":{\"@id\":\"https:\\\/\\\/medianeeds.es\\\/#website\"},\"primaryImageOfPage\":{\"@id\":\"https:\\\/\\\/medianeeds.es\\\/es\\\/escandolo-zuckerberg-que-es-lo-que-sabemos\\\/#primaryimage\"},\"image\":{\"@id\":\"https:\\\/\\\/medianeeds.es\\\/es\\\/escandolo-zuckerberg-que-es-lo-que-sabemos\\\/#primaryimage\"},\"thumbnailUrl\":\"https:\\\/\\\/medianeeds.es\\\/wp-content\\\/uploads\\\/2018\\\/07\\\/ESCANDALO-ZUCKERBERG-2.jpg\",\"datePublished\":\"2018-07-09T10:10:42+00:00\",\"dateModified\":\"2018-08-31T08:51:57+00:00\",\"description\":\"Desde hace unos meses todos hemos o\u00eddo hablar del llamado esc\u00e1ndalo Zuckerberg, fundador y director ejecutivo de la famosa red social Facebook.\",\"breadcrumb\":{\"@id\":\"https:\\\/\\\/medianeeds.es\\\/es\\\/escandolo-zuckerberg-que-es-lo-que-sabemos\\\/#breadcrumb\"},\"inLanguage\":\"es\",\"potentialAction\":[{\"@type\":\"ReadAction\",\"target\":[\"https:\\\/\\\/medianeeds.es\\\/es\\\/escandolo-zuckerberg-que-es-lo-que-sabemos\\\/\"]}]},{\"@type\":\"ImageObject\",\"inLanguage\":\"es\",\"@id\":\"https:\\\/\\\/medianeeds.es\\\/es\\\/escandolo-zuckerberg-que-es-lo-que-sabemos\\\/#primaryimage\",\"url\":\"https:\\\/\\\/medianeeds.es\\\/wp-content\\\/uploads\\\/2018\\\/07\\\/ESCANDALO-ZUCKERBERG-2.jpg\",\"contentUrl\":\"https:\\\/\\\/medianeeds.es\\\/wp-content\\\/uploads\\\/2018\\\/07\\\/ESCANDALO-ZUCKERBERG-2.jpg\",\"width\":997,\"height\":629},{\"@type\":\"BreadcrumbList\",\"@id\":\"https:\\\/\\\/medianeeds.es\\\/es\\\/escandolo-zuckerberg-que-es-lo-que-sabemos\\\/#breadcrumb\",\"itemListElement\":[{\"@type\":\"ListItem\",\"position\":1,\"name\":\"Portada\",\"item\":\"https:\\\/\\\/medianeeds.es\\\/\"},{\"@type\":\"ListItem\",\"position\":2,\"name\":\"Esc\u00e1ndalo Zuckerberg, qu\u00e9 es lo que sabemos?\"}]},{\"@type\":\"WebSite\",\"@id\":\"https:\\\/\\\/medianeeds.es\\\/#website\",\"url\":\"https:\\\/\\\/medianeeds.es\\\/\",\"name\":\"M\u00e0rketing Reus | Media Needs Reus | Ag\u00e8ncia de publicitat Reus\",\"description\":\"MediaNeeds \u00e9s una empresa especialitzada en serveis integrals de publicitat, m\u00e0rqueting on-line i community manager a Reus, Tarragona\",\"publisher\":{\"@id\":\"https:\\\/\\\/medianeeds.es\\\/#organization\"},\"alternateName\":\"Media Needs\",\"potentialAction\":[{\"@type\":\"SearchAction\",\"target\":{\"@type\":\"EntryPoint\",\"urlTemplate\":\"https:\\\/\\\/medianeeds.es\\\/?s={search_term_string}\"},\"query-input\":{\"@type\":\"PropertyValueSpecification\",\"valueRequired\":true,\"valueName\":\"search_term_string\"}}],\"inLanguage\":\"es\"},{\"@type\":\"Organization\",\"@id\":\"https:\\\/\\\/medianeeds.es\\\/#organization\",\"name\":\"M\u00e0rketing Reus | Media Needs Reus | Ag\u00e8ncia de publicitat Reus\",\"alternateName\":\"Media Needs\",\"url\":\"https:\\\/\\\/medianeeds.es\\\/\",\"logo\":{\"@type\":\"ImageObject\",\"inLanguage\":\"es\",\"@id\":\"https:\\\/\\\/medianeeds.es\\\/#\\\/schema\\\/logo\\\/image\\\/\",\"url\":\"https:\\\/\\\/medianeeds.es\\\/wp-content\\\/uploads\\\/2024\\\/06\\\/COLOR_Mesa-de-trabajo-1-copia.png\",\"contentUrl\":\"https:\\\/\\\/medianeeds.es\\\/wp-content\\\/uploads\\\/2024\\\/06\\\/COLOR_Mesa-de-trabajo-1-copia.png\",\"width\":470,\"height\":226,\"caption\":\"M\u00e0rketing Reus | Media Needs Reus | Ag\u00e8ncia de publicitat Reus\"},\"image\":{\"@id\":\"https:\\\/\\\/medianeeds.es\\\/#\\\/schema\\\/logo\\\/image\\\/\"},\"sameAs\":[\"https:\\\/\\\/www.facebook.com\\\/medianeeds.es\\\/\",\"https:\\\/\\\/x.com\\\/media_needs\",\"https:\\\/\\\/www.instagram.com\\\/medianeeds\\\/?hl=es\"]},{\"@type\":\"Person\",\"@id\":\"https:\\\/\\\/medianeeds.es\\\/#\\\/schema\\\/person\\\/6a6f2f17f283df3eeb0946feebd2af79\",\"name\":\"Medianeeds\",\"image\":{\"@type\":\"ImageObject\",\"inLanguage\":\"es\",\"@id\":\"https:\\\/\\\/secure.gravatar.com\\\/avatar\\\/442251953f111b43a4668103c7b7c09aa35690e525473fb0bb9db0681ee9c0c3?s=96&d=mm&r=g\",\"url\":\"https:\\\/\\\/secure.gravatar.com\\\/avatar\\\/442251953f111b43a4668103c7b7c09aa35690e525473fb0bb9db0681ee9c0c3?s=96&d=mm&r=g\",\"contentUrl\":\"https:\\\/\\\/secure.gravatar.com\\\/avatar\\\/442251953f111b43a4668103c7b7c09aa35690e525473fb0bb9db0681ee9c0c3?s=96&d=mm&r=g\",\"caption\":\"Medianeeds\"},\"url\":\"https:\\\/\\\/medianeeds.es\\\/es\\\/author\\\/medianeeds\\\/\"}]}<\/script>\n<!-- \/ Yoast SEO plugin. -->","yoast_head_json":{"title":"Esc\u00e1ndalo Zuckerberg, qu\u00e9 es lo que sabemos? - Medianeeds Reus","description":"Desde hace unos meses todos hemos o\u00eddo hablar del llamado esc\u00e1ndalo Zuckerberg, fundador y director ejecutivo de la famosa red social Facebook.","robots":{"index":"index","follow":"follow","max-snippet":"max-snippet:-1","max-image-preview":"max-image-preview:large","max-video-preview":"max-video-preview:-1"},"canonical":"https:\/\/medianeeds.es\/es\/escandolo-zuckerberg-que-es-lo-que-sabemos\/","og_locale":"es_ES","og_type":"article","og_title":"Esc\u00e1ndalo Zuckerberg, qu\u00e9 es lo que sabemos? - Medianeeds Reus","og_description":"Desde hace unos meses todos hemos o\u00eddo hablar del llamado esc\u00e1ndalo Zuckerberg, fundador y director ejecutivo de la famosa red social Facebook.","og_url":"https:\/\/medianeeds.es\/es\/escandolo-zuckerberg-que-es-lo-que-sabemos\/","og_site_name":"M\u00e0rketing Reus | Media Needs Reus | Ag\u00e8ncia de publicitat Reus","article_publisher":"https:\/\/www.facebook.com\/medianeeds.es\/","article_published_time":"2018-07-09T10:10:42+00:00","article_modified_time":"2018-08-31T08:51:57+00:00","og_image":[{"width":997,"height":629,"url":"https:\/\/medianeeds.es\/wp-content\/uploads\/2018\/07\/ESCANDALO-ZUCKERBERG-2.jpg","type":"image\/jpeg"}],"author":"Medianeeds","twitter_misc":{"Escrito por":"Medianeeds","Tiempo de lectura":"4 minutos"},"schema":{"@context":"https:\/\/schema.org","@graph":[{"@type":"Article","@id":"https:\/\/medianeeds.es\/es\/escandolo-zuckerberg-que-es-lo-que-sabemos\/#article","isPartOf":{"@id":"https:\/\/medianeeds.es\/es\/escandolo-zuckerberg-que-es-lo-que-sabemos\/"},"author":{"name":"Medianeeds","@id":"https:\/\/medianeeds.es\/#\/schema\/person\/6a6f2f17f283df3eeb0946feebd2af79"},"headline":"Esc\u00e1ndalo Zuckerberg, qu\u00e9 es lo que sabemos?","datePublished":"2018-07-09T10:10:42+00:00","dateModified":"2018-08-31T08:51:57+00:00","mainEntityOfPage":{"@id":"https:\/\/medianeeds.es\/es\/escandolo-zuckerberg-que-es-lo-que-sabemos\/"},"wordCount":799,"publisher":{"@id":"https:\/\/medianeeds.es\/#organization"},"image":{"@id":"https:\/\/medianeeds.es\/es\/escandolo-zuckerberg-que-es-lo-que-sabemos\/#primaryimage"},"thumbnailUrl":"https:\/\/medianeeds.es\/wp-content\/uploads\/2018\/07\/ESCANDALO-ZUCKERBERG-2.jpg","keywords":["Empresa","facebook","privacidad","protecci\u00f3n","red social","Xarxa Social"],"articleSection":["Noticias","Redes Sociales"],"inLanguage":"es"},{"@type":"WebPage","@id":"https:\/\/medianeeds.es\/es\/escandolo-zuckerberg-que-es-lo-que-sabemos\/","url":"https:\/\/medianeeds.es\/es\/escandolo-zuckerberg-que-es-lo-que-sabemos\/","name":"Esc\u00e1ndalo Zuckerberg, qu\u00e9 es lo que sabemos? - Medianeeds Reus","isPartOf":{"@id":"https:\/\/medianeeds.es\/#website"},"primaryImageOfPage":{"@id":"https:\/\/medianeeds.es\/es\/escandolo-zuckerberg-que-es-lo-que-sabemos\/#primaryimage"},"image":{"@id":"https:\/\/medianeeds.es\/es\/escandolo-zuckerberg-que-es-lo-que-sabemos\/#primaryimage"},"thumbnailUrl":"https:\/\/medianeeds.es\/wp-content\/uploads\/2018\/07\/ESCANDALO-ZUCKERBERG-2.jpg","datePublished":"2018-07-09T10:10:42+00:00","dateModified":"2018-08-31T08:51:57+00:00","description":"Desde hace unos meses todos hemos o\u00eddo hablar del llamado esc\u00e1ndalo Zuckerberg, fundador y director ejecutivo de la famosa red social Facebook.","breadcrumb":{"@id":"https:\/\/medianeeds.es\/es\/escandolo-zuckerberg-que-es-lo-que-sabemos\/#breadcrumb"},"inLanguage":"es","potentialAction":[{"@type":"ReadAction","target":["https:\/\/medianeeds.es\/es\/escandolo-zuckerberg-que-es-lo-que-sabemos\/"]}]},{"@type":"ImageObject","inLanguage":"es","@id":"https:\/\/medianeeds.es\/es\/escandolo-zuckerberg-que-es-lo-que-sabemos\/#primaryimage","url":"https:\/\/medianeeds.es\/wp-content\/uploads\/2018\/07\/ESCANDALO-ZUCKERBERG-2.jpg","contentUrl":"https:\/\/medianeeds.es\/wp-content\/uploads\/2018\/07\/ESCANDALO-ZUCKERBERG-2.jpg","width":997,"height":629},{"@type":"BreadcrumbList","@id":"https:\/\/medianeeds.es\/es\/escandolo-zuckerberg-que-es-lo-que-sabemos\/#breadcrumb","itemListElement":[{"@type":"ListItem","position":1,"name":"Portada","item":"https:\/\/medianeeds.es\/"},{"@type":"ListItem","position":2,"name":"Esc\u00e1ndalo Zuckerberg, qu\u00e9 es lo que sabemos?"}]},{"@type":"WebSite","@id":"https:\/\/medianeeds.es\/#website","url":"https:\/\/medianeeds.es\/","name":"M\u00e0rketing Reus | Media Needs Reus | Ag\u00e8ncia de publicitat Reus","description":"MediaNeeds \u00e9s una empresa especialitzada en serveis integrals de publicitat, m\u00e0rqueting on-line i community manager a Reus, Tarragona","publisher":{"@id":"https:\/\/medianeeds.es\/#organization"},"alternateName":"Media Needs","potentialAction":[{"@type":"SearchAction","target":{"@type":"EntryPoint","urlTemplate":"https:\/\/medianeeds.es\/?s={search_term_string}"},"query-input":{"@type":"PropertyValueSpecification","valueRequired":true,"valueName":"search_term_string"}}],"inLanguage":"es"},{"@type":"Organization","@id":"https:\/\/medianeeds.es\/#organization","name":"M\u00e0rketing Reus | Media Needs Reus | Ag\u00e8ncia de publicitat Reus","alternateName":"Media Needs","url":"https:\/\/medianeeds.es\/","logo":{"@type":"ImageObject","inLanguage":"es","@id":"https:\/\/medianeeds.es\/#\/schema\/logo\/image\/","url":"https:\/\/medianeeds.es\/wp-content\/uploads\/2024\/06\/COLOR_Mesa-de-trabajo-1-copia.png","contentUrl":"https:\/\/medianeeds.es\/wp-content\/uploads\/2024\/06\/COLOR_Mesa-de-trabajo-1-copia.png","width":470,"height":226,"caption":"M\u00e0rketing Reus | Media Needs Reus | Ag\u00e8ncia de publicitat Reus"},"image":{"@id":"https:\/\/medianeeds.es\/#\/schema\/logo\/image\/"},"sameAs":["https:\/\/www.facebook.com\/medianeeds.es\/","https:\/\/x.com\/media_needs","https:\/\/www.instagram.com\/medianeeds\/?hl=es"]},{"@type":"Person","@id":"https:\/\/medianeeds.es\/#\/schema\/person\/6a6f2f17f283df3eeb0946feebd2af79","name":"Medianeeds","image":{"@type":"ImageObject","inLanguage":"es","@id":"https:\/\/secure.gravatar.com\/avatar\/442251953f111b43a4668103c7b7c09aa35690e525473fb0bb9db0681ee9c0c3?s=96&d=mm&r=g","url":"https:\/\/secure.gravatar.com\/avatar\/442251953f111b43a4668103c7b7c09aa35690e525473fb0bb9db0681ee9c0c3?s=96&d=mm&r=g","contentUrl":"https:\/\/secure.gravatar.com\/avatar\/442251953f111b43a4668103c7b7c09aa35690e525473fb0bb9db0681ee9c0c3?s=96&d=mm&r=g","caption":"Medianeeds"},"url":"https:\/\/medianeeds.es\/es\/author\/medianeeds\/"}]}},"_links":{"self":[{"href":"https:\/\/medianeeds.es\/es\/wp-json\/wp\/v2\/posts\/3001","targetHints":{"allow":["GET"]}}],"collection":[{"href":"https:\/\/medianeeds.es\/es\/wp-json\/wp\/v2\/posts"}],"about":[{"href":"https:\/\/medianeeds.es\/es\/wp-json\/wp\/v2\/types\/post"}],"author":[{"embeddable":true,"href":"https:\/\/medianeeds.es\/es\/wp-json\/wp\/v2\/users\/1"}],"replies":[{"embeddable":true,"href":"https:\/\/medianeeds.es\/es\/wp-json\/wp\/v2\/comments?post=3001"}],"version-history":[{"count":2,"href":"https:\/\/medianeeds.es\/es\/wp-json\/wp\/v2\/posts\/3001\/revisions"}],"predecessor-version":[{"id":10503,"href":"https:\/\/medianeeds.es\/es\/wp-json\/wp\/v2\/posts\/3001\/revisions\/10503"}],"wp:featuredmedia":[{"embeddable":true,"href":"https:\/\/medianeeds.es\/es\/wp-json\/wp\/v2\/media\/10504"}],"wp:attachment":[{"href":"https:\/\/medianeeds.es\/es\/wp-json\/wp\/v2\/media?parent=3001"}],"wp:term":[{"taxonomy":"category","embeddable":true,"href":"https:\/\/medianeeds.es\/es\/wp-json\/wp\/v2\/categories?post=3001"},{"taxonomy":"post_tag","embeddable":true,"href":"https:\/\/medianeeds.es\/es\/wp-json\/wp\/v2\/tags?post=3001"}],"curies":[{"name":"wp","href":"https:\/\/api.w.org\/{rel}","templated":true}]}}