{"id":2977,"date":"2018-06-26T10:26:12","date_gmt":"2018-06-26T10:26:12","guid":{"rendered":"https:\/\/medianeeds.es\/avantatges-laborals-del-certificat-de-discapacitat\/"},"modified":"2018-08-27T08:20:01","modified_gmt":"2018-08-27T08:20:01","slug":"ventajas-laborales-del-certificado-de-discapacidad","status":"publish","type":"post","link":"https:\/\/medianeeds.es\/es\/ventajas-laborales-del-certificado-de-discapacidad\/","title":{"rendered":"Ventajas laborales del certificado de discapacidad"},"content":{"rendered":"<p>Sabes qu\u00e9 es el <strong>certificado de discapacidad<\/strong> que acredita una diversidad funcional igual al 33% o superior?<\/p>\n<p>El <strong>certificado de discapacidad<\/strong> es un documento p\u00fablico determinado por una junta m\u00e9dica, de tramitaci\u00f3n gratuita, que se otorga a toda persona que lo solicite y que tenga una alteraci\u00f3n funcional, permanente, transitoria o prolongada, f\u00edsica, sensorial o mental. Que en relaci\u00f3n a su edad y medio social implique desventajas considerables para su adecuada integraci\u00f3n familiar, social o laboral. Adem\u00e1s, este certificado permite acceder a una serie de derechos y beneficios dados por las leyes 22431 y 24901.<\/p>\n<p>&nbsp;<\/p>\n<p>Algunos de sus beneficios son los siguientes:<\/p>\n<ul>\n<li>Transporte p\u00fablico gratuito.<\/li>\n<li>Obtenci\u00f3n del s\u00edmbolo (logotipo) internacional de acceso para el autom\u00f3vil, exenci\u00f3n de la patente, gesti\u00f3n de libre tr\u00e1nsito y estacionamiento.<\/li>\n<li>Acceso al r\u00e9gimen familiar en ANSES.<\/li>\n<li>Obtenci\u00f3n de beneficios para la compra de automotores.<\/li>\n<li>Obtenci\u00f3n de exenciones de algunos impuestos.<\/li>\n<li>Solicitaci\u00f3n de empleo en prestaciones p\u00fablicas y privadas.<\/li>\n<\/ul>\n<p>(En la mayor\u00eda de las empresas p\u00fablicas y privadas piden certificado de discapacidad como documentaci\u00f3n de ingreso al mercado laboral).<\/p>\n<p>Hoy d\u00eda, gracias a las nuevas tecnolog\u00edas y medios audiovisuales, hay un mayor conocimiento sobre este certificado y es m\u00e1s f\u00e1cil la inclusi\u00f3n social y laboral de todas las personas, sea cual sea su condici\u00f3n f\u00edsica y ps\u00edquica. Junto con estas facilidades y el <strong>certificado de discapacidad<\/strong>, aunque no est\u00e1s obligado a notificarlo a la empresa, es beneficioso hacerlo ya que el gerente del puesto de trabajo est\u00e1 obligado a adecuar el espacio en funci\u00f3n de tu necesidad a la hora de trabajar.<\/p>\n<p>Adem\u00e1s, con este certificado, tienes la posibilidad de pedir la jubilaci\u00f3n a partir de los 65 a\u00f1os.<\/p>\n<p><strong>La empresa obtiene alg\u00fan beneficio para contratar personas con discapacidad?<\/strong><\/p>\n<p>A parte de existir los centros especiales de trabajo, que garantizan la ocupaci\u00f3n laboral de las personas con discapacidad, todas las empresas, por ley, obtendr\u00e1n una subvenci\u00f3n de 5.100 \u20ac al a\u00f1o para emplear a una persona con diversidad funcional con un grado igual o superior al 65%. Y recibir\u00e1 un total de 6.100 \u20ac para contratar una persona con discapacidad mental.<\/p>\n<p>Estos beneficios laborales y muchos otros que te ofrece el certificado de discapacidad, te brindan la oportunidad de una mejora tanto en tu d\u00eda a d\u00eda como en el trabajo.<\/p>\n<p>&nbsp;<\/p>\n","protected":false},"excerpt":{"rendered":"<p>Sabes qu\u00e9 es el certificado de discapacidad que acredita una diversidad funcional igual al 33% o superior? El certificado de discapacidad es un documento p\u00fablico determinado por una junta m\u00e9dica, de tramitaci\u00f3n gratuita, que se otorga a toda persona que lo solicite y que tenga una alteraci\u00f3n funcional, permanente, transitoria o prolongada, f\u00edsica, sensorial o [&hellip;]<\/p>\n","protected":false},"author":1,"featured_media":10491,"comment_status":"closed","ping_status":"closed","sticky":false,"template":"","format":"standard","meta":{"_et_pb_use_builder":"","_et_pb_old_content":"","_et_gb_content_width":"","footnotes":""},"categories":[252],"tags":[208,24,209],"class_list":["post-2977","post","type-post","status-publish","format-standard","has-post-thumbnail","hentry","category-noticias","tag-discapacidad","tag-empresa-es","tag-ventajas-laborales"],"yoast_head":"<!-- This site is optimized with the Yoast SEO plugin v27.5 - https:\/\/yoast.com\/product\/yoast-seo-wordpress\/ -->\n<title>Ventajas laborales del certificado de discapacidat | Medianeeds<\/title>\n<meta name=\"description\" content=\"El certificado de discapacidad es un documento p\u00fablico determinado por una junta m\u00e9dica, gratuito, que se otorga a toda persona con discapacidad.\" \/>\n<meta name=\"robots\" content=\"index, follow, max-snippet:-1, max-image-preview:large, max-video-preview:-1\" \/>\n<link rel=\"canonical\" href=\"https:\/\/medianeeds.es\/es\/ventajas-laborales-del-certificado-de-discapacidad\/\" \/>\n<meta property=\"og:locale\" content=\"es_ES\" \/>\n<meta property=\"og:type\" content=\"article\" \/>\n<meta property=\"og:title\" content=\"Ventajas laborales del certificado de discapacidat | Medianeeds\" \/>\n<meta property=\"og:description\" content=\"El certificado de discapacidad es un documento p\u00fablico determinado por una junta m\u00e9dica, gratuito, que se otorga a toda persona con discapacidad.\" \/>\n<meta property=\"og:url\" content=\"https:\/\/medianeeds.es\/es\/ventajas-laborales-del-certificado-de-discapacidad\/\" \/>\n<meta property=\"og:site_name\" content=\"M\u00e0rketing Reus | Media Needs Reus | Ag\u00e8ncia de publicitat Reus\" \/>\n<meta property=\"article:publisher\" content=\"https:\/\/www.facebook.com\/medianeeds.es\/\" \/>\n<meta property=\"article:published_time\" content=\"2018-06-26T10:26:12+00:00\" \/>\n<meta property=\"article:modified_time\" content=\"2018-08-27T08:20:01+00:00\" \/>\n<meta property=\"og:image\" content=\"https:\/\/medianeeds.es\/wp-content\/uploads\/2018\/06\/DISCAPACITAT.jpg\" \/>\n\t<meta property=\"og:image:width\" content=\"997\" \/>\n\t<meta property=\"og:image:height\" content=\"629\" \/>\n\t<meta property=\"og:image:type\" content=\"image\/jpeg\" \/>\n<meta name=\"author\" content=\"Medianeeds\" \/>\n<meta name=\"twitter:label1\" content=\"Escrito por\" \/>\n\t<meta name=\"twitter:data1\" content=\"Medianeeds\" \/>\n\t<meta name=\"twitter:label2\" content=\"Tiempo de lectura\" \/>\n\t<meta name=\"twitter:data2\" content=\"2 minutos\" \/>\n<script type=\"application\/ld+json\" class=\"yoast-schema-graph\">{\"@context\":\"https:\\\/\\\/schema.org\",\"@graph\":[{\"@type\":\"Article\",\"@id\":\"https:\\\/\\\/medianeeds.es\\\/es\\\/ventajas-laborales-del-certificado-de-discapacidad\\\/#article\",\"isPartOf\":{\"@id\":\"https:\\\/\\\/medianeeds.es\\\/es\\\/ventajas-laborales-del-certificado-de-discapacidad\\\/\"},\"author\":{\"name\":\"Medianeeds\",\"@id\":\"https:\\\/\\\/medianeeds.es\\\/#\\\/schema\\\/person\\\/6a6f2f17f283df3eeb0946feebd2af79\"},\"headline\":\"Ventajas laborales del certificado de discapacidad\",\"datePublished\":\"2018-06-26T10:26:12+00:00\",\"dateModified\":\"2018-08-27T08:20:01+00:00\",\"mainEntityOfPage\":{\"@id\":\"https:\\\/\\\/medianeeds.es\\\/es\\\/ventajas-laborales-del-certificado-de-discapacidad\\\/\"},\"wordCount\":417,\"publisher\":{\"@id\":\"https:\\\/\\\/medianeeds.es\\\/#organization\"},\"image\":{\"@id\":\"https:\\\/\\\/medianeeds.es\\\/es\\\/ventajas-laborales-del-certificado-de-discapacidad\\\/#primaryimage\"},\"thumbnailUrl\":\"https:\\\/\\\/medianeeds.es\\\/wp-content\\\/uploads\\\/2018\\\/06\\\/DISCAPACITAT.jpg\",\"keywords\":[\"Discapacidad\",\"Empresa\",\"Ventajas laborales\"],\"articleSection\":[\"Noticias\"],\"inLanguage\":\"es\"},{\"@type\":\"WebPage\",\"@id\":\"https:\\\/\\\/medianeeds.es\\\/es\\\/ventajas-laborales-del-certificado-de-discapacidad\\\/\",\"url\":\"https:\\\/\\\/medianeeds.es\\\/es\\\/ventajas-laborales-del-certificado-de-discapacidad\\\/\",\"name\":\"Ventajas laborales del certificado de discapacidat | Medianeeds\",\"isPartOf\":{\"@id\":\"https:\\\/\\\/medianeeds.es\\\/#website\"},\"primaryImageOfPage\":{\"@id\":\"https:\\\/\\\/medianeeds.es\\\/es\\\/ventajas-laborales-del-certificado-de-discapacidad\\\/#primaryimage\"},\"image\":{\"@id\":\"https:\\\/\\\/medianeeds.es\\\/es\\\/ventajas-laborales-del-certificado-de-discapacidad\\\/#primaryimage\"},\"thumbnailUrl\":\"https:\\\/\\\/medianeeds.es\\\/wp-content\\\/uploads\\\/2018\\\/06\\\/DISCAPACITAT.jpg\",\"datePublished\":\"2018-06-26T10:26:12+00:00\",\"dateModified\":\"2018-08-27T08:20:01+00:00\",\"description\":\"El certificado de discapacidad es un documento p\u00fablico determinado por una junta m\u00e9dica, gratuito, que se otorga a toda persona con discapacidad.\",\"breadcrumb\":{\"@id\":\"https:\\\/\\\/medianeeds.es\\\/es\\\/ventajas-laborales-del-certificado-de-discapacidad\\\/#breadcrumb\"},\"inLanguage\":\"es\",\"potentialAction\":[{\"@type\":\"ReadAction\",\"target\":[\"https:\\\/\\\/medianeeds.es\\\/es\\\/ventajas-laborales-del-certificado-de-discapacidad\\\/\"]}]},{\"@type\":\"ImageObject\",\"inLanguage\":\"es\",\"@id\":\"https:\\\/\\\/medianeeds.es\\\/es\\\/ventajas-laborales-del-certificado-de-discapacidad\\\/#primaryimage\",\"url\":\"https:\\\/\\\/medianeeds.es\\\/wp-content\\\/uploads\\\/2018\\\/06\\\/DISCAPACITAT.jpg\",\"contentUrl\":\"https:\\\/\\\/medianeeds.es\\\/wp-content\\\/uploads\\\/2018\\\/06\\\/DISCAPACITAT.jpg\",\"width\":997,\"height\":629},{\"@type\":\"BreadcrumbList\",\"@id\":\"https:\\\/\\\/medianeeds.es\\\/es\\\/ventajas-laborales-del-certificado-de-discapacidad\\\/#breadcrumb\",\"itemListElement\":[{\"@type\":\"ListItem\",\"position\":1,\"name\":\"Portada\",\"item\":\"https:\\\/\\\/medianeeds.es\\\/\"},{\"@type\":\"ListItem\",\"position\":2,\"name\":\"Ventajas laborales del certificado de discapacidad\"}]},{\"@type\":\"WebSite\",\"@id\":\"https:\\\/\\\/medianeeds.es\\\/#website\",\"url\":\"https:\\\/\\\/medianeeds.es\\\/\",\"name\":\"M\u00e0rketing Reus | Media Needs Reus | Ag\u00e8ncia de publicitat Reus\",\"description\":\"MediaNeeds \u00e9s una empresa especialitzada en serveis integrals de publicitat, m\u00e0rqueting on-line i community manager a Reus, Tarragona\",\"publisher\":{\"@id\":\"https:\\\/\\\/medianeeds.es\\\/#organization\"},\"alternateName\":\"Media Needs\",\"potentialAction\":[{\"@type\":\"SearchAction\",\"target\":{\"@type\":\"EntryPoint\",\"urlTemplate\":\"https:\\\/\\\/medianeeds.es\\\/?s={search_term_string}\"},\"query-input\":{\"@type\":\"PropertyValueSpecification\",\"valueRequired\":true,\"valueName\":\"search_term_string\"}}],\"inLanguage\":\"es\"},{\"@type\":\"Organization\",\"@id\":\"https:\\\/\\\/medianeeds.es\\\/#organization\",\"name\":\"M\u00e0rketing Reus | Media Needs Reus | Ag\u00e8ncia de publicitat Reus\",\"alternateName\":\"Media Needs\",\"url\":\"https:\\\/\\\/medianeeds.es\\\/\",\"logo\":{\"@type\":\"ImageObject\",\"inLanguage\":\"es\",\"@id\":\"https:\\\/\\\/medianeeds.es\\\/#\\\/schema\\\/logo\\\/image\\\/\",\"url\":\"https:\\\/\\\/medianeeds.es\\\/wp-content\\\/uploads\\\/2024\\\/06\\\/COLOR_Mesa-de-trabajo-1-copia.png\",\"contentUrl\":\"https:\\\/\\\/medianeeds.es\\\/wp-content\\\/uploads\\\/2024\\\/06\\\/COLOR_Mesa-de-trabajo-1-copia.png\",\"width\":470,\"height\":226,\"caption\":\"M\u00e0rketing Reus | Media Needs Reus | Ag\u00e8ncia de publicitat Reus\"},\"image\":{\"@id\":\"https:\\\/\\\/medianeeds.es\\\/#\\\/schema\\\/logo\\\/image\\\/\"},\"sameAs\":[\"https:\\\/\\\/www.facebook.com\\\/medianeeds.es\\\/\",\"https:\\\/\\\/x.com\\\/media_needs\",\"https:\\\/\\\/www.instagram.com\\\/medianeeds\\\/?hl=es\"]},{\"@type\":\"Person\",\"@id\":\"https:\\\/\\\/medianeeds.es\\\/#\\\/schema\\\/person\\\/6a6f2f17f283df3eeb0946feebd2af79\",\"name\":\"Medianeeds\",\"image\":{\"@type\":\"ImageObject\",\"inLanguage\":\"es\",\"@id\":\"https:\\\/\\\/secure.gravatar.com\\\/avatar\\\/442251953f111b43a4668103c7b7c09aa35690e525473fb0bb9db0681ee9c0c3?s=96&d=mm&r=g\",\"url\":\"https:\\\/\\\/secure.gravatar.com\\\/avatar\\\/442251953f111b43a4668103c7b7c09aa35690e525473fb0bb9db0681ee9c0c3?s=96&d=mm&r=g\",\"contentUrl\":\"https:\\\/\\\/secure.gravatar.com\\\/avatar\\\/442251953f111b43a4668103c7b7c09aa35690e525473fb0bb9db0681ee9c0c3?s=96&d=mm&r=g\",\"caption\":\"Medianeeds\"},\"url\":\"https:\\\/\\\/medianeeds.es\\\/es\\\/author\\\/medianeeds\\\/\"}]}<\/script>\n<!-- \/ Yoast SEO plugin. -->","yoast_head_json":{"title":"Ventajas laborales del certificado de discapacidat | Medianeeds","description":"El certificado de discapacidad es un documento p\u00fablico determinado por una junta m\u00e9dica, gratuito, que se otorga a toda persona con discapacidad.","robots":{"index":"index","follow":"follow","max-snippet":"max-snippet:-1","max-image-preview":"max-image-preview:large","max-video-preview":"max-video-preview:-1"},"canonical":"https:\/\/medianeeds.es\/es\/ventajas-laborales-del-certificado-de-discapacidad\/","og_locale":"es_ES","og_type":"article","og_title":"Ventajas laborales del certificado de discapacidat | Medianeeds","og_description":"El certificado de discapacidad es un documento p\u00fablico determinado por una junta m\u00e9dica, gratuito, que se otorga a toda persona con discapacidad.","og_url":"https:\/\/medianeeds.es\/es\/ventajas-laborales-del-certificado-de-discapacidad\/","og_site_name":"M\u00e0rketing Reus | Media Needs Reus | Ag\u00e8ncia de publicitat Reus","article_publisher":"https:\/\/www.facebook.com\/medianeeds.es\/","article_published_time":"2018-06-26T10:26:12+00:00","article_modified_time":"2018-08-27T08:20:01+00:00","og_image":[{"width":997,"height":629,"url":"https:\/\/medianeeds.es\/wp-content\/uploads\/2018\/06\/DISCAPACITAT.jpg","type":"image\/jpeg"}],"author":"Medianeeds","twitter_misc":{"Escrito por":"Medianeeds","Tiempo de lectura":"2 minutos"},"schema":{"@context":"https:\/\/schema.org","@graph":[{"@type":"Article","@id":"https:\/\/medianeeds.es\/es\/ventajas-laborales-del-certificado-de-discapacidad\/#article","isPartOf":{"@id":"https:\/\/medianeeds.es\/es\/ventajas-laborales-del-certificado-de-discapacidad\/"},"author":{"name":"Medianeeds","@id":"https:\/\/medianeeds.es\/#\/schema\/person\/6a6f2f17f283df3eeb0946feebd2af79"},"headline":"Ventajas laborales del certificado de discapacidad","datePublished":"2018-06-26T10:26:12+00:00","dateModified":"2018-08-27T08:20:01+00:00","mainEntityOfPage":{"@id":"https:\/\/medianeeds.es\/es\/ventajas-laborales-del-certificado-de-discapacidad\/"},"wordCount":417,"publisher":{"@id":"https:\/\/medianeeds.es\/#organization"},"image":{"@id":"https:\/\/medianeeds.es\/es\/ventajas-laborales-del-certificado-de-discapacidad\/#primaryimage"},"thumbnailUrl":"https:\/\/medianeeds.es\/wp-content\/uploads\/2018\/06\/DISCAPACITAT.jpg","keywords":["Discapacidad","Empresa","Ventajas laborales"],"articleSection":["Noticias"],"inLanguage":"es"},{"@type":"WebPage","@id":"https:\/\/medianeeds.es\/es\/ventajas-laborales-del-certificado-de-discapacidad\/","url":"https:\/\/medianeeds.es\/es\/ventajas-laborales-del-certificado-de-discapacidad\/","name":"Ventajas laborales del certificado de discapacidat | Medianeeds","isPartOf":{"@id":"https:\/\/medianeeds.es\/#website"},"primaryImageOfPage":{"@id":"https:\/\/medianeeds.es\/es\/ventajas-laborales-del-certificado-de-discapacidad\/#primaryimage"},"image":{"@id":"https:\/\/medianeeds.es\/es\/ventajas-laborales-del-certificado-de-discapacidad\/#primaryimage"},"thumbnailUrl":"https:\/\/medianeeds.es\/wp-content\/uploads\/2018\/06\/DISCAPACITAT.jpg","datePublished":"2018-06-26T10:26:12+00:00","dateModified":"2018-08-27T08:20:01+00:00","description":"El certificado de discapacidad es un documento p\u00fablico determinado por una junta m\u00e9dica, gratuito, que se otorga a toda persona con discapacidad.","breadcrumb":{"@id":"https:\/\/medianeeds.es\/es\/ventajas-laborales-del-certificado-de-discapacidad\/#breadcrumb"},"inLanguage":"es","potentialAction":[{"@type":"ReadAction","target":["https:\/\/medianeeds.es\/es\/ventajas-laborales-del-certificado-de-discapacidad\/"]}]},{"@type":"ImageObject","inLanguage":"es","@id":"https:\/\/medianeeds.es\/es\/ventajas-laborales-del-certificado-de-discapacidad\/#primaryimage","url":"https:\/\/medianeeds.es\/wp-content\/uploads\/2018\/06\/DISCAPACITAT.jpg","contentUrl":"https:\/\/medianeeds.es\/wp-content\/uploads\/2018\/06\/DISCAPACITAT.jpg","width":997,"height":629},{"@type":"BreadcrumbList","@id":"https:\/\/medianeeds.es\/es\/ventajas-laborales-del-certificado-de-discapacidad\/#breadcrumb","itemListElement":[{"@type":"ListItem","position":1,"name":"Portada","item":"https:\/\/medianeeds.es\/"},{"@type":"ListItem","position":2,"name":"Ventajas laborales del certificado de discapacidad"}]},{"@type":"WebSite","@id":"https:\/\/medianeeds.es\/#website","url":"https:\/\/medianeeds.es\/","name":"M\u00e0rketing Reus | Media Needs Reus | Ag\u00e8ncia de publicitat Reus","description":"MediaNeeds \u00e9s una empresa especialitzada en serveis integrals de publicitat, m\u00e0rqueting on-line i community manager a Reus, Tarragona","publisher":{"@id":"https:\/\/medianeeds.es\/#organization"},"alternateName":"Media Needs","potentialAction":[{"@type":"SearchAction","target":{"@type":"EntryPoint","urlTemplate":"https:\/\/medianeeds.es\/?s={search_term_string}"},"query-input":{"@type":"PropertyValueSpecification","valueRequired":true,"valueName":"search_term_string"}}],"inLanguage":"es"},{"@type":"Organization","@id":"https:\/\/medianeeds.es\/#organization","name":"M\u00e0rketing Reus | Media Needs Reus | Ag\u00e8ncia de publicitat Reus","alternateName":"Media Needs","url":"https:\/\/medianeeds.es\/","logo":{"@type":"ImageObject","inLanguage":"es","@id":"https:\/\/medianeeds.es\/#\/schema\/logo\/image\/","url":"https:\/\/medianeeds.es\/wp-content\/uploads\/2024\/06\/COLOR_Mesa-de-trabajo-1-copia.png","contentUrl":"https:\/\/medianeeds.es\/wp-content\/uploads\/2024\/06\/COLOR_Mesa-de-trabajo-1-copia.png","width":470,"height":226,"caption":"M\u00e0rketing Reus | Media Needs Reus | Ag\u00e8ncia de publicitat Reus"},"image":{"@id":"https:\/\/medianeeds.es\/#\/schema\/logo\/image\/"},"sameAs":["https:\/\/www.facebook.com\/medianeeds.es\/","https:\/\/x.com\/media_needs","https:\/\/www.instagram.com\/medianeeds\/?hl=es"]},{"@type":"Person","@id":"https:\/\/medianeeds.es\/#\/schema\/person\/6a6f2f17f283df3eeb0946feebd2af79","name":"Medianeeds","image":{"@type":"ImageObject","inLanguage":"es","@id":"https:\/\/secure.gravatar.com\/avatar\/442251953f111b43a4668103c7b7c09aa35690e525473fb0bb9db0681ee9c0c3?s=96&d=mm&r=g","url":"https:\/\/secure.gravatar.com\/avatar\/442251953f111b43a4668103c7b7c09aa35690e525473fb0bb9db0681ee9c0c3?s=96&d=mm&r=g","contentUrl":"https:\/\/secure.gravatar.com\/avatar\/442251953f111b43a4668103c7b7c09aa35690e525473fb0bb9db0681ee9c0c3?s=96&d=mm&r=g","caption":"Medianeeds"},"url":"https:\/\/medianeeds.es\/es\/author\/medianeeds\/"}]}},"_links":{"self":[{"href":"https:\/\/medianeeds.es\/es\/wp-json\/wp\/v2\/posts\/2977","targetHints":{"allow":["GET"]}}],"collection":[{"href":"https:\/\/medianeeds.es\/es\/wp-json\/wp\/v2\/posts"}],"about":[{"href":"https:\/\/medianeeds.es\/es\/wp-json\/wp\/v2\/types\/post"}],"author":[{"embeddable":true,"href":"https:\/\/medianeeds.es\/es\/wp-json\/wp\/v2\/users\/1"}],"replies":[{"embeddable":true,"href":"https:\/\/medianeeds.es\/es\/wp-json\/wp\/v2\/comments?post=2977"}],"version-history":[{"count":1,"href":"https:\/\/medianeeds.es\/es\/wp-json\/wp\/v2\/posts\/2977\/revisions"}],"predecessor-version":[{"id":10341,"href":"https:\/\/medianeeds.es\/es\/wp-json\/wp\/v2\/posts\/2977\/revisions\/10341"}],"wp:featuredmedia":[{"embeddable":true,"href":"https:\/\/medianeeds.es\/es\/wp-json\/wp\/v2\/media\/10491"}],"wp:attachment":[{"href":"https:\/\/medianeeds.es\/es\/wp-json\/wp\/v2\/media?parent=2977"}],"wp:term":[{"taxonomy":"category","embeddable":true,"href":"https:\/\/medianeeds.es\/es\/wp-json\/wp\/v2\/categories?post=2977"},{"taxonomy":"post_tag","embeddable":true,"href":"https:\/\/medianeeds.es\/es\/wp-json\/wp\/v2\/tags?post=2977"}],"curies":[{"name":"wp","href":"https:\/\/api.w.org\/{rel}","templated":true}]}}