{"id":2848,"date":"2018-05-22T15:45:05","date_gmt":"2018-05-22T15:45:05","guid":{"rendered":"https:\/\/medianeeds.es\/?p=2848"},"modified":"2018-08-31T08:57:36","modified_gmt":"2018-08-31T08:57:36","slug":"video-corporativo-predimed-plus","status":"publish","type":"post","link":"https:\/\/medianeeds.es\/es\/video-corporativo-predimed-plus\/","title":{"rendered":"V\u00eddeo corporativo Predimed Plus"},"content":{"rendered":"<p>Hoy presentamos nuestra peque\u00f1a aportaci\u00f3n en lo que es\u00a0el mayor reto de investigaci\u00f3n sobre nutrici\u00f3n realizado en Espa\u00f1a. Se trata del proyecto Predimed-Plus. En \u00e9l se eval\u00faa el efecto de una intervenci\u00f3n con objetivos de p\u00e9rdida de peso, basada en una dieta mediterr\u00e1nea hipocal\u00f3rica, promoci\u00f3n de actividad f\u00edsica y terapia conductual en la prevenci\u00f3n de enfermedades cardiovasculares. Y para este estudio hemos realizado el v\u00eddeo corporativo que os mostramos a continuaci\u00f3n.<\/p>\n<p style=\"text-align: center;\"><strong>Desde Media Needs hemos podido participar en este proyecto con la elaboraci\u00f3n del montaje audiovisual de la campa\u00f1a.<\/strong><\/p>\n<p><iframe loading=\"lazy\" width=\"1080\" height=\"608\" src=\"https:\/\/www.youtube.com\/embed\/eFcw1SWaTVE?feature=oembed\" frameborder=\"0\" allow=\"autoplay; encrypted-media\" allowfullscreen><\/iframe><\/p>\n<p style=\"text-align: center;\"><em><strong>\u00a16.874 participantes han sido reclutados en 23 centros y hospitales junto con 7 grupos de apoyo de toda Espa\u00f1a!<\/strong><\/em><\/p>\n<p>Antes de realizar este v\u00eddeo corporativo, ya hab\u00edamos trabajado de forma conjunta para este gran proyecto mediante la realizaci\u00f3n de otro v\u00eddeo promocional para el estudio. En ese caso, realizamos un v\u00eddeo presentaci\u00f3n del proyecto, en que hac\u00edamos un llamamiento para que todas las personas que cumplieran con los requisitos mencionados en el v\u00eddeo, se pusieran en contacto con Predimed-Plus.<\/p>\n<p><iframe loading=\"lazy\" width=\"1080\" height=\"608\" src=\"https:\/\/www.youtube.com\/embed\/SclFNia282g?feature=oembed\" frameborder=\"0\" allow=\"autoplay; encrypted-media\" allowfullscreen><\/iframe><\/p>\n","protected":false},"excerpt":{"rendered":"<p>Hoy presentamos nuestra peque\u00f1a aportaci\u00f3n en lo que es\u00a0el mayor reto de investigaci\u00f3n sobre nutrici\u00f3n realizado en Espa\u00f1a. Se trata del proyecto Predimed-Plus. En \u00e9l se eval\u00faa el efecto de una intervenci\u00f3n con objetivos de p\u00e9rdida de peso, basada en una dieta mediterr\u00e1nea hipocal\u00f3rica, promoci\u00f3n de actividad f\u00edsica y terapia conductual en la prevenci\u00f3n de [&hellip;]<\/p>\n","protected":false},"author":1,"featured_media":10506,"comment_status":"closed","ping_status":"closed","sticky":false,"template":"","format":"standard","meta":{"_et_pb_use_builder":"","_et_pb_old_content":"","_et_gb_content_width":"","footnotes":""},"categories":[280,252,279],"tags":[221,24,222,119],"class_list":["post-2848","post","type-post","status-publish","format-standard","has-post-thumbnail","hentry","category-marketing","category-noticias","category-redes-sociales-3","tag-corporacion","tag-empresa-es","tag-predimed","tag-video"],"yoast_head":"<!-- This site is optimized with the Yoast SEO plugin v27.4 - https:\/\/yoast.com\/product\/yoast-seo-wordpress\/ -->\n<title>V\u00eddeo corporativo Predimed Plus | Media Needs - Marketing Reus<\/title>\n<meta name=\"description\" content=\"V\u00eddeo corporativo Predimed Plus | Desde Media Needs hemos tenido la suerte de participar en este proyecto con la elaboraci\u00f3n del montaje audiovisual de la campa\u00f1a. Hablamos del mayor reto de investigaci\u00f3n sobre nutrici\u00f3n que se ha realizado en Espa\u00f1a.\" \/>\n<meta name=\"robots\" content=\"index, follow, max-snippet:-1, max-image-preview:large, max-video-preview:-1\" \/>\n<link rel=\"canonical\" href=\"https:\/\/medianeeds.es\/es\/video-corporativo-predimed-plus\/\" \/>\n<meta property=\"og:locale\" content=\"es_ES\" \/>\n<meta property=\"og:type\" content=\"article\" \/>\n<meta property=\"og:title\" content=\"V\u00eddeo corporativo Predimed Plus | Media Needs - Marketing Reus\" \/>\n<meta property=\"og:description\" content=\"V\u00eddeo corporativo Predimed Plus | Desde Media Needs hemos tenido la suerte de participar en este proyecto con la elaboraci\u00f3n del montaje audiovisual de la campa\u00f1a. Hablamos del mayor reto de investigaci\u00f3n sobre nutrici\u00f3n que se ha realizado en Espa\u00f1a.\" \/>\n<meta property=\"og:url\" content=\"https:\/\/medianeeds.es\/es\/video-corporativo-predimed-plus\/\" \/>\n<meta property=\"og:site_name\" content=\"M\u00e0rketing Reus | Media Needs Reus | Ag\u00e8ncia de publicitat Reus\" \/>\n<meta property=\"article:publisher\" content=\"https:\/\/www.facebook.com\/medianeeds.es\/\" \/>\n<meta property=\"article:published_time\" content=\"2018-05-22T15:45:05+00:00\" \/>\n<meta property=\"article:modified_time\" content=\"2018-08-31T08:57:36+00:00\" \/>\n<meta property=\"og:image\" content=\"https:\/\/medianeeds.es\/wp-content\/uploads\/2018\/05\/PREDIMED-PLUS.png\" \/>\n\t<meta property=\"og:image:width\" content=\"997\" \/>\n\t<meta property=\"og:image:height\" content=\"629\" \/>\n\t<meta property=\"og:image:type\" content=\"image\/png\" \/>\n<meta name=\"author\" content=\"Medianeeds\" \/>\n<meta name=\"twitter:label1\" content=\"Escrito por\" \/>\n\t<meta name=\"twitter:data1\" content=\"Medianeeds\" \/>\n\t<meta name=\"twitter:label2\" content=\"Tiempo de lectura\" \/>\n\t<meta name=\"twitter:data2\" content=\"1 minuto\" \/>\n<script type=\"application\/ld+json\" class=\"yoast-schema-graph\">{\"@context\":\"https:\\\/\\\/schema.org\",\"@graph\":[{\"@type\":\"Article\",\"@id\":\"https:\\\/\\\/medianeeds.es\\\/es\\\/video-corporativo-predimed-plus\\\/#article\",\"isPartOf\":{\"@id\":\"https:\\\/\\\/medianeeds.es\\\/es\\\/video-corporativo-predimed-plus\\\/\"},\"author\":{\"name\":\"Medianeeds\",\"@id\":\"https:\\\/\\\/medianeeds.es\\\/#\\\/schema\\\/person\\\/6a6f2f17f283df3eeb0946feebd2af79\"},\"headline\":\"V\u00eddeo corporativo Predimed Plus\",\"datePublished\":\"2018-05-22T15:45:05+00:00\",\"dateModified\":\"2018-08-31T08:57:36+00:00\",\"mainEntityOfPage\":{\"@id\":\"https:\\\/\\\/medianeeds.es\\\/es\\\/video-corporativo-predimed-plus\\\/\"},\"wordCount\":215,\"publisher\":{\"@id\":\"https:\\\/\\\/medianeeds.es\\\/#organization\"},\"image\":{\"@id\":\"https:\\\/\\\/medianeeds.es\\\/es\\\/video-corporativo-predimed-plus\\\/#primaryimage\"},\"thumbnailUrl\":\"https:\\\/\\\/medianeeds.es\\\/wp-content\\\/uploads\\\/2018\\\/05\\\/PREDIMED-PLUS.png\",\"keywords\":[\"Corporaci\u00f3n\",\"Empresa\",\"Predimed\",\"v\u00eddeo\"],\"articleSection\":[\"M\u00e1rketing\",\"Noticias\",\"Redes Sociales\"],\"inLanguage\":\"es\"},{\"@type\":\"WebPage\",\"@id\":\"https:\\\/\\\/medianeeds.es\\\/es\\\/video-corporativo-predimed-plus\\\/\",\"url\":\"https:\\\/\\\/medianeeds.es\\\/es\\\/video-corporativo-predimed-plus\\\/\",\"name\":\"V\u00eddeo corporativo Predimed Plus | Media Needs - Marketing Reus\",\"isPartOf\":{\"@id\":\"https:\\\/\\\/medianeeds.es\\\/#website\"},\"primaryImageOfPage\":{\"@id\":\"https:\\\/\\\/medianeeds.es\\\/es\\\/video-corporativo-predimed-plus\\\/#primaryimage\"},\"image\":{\"@id\":\"https:\\\/\\\/medianeeds.es\\\/es\\\/video-corporativo-predimed-plus\\\/#primaryimage\"},\"thumbnailUrl\":\"https:\\\/\\\/medianeeds.es\\\/wp-content\\\/uploads\\\/2018\\\/05\\\/PREDIMED-PLUS.png\",\"datePublished\":\"2018-05-22T15:45:05+00:00\",\"dateModified\":\"2018-08-31T08:57:36+00:00\",\"description\":\"V\u00eddeo corporativo Predimed Plus | Desde Media Needs hemos tenido la suerte de participar en este proyecto con la elaboraci\u00f3n del montaje audiovisual de la campa\u00f1a. Hablamos del mayor reto de investigaci\u00f3n sobre nutrici\u00f3n que se ha realizado en Espa\u00f1a.\",\"breadcrumb\":{\"@id\":\"https:\\\/\\\/medianeeds.es\\\/es\\\/video-corporativo-predimed-plus\\\/#breadcrumb\"},\"inLanguage\":\"es\",\"potentialAction\":[{\"@type\":\"ReadAction\",\"target\":[\"https:\\\/\\\/medianeeds.es\\\/es\\\/video-corporativo-predimed-plus\\\/\"]}]},{\"@type\":\"ImageObject\",\"inLanguage\":\"es\",\"@id\":\"https:\\\/\\\/medianeeds.es\\\/es\\\/video-corporativo-predimed-plus\\\/#primaryimage\",\"url\":\"https:\\\/\\\/medianeeds.es\\\/wp-content\\\/uploads\\\/2018\\\/05\\\/PREDIMED-PLUS.png\",\"contentUrl\":\"https:\\\/\\\/medianeeds.es\\\/wp-content\\\/uploads\\\/2018\\\/05\\\/PREDIMED-PLUS.png\",\"width\":997,\"height\":629},{\"@type\":\"BreadcrumbList\",\"@id\":\"https:\\\/\\\/medianeeds.es\\\/es\\\/video-corporativo-predimed-plus\\\/#breadcrumb\",\"itemListElement\":[{\"@type\":\"ListItem\",\"position\":1,\"name\":\"Portada\",\"item\":\"https:\\\/\\\/medianeeds.es\\\/\"},{\"@type\":\"ListItem\",\"position\":2,\"name\":\"V\u00eddeo corporativo Predimed Plus\"}]},{\"@type\":\"WebSite\",\"@id\":\"https:\\\/\\\/medianeeds.es\\\/#website\",\"url\":\"https:\\\/\\\/medianeeds.es\\\/\",\"name\":\"M\u00e0rketing Reus | Media Needs Reus | Ag\u00e8ncia de publicitat Reus\",\"description\":\"MediaNeeds \u00e9s una empresa especialitzada en serveis integrals de publicitat, m\u00e0rqueting on-line i community manager a Reus, Tarragona\",\"publisher\":{\"@id\":\"https:\\\/\\\/medianeeds.es\\\/#organization\"},\"alternateName\":\"Media Needs\",\"potentialAction\":[{\"@type\":\"SearchAction\",\"target\":{\"@type\":\"EntryPoint\",\"urlTemplate\":\"https:\\\/\\\/medianeeds.es\\\/?s={search_term_string}\"},\"query-input\":{\"@type\":\"PropertyValueSpecification\",\"valueRequired\":true,\"valueName\":\"search_term_string\"}}],\"inLanguage\":\"es\"},{\"@type\":\"Organization\",\"@id\":\"https:\\\/\\\/medianeeds.es\\\/#organization\",\"name\":\"M\u00e0rketing Reus | Media Needs Reus | Ag\u00e8ncia de publicitat Reus\",\"alternateName\":\"Media Needs\",\"url\":\"https:\\\/\\\/medianeeds.es\\\/\",\"logo\":{\"@type\":\"ImageObject\",\"inLanguage\":\"es\",\"@id\":\"https:\\\/\\\/medianeeds.es\\\/#\\\/schema\\\/logo\\\/image\\\/\",\"url\":\"https:\\\/\\\/medianeeds.es\\\/wp-content\\\/uploads\\\/2024\\\/06\\\/COLOR_Mesa-de-trabajo-1-copia.png\",\"contentUrl\":\"https:\\\/\\\/medianeeds.es\\\/wp-content\\\/uploads\\\/2024\\\/06\\\/COLOR_Mesa-de-trabajo-1-copia.png\",\"width\":470,\"height\":226,\"caption\":\"M\u00e0rketing Reus | Media Needs Reus | Ag\u00e8ncia de publicitat Reus\"},\"image\":{\"@id\":\"https:\\\/\\\/medianeeds.es\\\/#\\\/schema\\\/logo\\\/image\\\/\"},\"sameAs\":[\"https:\\\/\\\/www.facebook.com\\\/medianeeds.es\\\/\",\"https:\\\/\\\/x.com\\\/media_needs\",\"https:\\\/\\\/www.instagram.com\\\/medianeeds\\\/?hl=es\"]},{\"@type\":\"Person\",\"@id\":\"https:\\\/\\\/medianeeds.es\\\/#\\\/schema\\\/person\\\/6a6f2f17f283df3eeb0946feebd2af79\",\"name\":\"Medianeeds\",\"image\":{\"@type\":\"ImageObject\",\"inLanguage\":\"es\",\"@id\":\"https:\\\/\\\/secure.gravatar.com\\\/avatar\\\/442251953f111b43a4668103c7b7c09aa35690e525473fb0bb9db0681ee9c0c3?s=96&d=mm&r=g\",\"url\":\"https:\\\/\\\/secure.gravatar.com\\\/avatar\\\/442251953f111b43a4668103c7b7c09aa35690e525473fb0bb9db0681ee9c0c3?s=96&d=mm&r=g\",\"contentUrl\":\"https:\\\/\\\/secure.gravatar.com\\\/avatar\\\/442251953f111b43a4668103c7b7c09aa35690e525473fb0bb9db0681ee9c0c3?s=96&d=mm&r=g\",\"caption\":\"Medianeeds\"},\"url\":\"https:\\\/\\\/medianeeds.es\\\/es\\\/author\\\/medianeeds\\\/\"}]}<\/script>\n<!-- \/ Yoast SEO plugin. -->","yoast_head_json":{"title":"V\u00eddeo corporativo Predimed Plus | Media Needs - Marketing Reus","description":"V\u00eddeo corporativo Predimed Plus | Desde Media Needs hemos tenido la suerte de participar en este proyecto con la elaboraci\u00f3n del montaje audiovisual de la campa\u00f1a. Hablamos del mayor reto de investigaci\u00f3n sobre nutrici\u00f3n que se ha realizado en Espa\u00f1a.","robots":{"index":"index","follow":"follow","max-snippet":"max-snippet:-1","max-image-preview":"max-image-preview:large","max-video-preview":"max-video-preview:-1"},"canonical":"https:\/\/medianeeds.es\/es\/video-corporativo-predimed-plus\/","og_locale":"es_ES","og_type":"article","og_title":"V\u00eddeo corporativo Predimed Plus | Media Needs - Marketing Reus","og_description":"V\u00eddeo corporativo Predimed Plus | Desde Media Needs hemos tenido la suerte de participar en este proyecto con la elaboraci\u00f3n del montaje audiovisual de la campa\u00f1a. Hablamos del mayor reto de investigaci\u00f3n sobre nutrici\u00f3n que se ha realizado en Espa\u00f1a.","og_url":"https:\/\/medianeeds.es\/es\/video-corporativo-predimed-plus\/","og_site_name":"M\u00e0rketing Reus | Media Needs Reus | Ag\u00e8ncia de publicitat Reus","article_publisher":"https:\/\/www.facebook.com\/medianeeds.es\/","article_published_time":"2018-05-22T15:45:05+00:00","article_modified_time":"2018-08-31T08:57:36+00:00","og_image":[{"width":997,"height":629,"url":"https:\/\/medianeeds.es\/wp-content\/uploads\/2018\/05\/PREDIMED-PLUS.png","type":"image\/png"}],"author":"Medianeeds","twitter_misc":{"Escrito por":"Medianeeds","Tiempo de lectura":"1 minuto"},"schema":{"@context":"https:\/\/schema.org","@graph":[{"@type":"Article","@id":"https:\/\/medianeeds.es\/es\/video-corporativo-predimed-plus\/#article","isPartOf":{"@id":"https:\/\/medianeeds.es\/es\/video-corporativo-predimed-plus\/"},"author":{"name":"Medianeeds","@id":"https:\/\/medianeeds.es\/#\/schema\/person\/6a6f2f17f283df3eeb0946feebd2af79"},"headline":"V\u00eddeo corporativo Predimed Plus","datePublished":"2018-05-22T15:45:05+00:00","dateModified":"2018-08-31T08:57:36+00:00","mainEntityOfPage":{"@id":"https:\/\/medianeeds.es\/es\/video-corporativo-predimed-plus\/"},"wordCount":215,"publisher":{"@id":"https:\/\/medianeeds.es\/#organization"},"image":{"@id":"https:\/\/medianeeds.es\/es\/video-corporativo-predimed-plus\/#primaryimage"},"thumbnailUrl":"https:\/\/medianeeds.es\/wp-content\/uploads\/2018\/05\/PREDIMED-PLUS.png","keywords":["Corporaci\u00f3n","Empresa","Predimed","v\u00eddeo"],"articleSection":["M\u00e1rketing","Noticias","Redes Sociales"],"inLanguage":"es"},{"@type":"WebPage","@id":"https:\/\/medianeeds.es\/es\/video-corporativo-predimed-plus\/","url":"https:\/\/medianeeds.es\/es\/video-corporativo-predimed-plus\/","name":"V\u00eddeo corporativo Predimed Plus | Media Needs - Marketing Reus","isPartOf":{"@id":"https:\/\/medianeeds.es\/#website"},"primaryImageOfPage":{"@id":"https:\/\/medianeeds.es\/es\/video-corporativo-predimed-plus\/#primaryimage"},"image":{"@id":"https:\/\/medianeeds.es\/es\/video-corporativo-predimed-plus\/#primaryimage"},"thumbnailUrl":"https:\/\/medianeeds.es\/wp-content\/uploads\/2018\/05\/PREDIMED-PLUS.png","datePublished":"2018-05-22T15:45:05+00:00","dateModified":"2018-08-31T08:57:36+00:00","description":"V\u00eddeo corporativo Predimed Plus | Desde Media Needs hemos tenido la suerte de participar en este proyecto con la elaboraci\u00f3n del montaje audiovisual de la campa\u00f1a. Hablamos del mayor reto de investigaci\u00f3n sobre nutrici\u00f3n que se ha realizado en Espa\u00f1a.","breadcrumb":{"@id":"https:\/\/medianeeds.es\/es\/video-corporativo-predimed-plus\/#breadcrumb"},"inLanguage":"es","potentialAction":[{"@type":"ReadAction","target":["https:\/\/medianeeds.es\/es\/video-corporativo-predimed-plus\/"]}]},{"@type":"ImageObject","inLanguage":"es","@id":"https:\/\/medianeeds.es\/es\/video-corporativo-predimed-plus\/#primaryimage","url":"https:\/\/medianeeds.es\/wp-content\/uploads\/2018\/05\/PREDIMED-PLUS.png","contentUrl":"https:\/\/medianeeds.es\/wp-content\/uploads\/2018\/05\/PREDIMED-PLUS.png","width":997,"height":629},{"@type":"BreadcrumbList","@id":"https:\/\/medianeeds.es\/es\/video-corporativo-predimed-plus\/#breadcrumb","itemListElement":[{"@type":"ListItem","position":1,"name":"Portada","item":"https:\/\/medianeeds.es\/"},{"@type":"ListItem","position":2,"name":"V\u00eddeo corporativo Predimed Plus"}]},{"@type":"WebSite","@id":"https:\/\/medianeeds.es\/#website","url":"https:\/\/medianeeds.es\/","name":"M\u00e0rketing Reus | Media Needs Reus | Ag\u00e8ncia de publicitat Reus","description":"MediaNeeds \u00e9s una empresa especialitzada en serveis integrals de publicitat, m\u00e0rqueting on-line i community manager a Reus, Tarragona","publisher":{"@id":"https:\/\/medianeeds.es\/#organization"},"alternateName":"Media Needs","potentialAction":[{"@type":"SearchAction","target":{"@type":"EntryPoint","urlTemplate":"https:\/\/medianeeds.es\/?s={search_term_string}"},"query-input":{"@type":"PropertyValueSpecification","valueRequired":true,"valueName":"search_term_string"}}],"inLanguage":"es"},{"@type":"Organization","@id":"https:\/\/medianeeds.es\/#organization","name":"M\u00e0rketing Reus | Media Needs Reus | Ag\u00e8ncia de publicitat Reus","alternateName":"Media Needs","url":"https:\/\/medianeeds.es\/","logo":{"@type":"ImageObject","inLanguage":"es","@id":"https:\/\/medianeeds.es\/#\/schema\/logo\/image\/","url":"https:\/\/medianeeds.es\/wp-content\/uploads\/2024\/06\/COLOR_Mesa-de-trabajo-1-copia.png","contentUrl":"https:\/\/medianeeds.es\/wp-content\/uploads\/2024\/06\/COLOR_Mesa-de-trabajo-1-copia.png","width":470,"height":226,"caption":"M\u00e0rketing Reus | Media Needs Reus | Ag\u00e8ncia de publicitat Reus"},"image":{"@id":"https:\/\/medianeeds.es\/#\/schema\/logo\/image\/"},"sameAs":["https:\/\/www.facebook.com\/medianeeds.es\/","https:\/\/x.com\/media_needs","https:\/\/www.instagram.com\/medianeeds\/?hl=es"]},{"@type":"Person","@id":"https:\/\/medianeeds.es\/#\/schema\/person\/6a6f2f17f283df3eeb0946feebd2af79","name":"Medianeeds","image":{"@type":"ImageObject","inLanguage":"es","@id":"https:\/\/secure.gravatar.com\/avatar\/442251953f111b43a4668103c7b7c09aa35690e525473fb0bb9db0681ee9c0c3?s=96&d=mm&r=g","url":"https:\/\/secure.gravatar.com\/avatar\/442251953f111b43a4668103c7b7c09aa35690e525473fb0bb9db0681ee9c0c3?s=96&d=mm&r=g","contentUrl":"https:\/\/secure.gravatar.com\/avatar\/442251953f111b43a4668103c7b7c09aa35690e525473fb0bb9db0681ee9c0c3?s=96&d=mm&r=g","caption":"Medianeeds"},"url":"https:\/\/medianeeds.es\/es\/author\/medianeeds\/"}]}},"_links":{"self":[{"href":"https:\/\/medianeeds.es\/es\/wp-json\/wp\/v2\/posts\/2848","targetHints":{"allow":["GET"]}}],"collection":[{"href":"https:\/\/medianeeds.es\/es\/wp-json\/wp\/v2\/posts"}],"about":[{"href":"https:\/\/medianeeds.es\/es\/wp-json\/wp\/v2\/types\/post"}],"author":[{"embeddable":true,"href":"https:\/\/medianeeds.es\/es\/wp-json\/wp\/v2\/users\/1"}],"replies":[{"embeddable":true,"href":"https:\/\/medianeeds.es\/es\/wp-json\/wp\/v2\/comments?post=2848"}],"version-history":[{"count":1,"href":"https:\/\/medianeeds.es\/es\/wp-json\/wp\/v2\/posts\/2848\/revisions"}],"predecessor-version":[{"id":10373,"href":"https:\/\/medianeeds.es\/es\/wp-json\/wp\/v2\/posts\/2848\/revisions\/10373"}],"wp:featuredmedia":[{"embeddable":true,"href":"https:\/\/medianeeds.es\/es\/wp-json\/wp\/v2\/media\/10506"}],"wp:attachment":[{"href":"https:\/\/medianeeds.es\/es\/wp-json\/wp\/v2\/media?parent=2848"}],"wp:term":[{"taxonomy":"category","embeddable":true,"href":"https:\/\/medianeeds.es\/es\/wp-json\/wp\/v2\/categories?post=2848"},{"taxonomy":"post_tag","embeddable":true,"href":"https:\/\/medianeeds.es\/es\/wp-json\/wp\/v2\/tags?post=2848"}],"curies":[{"name":"wp","href":"https:\/\/api.w.org\/{rel}","templated":true}]}}