{"id":2638,"date":"2018-02-22T12:05:58","date_gmt":"2018-02-22T12:05:58","guid":{"rendered":"https:\/\/medianeeds.es\/?p=2638"},"modified":"2018-08-31T09:03:44","modified_gmt":"2018-08-31T09:03:44","slug":"instagram-y-los-gifs","status":"publish","type":"post","link":"https:\/\/medianeeds.es\/es\/instagram-y-los-gifs\/","title":{"rendered":"Instagram lo peta con los gifs en la nueva actualizaci\u00f3n"},"content":{"rendered":"<p>Hoy en dia Todos conocemos <strong>Instagram<\/strong>, y es que es la red social del momento. Esto no es casualidad, ya que la aplicaci\u00f3n se actualiza constantemente. Hasta tal punto que otras redes sociales como \u00abPeriscope\u00bb o \u00abSnapchat\u00bb se han quedado en la sombra. Parece que la lucha entre las redes sociales tiene un claro ganador, por el momento. Ya hablamos de la revoluci\u00f3n de las \u00abInstagram Stories\u00bb i todos conocen los famosos filtros que se le pueden a\u00f1adir. Pero la \u00faltima actualizaci\u00f3n ha vuelto a \u00abpetarlo\u00bb, se trata de ni m\u00e1s ni menos que a\u00f1adir unas im\u00e1genes animadas a las hist\u00f3rias, llamadas <strong>gifs.<\/strong><\/p>\n<p>A partir de ahora, los usuarios pueden introducir estos elementos en forma de stickers animados a las im\u00e1genes y v\u00eddeos que deseen compartir. Facebook y Whatsapp ya introdujeron la posibilidad de a\u00f1adir <strong>gifs<\/strong> en los mensajes, pero ha sido Instagram la que le ha sacado m\u00e1s partido.<\/p>\n<div id=\"attachment_2635\" style=\"width: 336px\" class=\"wp-caption alignright\"><img loading=\"lazy\" decoding=\"async\" aria-describedby=\"caption-attachment-2635\" class=\"wp-image-2635\" src=\"https:\/\/medianeeds.es\/wp-content\/uploads\/2018\/02\/giphy-2.gif\" alt=\"\" width=\"326\" height=\"244\" \/><p id=\"caption-attachment-2635\" class=\"wp-caption-text\"><em>Uno de los gifs m\u00e1s usados de Instagram<\/em><\/p><\/div>\n<p>Animales bailando, una pizza en movimiento, palabras que cambian de color, caras que aparecen y desaparecen, dos copas haciendo un brindis, corazones en movimiento, etc. Todo lo que se pueda pensar, se puede representar en un <strong>gif.\u00a0<\/strong>Esto le da al usuario una infinidad de posibilidades de ser m\u00e1s creativo, interesante y divertido.<\/p>\n<div id=\"attachment_2629\" style=\"width: 273px\" class=\"wp-caption alignleft\"><img loading=\"lazy\" decoding=\"async\" aria-describedby=\"caption-attachment-2629\" class=\"wp-image-2629\" src=\"https:\/\/medianeeds.es\/wp-content\/uploads\/2018\/02\/giphy-1.gif\" alt=\"\" width=\"263\" height=\"148\" \/><p id=\"caption-attachment-2629\" class=\"wp-caption-text\"><i>Otro ejemplo de un gif de Instagram<\/i><\/p><\/div>\n<p>Los <strong>gifs<\/strong> salen desde la pagina web de Giphy, donde hay un buscador que permite a los usuarios buscar un <strong>gif<\/strong>, entre infinitos, con tan solo buscar una palabra relacionada. <strong>\u00a1Es muy f\u00e1cil de usar!<\/strong> Tan solo se tiene que desplegar el men\u00fa de los emojis, ubicaci\u00f3n, hora del d\u00eda, etc. Pulsar el bot\u00f3n donde pone <strong>gifs<\/strong>, i aparecer\u00e1n los m\u00e1s destacados del momento, pero tambi\u00e9n podremos buscar un tema y nos saldr\u00e1n <strong>gifs<\/strong> relacionados.<\/p>\n<p>El tama\u00f1o se podr\u00e1 ajustar en el mismo momento, jugando con los dedos, y se podr\u00e1 colocar en cualquier parte de la imagen.<\/p>\n<p>Esta no es la \u00fanica novedad en la \u00faltima actualizaci\u00f3n. Ahora,\u00a0<strong>Instagram permitir\u00e1 subir fotograf\u00edas y v\u00eddeos de cualquier tama\u00f1o a las historias.<\/strong>\u00a0Un recurso muy \u00fatil, ya que muchos usuarios utilizaban otras apps para recortar o girar la imagen. Ya no importa si la imagen es cuadrada, horizontal o vertical porque el espacio que quede en blanco se rellenar\u00e1 con un degradado de color que combine con la foto o v\u00eddeo.<\/p>\n<p><strong>Los gifs ya est\u00e1n en funcionamiento<\/strong> como parte de la versi\u00f3n 29 tanto en iOS como en Android, pero seg\u00fan el \u00faltimo comunicado que se hizo desde la red social,\u00a0<strong>las mejoras a la hora de subir contenido a las historias estar\u00e1n disponibles durante los pr\u00f3ximos d\u00edas.<\/strong><\/p>\n","protected":false},"excerpt":{"rendered":"<p>Hoy en dia Todos conocemos Instagram, y es que es la red social del momento. Esto no es casualidad, ya que la aplicaci\u00f3n se actualiza constantemente. Hasta tal punto que otras redes sociales como \u00abPeriscope\u00bb o \u00abSnapchat\u00bb se han quedado en la sombra. Parece que la lucha entre las redes sociales tiene un claro ganador, [&hellip;]<\/p>\n","protected":false},"author":1,"featured_media":10516,"comment_status":"closed","ping_status":"closed","sticky":false,"template":"","format":"standard","meta":{"_et_pb_use_builder":"","_et_pb_old_content":"","_et_gb_content_width":"","footnotes":""},"categories":[252],"tags":[131,244,113,62],"class_list":["post-2638","post","type-post","status-publish","format-standard","has-post-thumbnail","hentry","category-noticias","tag-gifs","tag-instagram-es-2","tag-nueva-actualizacion","tag-redes-sociales"],"yoast_head":"<!-- This site is optimized with the Yoast SEO plugin v27.5 - https:\/\/yoast.com\/product\/yoast-seo-wordpress\/ -->\n<title>Instagram lo peta con los gifs | Media Needs - M\u00e1rketing Reus<\/title>\n<meta name=\"description\" content=\"Instagram es la red social del momento, esto es una realidad, pero no es por casualidad. La aplicaci\u00f3n se actualiza constantemente y lo hace de manera acertada. Despu\u00e9s del boom de las &quot;Instahistories&quot; llega los GIFS, unas im\u00e1genes animadas a las historias.\" \/>\n<meta name=\"robots\" content=\"index, follow, max-snippet:-1, max-image-preview:large, max-video-preview:-1\" \/>\n<link rel=\"canonical\" href=\"https:\/\/medianeeds.es\/es\/instagram-y-los-gifs\/\" \/>\n<meta property=\"og:locale\" content=\"es_ES\" \/>\n<meta property=\"og:type\" content=\"article\" \/>\n<meta property=\"og:title\" content=\"Instagram lo peta con los gifs | Media Needs - M\u00e1rketing Reus\" \/>\n<meta property=\"og:description\" content=\"Instagram es la red social del momento, esto es una realidad, pero no es por casualidad. La aplicaci\u00f3n se actualiza constantemente y lo hace de manera acertada. Despu\u00e9s del boom de las &quot;Instahistories&quot; llega los GIFS, unas im\u00e1genes animadas a las historias.\" \/>\n<meta property=\"og:url\" content=\"https:\/\/medianeeds.es\/es\/instagram-y-los-gifs\/\" \/>\n<meta property=\"og:site_name\" content=\"M\u00e0rketing Reus | Media Needs Reus | Ag\u00e8ncia de publicitat Reus\" \/>\n<meta property=\"article:publisher\" content=\"https:\/\/www.facebook.com\/medianeeds.es\/\" \/>\n<meta property=\"article:published_time\" content=\"2018-02-22T12:05:58+00:00\" \/>\n<meta property=\"article:modified_time\" content=\"2018-08-31T09:03:44+00:00\" \/>\n<meta property=\"og:image\" content=\"https:\/\/medianeeds.es\/wp-content\/uploads\/2018\/02\/INSTAGRAM-LO-PETA-GIFS.gif\" \/>\n\t<meta property=\"og:image:width\" content=\"800\" \/>\n\t<meta property=\"og:image:height\" content=\"600\" \/>\n\t<meta property=\"og:image:type\" content=\"image\/gif\" \/>\n<meta name=\"author\" content=\"Medianeeds\" \/>\n<meta name=\"twitter:label1\" content=\"Escrito por\" \/>\n\t<meta name=\"twitter:data1\" content=\"Medianeeds\" \/>\n\t<meta name=\"twitter:label2\" content=\"Tiempo de lectura\" \/>\n\t<meta name=\"twitter:data2\" content=\"2 minutos\" \/>\n<script type=\"application\/ld+json\" class=\"yoast-schema-graph\">{\"@context\":\"https:\\\/\\\/schema.org\",\"@graph\":[{\"@type\":\"Article\",\"@id\":\"https:\\\/\\\/medianeeds.es\\\/es\\\/instagram-y-los-gifs\\\/#article\",\"isPartOf\":{\"@id\":\"https:\\\/\\\/medianeeds.es\\\/es\\\/instagram-y-los-gifs\\\/\"},\"author\":{\"name\":\"Medianeeds\",\"@id\":\"https:\\\/\\\/medianeeds.es\\\/#\\\/schema\\\/person\\\/6a6f2f17f283df3eeb0946feebd2af79\"},\"headline\":\"Instagram lo peta con los gifs en la nueva actualizaci\u00f3n\",\"datePublished\":\"2018-02-22T12:05:58+00:00\",\"dateModified\":\"2018-08-31T09:03:44+00:00\",\"mainEntityOfPage\":{\"@id\":\"https:\\\/\\\/medianeeds.es\\\/es\\\/instagram-y-los-gifs\\\/\"},\"wordCount\":493,\"publisher\":{\"@id\":\"https:\\\/\\\/medianeeds.es\\\/#organization\"},\"image\":{\"@id\":\"https:\\\/\\\/medianeeds.es\\\/es\\\/instagram-y-los-gifs\\\/#primaryimage\"},\"thumbnailUrl\":\"https:\\\/\\\/medianeeds.es\\\/wp-content\\\/uploads\\\/2018\\\/02\\\/INSTAGRAM-LO-PETA-GIFS.gif\",\"keywords\":[\"gifs\",\"instagram\",\"nueva actualizacion\",\"redes sociales\"],\"articleSection\":[\"Noticias\"],\"inLanguage\":\"es\"},{\"@type\":\"WebPage\",\"@id\":\"https:\\\/\\\/medianeeds.es\\\/es\\\/instagram-y-los-gifs\\\/\",\"url\":\"https:\\\/\\\/medianeeds.es\\\/es\\\/instagram-y-los-gifs\\\/\",\"name\":\"Instagram lo peta con los gifs | Media Needs - M\u00e1rketing Reus\",\"isPartOf\":{\"@id\":\"https:\\\/\\\/medianeeds.es\\\/#website\"},\"primaryImageOfPage\":{\"@id\":\"https:\\\/\\\/medianeeds.es\\\/es\\\/instagram-y-los-gifs\\\/#primaryimage\"},\"image\":{\"@id\":\"https:\\\/\\\/medianeeds.es\\\/es\\\/instagram-y-los-gifs\\\/#primaryimage\"},\"thumbnailUrl\":\"https:\\\/\\\/medianeeds.es\\\/wp-content\\\/uploads\\\/2018\\\/02\\\/INSTAGRAM-LO-PETA-GIFS.gif\",\"datePublished\":\"2018-02-22T12:05:58+00:00\",\"dateModified\":\"2018-08-31T09:03:44+00:00\",\"description\":\"Instagram es la red social del momento, esto es una realidad, pero no es por casualidad. La aplicaci\u00f3n se actualiza constantemente y lo hace de manera acertada. Despu\u00e9s del boom de las \\\"Instahistories\\\" llega los GIFS, unas im\u00e1genes animadas a las historias.\",\"breadcrumb\":{\"@id\":\"https:\\\/\\\/medianeeds.es\\\/es\\\/instagram-y-los-gifs\\\/#breadcrumb\"},\"inLanguage\":\"es\",\"potentialAction\":[{\"@type\":\"ReadAction\",\"target\":[\"https:\\\/\\\/medianeeds.es\\\/es\\\/instagram-y-los-gifs\\\/\"]}]},{\"@type\":\"ImageObject\",\"inLanguage\":\"es\",\"@id\":\"https:\\\/\\\/medianeeds.es\\\/es\\\/instagram-y-los-gifs\\\/#primaryimage\",\"url\":\"https:\\\/\\\/medianeeds.es\\\/wp-content\\\/uploads\\\/2018\\\/02\\\/INSTAGRAM-LO-PETA-GIFS.gif\",\"contentUrl\":\"https:\\\/\\\/medianeeds.es\\\/wp-content\\\/uploads\\\/2018\\\/02\\\/INSTAGRAM-LO-PETA-GIFS.gif\",\"width\":800,\"height\":600},{\"@type\":\"BreadcrumbList\",\"@id\":\"https:\\\/\\\/medianeeds.es\\\/es\\\/instagram-y-los-gifs\\\/#breadcrumb\",\"itemListElement\":[{\"@type\":\"ListItem\",\"position\":1,\"name\":\"Portada\",\"item\":\"https:\\\/\\\/medianeeds.es\\\/\"},{\"@type\":\"ListItem\",\"position\":2,\"name\":\"Instagram lo peta con los gifs en la nueva actualizaci\u00f3n\"}]},{\"@type\":\"WebSite\",\"@id\":\"https:\\\/\\\/medianeeds.es\\\/#website\",\"url\":\"https:\\\/\\\/medianeeds.es\\\/\",\"name\":\"M\u00e0rketing Reus | Media Needs Reus | Ag\u00e8ncia de publicitat Reus\",\"description\":\"MediaNeeds \u00e9s una empresa especialitzada en serveis integrals de publicitat, m\u00e0rqueting on-line i community manager a Reus, Tarragona\",\"publisher\":{\"@id\":\"https:\\\/\\\/medianeeds.es\\\/#organization\"},\"alternateName\":\"Media Needs\",\"potentialAction\":[{\"@type\":\"SearchAction\",\"target\":{\"@type\":\"EntryPoint\",\"urlTemplate\":\"https:\\\/\\\/medianeeds.es\\\/?s={search_term_string}\"},\"query-input\":{\"@type\":\"PropertyValueSpecification\",\"valueRequired\":true,\"valueName\":\"search_term_string\"}}],\"inLanguage\":\"es\"},{\"@type\":\"Organization\",\"@id\":\"https:\\\/\\\/medianeeds.es\\\/#organization\",\"name\":\"M\u00e0rketing Reus | Media Needs Reus | Ag\u00e8ncia de publicitat Reus\",\"alternateName\":\"Media Needs\",\"url\":\"https:\\\/\\\/medianeeds.es\\\/\",\"logo\":{\"@type\":\"ImageObject\",\"inLanguage\":\"es\",\"@id\":\"https:\\\/\\\/medianeeds.es\\\/#\\\/schema\\\/logo\\\/image\\\/\",\"url\":\"https:\\\/\\\/medianeeds.es\\\/wp-content\\\/uploads\\\/2024\\\/06\\\/COLOR_Mesa-de-trabajo-1-copia.png\",\"contentUrl\":\"https:\\\/\\\/medianeeds.es\\\/wp-content\\\/uploads\\\/2024\\\/06\\\/COLOR_Mesa-de-trabajo-1-copia.png\",\"width\":470,\"height\":226,\"caption\":\"M\u00e0rketing Reus | Media Needs Reus | Ag\u00e8ncia de publicitat Reus\"},\"image\":{\"@id\":\"https:\\\/\\\/medianeeds.es\\\/#\\\/schema\\\/logo\\\/image\\\/\"},\"sameAs\":[\"https:\\\/\\\/www.facebook.com\\\/medianeeds.es\\\/\",\"https:\\\/\\\/x.com\\\/media_needs\",\"https:\\\/\\\/www.instagram.com\\\/medianeeds\\\/?hl=es\"]},{\"@type\":\"Person\",\"@id\":\"https:\\\/\\\/medianeeds.es\\\/#\\\/schema\\\/person\\\/6a6f2f17f283df3eeb0946feebd2af79\",\"name\":\"Medianeeds\",\"image\":{\"@type\":\"ImageObject\",\"inLanguage\":\"es\",\"@id\":\"https:\\\/\\\/secure.gravatar.com\\\/avatar\\\/442251953f111b43a4668103c7b7c09aa35690e525473fb0bb9db0681ee9c0c3?s=96&d=mm&r=g\",\"url\":\"https:\\\/\\\/secure.gravatar.com\\\/avatar\\\/442251953f111b43a4668103c7b7c09aa35690e525473fb0bb9db0681ee9c0c3?s=96&d=mm&r=g\",\"contentUrl\":\"https:\\\/\\\/secure.gravatar.com\\\/avatar\\\/442251953f111b43a4668103c7b7c09aa35690e525473fb0bb9db0681ee9c0c3?s=96&d=mm&r=g\",\"caption\":\"Medianeeds\"},\"url\":\"https:\\\/\\\/medianeeds.es\\\/es\\\/author\\\/medianeeds\\\/\"}]}<\/script>\n<!-- \/ Yoast SEO plugin. -->","yoast_head_json":{"title":"Instagram lo peta con los gifs | Media Needs - M\u00e1rketing Reus","description":"Instagram es la red social del momento, esto es una realidad, pero no es por casualidad. La aplicaci\u00f3n se actualiza constantemente y lo hace de manera acertada. Despu\u00e9s del boom de las \"Instahistories\" llega los GIFS, unas im\u00e1genes animadas a las historias.","robots":{"index":"index","follow":"follow","max-snippet":"max-snippet:-1","max-image-preview":"max-image-preview:large","max-video-preview":"max-video-preview:-1"},"canonical":"https:\/\/medianeeds.es\/es\/instagram-y-los-gifs\/","og_locale":"es_ES","og_type":"article","og_title":"Instagram lo peta con los gifs | Media Needs - M\u00e1rketing Reus","og_description":"Instagram es la red social del momento, esto es una realidad, pero no es por casualidad. La aplicaci\u00f3n se actualiza constantemente y lo hace de manera acertada. Despu\u00e9s del boom de las \"Instahistories\" llega los GIFS, unas im\u00e1genes animadas a las historias.","og_url":"https:\/\/medianeeds.es\/es\/instagram-y-los-gifs\/","og_site_name":"M\u00e0rketing Reus | Media Needs Reus | Ag\u00e8ncia de publicitat Reus","article_publisher":"https:\/\/www.facebook.com\/medianeeds.es\/","article_published_time":"2018-02-22T12:05:58+00:00","article_modified_time":"2018-08-31T09:03:44+00:00","og_image":[{"width":800,"height":600,"url":"https:\/\/medianeeds.es\/wp-content\/uploads\/2018\/02\/INSTAGRAM-LO-PETA-GIFS.gif","type":"image\/gif"}],"author":"Medianeeds","twitter_misc":{"Escrito por":"Medianeeds","Tiempo de lectura":"2 minutos"},"schema":{"@context":"https:\/\/schema.org","@graph":[{"@type":"Article","@id":"https:\/\/medianeeds.es\/es\/instagram-y-los-gifs\/#article","isPartOf":{"@id":"https:\/\/medianeeds.es\/es\/instagram-y-los-gifs\/"},"author":{"name":"Medianeeds","@id":"https:\/\/medianeeds.es\/#\/schema\/person\/6a6f2f17f283df3eeb0946feebd2af79"},"headline":"Instagram lo peta con los gifs en la nueva actualizaci\u00f3n","datePublished":"2018-02-22T12:05:58+00:00","dateModified":"2018-08-31T09:03:44+00:00","mainEntityOfPage":{"@id":"https:\/\/medianeeds.es\/es\/instagram-y-los-gifs\/"},"wordCount":493,"publisher":{"@id":"https:\/\/medianeeds.es\/#organization"},"image":{"@id":"https:\/\/medianeeds.es\/es\/instagram-y-los-gifs\/#primaryimage"},"thumbnailUrl":"https:\/\/medianeeds.es\/wp-content\/uploads\/2018\/02\/INSTAGRAM-LO-PETA-GIFS.gif","keywords":["gifs","instagram","nueva actualizacion","redes sociales"],"articleSection":["Noticias"],"inLanguage":"es"},{"@type":"WebPage","@id":"https:\/\/medianeeds.es\/es\/instagram-y-los-gifs\/","url":"https:\/\/medianeeds.es\/es\/instagram-y-los-gifs\/","name":"Instagram lo peta con los gifs | Media Needs - M\u00e1rketing Reus","isPartOf":{"@id":"https:\/\/medianeeds.es\/#website"},"primaryImageOfPage":{"@id":"https:\/\/medianeeds.es\/es\/instagram-y-los-gifs\/#primaryimage"},"image":{"@id":"https:\/\/medianeeds.es\/es\/instagram-y-los-gifs\/#primaryimage"},"thumbnailUrl":"https:\/\/medianeeds.es\/wp-content\/uploads\/2018\/02\/INSTAGRAM-LO-PETA-GIFS.gif","datePublished":"2018-02-22T12:05:58+00:00","dateModified":"2018-08-31T09:03:44+00:00","description":"Instagram es la red social del momento, esto es una realidad, pero no es por casualidad. La aplicaci\u00f3n se actualiza constantemente y lo hace de manera acertada. Despu\u00e9s del boom de las \"Instahistories\" llega los GIFS, unas im\u00e1genes animadas a las historias.","breadcrumb":{"@id":"https:\/\/medianeeds.es\/es\/instagram-y-los-gifs\/#breadcrumb"},"inLanguage":"es","potentialAction":[{"@type":"ReadAction","target":["https:\/\/medianeeds.es\/es\/instagram-y-los-gifs\/"]}]},{"@type":"ImageObject","inLanguage":"es","@id":"https:\/\/medianeeds.es\/es\/instagram-y-los-gifs\/#primaryimage","url":"https:\/\/medianeeds.es\/wp-content\/uploads\/2018\/02\/INSTAGRAM-LO-PETA-GIFS.gif","contentUrl":"https:\/\/medianeeds.es\/wp-content\/uploads\/2018\/02\/INSTAGRAM-LO-PETA-GIFS.gif","width":800,"height":600},{"@type":"BreadcrumbList","@id":"https:\/\/medianeeds.es\/es\/instagram-y-los-gifs\/#breadcrumb","itemListElement":[{"@type":"ListItem","position":1,"name":"Portada","item":"https:\/\/medianeeds.es\/"},{"@type":"ListItem","position":2,"name":"Instagram lo peta con los gifs en la nueva actualizaci\u00f3n"}]},{"@type":"WebSite","@id":"https:\/\/medianeeds.es\/#website","url":"https:\/\/medianeeds.es\/","name":"M\u00e0rketing Reus | Media Needs Reus | Ag\u00e8ncia de publicitat Reus","description":"MediaNeeds \u00e9s una empresa especialitzada en serveis integrals de publicitat, m\u00e0rqueting on-line i community manager a Reus, Tarragona","publisher":{"@id":"https:\/\/medianeeds.es\/#organization"},"alternateName":"Media Needs","potentialAction":[{"@type":"SearchAction","target":{"@type":"EntryPoint","urlTemplate":"https:\/\/medianeeds.es\/?s={search_term_string}"},"query-input":{"@type":"PropertyValueSpecification","valueRequired":true,"valueName":"search_term_string"}}],"inLanguage":"es"},{"@type":"Organization","@id":"https:\/\/medianeeds.es\/#organization","name":"M\u00e0rketing Reus | Media Needs Reus | Ag\u00e8ncia de publicitat Reus","alternateName":"Media Needs","url":"https:\/\/medianeeds.es\/","logo":{"@type":"ImageObject","inLanguage":"es","@id":"https:\/\/medianeeds.es\/#\/schema\/logo\/image\/","url":"https:\/\/medianeeds.es\/wp-content\/uploads\/2024\/06\/COLOR_Mesa-de-trabajo-1-copia.png","contentUrl":"https:\/\/medianeeds.es\/wp-content\/uploads\/2024\/06\/COLOR_Mesa-de-trabajo-1-copia.png","width":470,"height":226,"caption":"M\u00e0rketing Reus | Media Needs Reus | Ag\u00e8ncia de publicitat Reus"},"image":{"@id":"https:\/\/medianeeds.es\/#\/schema\/logo\/image\/"},"sameAs":["https:\/\/www.facebook.com\/medianeeds.es\/","https:\/\/x.com\/media_needs","https:\/\/www.instagram.com\/medianeeds\/?hl=es"]},{"@type":"Person","@id":"https:\/\/medianeeds.es\/#\/schema\/person\/6a6f2f17f283df3eeb0946feebd2af79","name":"Medianeeds","image":{"@type":"ImageObject","inLanguage":"es","@id":"https:\/\/secure.gravatar.com\/avatar\/442251953f111b43a4668103c7b7c09aa35690e525473fb0bb9db0681ee9c0c3?s=96&d=mm&r=g","url":"https:\/\/secure.gravatar.com\/avatar\/442251953f111b43a4668103c7b7c09aa35690e525473fb0bb9db0681ee9c0c3?s=96&d=mm&r=g","contentUrl":"https:\/\/secure.gravatar.com\/avatar\/442251953f111b43a4668103c7b7c09aa35690e525473fb0bb9db0681ee9c0c3?s=96&d=mm&r=g","caption":"Medianeeds"},"url":"https:\/\/medianeeds.es\/es\/author\/medianeeds\/"}]}},"_links":{"self":[{"href":"https:\/\/medianeeds.es\/es\/wp-json\/wp\/v2\/posts\/2638","targetHints":{"allow":["GET"]}}],"collection":[{"href":"https:\/\/medianeeds.es\/es\/wp-json\/wp\/v2\/posts"}],"about":[{"href":"https:\/\/medianeeds.es\/es\/wp-json\/wp\/v2\/types\/post"}],"author":[{"embeddable":true,"href":"https:\/\/medianeeds.es\/es\/wp-json\/wp\/v2\/users\/1"}],"replies":[{"embeddable":true,"href":"https:\/\/medianeeds.es\/es\/wp-json\/wp\/v2\/comments?post=2638"}],"version-history":[{"count":1,"href":"https:\/\/medianeeds.es\/es\/wp-json\/wp\/v2\/posts\/2638\/revisions"}],"predecessor-version":[{"id":10380,"href":"https:\/\/medianeeds.es\/es\/wp-json\/wp\/v2\/posts\/2638\/revisions\/10380"}],"wp:featuredmedia":[{"embeddable":true,"href":"https:\/\/medianeeds.es\/es\/wp-json\/wp\/v2\/media\/10516"}],"wp:attachment":[{"href":"https:\/\/medianeeds.es\/es\/wp-json\/wp\/v2\/media?parent=2638"}],"wp:term":[{"taxonomy":"category","embeddable":true,"href":"https:\/\/medianeeds.es\/es\/wp-json\/wp\/v2\/categories?post=2638"},{"taxonomy":"post_tag","embeddable":true,"href":"https:\/\/medianeeds.es\/es\/wp-json\/wp\/v2\/tags?post=2638"}],"curies":[{"name":"wp","href":"https:\/\/api.w.org\/{rel}","templated":true}]}}