{"id":2619,"date":"2018-01-22T10:13:55","date_gmt":"2018-01-22T10:13:55","guid":{"rendered":"https:\/\/medianeeds.es\/?p=2619"},"modified":"2018-08-31T09:03:56","modified_gmt":"2018-08-31T09:03:56","slug":"pack-corporativo-media-needs","status":"publish","type":"post","link":"https:\/\/medianeeds.es\/es\/pack-corporativo-media-needs\/","title":{"rendered":"Pack Corporativo Media Needs"},"content":{"rendered":"<p>\u00a1Damos forma a tus ideas! Hoy en d\u00eda vivimos en un mundo donde el marketing y las im\u00e1genes visuales han ganado la batalla por encima de todo lo escrito. Por este motivo, es fundamental poder mostrar al mundo la forma en la que trabajamos, qu\u00e9 ofrecemos y qui\u00e9nes somos. Y qu\u00e9 mejor que hacerlo de forma audiovisual, es decir, en un v\u00eddeo corporativo que muestre la calidad de tu empresa mediante nuestro pack corporativo.<\/p>\n<p>Es por esto que desde el equipo de Media Needs hemos creado este pack corporativo, que incluye la realizaci\u00f3n, grabaci\u00f3n y edici\u00f3n de un breve v\u00eddeo corporativo para tu negocio. \u00bfPor qu\u00e9 breve? Porque las nuevas tecnolog\u00edas, las redes sociales y la propia sociedad as\u00ed lo reclama. Actualmente estamos inmersos en un mundo donde se cuelgan miles y miles de fotos d\u00eda tras d\u00eda a redes como Instagram y Facebook, y debido a este exceso ha llegado un punto en que estas im\u00e1genes ya no nos generan un grande impacto. Por este motivo, si lo que quieres es posicionar correctamente tu empresa al mundo, y especialmente al mundo online, debes mostrar un v\u00eddeo breve, con una serie de im\u00e1genes r\u00e1pidas e impactantes, que queden gravadas a los ojos de tus espectadores.<\/p>\n<p>En definitiva, para conseguir todo esto crearemos un v\u00eddeo corporativo que sintetice de forma r\u00e1pida y eficaz cu\u00e1les son los valores de tu empresa y que adem\u00e1s responda a las necesidades de tu p\u00fablico.<\/p>\n<p>Las condiciones de este pack corporativo son que se debe poder realizar la grabaci\u00f3n en media jornada, es decir, en una ma\u00f1ana o en una tarda, que el cliente nos tendr\u00eda que facilitar el gui\u00f3n, la gente y los elementos que aparecer\u00e1n en \u00e9l, y que el v\u00eddeo final tendr\u00e1 una duraci\u00f3n m\u00e1xima de un minuto y medio. \u00a1No dudes en contactar con nosotros!<\/p>\n","protected":false},"excerpt":{"rendered":"<p>\u00a1Damos forma a tus ideas! Hoy en d\u00eda vivimos en un mundo donde el marketing y las im\u00e1genes visuales han ganado la batalla por encima de todo lo escrito. Por este motivo, es fundamental poder mostrar al mundo la forma en la que trabajamos, qu\u00e9 ofrecemos y qui\u00e9nes somos. Y qu\u00e9 mejor que hacerlo de [&hellip;]<\/p>\n","protected":false},"author":1,"featured_media":10518,"comment_status":"closed","ping_status":"closed","sticky":false,"template":"","format":"standard","meta":{"_et_pb_use_builder":"","_et_pb_old_content":"","_et_gb_content_width":"","footnotes":""},"categories":[252],"tags":[31,116,125],"class_list":["post-2619","post","type-post","status-publish","format-standard","has-post-thumbnail","hentry","category-noticias","tag-marqueting","tag-media-needs","tag-pack-corporativo"],"yoast_head":"<!-- This site is optimized with the Yoast SEO plugin v27.4 - https:\/\/yoast.com\/product\/yoast-seo-wordpress\/ -->\n<title>Pack Corporativo Media Needs - Marketing Reus | Media Needs Reus<\/title>\n<meta name=\"description\" content=\"\u00a1Damos forma a tus ideas! Desde el equipo de Media Needs hemos creado este pack corporativo, que incluye la realizaci\u00f3n, gravaci\u00f3n y edici\u00f3n de un breve v\u00eddeo corporativo para tu negocio que sintetice de forma r\u00e1pida y eficaz cu\u00e1les son los valores de tu empresa y que adem\u00e1s responda a las necesidades de tu p\u00fablico.\" \/>\n<meta name=\"robots\" content=\"index, follow, max-snippet:-1, max-image-preview:large, max-video-preview:-1\" \/>\n<link rel=\"canonical\" href=\"https:\/\/medianeeds.es\/es\/pack-corporativo-media-needs\/\" \/>\n<meta property=\"og:locale\" content=\"es_ES\" \/>\n<meta property=\"og:type\" content=\"article\" \/>\n<meta property=\"og:title\" content=\"Pack Corporativo Media Needs - Marketing Reus | Media Needs Reus\" \/>\n<meta property=\"og:description\" content=\"\u00a1Damos forma a tus ideas! Desde el equipo de Media Needs hemos creado este pack corporativo, que incluye la realizaci\u00f3n, gravaci\u00f3n y edici\u00f3n de un breve v\u00eddeo corporativo para tu negocio que sintetice de forma r\u00e1pida y eficaz cu\u00e1les son los valores de tu empresa y que adem\u00e1s responda a las necesidades de tu p\u00fablico.\" \/>\n<meta property=\"og:url\" content=\"https:\/\/medianeeds.es\/es\/pack-corporativo-media-needs\/\" \/>\n<meta property=\"og:site_name\" content=\"M\u00e0rketing Reus | Media Needs Reus | Ag\u00e8ncia de publicitat Reus\" \/>\n<meta property=\"article:publisher\" content=\"https:\/\/www.facebook.com\/medianeeds.es\/\" \/>\n<meta property=\"article:published_time\" content=\"2018-01-22T10:13:55+00:00\" \/>\n<meta property=\"article:modified_time\" content=\"2018-08-31T09:03:56+00:00\" \/>\n<meta property=\"og:image\" content=\"https:\/\/medianeeds.es\/wp-content\/uploads\/2018\/01\/PACK-MEDIA-NEEDS-1024x645.jpg\" \/>\n\t<meta property=\"og:image:width\" content=\"1024\" \/>\n\t<meta property=\"og:image:height\" content=\"645\" \/>\n\t<meta property=\"og:image:type\" content=\"image\/jpeg\" \/>\n<meta name=\"author\" content=\"Medianeeds\" \/>\n<meta name=\"twitter:label1\" content=\"Escrito por\" \/>\n\t<meta name=\"twitter:data1\" content=\"Medianeeds\" \/>\n\t<meta name=\"twitter:label2\" content=\"Tiempo de lectura\" \/>\n\t<meta name=\"twitter:data2\" content=\"2 minutos\" \/>\n<script type=\"application\/ld+json\" class=\"yoast-schema-graph\">{\"@context\":\"https:\\\/\\\/schema.org\",\"@graph\":[{\"@type\":\"Article\",\"@id\":\"https:\\\/\\\/medianeeds.es\\\/es\\\/pack-corporativo-media-needs\\\/#article\",\"isPartOf\":{\"@id\":\"https:\\\/\\\/medianeeds.es\\\/es\\\/pack-corporativo-media-needs\\\/\"},\"author\":{\"name\":\"Medianeeds\",\"@id\":\"https:\\\/\\\/medianeeds.es\\\/#\\\/schema\\\/person\\\/6a6f2f17f283df3eeb0946feebd2af79\"},\"headline\":\"Pack Corporativo Media Needs\",\"datePublished\":\"2018-01-22T10:13:55+00:00\",\"dateModified\":\"2018-08-31T09:03:56+00:00\",\"mainEntityOfPage\":{\"@id\":\"https:\\\/\\\/medianeeds.es\\\/es\\\/pack-corporativo-media-needs\\\/\"},\"wordCount\":335,\"publisher\":{\"@id\":\"https:\\\/\\\/medianeeds.es\\\/#organization\"},\"image\":{\"@id\":\"https:\\\/\\\/medianeeds.es\\\/es\\\/pack-corporativo-media-needs\\\/#primaryimage\"},\"thumbnailUrl\":\"https:\\\/\\\/medianeeds.es\\\/wp-content\\\/uploads\\\/2018\\\/01\\\/PACK-MEDIA-NEEDS.jpg\",\"keywords\":[\"m\u00e0rqueting\",\"media needs\",\"pack corporativo\"],\"articleSection\":[\"Noticias\"],\"inLanguage\":\"es\"},{\"@type\":\"WebPage\",\"@id\":\"https:\\\/\\\/medianeeds.es\\\/es\\\/pack-corporativo-media-needs\\\/\",\"url\":\"https:\\\/\\\/medianeeds.es\\\/es\\\/pack-corporativo-media-needs\\\/\",\"name\":\"Pack Corporativo Media Needs - Marketing Reus | Media Needs Reus\",\"isPartOf\":{\"@id\":\"https:\\\/\\\/medianeeds.es\\\/#website\"},\"primaryImageOfPage\":{\"@id\":\"https:\\\/\\\/medianeeds.es\\\/es\\\/pack-corporativo-media-needs\\\/#primaryimage\"},\"image\":{\"@id\":\"https:\\\/\\\/medianeeds.es\\\/es\\\/pack-corporativo-media-needs\\\/#primaryimage\"},\"thumbnailUrl\":\"https:\\\/\\\/medianeeds.es\\\/wp-content\\\/uploads\\\/2018\\\/01\\\/PACK-MEDIA-NEEDS.jpg\",\"datePublished\":\"2018-01-22T10:13:55+00:00\",\"dateModified\":\"2018-08-31T09:03:56+00:00\",\"description\":\"\u00a1Damos forma a tus ideas! Desde el equipo de Media Needs hemos creado este pack corporativo, que incluye la realizaci\u00f3n, gravaci\u00f3n y edici\u00f3n de un breve v\u00eddeo corporativo para tu negocio que sintetice de forma r\u00e1pida y eficaz cu\u00e1les son los valores de tu empresa y que adem\u00e1s responda a las necesidades de tu p\u00fablico.\",\"breadcrumb\":{\"@id\":\"https:\\\/\\\/medianeeds.es\\\/es\\\/pack-corporativo-media-needs\\\/#breadcrumb\"},\"inLanguage\":\"es\",\"potentialAction\":[{\"@type\":\"ReadAction\",\"target\":[\"https:\\\/\\\/medianeeds.es\\\/es\\\/pack-corporativo-media-needs\\\/\"]}]},{\"@type\":\"ImageObject\",\"inLanguage\":\"es\",\"@id\":\"https:\\\/\\\/medianeeds.es\\\/es\\\/pack-corporativo-media-needs\\\/#primaryimage\",\"url\":\"https:\\\/\\\/medianeeds.es\\\/wp-content\\\/uploads\\\/2018\\\/01\\\/PACK-MEDIA-NEEDS.jpg\",\"contentUrl\":\"https:\\\/\\\/medianeeds.es\\\/wp-content\\\/uploads\\\/2018\\\/01\\\/PACK-MEDIA-NEEDS.jpg\",\"width\":1690,\"height\":1065},{\"@type\":\"BreadcrumbList\",\"@id\":\"https:\\\/\\\/medianeeds.es\\\/es\\\/pack-corporativo-media-needs\\\/#breadcrumb\",\"itemListElement\":[{\"@type\":\"ListItem\",\"position\":1,\"name\":\"Portada\",\"item\":\"https:\\\/\\\/medianeeds.es\\\/\"},{\"@type\":\"ListItem\",\"position\":2,\"name\":\"Pack Corporativo Media Needs\"}]},{\"@type\":\"WebSite\",\"@id\":\"https:\\\/\\\/medianeeds.es\\\/#website\",\"url\":\"https:\\\/\\\/medianeeds.es\\\/\",\"name\":\"M\u00e0rketing Reus | Media Needs Reus | Ag\u00e8ncia de publicitat Reus\",\"description\":\"MediaNeeds \u00e9s una empresa especialitzada en serveis integrals de publicitat, m\u00e0rqueting on-line i community manager a Reus, Tarragona\",\"publisher\":{\"@id\":\"https:\\\/\\\/medianeeds.es\\\/#organization\"},\"alternateName\":\"Media Needs\",\"potentialAction\":[{\"@type\":\"SearchAction\",\"target\":{\"@type\":\"EntryPoint\",\"urlTemplate\":\"https:\\\/\\\/medianeeds.es\\\/?s={search_term_string}\"},\"query-input\":{\"@type\":\"PropertyValueSpecification\",\"valueRequired\":true,\"valueName\":\"search_term_string\"}}],\"inLanguage\":\"es\"},{\"@type\":\"Organization\",\"@id\":\"https:\\\/\\\/medianeeds.es\\\/#organization\",\"name\":\"M\u00e0rketing Reus | Media Needs Reus | Ag\u00e8ncia de publicitat Reus\",\"alternateName\":\"Media Needs\",\"url\":\"https:\\\/\\\/medianeeds.es\\\/\",\"logo\":{\"@type\":\"ImageObject\",\"inLanguage\":\"es\",\"@id\":\"https:\\\/\\\/medianeeds.es\\\/#\\\/schema\\\/logo\\\/image\\\/\",\"url\":\"https:\\\/\\\/medianeeds.es\\\/wp-content\\\/uploads\\\/2024\\\/06\\\/COLOR_Mesa-de-trabajo-1-copia.png\",\"contentUrl\":\"https:\\\/\\\/medianeeds.es\\\/wp-content\\\/uploads\\\/2024\\\/06\\\/COLOR_Mesa-de-trabajo-1-copia.png\",\"width\":470,\"height\":226,\"caption\":\"M\u00e0rketing Reus | Media Needs Reus | Ag\u00e8ncia de publicitat Reus\"},\"image\":{\"@id\":\"https:\\\/\\\/medianeeds.es\\\/#\\\/schema\\\/logo\\\/image\\\/\"},\"sameAs\":[\"https:\\\/\\\/www.facebook.com\\\/medianeeds.es\\\/\",\"https:\\\/\\\/x.com\\\/media_needs\",\"https:\\\/\\\/www.instagram.com\\\/medianeeds\\\/?hl=es\"]},{\"@type\":\"Person\",\"@id\":\"https:\\\/\\\/medianeeds.es\\\/#\\\/schema\\\/person\\\/6a6f2f17f283df3eeb0946feebd2af79\",\"name\":\"Medianeeds\",\"image\":{\"@type\":\"ImageObject\",\"inLanguage\":\"es\",\"@id\":\"https:\\\/\\\/secure.gravatar.com\\\/avatar\\\/442251953f111b43a4668103c7b7c09aa35690e525473fb0bb9db0681ee9c0c3?s=96&d=mm&r=g\",\"url\":\"https:\\\/\\\/secure.gravatar.com\\\/avatar\\\/442251953f111b43a4668103c7b7c09aa35690e525473fb0bb9db0681ee9c0c3?s=96&d=mm&r=g\",\"contentUrl\":\"https:\\\/\\\/secure.gravatar.com\\\/avatar\\\/442251953f111b43a4668103c7b7c09aa35690e525473fb0bb9db0681ee9c0c3?s=96&d=mm&r=g\",\"caption\":\"Medianeeds\"},\"url\":\"https:\\\/\\\/medianeeds.es\\\/es\\\/author\\\/medianeeds\\\/\"}]}<\/script>\n<!-- \/ Yoast SEO plugin. -->","yoast_head_json":{"title":"Pack Corporativo Media Needs - Marketing Reus | Media Needs Reus","description":"\u00a1Damos forma a tus ideas! Desde el equipo de Media Needs hemos creado este pack corporativo, que incluye la realizaci\u00f3n, gravaci\u00f3n y edici\u00f3n de un breve v\u00eddeo corporativo para tu negocio que sintetice de forma r\u00e1pida y eficaz cu\u00e1les son los valores de tu empresa y que adem\u00e1s responda a las necesidades de tu p\u00fablico.","robots":{"index":"index","follow":"follow","max-snippet":"max-snippet:-1","max-image-preview":"max-image-preview:large","max-video-preview":"max-video-preview:-1"},"canonical":"https:\/\/medianeeds.es\/es\/pack-corporativo-media-needs\/","og_locale":"es_ES","og_type":"article","og_title":"Pack Corporativo Media Needs - Marketing Reus | Media Needs Reus","og_description":"\u00a1Damos forma a tus ideas! Desde el equipo de Media Needs hemos creado este pack corporativo, que incluye la realizaci\u00f3n, gravaci\u00f3n y edici\u00f3n de un breve v\u00eddeo corporativo para tu negocio que sintetice de forma r\u00e1pida y eficaz cu\u00e1les son los valores de tu empresa y que adem\u00e1s responda a las necesidades de tu p\u00fablico.","og_url":"https:\/\/medianeeds.es\/es\/pack-corporativo-media-needs\/","og_site_name":"M\u00e0rketing Reus | Media Needs Reus | Ag\u00e8ncia de publicitat Reus","article_publisher":"https:\/\/www.facebook.com\/medianeeds.es\/","article_published_time":"2018-01-22T10:13:55+00:00","article_modified_time":"2018-08-31T09:03:56+00:00","og_image":[{"width":1024,"height":645,"url":"https:\/\/medianeeds.es\/wp-content\/uploads\/2018\/01\/PACK-MEDIA-NEEDS-1024x645.jpg","type":"image\/jpeg"}],"author":"Medianeeds","twitter_misc":{"Escrito por":"Medianeeds","Tiempo de lectura":"2 minutos"},"schema":{"@context":"https:\/\/schema.org","@graph":[{"@type":"Article","@id":"https:\/\/medianeeds.es\/es\/pack-corporativo-media-needs\/#article","isPartOf":{"@id":"https:\/\/medianeeds.es\/es\/pack-corporativo-media-needs\/"},"author":{"name":"Medianeeds","@id":"https:\/\/medianeeds.es\/#\/schema\/person\/6a6f2f17f283df3eeb0946feebd2af79"},"headline":"Pack Corporativo Media Needs","datePublished":"2018-01-22T10:13:55+00:00","dateModified":"2018-08-31T09:03:56+00:00","mainEntityOfPage":{"@id":"https:\/\/medianeeds.es\/es\/pack-corporativo-media-needs\/"},"wordCount":335,"publisher":{"@id":"https:\/\/medianeeds.es\/#organization"},"image":{"@id":"https:\/\/medianeeds.es\/es\/pack-corporativo-media-needs\/#primaryimage"},"thumbnailUrl":"https:\/\/medianeeds.es\/wp-content\/uploads\/2018\/01\/PACK-MEDIA-NEEDS.jpg","keywords":["m\u00e0rqueting","media needs","pack corporativo"],"articleSection":["Noticias"],"inLanguage":"es"},{"@type":"WebPage","@id":"https:\/\/medianeeds.es\/es\/pack-corporativo-media-needs\/","url":"https:\/\/medianeeds.es\/es\/pack-corporativo-media-needs\/","name":"Pack Corporativo Media Needs - Marketing Reus | Media Needs Reus","isPartOf":{"@id":"https:\/\/medianeeds.es\/#website"},"primaryImageOfPage":{"@id":"https:\/\/medianeeds.es\/es\/pack-corporativo-media-needs\/#primaryimage"},"image":{"@id":"https:\/\/medianeeds.es\/es\/pack-corporativo-media-needs\/#primaryimage"},"thumbnailUrl":"https:\/\/medianeeds.es\/wp-content\/uploads\/2018\/01\/PACK-MEDIA-NEEDS.jpg","datePublished":"2018-01-22T10:13:55+00:00","dateModified":"2018-08-31T09:03:56+00:00","description":"\u00a1Damos forma a tus ideas! Desde el equipo de Media Needs hemos creado este pack corporativo, que incluye la realizaci\u00f3n, gravaci\u00f3n y edici\u00f3n de un breve v\u00eddeo corporativo para tu negocio que sintetice de forma r\u00e1pida y eficaz cu\u00e1les son los valores de tu empresa y que adem\u00e1s responda a las necesidades de tu p\u00fablico.","breadcrumb":{"@id":"https:\/\/medianeeds.es\/es\/pack-corporativo-media-needs\/#breadcrumb"},"inLanguage":"es","potentialAction":[{"@type":"ReadAction","target":["https:\/\/medianeeds.es\/es\/pack-corporativo-media-needs\/"]}]},{"@type":"ImageObject","inLanguage":"es","@id":"https:\/\/medianeeds.es\/es\/pack-corporativo-media-needs\/#primaryimage","url":"https:\/\/medianeeds.es\/wp-content\/uploads\/2018\/01\/PACK-MEDIA-NEEDS.jpg","contentUrl":"https:\/\/medianeeds.es\/wp-content\/uploads\/2018\/01\/PACK-MEDIA-NEEDS.jpg","width":1690,"height":1065},{"@type":"BreadcrumbList","@id":"https:\/\/medianeeds.es\/es\/pack-corporativo-media-needs\/#breadcrumb","itemListElement":[{"@type":"ListItem","position":1,"name":"Portada","item":"https:\/\/medianeeds.es\/"},{"@type":"ListItem","position":2,"name":"Pack Corporativo Media Needs"}]},{"@type":"WebSite","@id":"https:\/\/medianeeds.es\/#website","url":"https:\/\/medianeeds.es\/","name":"M\u00e0rketing Reus | Media Needs Reus | Ag\u00e8ncia de publicitat Reus","description":"MediaNeeds \u00e9s una empresa especialitzada en serveis integrals de publicitat, m\u00e0rqueting on-line i community manager a Reus, Tarragona","publisher":{"@id":"https:\/\/medianeeds.es\/#organization"},"alternateName":"Media Needs","potentialAction":[{"@type":"SearchAction","target":{"@type":"EntryPoint","urlTemplate":"https:\/\/medianeeds.es\/?s={search_term_string}"},"query-input":{"@type":"PropertyValueSpecification","valueRequired":true,"valueName":"search_term_string"}}],"inLanguage":"es"},{"@type":"Organization","@id":"https:\/\/medianeeds.es\/#organization","name":"M\u00e0rketing Reus | Media Needs Reus | Ag\u00e8ncia de publicitat Reus","alternateName":"Media Needs","url":"https:\/\/medianeeds.es\/","logo":{"@type":"ImageObject","inLanguage":"es","@id":"https:\/\/medianeeds.es\/#\/schema\/logo\/image\/","url":"https:\/\/medianeeds.es\/wp-content\/uploads\/2024\/06\/COLOR_Mesa-de-trabajo-1-copia.png","contentUrl":"https:\/\/medianeeds.es\/wp-content\/uploads\/2024\/06\/COLOR_Mesa-de-trabajo-1-copia.png","width":470,"height":226,"caption":"M\u00e0rketing Reus | Media Needs Reus | Ag\u00e8ncia de publicitat Reus"},"image":{"@id":"https:\/\/medianeeds.es\/#\/schema\/logo\/image\/"},"sameAs":["https:\/\/www.facebook.com\/medianeeds.es\/","https:\/\/x.com\/media_needs","https:\/\/www.instagram.com\/medianeeds\/?hl=es"]},{"@type":"Person","@id":"https:\/\/medianeeds.es\/#\/schema\/person\/6a6f2f17f283df3eeb0946feebd2af79","name":"Medianeeds","image":{"@type":"ImageObject","inLanguage":"es","@id":"https:\/\/secure.gravatar.com\/avatar\/442251953f111b43a4668103c7b7c09aa35690e525473fb0bb9db0681ee9c0c3?s=96&d=mm&r=g","url":"https:\/\/secure.gravatar.com\/avatar\/442251953f111b43a4668103c7b7c09aa35690e525473fb0bb9db0681ee9c0c3?s=96&d=mm&r=g","contentUrl":"https:\/\/secure.gravatar.com\/avatar\/442251953f111b43a4668103c7b7c09aa35690e525473fb0bb9db0681ee9c0c3?s=96&d=mm&r=g","caption":"Medianeeds"},"url":"https:\/\/medianeeds.es\/es\/author\/medianeeds\/"}]}},"_links":{"self":[{"href":"https:\/\/medianeeds.es\/es\/wp-json\/wp\/v2\/posts\/2619","targetHints":{"allow":["GET"]}}],"collection":[{"href":"https:\/\/medianeeds.es\/es\/wp-json\/wp\/v2\/posts"}],"about":[{"href":"https:\/\/medianeeds.es\/es\/wp-json\/wp\/v2\/types\/post"}],"author":[{"embeddable":true,"href":"https:\/\/medianeeds.es\/es\/wp-json\/wp\/v2\/users\/1"}],"replies":[{"embeddable":true,"href":"https:\/\/medianeeds.es\/es\/wp-json\/wp\/v2\/comments?post=2619"}],"version-history":[{"count":1,"href":"https:\/\/medianeeds.es\/es\/wp-json\/wp\/v2\/posts\/2619\/revisions"}],"predecessor-version":[{"id":10382,"href":"https:\/\/medianeeds.es\/es\/wp-json\/wp\/v2\/posts\/2619\/revisions\/10382"}],"wp:featuredmedia":[{"embeddable":true,"href":"https:\/\/medianeeds.es\/es\/wp-json\/wp\/v2\/media\/10518"}],"wp:attachment":[{"href":"https:\/\/medianeeds.es\/es\/wp-json\/wp\/v2\/media?parent=2619"}],"wp:term":[{"taxonomy":"category","embeddable":true,"href":"https:\/\/medianeeds.es\/es\/wp-json\/wp\/v2\/categories?post=2619"},{"taxonomy":"post_tag","embeddable":true,"href":"https:\/\/medianeeds.es\/es\/wp-json\/wp\/v2\/tags?post=2619"}],"curies":[{"name":"wp","href":"https:\/\/api.w.org\/{rel}","templated":true}]}}