{"id":2595,"date":"2018-08-07T11:39:46","date_gmt":"2018-08-07T11:39:46","guid":{"rendered":"https:\/\/medianeeds.es\/?p=2595"},"modified":"2018-08-31T08:49:14","modified_gmt":"2018-08-31T08:49:14","slug":"final-dels-hashtags","status":"publish","type":"post","link":"https:\/\/medianeeds.es\/es\/final-dels-hashtags\/","title":{"rendered":"El final de los hashtags?"},"content":{"rendered":"<p>Uno de los principios fundamentales para hacer comunicaci\u00f3n y marketing en la actualidad es la de hacer las cosas simples a causa de la preponderancia de las redes sociales. En esta direcci\u00f3n se crearon los <em>hashtags<\/em>: llevar cualquier tipo de conversaci\u00f3n entre distintos clientes potenciales en el entorno de Internet. As\u00ed, era y es habitual ver en la mayor\u00eda de espacios publicitarios de cualquier plataforma, un espacio reservado a colocar una etiqueta que relacione el anuncio en cuesti\u00f3n con su campa\u00f1a correspondiente.<\/p>\n<p>Pero siguen siendo necesarios los\u00a0<em>hashtags<\/em>? En redes como Twitter siguen teniendo una utilidad porque ayudan a agrupar temas y a confeccionar utilidades como los\u00a0<em>trending topics<\/em>. Tambi\u00e9n siguen funcionando a Instagram de manera que permiten vincular contenidos relacionados a trav\u00e9s de una fotograf\u00eda pero, en cambio, a Facebook no han terminado de cuajar a pesar de que la misma marca los potenci\u00f3.<\/p>\n<p>Nuevos estudios como los realizados por la empresa\u00a0iSpot.tv exponen que aunque las empresas continuan utilizando masivamente herramientas para transportar los clientes de la televisi\u00f3n hacia las p\u00e1ginas web, cada vez se utilizan menos los\u00a0<em>hashtags<\/em>. As\u00ed, mientras el 2014 las cifras de inversi\u00f3n que iban con la intenci\u00f3n de redirigir los usuarios a las respectivas webs eran de\u00a01.400 millones de d\u00f3lares al mes, las \u00faltimas cifras publicadas el pasado 2017 explican que ya se destinan 3.000 millones de d\u00f3lares al mes para este tipo de operaciones. Esto pasa porque las marcas han invertido en la mejora de sus p\u00e1ginas webs corporativas y adem\u00e1s les permite redirigir una conversaci\u00f3n hacia un sitio que ellos controlan completamente.<\/p>\n<p>M\u00e1s que un cambio de moda, la eliminaci\u00f3n del\u00a0<em>hashtag\u00a0<\/em>demuestra un cambio interno a nivel de mercado. A d\u00eda de hoy, las marcas son m\u00e1s h\u00e1biles para llevar los clientes hacia donde ellas quieren. Eso les ha permitido dejar atr\u00e1s unas campa\u00f1as que finalmente eran muy complicadas, ya que no hac\u00edan m\u00e1s que potenciar la creaci\u00f3n de conversaciones y m\u00e1s conversaciones que escapaban del control de la empresa.<\/p>\n","protected":false},"excerpt":{"rendered":"<p>Uno de los principios fundamentales para hacer comunicaci\u00f3n y marketing en la actualidad es la de hacer las cosas simples a causa de la preponderancia de las redes sociales. En esta direcci\u00f3n se crearon los hashtags: llevar cualquier tipo de conversaci\u00f3n entre distintos clientes potenciales en el entorno de Internet. As\u00ed, era y es habitual [&hellip;]<\/p>\n","protected":false},"author":1,"featured_media":10501,"comment_status":"closed","ping_status":"closed","sticky":false,"template":"","format":"standard","meta":{"_et_pb_use_builder":"","_et_pb_old_content":"","_et_gb_content_width":"","footnotes":""},"categories":[252,279],"tags":[44,70],"class_list":["post-2595","post","type-post","status-publish","format-standard","has-post-thumbnail","hentry","category-noticias","category-redes-sociales-3","tag-facebook","tag-hashtags"],"yoast_head":"<!-- This site is optimized with the Yoast SEO plugin v27.4 - https:\/\/yoast.com\/product\/yoast-seo-wordpress\/ -->\n<title>El final de los hashtags? - Marketing Reus | Media Needs Reus<\/title>\n<meta name=\"description\" content=\"Siguen siendo necesarios los\u00a0hashtags? En redes como Twitter siguen teniendo una utilidad porque ayudan a agrupar temas y a confeccionar utilidades como los\u00a0trending topics. Tambi\u00e9n siguen funcionando a Instagram pero, en cambio, a Facebook no han terminado de cuajar a pesar de que la misma marca los potenci\u00f3.\" \/>\n<meta name=\"robots\" content=\"index, follow, max-snippet:-1, max-image-preview:large, max-video-preview:-1\" \/>\n<link rel=\"canonical\" href=\"https:\/\/medianeeds.es\/es\/final-dels-hashtags\/\" \/>\n<meta property=\"og:locale\" content=\"es_ES\" \/>\n<meta property=\"og:type\" content=\"article\" \/>\n<meta property=\"og:title\" content=\"El final de los hashtags? - Marketing Reus | Media Needs Reus\" \/>\n<meta property=\"og:description\" content=\"Siguen siendo necesarios los\u00a0hashtags? En redes como Twitter siguen teniendo una utilidad porque ayudan a agrupar temas y a confeccionar utilidades como los\u00a0trending topics. Tambi\u00e9n siguen funcionando a Instagram pero, en cambio, a Facebook no han terminado de cuajar a pesar de que la misma marca los potenci\u00f3.\" \/>\n<meta property=\"og:url\" content=\"https:\/\/medianeeds.es\/es\/final-dels-hashtags\/\" \/>\n<meta property=\"og:site_name\" content=\"M\u00e0rketing Reus | Media Needs Reus | Ag\u00e8ncia de publicitat Reus\" \/>\n<meta property=\"article:publisher\" content=\"https:\/\/www.facebook.com\/medianeeds.es\/\" \/>\n<meta property=\"article:published_time\" content=\"2018-08-07T11:39:46+00:00\" \/>\n<meta property=\"article:modified_time\" content=\"2018-08-31T08:49:14+00:00\" \/>\n<meta property=\"og:image\" content=\"https:\/\/medianeeds.es\/wp-content\/uploads\/2018\/08\/FINAL-HASHTAGS.jpg\" \/>\n\t<meta property=\"og:image:width\" content=\"1690\" \/>\n\t<meta property=\"og:image:height\" content=\"1065\" \/>\n\t<meta property=\"og:image:type\" content=\"image\/jpeg\" \/>\n<meta name=\"author\" content=\"Medianeeds\" \/>\n<meta name=\"twitter:label1\" content=\"Escrito por\" \/>\n\t<meta name=\"twitter:data1\" content=\"Medianeeds\" \/>\n\t<meta name=\"twitter:label2\" content=\"Tiempo de lectura\" \/>\n\t<meta name=\"twitter:data2\" content=\"2 minutos\" \/>\n<script type=\"application\/ld+json\" class=\"yoast-schema-graph\">{\"@context\":\"https:\\\/\\\/schema.org\",\"@graph\":[{\"@type\":\"Article\",\"@id\":\"https:\\\/\\\/medianeeds.es\\\/es\\\/final-dels-hashtags\\\/#article\",\"isPartOf\":{\"@id\":\"https:\\\/\\\/medianeeds.es\\\/es\\\/final-dels-hashtags\\\/\"},\"author\":{\"name\":\"Medianeeds\",\"@id\":\"https:\\\/\\\/medianeeds.es\\\/#\\\/schema\\\/person\\\/6a6f2f17f283df3eeb0946feebd2af79\"},\"headline\":\"El final de los hashtags?\",\"datePublished\":\"2018-08-07T11:39:46+00:00\",\"dateModified\":\"2018-08-31T08:49:14+00:00\",\"mainEntityOfPage\":{\"@id\":\"https:\\\/\\\/medianeeds.es\\\/es\\\/final-dels-hashtags\\\/\"},\"wordCount\":362,\"publisher\":{\"@id\":\"https:\\\/\\\/medianeeds.es\\\/#organization\"},\"image\":{\"@id\":\"https:\\\/\\\/medianeeds.es\\\/es\\\/final-dels-hashtags\\\/#primaryimage\"},\"thumbnailUrl\":\"https:\\\/\\\/medianeeds.es\\\/wp-content\\\/uploads\\\/2018\\\/08\\\/FINAL-HASHTAGS.jpg\",\"keywords\":[\"facebook\",\"hashtags\"],\"articleSection\":[\"Noticias\",\"Redes Sociales\"],\"inLanguage\":\"es\"},{\"@type\":\"WebPage\",\"@id\":\"https:\\\/\\\/medianeeds.es\\\/es\\\/final-dels-hashtags\\\/\",\"url\":\"https:\\\/\\\/medianeeds.es\\\/es\\\/final-dels-hashtags\\\/\",\"name\":\"El final de los hashtags? - Marketing Reus | Media Needs Reus\",\"isPartOf\":{\"@id\":\"https:\\\/\\\/medianeeds.es\\\/#website\"},\"primaryImageOfPage\":{\"@id\":\"https:\\\/\\\/medianeeds.es\\\/es\\\/final-dels-hashtags\\\/#primaryimage\"},\"image\":{\"@id\":\"https:\\\/\\\/medianeeds.es\\\/es\\\/final-dels-hashtags\\\/#primaryimage\"},\"thumbnailUrl\":\"https:\\\/\\\/medianeeds.es\\\/wp-content\\\/uploads\\\/2018\\\/08\\\/FINAL-HASHTAGS.jpg\",\"datePublished\":\"2018-08-07T11:39:46+00:00\",\"dateModified\":\"2018-08-31T08:49:14+00:00\",\"description\":\"Siguen siendo necesarios los\u00a0hashtags? En redes como Twitter siguen teniendo una utilidad porque ayudan a agrupar temas y a confeccionar utilidades como los\u00a0trending topics. Tambi\u00e9n siguen funcionando a Instagram pero, en cambio, a Facebook no han terminado de cuajar a pesar de que la misma marca los potenci\u00f3.\",\"breadcrumb\":{\"@id\":\"https:\\\/\\\/medianeeds.es\\\/es\\\/final-dels-hashtags\\\/#breadcrumb\"},\"inLanguage\":\"es\",\"potentialAction\":[{\"@type\":\"ReadAction\",\"target\":[\"https:\\\/\\\/medianeeds.es\\\/es\\\/final-dels-hashtags\\\/\"]}]},{\"@type\":\"ImageObject\",\"inLanguage\":\"es\",\"@id\":\"https:\\\/\\\/medianeeds.es\\\/es\\\/final-dels-hashtags\\\/#primaryimage\",\"url\":\"https:\\\/\\\/medianeeds.es\\\/wp-content\\\/uploads\\\/2018\\\/08\\\/FINAL-HASHTAGS.jpg\",\"contentUrl\":\"https:\\\/\\\/medianeeds.es\\\/wp-content\\\/uploads\\\/2018\\\/08\\\/FINAL-HASHTAGS.jpg\",\"width\":1690,\"height\":1065},{\"@type\":\"BreadcrumbList\",\"@id\":\"https:\\\/\\\/medianeeds.es\\\/es\\\/final-dels-hashtags\\\/#breadcrumb\",\"itemListElement\":[{\"@type\":\"ListItem\",\"position\":1,\"name\":\"Portada\",\"item\":\"https:\\\/\\\/medianeeds.es\\\/\"},{\"@type\":\"ListItem\",\"position\":2,\"name\":\"El final de los hashtags?\"}]},{\"@type\":\"WebSite\",\"@id\":\"https:\\\/\\\/medianeeds.es\\\/#website\",\"url\":\"https:\\\/\\\/medianeeds.es\\\/\",\"name\":\"M\u00e0rketing Reus | Media Needs Reus | Ag\u00e8ncia de publicitat Reus\",\"description\":\"MediaNeeds \u00e9s una empresa especialitzada en serveis integrals de publicitat, m\u00e0rqueting on-line i community manager a Reus, Tarragona\",\"publisher\":{\"@id\":\"https:\\\/\\\/medianeeds.es\\\/#organization\"},\"alternateName\":\"Media Needs\",\"potentialAction\":[{\"@type\":\"SearchAction\",\"target\":{\"@type\":\"EntryPoint\",\"urlTemplate\":\"https:\\\/\\\/medianeeds.es\\\/?s={search_term_string}\"},\"query-input\":{\"@type\":\"PropertyValueSpecification\",\"valueRequired\":true,\"valueName\":\"search_term_string\"}}],\"inLanguage\":\"es\"},{\"@type\":\"Organization\",\"@id\":\"https:\\\/\\\/medianeeds.es\\\/#organization\",\"name\":\"M\u00e0rketing Reus | Media Needs Reus | Ag\u00e8ncia de publicitat Reus\",\"alternateName\":\"Media Needs\",\"url\":\"https:\\\/\\\/medianeeds.es\\\/\",\"logo\":{\"@type\":\"ImageObject\",\"inLanguage\":\"es\",\"@id\":\"https:\\\/\\\/medianeeds.es\\\/#\\\/schema\\\/logo\\\/image\\\/\",\"url\":\"https:\\\/\\\/medianeeds.es\\\/wp-content\\\/uploads\\\/2024\\\/06\\\/COLOR_Mesa-de-trabajo-1-copia.png\",\"contentUrl\":\"https:\\\/\\\/medianeeds.es\\\/wp-content\\\/uploads\\\/2024\\\/06\\\/COLOR_Mesa-de-trabajo-1-copia.png\",\"width\":470,\"height\":226,\"caption\":\"M\u00e0rketing Reus | Media Needs Reus | Ag\u00e8ncia de publicitat Reus\"},\"image\":{\"@id\":\"https:\\\/\\\/medianeeds.es\\\/#\\\/schema\\\/logo\\\/image\\\/\"},\"sameAs\":[\"https:\\\/\\\/www.facebook.com\\\/medianeeds.es\\\/\",\"https:\\\/\\\/x.com\\\/media_needs\",\"https:\\\/\\\/www.instagram.com\\\/medianeeds\\\/?hl=es\"]},{\"@type\":\"Person\",\"@id\":\"https:\\\/\\\/medianeeds.es\\\/#\\\/schema\\\/person\\\/6a6f2f17f283df3eeb0946feebd2af79\",\"name\":\"Medianeeds\",\"image\":{\"@type\":\"ImageObject\",\"inLanguage\":\"es\",\"@id\":\"https:\\\/\\\/secure.gravatar.com\\\/avatar\\\/442251953f111b43a4668103c7b7c09aa35690e525473fb0bb9db0681ee9c0c3?s=96&d=mm&r=g\",\"url\":\"https:\\\/\\\/secure.gravatar.com\\\/avatar\\\/442251953f111b43a4668103c7b7c09aa35690e525473fb0bb9db0681ee9c0c3?s=96&d=mm&r=g\",\"contentUrl\":\"https:\\\/\\\/secure.gravatar.com\\\/avatar\\\/442251953f111b43a4668103c7b7c09aa35690e525473fb0bb9db0681ee9c0c3?s=96&d=mm&r=g\",\"caption\":\"Medianeeds\"},\"url\":\"https:\\\/\\\/medianeeds.es\\\/es\\\/author\\\/medianeeds\\\/\"}]}<\/script>\n<!-- \/ Yoast SEO plugin. -->","yoast_head_json":{"title":"El final de los hashtags? - Marketing Reus | Media Needs Reus","description":"Siguen siendo necesarios los\u00a0hashtags? En redes como Twitter siguen teniendo una utilidad porque ayudan a agrupar temas y a confeccionar utilidades como los\u00a0trending topics. Tambi\u00e9n siguen funcionando a Instagram pero, en cambio, a Facebook no han terminado de cuajar a pesar de que la misma marca los potenci\u00f3.","robots":{"index":"index","follow":"follow","max-snippet":"max-snippet:-1","max-image-preview":"max-image-preview:large","max-video-preview":"max-video-preview:-1"},"canonical":"https:\/\/medianeeds.es\/es\/final-dels-hashtags\/","og_locale":"es_ES","og_type":"article","og_title":"El final de los hashtags? - Marketing Reus | Media Needs Reus","og_description":"Siguen siendo necesarios los\u00a0hashtags? En redes como Twitter siguen teniendo una utilidad porque ayudan a agrupar temas y a confeccionar utilidades como los\u00a0trending topics. Tambi\u00e9n siguen funcionando a Instagram pero, en cambio, a Facebook no han terminado de cuajar a pesar de que la misma marca los potenci\u00f3.","og_url":"https:\/\/medianeeds.es\/es\/final-dels-hashtags\/","og_site_name":"M\u00e0rketing Reus | Media Needs Reus | Ag\u00e8ncia de publicitat Reus","article_publisher":"https:\/\/www.facebook.com\/medianeeds.es\/","article_published_time":"2018-08-07T11:39:46+00:00","article_modified_time":"2018-08-31T08:49:14+00:00","og_image":[{"width":1690,"height":1065,"url":"https:\/\/medianeeds.es\/wp-content\/uploads\/2018\/08\/FINAL-HASHTAGS.jpg","type":"image\/jpeg"}],"author":"Medianeeds","twitter_misc":{"Escrito por":"Medianeeds","Tiempo de lectura":"2 minutos"},"schema":{"@context":"https:\/\/schema.org","@graph":[{"@type":"Article","@id":"https:\/\/medianeeds.es\/es\/final-dels-hashtags\/#article","isPartOf":{"@id":"https:\/\/medianeeds.es\/es\/final-dels-hashtags\/"},"author":{"name":"Medianeeds","@id":"https:\/\/medianeeds.es\/#\/schema\/person\/6a6f2f17f283df3eeb0946feebd2af79"},"headline":"El final de los hashtags?","datePublished":"2018-08-07T11:39:46+00:00","dateModified":"2018-08-31T08:49:14+00:00","mainEntityOfPage":{"@id":"https:\/\/medianeeds.es\/es\/final-dels-hashtags\/"},"wordCount":362,"publisher":{"@id":"https:\/\/medianeeds.es\/#organization"},"image":{"@id":"https:\/\/medianeeds.es\/es\/final-dels-hashtags\/#primaryimage"},"thumbnailUrl":"https:\/\/medianeeds.es\/wp-content\/uploads\/2018\/08\/FINAL-HASHTAGS.jpg","keywords":["facebook","hashtags"],"articleSection":["Noticias","Redes Sociales"],"inLanguage":"es"},{"@type":"WebPage","@id":"https:\/\/medianeeds.es\/es\/final-dels-hashtags\/","url":"https:\/\/medianeeds.es\/es\/final-dels-hashtags\/","name":"El final de los hashtags? - Marketing Reus | Media Needs Reus","isPartOf":{"@id":"https:\/\/medianeeds.es\/#website"},"primaryImageOfPage":{"@id":"https:\/\/medianeeds.es\/es\/final-dels-hashtags\/#primaryimage"},"image":{"@id":"https:\/\/medianeeds.es\/es\/final-dels-hashtags\/#primaryimage"},"thumbnailUrl":"https:\/\/medianeeds.es\/wp-content\/uploads\/2018\/08\/FINAL-HASHTAGS.jpg","datePublished":"2018-08-07T11:39:46+00:00","dateModified":"2018-08-31T08:49:14+00:00","description":"Siguen siendo necesarios los\u00a0hashtags? En redes como Twitter siguen teniendo una utilidad porque ayudan a agrupar temas y a confeccionar utilidades como los\u00a0trending topics. Tambi\u00e9n siguen funcionando a Instagram pero, en cambio, a Facebook no han terminado de cuajar a pesar de que la misma marca los potenci\u00f3.","breadcrumb":{"@id":"https:\/\/medianeeds.es\/es\/final-dels-hashtags\/#breadcrumb"},"inLanguage":"es","potentialAction":[{"@type":"ReadAction","target":["https:\/\/medianeeds.es\/es\/final-dels-hashtags\/"]}]},{"@type":"ImageObject","inLanguage":"es","@id":"https:\/\/medianeeds.es\/es\/final-dels-hashtags\/#primaryimage","url":"https:\/\/medianeeds.es\/wp-content\/uploads\/2018\/08\/FINAL-HASHTAGS.jpg","contentUrl":"https:\/\/medianeeds.es\/wp-content\/uploads\/2018\/08\/FINAL-HASHTAGS.jpg","width":1690,"height":1065},{"@type":"BreadcrumbList","@id":"https:\/\/medianeeds.es\/es\/final-dels-hashtags\/#breadcrumb","itemListElement":[{"@type":"ListItem","position":1,"name":"Portada","item":"https:\/\/medianeeds.es\/"},{"@type":"ListItem","position":2,"name":"El final de los hashtags?"}]},{"@type":"WebSite","@id":"https:\/\/medianeeds.es\/#website","url":"https:\/\/medianeeds.es\/","name":"M\u00e0rketing Reus | Media Needs Reus | Ag\u00e8ncia de publicitat Reus","description":"MediaNeeds \u00e9s una empresa especialitzada en serveis integrals de publicitat, m\u00e0rqueting on-line i community manager a Reus, Tarragona","publisher":{"@id":"https:\/\/medianeeds.es\/#organization"},"alternateName":"Media Needs","potentialAction":[{"@type":"SearchAction","target":{"@type":"EntryPoint","urlTemplate":"https:\/\/medianeeds.es\/?s={search_term_string}"},"query-input":{"@type":"PropertyValueSpecification","valueRequired":true,"valueName":"search_term_string"}}],"inLanguage":"es"},{"@type":"Organization","@id":"https:\/\/medianeeds.es\/#organization","name":"M\u00e0rketing Reus | Media Needs Reus | Ag\u00e8ncia de publicitat Reus","alternateName":"Media Needs","url":"https:\/\/medianeeds.es\/","logo":{"@type":"ImageObject","inLanguage":"es","@id":"https:\/\/medianeeds.es\/#\/schema\/logo\/image\/","url":"https:\/\/medianeeds.es\/wp-content\/uploads\/2024\/06\/COLOR_Mesa-de-trabajo-1-copia.png","contentUrl":"https:\/\/medianeeds.es\/wp-content\/uploads\/2024\/06\/COLOR_Mesa-de-trabajo-1-copia.png","width":470,"height":226,"caption":"M\u00e0rketing Reus | Media Needs Reus | Ag\u00e8ncia de publicitat Reus"},"image":{"@id":"https:\/\/medianeeds.es\/#\/schema\/logo\/image\/"},"sameAs":["https:\/\/www.facebook.com\/medianeeds.es\/","https:\/\/x.com\/media_needs","https:\/\/www.instagram.com\/medianeeds\/?hl=es"]},{"@type":"Person","@id":"https:\/\/medianeeds.es\/#\/schema\/person\/6a6f2f17f283df3eeb0946feebd2af79","name":"Medianeeds","image":{"@type":"ImageObject","inLanguage":"es","@id":"https:\/\/secure.gravatar.com\/avatar\/442251953f111b43a4668103c7b7c09aa35690e525473fb0bb9db0681ee9c0c3?s=96&d=mm&r=g","url":"https:\/\/secure.gravatar.com\/avatar\/442251953f111b43a4668103c7b7c09aa35690e525473fb0bb9db0681ee9c0c3?s=96&d=mm&r=g","contentUrl":"https:\/\/secure.gravatar.com\/avatar\/442251953f111b43a4668103c7b7c09aa35690e525473fb0bb9db0681ee9c0c3?s=96&d=mm&r=g","caption":"Medianeeds"},"url":"https:\/\/medianeeds.es\/es\/author\/medianeeds\/"}]}},"_links":{"self":[{"href":"https:\/\/medianeeds.es\/es\/wp-json\/wp\/v2\/posts\/2595","targetHints":{"allow":["GET"]}}],"collection":[{"href":"https:\/\/medianeeds.es\/es\/wp-json\/wp\/v2\/posts"}],"about":[{"href":"https:\/\/medianeeds.es\/es\/wp-json\/wp\/v2\/types\/post"}],"author":[{"embeddable":true,"href":"https:\/\/medianeeds.es\/es\/wp-json\/wp\/v2\/users\/1"}],"replies":[{"embeddable":true,"href":"https:\/\/medianeeds.es\/es\/wp-json\/wp\/v2\/comments?post=2595"}],"version-history":[{"count":1,"href":"https:\/\/medianeeds.es\/es\/wp-json\/wp\/v2\/posts\/2595\/revisions"}],"predecessor-version":[{"id":10381,"href":"https:\/\/medianeeds.es\/es\/wp-json\/wp\/v2\/posts\/2595\/revisions\/10381"}],"wp:featuredmedia":[{"embeddable":true,"href":"https:\/\/medianeeds.es\/es\/wp-json\/wp\/v2\/media\/10501"}],"wp:attachment":[{"href":"https:\/\/medianeeds.es\/es\/wp-json\/wp\/v2\/media?parent=2595"}],"wp:term":[{"taxonomy":"category","embeddable":true,"href":"https:\/\/medianeeds.es\/es\/wp-json\/wp\/v2\/categories?post=2595"},{"taxonomy":"post_tag","embeddable":true,"href":"https:\/\/medianeeds.es\/es\/wp-json\/wp\/v2\/tags?post=2595"}],"curies":[{"name":"wp","href":"https:\/\/api.w.org\/{rel}","templated":true}]}}