{"id":2588,"date":"2018-01-15T15:14:56","date_gmt":"2018-01-15T15:14:56","guid":{"rendered":"https:\/\/medianeeds.es\/?p=2588"},"modified":"2018-08-31T09:04:08","modified_gmt":"2018-08-31T09:04:08","slug":"la-revolucio-les-instagram-stories","status":"publish","type":"post","link":"https:\/\/medianeeds.es\/es\/la-revolucio-les-instagram-stories\/","title":{"rendered":"La revoluci\u00f3n de las Instagram Stories"},"content":{"rendered":"<p>Instagram, sin duda, es la red del momento y aprovecha para a\u00f1adir nuevas funciones que nos sorprenden d\u00eda a d\u00eda. Y precisamente la nueva actualizaci\u00f3n rompe los esquemas del concepto de las\u00a0<em>stories<\/em> tal y como las conoc\u00edamos hasta d\u00eda de hoy.<\/p>\n<p>En un inicio, las \u201cInstagram Stories\u201d se crearon exclusivamente para desaparecer pasadas las 24 horas, pero desde su \u00faltima actualizaci\u00f3n ya no ser\u00e1 as\u00ed si lo deseas. A partir de ahora, todas tus historias se guardaran de forma autom\u00e1tica a tu perfil, donde s\u00f3lo t\u00fa podr\u00e1s acceder a ellas de forma privada, y las podr\u00e1s recuperar de distintas formas.<\/p>\n<p>Por un lado, las podr\u00e1s tener como recuerdos, donde s\u00f3lo t\u00fa las podr\u00e1s ver. Pero por otro lado, si las quieres volver a publicar, lo podr\u00e1s hacer de forma permanente en una secci\u00f3n de <em>stories<\/em> destacadas que aparecen directamente en la parte superior del perfil. Por lo tanto, la realidad de tener estas historias colgadas en la red por un m\u00e1ximo de 24 horas va un paso m\u00e1s all\u00e1, ya que las podr\u00e1s tener en tu perfil para siempre.<\/p>\n<p>Y no s\u00f3lo esto, sino que las podr\u00e1s guardar en distintas secciones o carpetas, seg\u00fan el tema que t\u00fa mismo escojas. Por lo tanto, esta herramienta ser\u00e1 (y est\u00e1 siendo) una verdadera revoluci\u00f3n ya no solamente para los usuarios sino para empresas, bloggers, <em>celebrities<\/em> y <em>influencers<\/em>.<\/p>\n<p>Eso s\u00ed, Instagram sabe que no a todos los usuarios les gustar\u00e1 este cambio, y es por este motivo que tambi\u00e9n hay la opci\u00f3n de desactivar la funci\u00f3n de guardar las historias de forma autom\u00e1tica.<\/p>\n","protected":false},"excerpt":{"rendered":"<p>Instagram, sin duda, es la red del momento y aprovecha para a\u00f1adir nuevas funciones que nos sorprenden d\u00eda a d\u00eda. Y precisamente la nueva actualizaci\u00f3n rompe los esquemas del concepto de las\u00a0stories tal y como las conoc\u00edamos hasta d\u00eda de hoy. En un inicio, las \u201cInstagram Stories\u201d se crearon exclusivamente para desaparecer pasadas las 24 [&hellip;]<\/p>\n","protected":false},"author":1,"featured_media":10520,"comment_status":"closed","ping_status":"closed","sticky":false,"template":"","format":"standard","meta":{"_et_pb_use_builder":"","_et_pb_old_content":"","_et_gb_content_width":"","footnotes":""},"categories":[252],"tags":[244,62,110],"class_list":["post-2588","post","type-post","status-publish","format-standard","has-post-thumbnail","hentry","category-noticias","tag-instagram-es-2","tag-redes-sociales","tag-stories"],"yoast_head":"<!-- This site is optimized with the Yoast SEO plugin v27.4 - https:\/\/yoast.com\/product\/yoast-seo-wordpress\/ -->\n<title>La revoluci\u00f3n de las Instagram Stories | Media Needs Reus<\/title>\n<meta name=\"description\" content=\"Instagram, sin duda, es la red del momento y aprovecha para a\u00f1adir nuevas funciones que nos sorprenden d\u00eda a d\u00eda. La nueva actualizaci\u00f3n rompe los esquemas.\" \/>\n<meta name=\"robots\" content=\"index, follow, max-snippet:-1, max-image-preview:large, max-video-preview:-1\" \/>\n<link rel=\"canonical\" href=\"https:\/\/medianeeds.es\/es\/la-revolucio-les-instagram-stories\/\" \/>\n<meta property=\"og:locale\" content=\"es_ES\" \/>\n<meta property=\"og:type\" content=\"article\" \/>\n<meta property=\"og:title\" content=\"La revoluci\u00f3n de las Instagram Stories | Media Needs Reus\" \/>\n<meta property=\"og:description\" content=\"Instagram, sin duda, es la red del momento y aprovecha para a\u00f1adir nuevas funciones que nos sorprenden d\u00eda a d\u00eda. La nueva actualizaci\u00f3n rompe los esquemas.\" \/>\n<meta property=\"og:url\" content=\"https:\/\/medianeeds.es\/es\/la-revolucio-les-instagram-stories\/\" \/>\n<meta property=\"og:site_name\" content=\"M\u00e0rketing Reus | Media Needs Reus | Ag\u00e8ncia de publicitat Reus\" \/>\n<meta property=\"article:publisher\" content=\"https:\/\/www.facebook.com\/medianeeds.es\/\" \/>\n<meta property=\"article:published_time\" content=\"2018-01-15T15:14:56+00:00\" \/>\n<meta property=\"article:modified_time\" content=\"2018-08-31T09:04:08+00:00\" \/>\n<meta property=\"og:image\" content=\"https:\/\/medianeeds.es\/wp-content\/uploads\/2018\/01\/INSTAGRAM-STORIES.jpg\" \/>\n\t<meta property=\"og:image:width\" content=\"1690\" \/>\n\t<meta property=\"og:image:height\" content=\"1065\" \/>\n\t<meta property=\"og:image:type\" content=\"image\/jpeg\" \/>\n<meta name=\"author\" content=\"Medianeeds\" \/>\n<meta name=\"twitter:label1\" content=\"Escrito por\" \/>\n\t<meta name=\"twitter:data1\" content=\"Medianeeds\" \/>\n\t<meta name=\"twitter:label2\" content=\"Tiempo de lectura\" \/>\n\t<meta name=\"twitter:data2\" content=\"1 minuto\" \/>\n<script type=\"application\/ld+json\" class=\"yoast-schema-graph\">{\"@context\":\"https:\\\/\\\/schema.org\",\"@graph\":[{\"@type\":\"Article\",\"@id\":\"https:\\\/\\\/medianeeds.es\\\/es\\\/la-revolucio-les-instagram-stories\\\/#article\",\"isPartOf\":{\"@id\":\"https:\\\/\\\/medianeeds.es\\\/es\\\/la-revolucio-les-instagram-stories\\\/\"},\"author\":{\"name\":\"Medianeeds\",\"@id\":\"https:\\\/\\\/medianeeds.es\\\/#\\\/schema\\\/person\\\/6a6f2f17f283df3eeb0946feebd2af79\"},\"headline\":\"La revoluci\u00f3n de las Instagram Stories\",\"datePublished\":\"2018-01-15T15:14:56+00:00\",\"dateModified\":\"2018-08-31T09:04:08+00:00\",\"mainEntityOfPage\":{\"@id\":\"https:\\\/\\\/medianeeds.es\\\/es\\\/la-revolucio-les-instagram-stories\\\/\"},\"wordCount\":293,\"publisher\":{\"@id\":\"https:\\\/\\\/medianeeds.es\\\/#organization\"},\"image\":{\"@id\":\"https:\\\/\\\/medianeeds.es\\\/es\\\/la-revolucio-les-instagram-stories\\\/#primaryimage\"},\"thumbnailUrl\":\"https:\\\/\\\/medianeeds.es\\\/wp-content\\\/uploads\\\/2018\\\/01\\\/INSTAGRAM-STORIES.jpg\",\"keywords\":[\"instagram\",\"redes sociales\",\"stories\"],\"articleSection\":[\"Noticias\"],\"inLanguage\":\"es\"},{\"@type\":\"WebPage\",\"@id\":\"https:\\\/\\\/medianeeds.es\\\/es\\\/la-revolucio-les-instagram-stories\\\/\",\"url\":\"https:\\\/\\\/medianeeds.es\\\/es\\\/la-revolucio-les-instagram-stories\\\/\",\"name\":\"La revoluci\u00f3n de las Instagram Stories | Media Needs Reus\",\"isPartOf\":{\"@id\":\"https:\\\/\\\/medianeeds.es\\\/#website\"},\"primaryImageOfPage\":{\"@id\":\"https:\\\/\\\/medianeeds.es\\\/es\\\/la-revolucio-les-instagram-stories\\\/#primaryimage\"},\"image\":{\"@id\":\"https:\\\/\\\/medianeeds.es\\\/es\\\/la-revolucio-les-instagram-stories\\\/#primaryimage\"},\"thumbnailUrl\":\"https:\\\/\\\/medianeeds.es\\\/wp-content\\\/uploads\\\/2018\\\/01\\\/INSTAGRAM-STORIES.jpg\",\"datePublished\":\"2018-01-15T15:14:56+00:00\",\"dateModified\":\"2018-08-31T09:04:08+00:00\",\"description\":\"Instagram, sin duda, es la red del momento y aprovecha para a\u00f1adir nuevas funciones que nos sorprenden d\u00eda a d\u00eda. La nueva actualizaci\u00f3n rompe los esquemas.\",\"breadcrumb\":{\"@id\":\"https:\\\/\\\/medianeeds.es\\\/es\\\/la-revolucio-les-instagram-stories\\\/#breadcrumb\"},\"inLanguage\":\"es\",\"potentialAction\":[{\"@type\":\"ReadAction\",\"target\":[\"https:\\\/\\\/medianeeds.es\\\/es\\\/la-revolucio-les-instagram-stories\\\/\"]}]},{\"@type\":\"ImageObject\",\"inLanguage\":\"es\",\"@id\":\"https:\\\/\\\/medianeeds.es\\\/es\\\/la-revolucio-les-instagram-stories\\\/#primaryimage\",\"url\":\"https:\\\/\\\/medianeeds.es\\\/wp-content\\\/uploads\\\/2018\\\/01\\\/INSTAGRAM-STORIES.jpg\",\"contentUrl\":\"https:\\\/\\\/medianeeds.es\\\/wp-content\\\/uploads\\\/2018\\\/01\\\/INSTAGRAM-STORIES.jpg\",\"width\":1690,\"height\":1065},{\"@type\":\"BreadcrumbList\",\"@id\":\"https:\\\/\\\/medianeeds.es\\\/es\\\/la-revolucio-les-instagram-stories\\\/#breadcrumb\",\"itemListElement\":[{\"@type\":\"ListItem\",\"position\":1,\"name\":\"Portada\",\"item\":\"https:\\\/\\\/medianeeds.es\\\/\"},{\"@type\":\"ListItem\",\"position\":2,\"name\":\"La revoluci\u00f3n de las Instagram Stories\"}]},{\"@type\":\"WebSite\",\"@id\":\"https:\\\/\\\/medianeeds.es\\\/#website\",\"url\":\"https:\\\/\\\/medianeeds.es\\\/\",\"name\":\"M\u00e0rketing Reus | Media Needs Reus | Ag\u00e8ncia de publicitat Reus\",\"description\":\"MediaNeeds \u00e9s una empresa especialitzada en serveis integrals de publicitat, m\u00e0rqueting on-line i community manager a Reus, Tarragona\",\"publisher\":{\"@id\":\"https:\\\/\\\/medianeeds.es\\\/#organization\"},\"alternateName\":\"Media Needs\",\"potentialAction\":[{\"@type\":\"SearchAction\",\"target\":{\"@type\":\"EntryPoint\",\"urlTemplate\":\"https:\\\/\\\/medianeeds.es\\\/?s={search_term_string}\"},\"query-input\":{\"@type\":\"PropertyValueSpecification\",\"valueRequired\":true,\"valueName\":\"search_term_string\"}}],\"inLanguage\":\"es\"},{\"@type\":\"Organization\",\"@id\":\"https:\\\/\\\/medianeeds.es\\\/#organization\",\"name\":\"M\u00e0rketing Reus | Media Needs Reus | Ag\u00e8ncia de publicitat Reus\",\"alternateName\":\"Media Needs\",\"url\":\"https:\\\/\\\/medianeeds.es\\\/\",\"logo\":{\"@type\":\"ImageObject\",\"inLanguage\":\"es\",\"@id\":\"https:\\\/\\\/medianeeds.es\\\/#\\\/schema\\\/logo\\\/image\\\/\",\"url\":\"https:\\\/\\\/medianeeds.es\\\/wp-content\\\/uploads\\\/2024\\\/06\\\/COLOR_Mesa-de-trabajo-1-copia.png\",\"contentUrl\":\"https:\\\/\\\/medianeeds.es\\\/wp-content\\\/uploads\\\/2024\\\/06\\\/COLOR_Mesa-de-trabajo-1-copia.png\",\"width\":470,\"height\":226,\"caption\":\"M\u00e0rketing Reus | Media Needs Reus | Ag\u00e8ncia de publicitat Reus\"},\"image\":{\"@id\":\"https:\\\/\\\/medianeeds.es\\\/#\\\/schema\\\/logo\\\/image\\\/\"},\"sameAs\":[\"https:\\\/\\\/www.facebook.com\\\/medianeeds.es\\\/\",\"https:\\\/\\\/x.com\\\/media_needs\",\"https:\\\/\\\/www.instagram.com\\\/medianeeds\\\/?hl=es\"]},{\"@type\":\"Person\",\"@id\":\"https:\\\/\\\/medianeeds.es\\\/#\\\/schema\\\/person\\\/6a6f2f17f283df3eeb0946feebd2af79\",\"name\":\"Medianeeds\",\"image\":{\"@type\":\"ImageObject\",\"inLanguage\":\"es\",\"@id\":\"https:\\\/\\\/secure.gravatar.com\\\/avatar\\\/442251953f111b43a4668103c7b7c09aa35690e525473fb0bb9db0681ee9c0c3?s=96&d=mm&r=g\",\"url\":\"https:\\\/\\\/secure.gravatar.com\\\/avatar\\\/442251953f111b43a4668103c7b7c09aa35690e525473fb0bb9db0681ee9c0c3?s=96&d=mm&r=g\",\"contentUrl\":\"https:\\\/\\\/secure.gravatar.com\\\/avatar\\\/442251953f111b43a4668103c7b7c09aa35690e525473fb0bb9db0681ee9c0c3?s=96&d=mm&r=g\",\"caption\":\"Medianeeds\"},\"url\":\"https:\\\/\\\/medianeeds.es\\\/es\\\/author\\\/medianeeds\\\/\"}]}<\/script>\n<!-- \/ Yoast SEO plugin. -->","yoast_head_json":{"title":"La revoluci\u00f3n de las Instagram Stories | Media Needs Reus","description":"Instagram, sin duda, es la red del momento y aprovecha para a\u00f1adir nuevas funciones que nos sorprenden d\u00eda a d\u00eda. La nueva actualizaci\u00f3n rompe los esquemas.","robots":{"index":"index","follow":"follow","max-snippet":"max-snippet:-1","max-image-preview":"max-image-preview:large","max-video-preview":"max-video-preview:-1"},"canonical":"https:\/\/medianeeds.es\/es\/la-revolucio-les-instagram-stories\/","og_locale":"es_ES","og_type":"article","og_title":"La revoluci\u00f3n de las Instagram Stories | Media Needs Reus","og_description":"Instagram, sin duda, es la red del momento y aprovecha para a\u00f1adir nuevas funciones que nos sorprenden d\u00eda a d\u00eda. La nueva actualizaci\u00f3n rompe los esquemas.","og_url":"https:\/\/medianeeds.es\/es\/la-revolucio-les-instagram-stories\/","og_site_name":"M\u00e0rketing Reus | Media Needs Reus | Ag\u00e8ncia de publicitat Reus","article_publisher":"https:\/\/www.facebook.com\/medianeeds.es\/","article_published_time":"2018-01-15T15:14:56+00:00","article_modified_time":"2018-08-31T09:04:08+00:00","og_image":[{"width":1690,"height":1065,"url":"https:\/\/medianeeds.es\/wp-content\/uploads\/2018\/01\/INSTAGRAM-STORIES.jpg","type":"image\/jpeg"}],"author":"Medianeeds","twitter_misc":{"Escrito por":"Medianeeds","Tiempo de lectura":"1 minuto"},"schema":{"@context":"https:\/\/schema.org","@graph":[{"@type":"Article","@id":"https:\/\/medianeeds.es\/es\/la-revolucio-les-instagram-stories\/#article","isPartOf":{"@id":"https:\/\/medianeeds.es\/es\/la-revolucio-les-instagram-stories\/"},"author":{"name":"Medianeeds","@id":"https:\/\/medianeeds.es\/#\/schema\/person\/6a6f2f17f283df3eeb0946feebd2af79"},"headline":"La revoluci\u00f3n de las Instagram Stories","datePublished":"2018-01-15T15:14:56+00:00","dateModified":"2018-08-31T09:04:08+00:00","mainEntityOfPage":{"@id":"https:\/\/medianeeds.es\/es\/la-revolucio-les-instagram-stories\/"},"wordCount":293,"publisher":{"@id":"https:\/\/medianeeds.es\/#organization"},"image":{"@id":"https:\/\/medianeeds.es\/es\/la-revolucio-les-instagram-stories\/#primaryimage"},"thumbnailUrl":"https:\/\/medianeeds.es\/wp-content\/uploads\/2018\/01\/INSTAGRAM-STORIES.jpg","keywords":["instagram","redes sociales","stories"],"articleSection":["Noticias"],"inLanguage":"es"},{"@type":"WebPage","@id":"https:\/\/medianeeds.es\/es\/la-revolucio-les-instagram-stories\/","url":"https:\/\/medianeeds.es\/es\/la-revolucio-les-instagram-stories\/","name":"La revoluci\u00f3n de las Instagram Stories | Media Needs Reus","isPartOf":{"@id":"https:\/\/medianeeds.es\/#website"},"primaryImageOfPage":{"@id":"https:\/\/medianeeds.es\/es\/la-revolucio-les-instagram-stories\/#primaryimage"},"image":{"@id":"https:\/\/medianeeds.es\/es\/la-revolucio-les-instagram-stories\/#primaryimage"},"thumbnailUrl":"https:\/\/medianeeds.es\/wp-content\/uploads\/2018\/01\/INSTAGRAM-STORIES.jpg","datePublished":"2018-01-15T15:14:56+00:00","dateModified":"2018-08-31T09:04:08+00:00","description":"Instagram, sin duda, es la red del momento y aprovecha para a\u00f1adir nuevas funciones que nos sorprenden d\u00eda a d\u00eda. La nueva actualizaci\u00f3n rompe los esquemas.","breadcrumb":{"@id":"https:\/\/medianeeds.es\/es\/la-revolucio-les-instagram-stories\/#breadcrumb"},"inLanguage":"es","potentialAction":[{"@type":"ReadAction","target":["https:\/\/medianeeds.es\/es\/la-revolucio-les-instagram-stories\/"]}]},{"@type":"ImageObject","inLanguage":"es","@id":"https:\/\/medianeeds.es\/es\/la-revolucio-les-instagram-stories\/#primaryimage","url":"https:\/\/medianeeds.es\/wp-content\/uploads\/2018\/01\/INSTAGRAM-STORIES.jpg","contentUrl":"https:\/\/medianeeds.es\/wp-content\/uploads\/2018\/01\/INSTAGRAM-STORIES.jpg","width":1690,"height":1065},{"@type":"BreadcrumbList","@id":"https:\/\/medianeeds.es\/es\/la-revolucio-les-instagram-stories\/#breadcrumb","itemListElement":[{"@type":"ListItem","position":1,"name":"Portada","item":"https:\/\/medianeeds.es\/"},{"@type":"ListItem","position":2,"name":"La revoluci\u00f3n de las Instagram Stories"}]},{"@type":"WebSite","@id":"https:\/\/medianeeds.es\/#website","url":"https:\/\/medianeeds.es\/","name":"M\u00e0rketing Reus | Media Needs Reus | Ag\u00e8ncia de publicitat Reus","description":"MediaNeeds \u00e9s una empresa especialitzada en serveis integrals de publicitat, m\u00e0rqueting on-line i community manager a Reus, Tarragona","publisher":{"@id":"https:\/\/medianeeds.es\/#organization"},"alternateName":"Media Needs","potentialAction":[{"@type":"SearchAction","target":{"@type":"EntryPoint","urlTemplate":"https:\/\/medianeeds.es\/?s={search_term_string}"},"query-input":{"@type":"PropertyValueSpecification","valueRequired":true,"valueName":"search_term_string"}}],"inLanguage":"es"},{"@type":"Organization","@id":"https:\/\/medianeeds.es\/#organization","name":"M\u00e0rketing Reus | Media Needs Reus | Ag\u00e8ncia de publicitat Reus","alternateName":"Media Needs","url":"https:\/\/medianeeds.es\/","logo":{"@type":"ImageObject","inLanguage":"es","@id":"https:\/\/medianeeds.es\/#\/schema\/logo\/image\/","url":"https:\/\/medianeeds.es\/wp-content\/uploads\/2024\/06\/COLOR_Mesa-de-trabajo-1-copia.png","contentUrl":"https:\/\/medianeeds.es\/wp-content\/uploads\/2024\/06\/COLOR_Mesa-de-trabajo-1-copia.png","width":470,"height":226,"caption":"M\u00e0rketing Reus | Media Needs Reus | Ag\u00e8ncia de publicitat Reus"},"image":{"@id":"https:\/\/medianeeds.es\/#\/schema\/logo\/image\/"},"sameAs":["https:\/\/www.facebook.com\/medianeeds.es\/","https:\/\/x.com\/media_needs","https:\/\/www.instagram.com\/medianeeds\/?hl=es"]},{"@type":"Person","@id":"https:\/\/medianeeds.es\/#\/schema\/person\/6a6f2f17f283df3eeb0946feebd2af79","name":"Medianeeds","image":{"@type":"ImageObject","inLanguage":"es","@id":"https:\/\/secure.gravatar.com\/avatar\/442251953f111b43a4668103c7b7c09aa35690e525473fb0bb9db0681ee9c0c3?s=96&d=mm&r=g","url":"https:\/\/secure.gravatar.com\/avatar\/442251953f111b43a4668103c7b7c09aa35690e525473fb0bb9db0681ee9c0c3?s=96&d=mm&r=g","contentUrl":"https:\/\/secure.gravatar.com\/avatar\/442251953f111b43a4668103c7b7c09aa35690e525473fb0bb9db0681ee9c0c3?s=96&d=mm&r=g","caption":"Medianeeds"},"url":"https:\/\/medianeeds.es\/es\/author\/medianeeds\/"}]}},"_links":{"self":[{"href":"https:\/\/medianeeds.es\/es\/wp-json\/wp\/v2\/posts\/2588","targetHints":{"allow":["GET"]}}],"collection":[{"href":"https:\/\/medianeeds.es\/es\/wp-json\/wp\/v2\/posts"}],"about":[{"href":"https:\/\/medianeeds.es\/es\/wp-json\/wp\/v2\/types\/post"}],"author":[{"embeddable":true,"href":"https:\/\/medianeeds.es\/es\/wp-json\/wp\/v2\/users\/1"}],"replies":[{"embeddable":true,"href":"https:\/\/medianeeds.es\/es\/wp-json\/wp\/v2\/comments?post=2588"}],"version-history":[{"count":1,"href":"https:\/\/medianeeds.es\/es\/wp-json\/wp\/v2\/posts\/2588\/revisions"}],"predecessor-version":[{"id":10384,"href":"https:\/\/medianeeds.es\/es\/wp-json\/wp\/v2\/posts\/2588\/revisions\/10384"}],"wp:featuredmedia":[{"embeddable":true,"href":"https:\/\/medianeeds.es\/es\/wp-json\/wp\/v2\/media\/10520"}],"wp:attachment":[{"href":"https:\/\/medianeeds.es\/es\/wp-json\/wp\/v2\/media?parent=2588"}],"wp:term":[{"taxonomy":"category","embeddable":true,"href":"https:\/\/medianeeds.es\/es\/wp-json\/wp\/v2\/categories?post=2588"},{"taxonomy":"post_tag","embeddable":true,"href":"https:\/\/medianeeds.es\/es\/wp-json\/wp\/v2\/tags?post=2588"}],"curies":[{"name":"wp","href":"https:\/\/api.w.org\/{rel}","templated":true}]}}