{"id":2366,"date":"2017-02-14T11:52:17","date_gmt":"2017-02-14T11:52:17","guid":{"rendered":"https:\/\/medianeeds.es\/?p=2366\/"},"modified":"2018-08-31T09:10:47","modified_gmt":"2018-08-31T09:10:47","slug":"san-valentin-llega-las-campanas-publicitarias","status":"publish","type":"post","link":"https:\/\/medianeeds.es\/es\/san-valentin-llega-las-campanas-publicitarias\/","title":{"rendered":"San Valent\u00edn llega a las campa\u00f1as publicitarias"},"content":{"rendered":"<p>El 14 de febrero es un d\u00eda universal donde el amor, la amistad y el romanticismo se ponen a flor de piel y los hacen resurgir en estas fechas tan se\u00f1aladas. El marketing digital y las campa\u00f1as de publicidad han detectado una buena salida para dejar volar su imaginaci\u00f3n y hacer llegar a los consumidores las mejores propuestas para disfrutar del d\u00eda de los enamorados. Como todas las marcas, el mercado quiere acaparar el mayor n\u00famero de clientes y debemos tener en cuenta un conjunto de estrategias b\u00e1sicas que siguen las empresas para preparar las campa\u00f1as publicitarias.<\/p>\n<p><strong>MENSAJE AMOROSO Y INNOVADOR<\/strong><\/p>\n<p>Los corazones y las copas ya est\u00e1n pasadas de moda en el mundo del marketing digital. No aportan sorpresa ni captan la atenci\u00f3n de quien recibe el mensaje. Uno de los ejemplos m\u00e1s innovadores es el de la empresa Tulip\u00e1n. La famosa marca de mantequilla ha optado por mostrar la mezcla de ingredientes a trav\u00e9s de una historia de amor. El chico, representado por la mantequilla, y la chica desempe\u00f1a el papel de Tulip\u00e1n.<\/p>\n<p><iframe loading=\"lazy\" src=\"https:\/\/www.youtube.com\/embed\/FEkn_0VsZ-E\" width=\"560\" height=\"315\" frameborder=\"0\" allowfullscreen=\"allowfullscreen\" data-mce-fragment=\"1\"><\/iframe><\/p>\n<p><strong>HACER PART\u00cdCIPE\u00a0AL CLIENTE<\/strong><\/p>\n<p>Un gran n\u00famero de empresas aprovecha estas fechas para sortear premios, invitar a amigos o descuentos especiales. Este es el caso de la Loter\u00eda Nacional. Con motivo del d\u00eda de San Valent\u00edn, promueven un sorteo especial en su spot publicitario.<\/p>\n<p><iframe loading=\"lazy\" src=\"https:\/\/www.youtube.com\/embed\/ivP-52vWR2s\" width=\"560\" height=\"315\" frameborder=\"0\" allowfullscreen=\"allowfullscreen\" data-mce-fragment=\"1\"><\/iframe><\/p>\n<p><strong>TODO EL MUNDO CELEBRA SAN VALENT\u00cdN<\/strong><\/p>\n<p>Rompamos los estereotipos. El d\u00eda de San Valent\u00edn tambi\u00e9n debemos enfocarlo a todas las parejas y ofrecerles alternativas irresistibles para celebrar una noche m\u00e1gica. Con el eslogan \u00abQue el 2&#215;1 no te pille sin pareja\u00bb, el grupo VIPS quiere normalizar las diferentes realidades que encontramos en la sociedad. En este caso, ha elegido una pareja homosexual para protagonizar su campa\u00f1a.<\/p>\n<p><img decoding=\"async\" class=\"alignleft\" src=\"https:\/\/www.marketingdirecto.com\/wp-content\/uploads\/2016\/02\/vips.jpg\" alt=\"vips\" \/><\/p>\n<p>&nbsp;<\/p>\n<p>&nbsp;<\/p>\n<p>&nbsp;<\/p>\n<p>&nbsp;<\/p>\n<p>&nbsp;<\/p>\n<p>&nbsp;<\/p>\n<p>&nbsp;<\/p>\n<p><strong>CREATIVIDAD Y HUMOR<\/strong><\/p>\n<p>San Valent\u00edn es la oportunidad perfecta para fidelizar con la audiencia y crear v\u00ednculos entre marca y consumidor. La campa\u00f1a que ha lanzado Tesco propone un nuevo modelo de citas a ciegas que surgen de las estanter\u00edas y los alimentos con resultados bastante curiosos. En el espot publicitario, muestran diferentes experiencias reales de personas que se encuentran en sus supermercados.<\/p>\n<p><iframe loading=\"lazy\" src=\"https:\/\/www.youtube.com\/embed\/-TV5e_9Pfe4\" width=\"560\" height=\"315\" frameborder=\"0\" allowfullscreen=\"allowfullscreen\" data-mce-fragment=\"1\"><\/iframe><\/p>\n<p><strong>EL PODER DEL RE ENGAGEMENT<\/strong><\/p>\n<p>Crear campa\u00f1as con precios o promociones diferentes es importante para atraer a la audiencia. Ikea se ha aprendido la frase al pie de la letra y ofrece un descuento en cunas para beb\u00e9s que nazcan nueve meses despu\u00e9s de San Valent\u00edn.<\/p>\n<p><img loading=\"lazy\" decoding=\"async\" class=\"alignleft\" src=\"https:\/\/www.marketingdirecto.com\/wp-content\/uploads\/2016\/02\/ikea1.jpg\" alt=\"ikea\" width=\"320\" height=\"240\" \/><\/p>\n","protected":false},"excerpt":{"rendered":"<p>El 14 de febrero es un d\u00eda universal donde el amor, la amistad y el romanticismo se ponen a flor de piel y los hacen resurgir en estas fechas tan se\u00f1aladas. El marketing digital y las campa\u00f1as de publicidad han detectado una buena salida para dejar volar su imaginaci\u00f3n y hacer llegar a los consumidores [&hellip;]<\/p>\n","protected":false},"author":1,"featured_media":10524,"comment_status":"closed","ping_status":"closed","sticky":false,"template":"","format":"standard","meta":{"_et_pb_use_builder":"","_et_pb_old_content":"","_et_gb_content_width":"","footnotes":""},"categories":[252],"tags":[194],"class_list":["post-2366","post","type-post","status-publish","format-standard","has-post-thumbnail","hentry","category-noticias","tag-san-valentin"],"yoast_head":"<!-- This site is optimized with the Yoast SEO plugin v27.4 - https:\/\/yoast.com\/product\/yoast-seo-wordpress\/ -->\n<title>San Valent\u00edn llega a las campa\u00f1as publicitarias - Media Needs Reus<\/title>\n<meta name=\"description\" content=\"El 14 de febrero es un d\u00eda universal donde el amor, la amistad y el romanticismo se ponen a flor de piel y los hacen resurgir en estas fechas tan se\u00f1aladas.\" \/>\n<meta name=\"robots\" content=\"index, follow, max-snippet:-1, max-image-preview:large, max-video-preview:-1\" \/>\n<link rel=\"canonical\" href=\"https:\/\/medianeeds.es\/es\/san-valentin-llega-las-campanas-publicitarias\/\" \/>\n<meta property=\"og:locale\" content=\"es_ES\" \/>\n<meta property=\"og:type\" content=\"article\" \/>\n<meta property=\"og:title\" content=\"San Valent\u00edn llega a las campa\u00f1as publicitarias - Media Needs Reus\" \/>\n<meta property=\"og:description\" content=\"El 14 de febrero es un d\u00eda universal donde el amor, la amistad y el romanticismo se ponen a flor de piel y los hacen resurgir en estas fechas tan se\u00f1aladas.\" \/>\n<meta property=\"og:url\" content=\"https:\/\/medianeeds.es\/es\/san-valentin-llega-las-campanas-publicitarias\/\" \/>\n<meta property=\"og:site_name\" content=\"M\u00e0rketing Reus | Media Needs Reus | Ag\u00e8ncia de publicitat Reus\" \/>\n<meta property=\"article:publisher\" content=\"https:\/\/www.facebook.com\/medianeeds.es\/\" \/>\n<meta property=\"article:published_time\" content=\"2017-02-14T11:52:17+00:00\" \/>\n<meta property=\"article:modified_time\" content=\"2018-08-31T09:10:47+00:00\" \/>\n<meta property=\"og:image\" content=\"https:\/\/medianeeds.es\/wp-content\/uploads\/2017\/02\/SANVALENTIN.jpg\" \/>\n\t<meta property=\"og:image:width\" content=\"420\" \/>\n\t<meta property=\"og:image:height\" content=\"280\" \/>\n\t<meta property=\"og:image:type\" content=\"image\/jpeg\" \/>\n<meta name=\"author\" content=\"Medianeeds\" \/>\n<meta name=\"twitter:label1\" content=\"Escrito por\" \/>\n\t<meta name=\"twitter:data1\" content=\"Medianeeds\" \/>\n\t<meta name=\"twitter:label2\" content=\"Tiempo de lectura\" \/>\n\t<meta name=\"twitter:data2\" content=\"2 minutos\" \/>\n<script type=\"application\/ld+json\" class=\"yoast-schema-graph\">{\"@context\":\"https:\\\/\\\/schema.org\",\"@graph\":[{\"@type\":\"Article\",\"@id\":\"https:\\\/\\\/medianeeds.es\\\/es\\\/san-valentin-llega-las-campanas-publicitarias\\\/#article\",\"isPartOf\":{\"@id\":\"https:\\\/\\\/medianeeds.es\\\/es\\\/san-valentin-llega-las-campanas-publicitarias\\\/\"},\"author\":{\"name\":\"Medianeeds\",\"@id\":\"https:\\\/\\\/medianeeds.es\\\/#\\\/schema\\\/person\\\/6a6f2f17f283df3eeb0946feebd2af79\"},\"headline\":\"San Valent\u00edn llega a las campa\u00f1as publicitarias\",\"datePublished\":\"2017-02-14T11:52:17+00:00\",\"dateModified\":\"2018-08-31T09:10:47+00:00\",\"mainEntityOfPage\":{\"@id\":\"https:\\\/\\\/medianeeds.es\\\/es\\\/san-valentin-llega-las-campanas-publicitarias\\\/\"},\"wordCount\":443,\"publisher\":{\"@id\":\"https:\\\/\\\/medianeeds.es\\\/#organization\"},\"image\":{\"@id\":\"https:\\\/\\\/medianeeds.es\\\/es\\\/san-valentin-llega-las-campanas-publicitarias\\\/#primaryimage\"},\"thumbnailUrl\":\"https:\\\/\\\/medianeeds.es\\\/wp-content\\\/uploads\\\/2017\\\/02\\\/SANVALENTIN.jpg\",\"keywords\":[\"San Valent\u00edn\"],\"articleSection\":[\"Noticias\"],\"inLanguage\":\"es\"},{\"@type\":\"WebPage\",\"@id\":\"https:\\\/\\\/medianeeds.es\\\/es\\\/san-valentin-llega-las-campanas-publicitarias\\\/\",\"url\":\"https:\\\/\\\/medianeeds.es\\\/es\\\/san-valentin-llega-las-campanas-publicitarias\\\/\",\"name\":\"San Valent\u00edn llega a las campa\u00f1as publicitarias - Media Needs Reus\",\"isPartOf\":{\"@id\":\"https:\\\/\\\/medianeeds.es\\\/#website\"},\"primaryImageOfPage\":{\"@id\":\"https:\\\/\\\/medianeeds.es\\\/es\\\/san-valentin-llega-las-campanas-publicitarias\\\/#primaryimage\"},\"image\":{\"@id\":\"https:\\\/\\\/medianeeds.es\\\/es\\\/san-valentin-llega-las-campanas-publicitarias\\\/#primaryimage\"},\"thumbnailUrl\":\"https:\\\/\\\/medianeeds.es\\\/wp-content\\\/uploads\\\/2017\\\/02\\\/SANVALENTIN.jpg\",\"datePublished\":\"2017-02-14T11:52:17+00:00\",\"dateModified\":\"2018-08-31T09:10:47+00:00\",\"description\":\"El 14 de febrero es un d\u00eda universal donde el amor, la amistad y el romanticismo se ponen a flor de piel y los hacen resurgir en estas fechas tan se\u00f1aladas.\",\"breadcrumb\":{\"@id\":\"https:\\\/\\\/medianeeds.es\\\/es\\\/san-valentin-llega-las-campanas-publicitarias\\\/#breadcrumb\"},\"inLanguage\":\"es\",\"potentialAction\":[{\"@type\":\"ReadAction\",\"target\":[\"https:\\\/\\\/medianeeds.es\\\/es\\\/san-valentin-llega-las-campanas-publicitarias\\\/\"]}]},{\"@type\":\"ImageObject\",\"inLanguage\":\"es\",\"@id\":\"https:\\\/\\\/medianeeds.es\\\/es\\\/san-valentin-llega-las-campanas-publicitarias\\\/#primaryimage\",\"url\":\"https:\\\/\\\/medianeeds.es\\\/wp-content\\\/uploads\\\/2017\\\/02\\\/SANVALENTIN.jpg\",\"contentUrl\":\"https:\\\/\\\/medianeeds.es\\\/wp-content\\\/uploads\\\/2017\\\/02\\\/SANVALENTIN.jpg\",\"width\":420,\"height\":280},{\"@type\":\"BreadcrumbList\",\"@id\":\"https:\\\/\\\/medianeeds.es\\\/es\\\/san-valentin-llega-las-campanas-publicitarias\\\/#breadcrumb\",\"itemListElement\":[{\"@type\":\"ListItem\",\"position\":1,\"name\":\"Portada\",\"item\":\"https:\\\/\\\/medianeeds.es\\\/\"},{\"@type\":\"ListItem\",\"position\":2,\"name\":\"San Valent\u00edn llega a las campa\u00f1as publicitarias\"}]},{\"@type\":\"WebSite\",\"@id\":\"https:\\\/\\\/medianeeds.es\\\/#website\",\"url\":\"https:\\\/\\\/medianeeds.es\\\/\",\"name\":\"M\u00e0rketing Reus | Media Needs Reus | Ag\u00e8ncia de publicitat Reus\",\"description\":\"MediaNeeds \u00e9s una empresa especialitzada en serveis integrals de publicitat, m\u00e0rqueting on-line i community manager a Reus, Tarragona\",\"publisher\":{\"@id\":\"https:\\\/\\\/medianeeds.es\\\/#organization\"},\"alternateName\":\"Media Needs\",\"potentialAction\":[{\"@type\":\"SearchAction\",\"target\":{\"@type\":\"EntryPoint\",\"urlTemplate\":\"https:\\\/\\\/medianeeds.es\\\/?s={search_term_string}\"},\"query-input\":{\"@type\":\"PropertyValueSpecification\",\"valueRequired\":true,\"valueName\":\"search_term_string\"}}],\"inLanguage\":\"es\"},{\"@type\":\"Organization\",\"@id\":\"https:\\\/\\\/medianeeds.es\\\/#organization\",\"name\":\"M\u00e0rketing Reus | Media Needs Reus | Ag\u00e8ncia de publicitat Reus\",\"alternateName\":\"Media Needs\",\"url\":\"https:\\\/\\\/medianeeds.es\\\/\",\"logo\":{\"@type\":\"ImageObject\",\"inLanguage\":\"es\",\"@id\":\"https:\\\/\\\/medianeeds.es\\\/#\\\/schema\\\/logo\\\/image\\\/\",\"url\":\"https:\\\/\\\/medianeeds.es\\\/wp-content\\\/uploads\\\/2024\\\/06\\\/COLOR_Mesa-de-trabajo-1-copia.png\",\"contentUrl\":\"https:\\\/\\\/medianeeds.es\\\/wp-content\\\/uploads\\\/2024\\\/06\\\/COLOR_Mesa-de-trabajo-1-copia.png\",\"width\":470,\"height\":226,\"caption\":\"M\u00e0rketing Reus | Media Needs Reus | Ag\u00e8ncia de publicitat Reus\"},\"image\":{\"@id\":\"https:\\\/\\\/medianeeds.es\\\/#\\\/schema\\\/logo\\\/image\\\/\"},\"sameAs\":[\"https:\\\/\\\/www.facebook.com\\\/medianeeds.es\\\/\",\"https:\\\/\\\/x.com\\\/media_needs\",\"https:\\\/\\\/www.instagram.com\\\/medianeeds\\\/?hl=es\"]},{\"@type\":\"Person\",\"@id\":\"https:\\\/\\\/medianeeds.es\\\/#\\\/schema\\\/person\\\/6a6f2f17f283df3eeb0946feebd2af79\",\"name\":\"Medianeeds\",\"image\":{\"@type\":\"ImageObject\",\"inLanguage\":\"es\",\"@id\":\"https:\\\/\\\/secure.gravatar.com\\\/avatar\\\/442251953f111b43a4668103c7b7c09aa35690e525473fb0bb9db0681ee9c0c3?s=96&d=mm&r=g\",\"url\":\"https:\\\/\\\/secure.gravatar.com\\\/avatar\\\/442251953f111b43a4668103c7b7c09aa35690e525473fb0bb9db0681ee9c0c3?s=96&d=mm&r=g\",\"contentUrl\":\"https:\\\/\\\/secure.gravatar.com\\\/avatar\\\/442251953f111b43a4668103c7b7c09aa35690e525473fb0bb9db0681ee9c0c3?s=96&d=mm&r=g\",\"caption\":\"Medianeeds\"},\"url\":\"https:\\\/\\\/medianeeds.es\\\/es\\\/author\\\/medianeeds\\\/\"}]}<\/script>\n<!-- \/ Yoast SEO plugin. -->","yoast_head_json":{"title":"San Valent\u00edn llega a las campa\u00f1as publicitarias - Media Needs Reus","description":"El 14 de febrero es un d\u00eda universal donde el amor, la amistad y el romanticismo se ponen a flor de piel y los hacen resurgir en estas fechas tan se\u00f1aladas.","robots":{"index":"index","follow":"follow","max-snippet":"max-snippet:-1","max-image-preview":"max-image-preview:large","max-video-preview":"max-video-preview:-1"},"canonical":"https:\/\/medianeeds.es\/es\/san-valentin-llega-las-campanas-publicitarias\/","og_locale":"es_ES","og_type":"article","og_title":"San Valent\u00edn llega a las campa\u00f1as publicitarias - Media Needs Reus","og_description":"El 14 de febrero es un d\u00eda universal donde el amor, la amistad y el romanticismo se ponen a flor de piel y los hacen resurgir en estas fechas tan se\u00f1aladas.","og_url":"https:\/\/medianeeds.es\/es\/san-valentin-llega-las-campanas-publicitarias\/","og_site_name":"M\u00e0rketing Reus | Media Needs Reus | Ag\u00e8ncia de publicitat Reus","article_publisher":"https:\/\/www.facebook.com\/medianeeds.es\/","article_published_time":"2017-02-14T11:52:17+00:00","article_modified_time":"2018-08-31T09:10:47+00:00","og_image":[{"width":420,"height":280,"url":"https:\/\/medianeeds.es\/wp-content\/uploads\/2017\/02\/SANVALENTIN.jpg","type":"image\/jpeg"}],"author":"Medianeeds","twitter_misc":{"Escrito por":"Medianeeds","Tiempo de lectura":"2 minutos"},"schema":{"@context":"https:\/\/schema.org","@graph":[{"@type":"Article","@id":"https:\/\/medianeeds.es\/es\/san-valentin-llega-las-campanas-publicitarias\/#article","isPartOf":{"@id":"https:\/\/medianeeds.es\/es\/san-valentin-llega-las-campanas-publicitarias\/"},"author":{"name":"Medianeeds","@id":"https:\/\/medianeeds.es\/#\/schema\/person\/6a6f2f17f283df3eeb0946feebd2af79"},"headline":"San Valent\u00edn llega a las campa\u00f1as publicitarias","datePublished":"2017-02-14T11:52:17+00:00","dateModified":"2018-08-31T09:10:47+00:00","mainEntityOfPage":{"@id":"https:\/\/medianeeds.es\/es\/san-valentin-llega-las-campanas-publicitarias\/"},"wordCount":443,"publisher":{"@id":"https:\/\/medianeeds.es\/#organization"},"image":{"@id":"https:\/\/medianeeds.es\/es\/san-valentin-llega-las-campanas-publicitarias\/#primaryimage"},"thumbnailUrl":"https:\/\/medianeeds.es\/wp-content\/uploads\/2017\/02\/SANVALENTIN.jpg","keywords":["San Valent\u00edn"],"articleSection":["Noticias"],"inLanguage":"es"},{"@type":"WebPage","@id":"https:\/\/medianeeds.es\/es\/san-valentin-llega-las-campanas-publicitarias\/","url":"https:\/\/medianeeds.es\/es\/san-valentin-llega-las-campanas-publicitarias\/","name":"San Valent\u00edn llega a las campa\u00f1as publicitarias - Media Needs Reus","isPartOf":{"@id":"https:\/\/medianeeds.es\/#website"},"primaryImageOfPage":{"@id":"https:\/\/medianeeds.es\/es\/san-valentin-llega-las-campanas-publicitarias\/#primaryimage"},"image":{"@id":"https:\/\/medianeeds.es\/es\/san-valentin-llega-las-campanas-publicitarias\/#primaryimage"},"thumbnailUrl":"https:\/\/medianeeds.es\/wp-content\/uploads\/2017\/02\/SANVALENTIN.jpg","datePublished":"2017-02-14T11:52:17+00:00","dateModified":"2018-08-31T09:10:47+00:00","description":"El 14 de febrero es un d\u00eda universal donde el amor, la amistad y el romanticismo se ponen a flor de piel y los hacen resurgir en estas fechas tan se\u00f1aladas.","breadcrumb":{"@id":"https:\/\/medianeeds.es\/es\/san-valentin-llega-las-campanas-publicitarias\/#breadcrumb"},"inLanguage":"es","potentialAction":[{"@type":"ReadAction","target":["https:\/\/medianeeds.es\/es\/san-valentin-llega-las-campanas-publicitarias\/"]}]},{"@type":"ImageObject","inLanguage":"es","@id":"https:\/\/medianeeds.es\/es\/san-valentin-llega-las-campanas-publicitarias\/#primaryimage","url":"https:\/\/medianeeds.es\/wp-content\/uploads\/2017\/02\/SANVALENTIN.jpg","contentUrl":"https:\/\/medianeeds.es\/wp-content\/uploads\/2017\/02\/SANVALENTIN.jpg","width":420,"height":280},{"@type":"BreadcrumbList","@id":"https:\/\/medianeeds.es\/es\/san-valentin-llega-las-campanas-publicitarias\/#breadcrumb","itemListElement":[{"@type":"ListItem","position":1,"name":"Portada","item":"https:\/\/medianeeds.es\/"},{"@type":"ListItem","position":2,"name":"San Valent\u00edn llega a las campa\u00f1as publicitarias"}]},{"@type":"WebSite","@id":"https:\/\/medianeeds.es\/#website","url":"https:\/\/medianeeds.es\/","name":"M\u00e0rketing Reus | Media Needs Reus | Ag\u00e8ncia de publicitat Reus","description":"MediaNeeds \u00e9s una empresa especialitzada en serveis integrals de publicitat, m\u00e0rqueting on-line i community manager a Reus, Tarragona","publisher":{"@id":"https:\/\/medianeeds.es\/#organization"},"alternateName":"Media Needs","potentialAction":[{"@type":"SearchAction","target":{"@type":"EntryPoint","urlTemplate":"https:\/\/medianeeds.es\/?s={search_term_string}"},"query-input":{"@type":"PropertyValueSpecification","valueRequired":true,"valueName":"search_term_string"}}],"inLanguage":"es"},{"@type":"Organization","@id":"https:\/\/medianeeds.es\/#organization","name":"M\u00e0rketing Reus | Media Needs Reus | Ag\u00e8ncia de publicitat Reus","alternateName":"Media Needs","url":"https:\/\/medianeeds.es\/","logo":{"@type":"ImageObject","inLanguage":"es","@id":"https:\/\/medianeeds.es\/#\/schema\/logo\/image\/","url":"https:\/\/medianeeds.es\/wp-content\/uploads\/2024\/06\/COLOR_Mesa-de-trabajo-1-copia.png","contentUrl":"https:\/\/medianeeds.es\/wp-content\/uploads\/2024\/06\/COLOR_Mesa-de-trabajo-1-copia.png","width":470,"height":226,"caption":"M\u00e0rketing Reus | Media Needs Reus | Ag\u00e8ncia de publicitat Reus"},"image":{"@id":"https:\/\/medianeeds.es\/#\/schema\/logo\/image\/"},"sameAs":["https:\/\/www.facebook.com\/medianeeds.es\/","https:\/\/x.com\/media_needs","https:\/\/www.instagram.com\/medianeeds\/?hl=es"]},{"@type":"Person","@id":"https:\/\/medianeeds.es\/#\/schema\/person\/6a6f2f17f283df3eeb0946feebd2af79","name":"Medianeeds","image":{"@type":"ImageObject","inLanguage":"es","@id":"https:\/\/secure.gravatar.com\/avatar\/442251953f111b43a4668103c7b7c09aa35690e525473fb0bb9db0681ee9c0c3?s=96&d=mm&r=g","url":"https:\/\/secure.gravatar.com\/avatar\/442251953f111b43a4668103c7b7c09aa35690e525473fb0bb9db0681ee9c0c3?s=96&d=mm&r=g","contentUrl":"https:\/\/secure.gravatar.com\/avatar\/442251953f111b43a4668103c7b7c09aa35690e525473fb0bb9db0681ee9c0c3?s=96&d=mm&r=g","caption":"Medianeeds"},"url":"https:\/\/medianeeds.es\/es\/author\/medianeeds\/"}]}},"_links":{"self":[{"href":"https:\/\/medianeeds.es\/es\/wp-json\/wp\/v2\/posts\/2366","targetHints":{"allow":["GET"]}}],"collection":[{"href":"https:\/\/medianeeds.es\/es\/wp-json\/wp\/v2\/posts"}],"about":[{"href":"https:\/\/medianeeds.es\/es\/wp-json\/wp\/v2\/types\/post"}],"author":[{"embeddable":true,"href":"https:\/\/medianeeds.es\/es\/wp-json\/wp\/v2\/users\/1"}],"replies":[{"embeddable":true,"href":"https:\/\/medianeeds.es\/es\/wp-json\/wp\/v2\/comments?post=2366"}],"version-history":[{"count":1,"href":"https:\/\/medianeeds.es\/es\/wp-json\/wp\/v2\/posts\/2366\/revisions"}],"predecessor-version":[{"id":10441,"href":"https:\/\/medianeeds.es\/es\/wp-json\/wp\/v2\/posts\/2366\/revisions\/10441"}],"wp:featuredmedia":[{"embeddable":true,"href":"https:\/\/medianeeds.es\/es\/wp-json\/wp\/v2\/media\/10524"}],"wp:attachment":[{"href":"https:\/\/medianeeds.es\/es\/wp-json\/wp\/v2\/media?parent=2366"}],"wp:term":[{"taxonomy":"category","embeddable":true,"href":"https:\/\/medianeeds.es\/es\/wp-json\/wp\/v2\/categories?post=2366"},{"taxonomy":"post_tag","embeddable":true,"href":"https:\/\/medianeeds.es\/es\/wp-json\/wp\/v2\/tags?post=2366"}],"curies":[{"name":"wp","href":"https:\/\/api.w.org\/{rel}","templated":true}]}}