{"id":2311,"date":"2014-05-30T08:45:21","date_gmt":"2014-05-30T08:45:21","guid":{"rendered":"https:\/\/medianeeds.es\/es\/?p=2311"},"modified":"2018-08-31T09:33:33","modified_gmt":"2018-08-31T09:33:33","slug":"las-redes-sociales-una-gran-oportunidad","status":"publish","type":"post","link":"https:\/\/medianeeds.es\/es\/las-redes-sociales-una-gran-oportunidad\/","title":{"rendered":"Las redes sociales son una gran oportunidad"},"content":{"rendered":"<p style=\"text-align: justify;\">La importancia de las redes sociales en la sociedad de hoy en d\u00eda es muy grande. Plataformas como Facebook o Twitter son capaces de crear m\u00faltiples opiniones y modas que se extienden r\u00e1pidamente. La oportunidad de sumarte a estas redes es muy grande, ya que te permite una mayor visibilidad hacia tus clientes y crear un \u2018feedback\u2019 muy interesante, con posibilidad de interactuar con tu p\u00fablico objetivo y crear un v\u00ednculo con ellos.<\/p>\n<p style=\"text-align: justify;\">Hay cientos de redes sociales disponibles, aunque las m\u00e1s populares por perfiles activos son las ya citadas Facebook y Twitter. Muchas empresas saben de su importancia y por ello deciden abrirse cuentas en dichas plataformas. Pero\u2026\u00bfes lo aconsejable?<\/p>\n<p style=\"text-align: justify;\">La mayor\u00eda, agrega a posibles clientes y se queda en blanco ante la posibilidad de escribir 140 caracteres o rellenar su muro. Muchos hacen publicaciones m\u00e1s personales que de empresa, y otros simplemente se dedican a hacer \u2018Spam\u2019. Esto, sin duda, es negativo para la empresa, y muchas veces se confunde el mal empleo de las redes por desconocimiento con una creencia de que estas plataformas no sirven. Error muy com\u00fan. Las redes son esenciales para una empresa, pero s\u00f3lo aportar\u00e1n beneficios si se utilizan siguiendo un plan de comunicaci\u00f3n concreto, que tenga en cuenta una imagen corporativa clara, que se dirija a nuestro p\u00fablico objetivo y consiga un trato con los clientes enriquecedor. Para poder tener \u00e9xito en las redes sociales se necesita de una estrategia a la medida de tu negocio, y para ello, se debe contar con profesionales que entiendan tu empresa desde dentro y que luego sepan plasmar todo el sentimiento y conocimientos de la organizaci\u00f3n en su comunicaci\u00f3n. Hacer un buen y eficiente uso de las redes es una gran tarea en la que pyme y social media deben trabajar codo a codo.<\/p>\n<p style=\"text-align: justify;\"><strong>La clave est\u00e1 en seguir un plan de comunicaci\u00f3n<\/strong><\/p>\n<p style=\"text-align: justify;\">En Media Needs, creemos en m\u00faltiples estrategias para mejorar tu marca entre los usuarios de Internet. Defendemos una comunicaci\u00f3n din\u00e1mica, que fomente la interactividad con el cliente y que env\u00ede mensajes interesantes para estos. Pensamos en aquello que quiere ver un usuario en su plataforma social, diferenciando siempre el tipo de publicaci\u00f3n que se debe hacer en las diferentes comunidades virtuales.<\/p>\n<p style=\"text-align: justify;\">Una de las estrategias que mejor resultado tiene entre los consumidores es el trato personalizado, concreto y casi inmediato. Se trata de humanizar la marca. Que los consumidores puedan preguntar y resolver sus dudas sin necesidad de que otros usuarios se las respondan. Debe ser tu empresa la que de sus explicaciones. S\u00f3lo as\u00ed conseguir\u00e1s que tu negocio tenga la imagen que quieres.<\/p>\n<p style=\"text-align: justify;\"><strong>Beneficios contrastados<\/strong><\/p>\n<p style=\"text-align: justify;\">La red social que mayor influencia tiene en los consumidores al momento de realizar una compra es Facebook. Seg\u00fan, una encuesta elaborada por Hotwire, un 70% de los encuestados sigui\u00f3 las recomendaciones recibidas mediante Facebook, ante un 10% de Twitter y un 6% de YouTube.<\/p>\n<p style=\"text-align: justify;\">En este caso pero, Twitter tiene otras funciones, como la de mejorar los servicios de atenci\u00f3n al cliente y, sobre todo, aportar informaci\u00f3n a su red de usuarios, a tiempo real.<\/p>\n","protected":false},"excerpt":{"rendered":"<p>La importancia de las redes sociales en la sociedad de hoy en d\u00eda es muy grande. Plataformas como Facebook o Twitter son capaces de crear m\u00faltiples opiniones y modas que se extienden r\u00e1pidamente. La oportunidad de sumarte a estas redes es muy grande, ya que te permite una mayor visibilidad hacia tus clientes y crear [&hellip;]<\/p>\n","protected":false},"author":1,"featured_media":2164,"comment_status":"closed","ping_status":"closed","sticky":false,"template":"","format":"standard","meta":{"_et_pb_use_builder":"","_et_pb_old_content":"","_et_gb_content_width":"","footnotes":""},"categories":[252],"tags":[24,62],"class_list":["post-2311","post","type-post","status-publish","format-standard","has-post-thumbnail","hentry","category-noticias","tag-empresa-es","tag-redes-sociales"],"yoast_head":"<!-- This site is optimized with the Yoast SEO plugin v27.4 - https:\/\/yoast.com\/product\/yoast-seo-wordpress\/ -->\n<title>Las redes sociales son una gran oportunidad - Media Needs Reus Comunicaci\u00f3<\/title>\n<meta name=\"robots\" content=\"index, follow, max-snippet:-1, max-image-preview:large, max-video-preview:-1\" \/>\n<link rel=\"canonical\" href=\"https:\/\/medianeeds.es\/es\/las-redes-sociales-una-gran-oportunidad\/\" \/>\n<meta property=\"og:locale\" content=\"es_ES\" \/>\n<meta property=\"og:type\" content=\"article\" \/>\n<meta property=\"og:title\" content=\"Las redes sociales son una gran oportunidad - Media Needs Reus Comunicaci\u00f3\" \/>\n<meta property=\"og:description\" content=\"La importancia de las redes sociales en la sociedad de hoy en d\u00eda es muy grande. Plataformas como Facebook o Twitter son capaces de crear m\u00faltiples opiniones y modas que se extienden r\u00e1pidamente. La oportunidad de sumarte a estas redes es muy grande, ya que te permite una mayor visibilidad hacia tus clientes y crear [&hellip;]\" \/>\n<meta property=\"og:url\" content=\"https:\/\/medianeeds.es\/es\/las-redes-sociales-una-gran-oportunidad\/\" \/>\n<meta property=\"og:site_name\" content=\"M\u00e0rketing Reus | Media Needs Reus | Ag\u00e8ncia de publicitat Reus\" \/>\n<meta property=\"article:publisher\" content=\"https:\/\/www.facebook.com\/medianeeds.es\/\" \/>\n<meta property=\"article:published_time\" content=\"2014-05-30T08:45:21+00:00\" \/>\n<meta property=\"article:modified_time\" content=\"2018-08-31T09:33:33+00:00\" \/>\n<meta property=\"og:image\" content=\"https:\/\/medianeeds.es\/wp-content\/uploads\/2024\/05\/young-female-logo-designer-working-graphic-tablet.jpg\" \/>\n\t<meta property=\"og:image:width\" content=\"1500\" \/>\n\t<meta property=\"og:image:height\" content=\"1000\" \/>\n\t<meta property=\"og:image:type\" content=\"image\/jpeg\" \/>\n<meta name=\"author\" content=\"Medianeeds\" \/>\n<meta name=\"twitter:label1\" content=\"Escrito por\" \/>\n\t<meta name=\"twitter:data1\" content=\"Medianeeds\" \/>\n\t<meta name=\"twitter:label2\" content=\"Tiempo de lectura\" \/>\n\t<meta name=\"twitter:data2\" content=\"3 minutos\" \/>\n<script type=\"application\/ld+json\" class=\"yoast-schema-graph\">{\"@context\":\"https:\\\/\\\/schema.org\",\"@graph\":[{\"@type\":\"Article\",\"@id\":\"https:\\\/\\\/medianeeds.es\\\/es\\\/las-redes-sociales-una-gran-oportunidad\\\/#article\",\"isPartOf\":{\"@id\":\"https:\\\/\\\/medianeeds.es\\\/es\\\/las-redes-sociales-una-gran-oportunidad\\\/\"},\"author\":{\"name\":\"Medianeeds\",\"@id\":\"https:\\\/\\\/medianeeds.es\\\/#\\\/schema\\\/person\\\/6a6f2f17f283df3eeb0946feebd2af79\"},\"headline\":\"Las redes sociales son una gran oportunidad\",\"datePublished\":\"2014-05-30T08:45:21+00:00\",\"dateModified\":\"2018-08-31T09:33:33+00:00\",\"mainEntityOfPage\":{\"@id\":\"https:\\\/\\\/medianeeds.es\\\/es\\\/las-redes-sociales-una-gran-oportunidad\\\/\"},\"wordCount\":540,\"publisher\":{\"@id\":\"https:\\\/\\\/medianeeds.es\\\/#organization\"},\"image\":{\"@id\":\"https:\\\/\\\/medianeeds.es\\\/es\\\/las-redes-sociales-una-gran-oportunidad\\\/#primaryimage\"},\"thumbnailUrl\":\"\",\"keywords\":[\"Empresa\",\"redes sociales\"],\"articleSection\":[\"Noticias\"],\"inLanguage\":\"es\"},{\"@type\":\"WebPage\",\"@id\":\"https:\\\/\\\/medianeeds.es\\\/es\\\/las-redes-sociales-una-gran-oportunidad\\\/\",\"url\":\"https:\\\/\\\/medianeeds.es\\\/es\\\/las-redes-sociales-una-gran-oportunidad\\\/\",\"name\":\"Las redes sociales son una gran oportunidad - Media Needs Reus Comunicaci\u00f3\",\"isPartOf\":{\"@id\":\"https:\\\/\\\/medianeeds.es\\\/#website\"},\"primaryImageOfPage\":{\"@id\":\"https:\\\/\\\/medianeeds.es\\\/es\\\/las-redes-sociales-una-gran-oportunidad\\\/#primaryimage\"},\"image\":{\"@id\":\"https:\\\/\\\/medianeeds.es\\\/es\\\/las-redes-sociales-una-gran-oportunidad\\\/#primaryimage\"},\"thumbnailUrl\":\"\",\"datePublished\":\"2014-05-30T08:45:21+00:00\",\"dateModified\":\"2018-08-31T09:33:33+00:00\",\"breadcrumb\":{\"@id\":\"https:\\\/\\\/medianeeds.es\\\/es\\\/las-redes-sociales-una-gran-oportunidad\\\/#breadcrumb\"},\"inLanguage\":\"es\",\"potentialAction\":[{\"@type\":\"ReadAction\",\"target\":[\"https:\\\/\\\/medianeeds.es\\\/es\\\/las-redes-sociales-una-gran-oportunidad\\\/\"]}]},{\"@type\":\"ImageObject\",\"inLanguage\":\"es\",\"@id\":\"https:\\\/\\\/medianeeds.es\\\/es\\\/las-redes-sociales-una-gran-oportunidad\\\/#primaryimage\",\"url\":\"\",\"contentUrl\":\"\"},{\"@type\":\"BreadcrumbList\",\"@id\":\"https:\\\/\\\/medianeeds.es\\\/es\\\/las-redes-sociales-una-gran-oportunidad\\\/#breadcrumb\",\"itemListElement\":[{\"@type\":\"ListItem\",\"position\":1,\"name\":\"Portada\",\"item\":\"https:\\\/\\\/medianeeds.es\\\/\"},{\"@type\":\"ListItem\",\"position\":2,\"name\":\"Las redes sociales son una gran oportunidad\"}]},{\"@type\":\"WebSite\",\"@id\":\"https:\\\/\\\/medianeeds.es\\\/#website\",\"url\":\"https:\\\/\\\/medianeeds.es\\\/\",\"name\":\"M\u00e0rketing Reus | Media Needs Reus | Ag\u00e8ncia de publicitat Reus\",\"description\":\"MediaNeeds \u00e9s una empresa especialitzada en serveis integrals de publicitat, m\u00e0rqueting on-line i community manager a Reus, Tarragona\",\"publisher\":{\"@id\":\"https:\\\/\\\/medianeeds.es\\\/#organization\"},\"alternateName\":\"Media Needs\",\"potentialAction\":[{\"@type\":\"SearchAction\",\"target\":{\"@type\":\"EntryPoint\",\"urlTemplate\":\"https:\\\/\\\/medianeeds.es\\\/?s={search_term_string}\"},\"query-input\":{\"@type\":\"PropertyValueSpecification\",\"valueRequired\":true,\"valueName\":\"search_term_string\"}}],\"inLanguage\":\"es\"},{\"@type\":\"Organization\",\"@id\":\"https:\\\/\\\/medianeeds.es\\\/#organization\",\"name\":\"M\u00e0rketing Reus | Media Needs Reus | Ag\u00e8ncia de publicitat Reus\",\"alternateName\":\"Media Needs\",\"url\":\"https:\\\/\\\/medianeeds.es\\\/\",\"logo\":{\"@type\":\"ImageObject\",\"inLanguage\":\"es\",\"@id\":\"https:\\\/\\\/medianeeds.es\\\/#\\\/schema\\\/logo\\\/image\\\/\",\"url\":\"https:\\\/\\\/medianeeds.es\\\/wp-content\\\/uploads\\\/2024\\\/06\\\/COLOR_Mesa-de-trabajo-1-copia.png\",\"contentUrl\":\"https:\\\/\\\/medianeeds.es\\\/wp-content\\\/uploads\\\/2024\\\/06\\\/COLOR_Mesa-de-trabajo-1-copia.png\",\"width\":470,\"height\":226,\"caption\":\"M\u00e0rketing Reus | Media Needs Reus | Ag\u00e8ncia de publicitat Reus\"},\"image\":{\"@id\":\"https:\\\/\\\/medianeeds.es\\\/#\\\/schema\\\/logo\\\/image\\\/\"},\"sameAs\":[\"https:\\\/\\\/www.facebook.com\\\/medianeeds.es\\\/\",\"https:\\\/\\\/x.com\\\/media_needs\",\"https:\\\/\\\/www.instagram.com\\\/medianeeds\\\/?hl=es\"]},{\"@type\":\"Person\",\"@id\":\"https:\\\/\\\/medianeeds.es\\\/#\\\/schema\\\/person\\\/6a6f2f17f283df3eeb0946feebd2af79\",\"name\":\"Medianeeds\",\"image\":{\"@type\":\"ImageObject\",\"inLanguage\":\"es\",\"@id\":\"https:\\\/\\\/secure.gravatar.com\\\/avatar\\\/442251953f111b43a4668103c7b7c09aa35690e525473fb0bb9db0681ee9c0c3?s=96&d=mm&r=g\",\"url\":\"https:\\\/\\\/secure.gravatar.com\\\/avatar\\\/442251953f111b43a4668103c7b7c09aa35690e525473fb0bb9db0681ee9c0c3?s=96&d=mm&r=g\",\"contentUrl\":\"https:\\\/\\\/secure.gravatar.com\\\/avatar\\\/442251953f111b43a4668103c7b7c09aa35690e525473fb0bb9db0681ee9c0c3?s=96&d=mm&r=g\",\"caption\":\"Medianeeds\"},\"url\":\"https:\\\/\\\/medianeeds.es\\\/es\\\/author\\\/medianeeds\\\/\"}]}<\/script>\n<!-- \/ Yoast SEO plugin. -->","yoast_head_json":{"title":"Las redes sociales son una gran oportunidad - Media Needs Reus Comunicaci\u00f3","robots":{"index":"index","follow":"follow","max-snippet":"max-snippet:-1","max-image-preview":"max-image-preview:large","max-video-preview":"max-video-preview:-1"},"canonical":"https:\/\/medianeeds.es\/es\/las-redes-sociales-una-gran-oportunidad\/","og_locale":"es_ES","og_type":"article","og_title":"Las redes sociales son una gran oportunidad - Media Needs Reus Comunicaci\u00f3","og_description":"La importancia de las redes sociales en la sociedad de hoy en d\u00eda es muy grande. Plataformas como Facebook o Twitter son capaces de crear m\u00faltiples opiniones y modas que se extienden r\u00e1pidamente. La oportunidad de sumarte a estas redes es muy grande, ya que te permite una mayor visibilidad hacia tus clientes y crear [&hellip;]","og_url":"https:\/\/medianeeds.es\/es\/las-redes-sociales-una-gran-oportunidad\/","og_site_name":"M\u00e0rketing Reus | Media Needs Reus | Ag\u00e8ncia de publicitat Reus","article_publisher":"https:\/\/www.facebook.com\/medianeeds.es\/","article_published_time":"2014-05-30T08:45:21+00:00","article_modified_time":"2018-08-31T09:33:33+00:00","og_image":[{"width":1500,"height":1000,"url":"https:\/\/medianeeds.es\/wp-content\/uploads\/2024\/05\/young-female-logo-designer-working-graphic-tablet.jpg","type":"image\/jpeg"}],"author":"Medianeeds","twitter_misc":{"Escrito por":"Medianeeds","Tiempo de lectura":"3 minutos"},"schema":{"@context":"https:\/\/schema.org","@graph":[{"@type":"Article","@id":"https:\/\/medianeeds.es\/es\/las-redes-sociales-una-gran-oportunidad\/#article","isPartOf":{"@id":"https:\/\/medianeeds.es\/es\/las-redes-sociales-una-gran-oportunidad\/"},"author":{"name":"Medianeeds","@id":"https:\/\/medianeeds.es\/#\/schema\/person\/6a6f2f17f283df3eeb0946feebd2af79"},"headline":"Las redes sociales son una gran oportunidad","datePublished":"2014-05-30T08:45:21+00:00","dateModified":"2018-08-31T09:33:33+00:00","mainEntityOfPage":{"@id":"https:\/\/medianeeds.es\/es\/las-redes-sociales-una-gran-oportunidad\/"},"wordCount":540,"publisher":{"@id":"https:\/\/medianeeds.es\/#organization"},"image":{"@id":"https:\/\/medianeeds.es\/es\/las-redes-sociales-una-gran-oportunidad\/#primaryimage"},"thumbnailUrl":"","keywords":["Empresa","redes sociales"],"articleSection":["Noticias"],"inLanguage":"es"},{"@type":"WebPage","@id":"https:\/\/medianeeds.es\/es\/las-redes-sociales-una-gran-oportunidad\/","url":"https:\/\/medianeeds.es\/es\/las-redes-sociales-una-gran-oportunidad\/","name":"Las redes sociales son una gran oportunidad - Media Needs Reus Comunicaci\u00f3","isPartOf":{"@id":"https:\/\/medianeeds.es\/#website"},"primaryImageOfPage":{"@id":"https:\/\/medianeeds.es\/es\/las-redes-sociales-una-gran-oportunidad\/#primaryimage"},"image":{"@id":"https:\/\/medianeeds.es\/es\/las-redes-sociales-una-gran-oportunidad\/#primaryimage"},"thumbnailUrl":"","datePublished":"2014-05-30T08:45:21+00:00","dateModified":"2018-08-31T09:33:33+00:00","breadcrumb":{"@id":"https:\/\/medianeeds.es\/es\/las-redes-sociales-una-gran-oportunidad\/#breadcrumb"},"inLanguage":"es","potentialAction":[{"@type":"ReadAction","target":["https:\/\/medianeeds.es\/es\/las-redes-sociales-una-gran-oportunidad\/"]}]},{"@type":"ImageObject","inLanguage":"es","@id":"https:\/\/medianeeds.es\/es\/las-redes-sociales-una-gran-oportunidad\/#primaryimage","url":"","contentUrl":""},{"@type":"BreadcrumbList","@id":"https:\/\/medianeeds.es\/es\/las-redes-sociales-una-gran-oportunidad\/#breadcrumb","itemListElement":[{"@type":"ListItem","position":1,"name":"Portada","item":"https:\/\/medianeeds.es\/"},{"@type":"ListItem","position":2,"name":"Las redes sociales son una gran oportunidad"}]},{"@type":"WebSite","@id":"https:\/\/medianeeds.es\/#website","url":"https:\/\/medianeeds.es\/","name":"M\u00e0rketing Reus | Media Needs Reus | Ag\u00e8ncia de publicitat Reus","description":"MediaNeeds \u00e9s una empresa especialitzada en serveis integrals de publicitat, m\u00e0rqueting on-line i community manager a Reus, Tarragona","publisher":{"@id":"https:\/\/medianeeds.es\/#organization"},"alternateName":"Media Needs","potentialAction":[{"@type":"SearchAction","target":{"@type":"EntryPoint","urlTemplate":"https:\/\/medianeeds.es\/?s={search_term_string}"},"query-input":{"@type":"PropertyValueSpecification","valueRequired":true,"valueName":"search_term_string"}}],"inLanguage":"es"},{"@type":"Organization","@id":"https:\/\/medianeeds.es\/#organization","name":"M\u00e0rketing Reus | Media Needs Reus | Ag\u00e8ncia de publicitat Reus","alternateName":"Media Needs","url":"https:\/\/medianeeds.es\/","logo":{"@type":"ImageObject","inLanguage":"es","@id":"https:\/\/medianeeds.es\/#\/schema\/logo\/image\/","url":"https:\/\/medianeeds.es\/wp-content\/uploads\/2024\/06\/COLOR_Mesa-de-trabajo-1-copia.png","contentUrl":"https:\/\/medianeeds.es\/wp-content\/uploads\/2024\/06\/COLOR_Mesa-de-trabajo-1-copia.png","width":470,"height":226,"caption":"M\u00e0rketing Reus | Media Needs Reus | Ag\u00e8ncia de publicitat Reus"},"image":{"@id":"https:\/\/medianeeds.es\/#\/schema\/logo\/image\/"},"sameAs":["https:\/\/www.facebook.com\/medianeeds.es\/","https:\/\/x.com\/media_needs","https:\/\/www.instagram.com\/medianeeds\/?hl=es"]},{"@type":"Person","@id":"https:\/\/medianeeds.es\/#\/schema\/person\/6a6f2f17f283df3eeb0946feebd2af79","name":"Medianeeds","image":{"@type":"ImageObject","inLanguage":"es","@id":"https:\/\/secure.gravatar.com\/avatar\/442251953f111b43a4668103c7b7c09aa35690e525473fb0bb9db0681ee9c0c3?s=96&d=mm&r=g","url":"https:\/\/secure.gravatar.com\/avatar\/442251953f111b43a4668103c7b7c09aa35690e525473fb0bb9db0681ee9c0c3?s=96&d=mm&r=g","contentUrl":"https:\/\/secure.gravatar.com\/avatar\/442251953f111b43a4668103c7b7c09aa35690e525473fb0bb9db0681ee9c0c3?s=96&d=mm&r=g","caption":"Medianeeds"},"url":"https:\/\/medianeeds.es\/es\/author\/medianeeds\/"}]}},"_links":{"self":[{"href":"https:\/\/medianeeds.es\/es\/wp-json\/wp\/v2\/posts\/2311","targetHints":{"allow":["GET"]}}],"collection":[{"href":"https:\/\/medianeeds.es\/es\/wp-json\/wp\/v2\/posts"}],"about":[{"href":"https:\/\/medianeeds.es\/es\/wp-json\/wp\/v2\/types\/post"}],"author":[{"embeddable":true,"href":"https:\/\/medianeeds.es\/es\/wp-json\/wp\/v2\/users\/1"}],"replies":[{"embeddable":true,"href":"https:\/\/medianeeds.es\/es\/wp-json\/wp\/v2\/comments?post=2311"}],"version-history":[{"count":1,"href":"https:\/\/medianeeds.es\/es\/wp-json\/wp\/v2\/posts\/2311\/revisions"}],"predecessor-version":[{"id":10463,"href":"https:\/\/medianeeds.es\/es\/wp-json\/wp\/v2\/posts\/2311\/revisions\/10463"}],"wp:featuredmedia":[{"embeddable":true,"href":"https:\/\/medianeeds.es\/es\/wp-json\/"}],"wp:attachment":[{"href":"https:\/\/medianeeds.es\/es\/wp-json\/wp\/v2\/media?parent=2311"}],"wp:term":[{"taxonomy":"category","embeddable":true,"href":"https:\/\/medianeeds.es\/es\/wp-json\/wp\/v2\/categories?post=2311"},{"taxonomy":"post_tag","embeddable":true,"href":"https:\/\/medianeeds.es\/es\/wp-json\/wp\/v2\/tags?post=2311"}],"curies":[{"name":"wp","href":"https:\/\/api.w.org\/{rel}","templated":true}]}}