{"id":2309,"date":"2014-06-02T08:40:56","date_gmt":"2014-06-02T08:40:56","guid":{"rendered":"https:\/\/medianeeds.es\/es\/?p=2309"},"modified":"2018-08-31T09:32:10","modified_gmt":"2018-08-31T09:32:10","slug":"una-web-es-fundamental-para-una-empresa","status":"publish","type":"post","link":"https:\/\/medianeeds.es\/es\/una-web-es-fundamental-para-una-empresa\/","title":{"rendered":"Una web es fundamental para una empresa"},"content":{"rendered":"<p style=\"text-align: justify;\">En un mundo en el que internet se ha convertido en un pilar fundamental de la vida y fuente principal de informaci\u00f3n, las empresas deben renovarse y sumar su presencia al mundo online.<\/p>\n<p style=\"text-align: justify;\">El dicho \u201csi no est\u00e1s en internet, no existes\u201d parece una exageraci\u00f3n, pero es real. Si una persona necesita unos servicios, es muy probable que lo primero que haga sea buscar posibles empresas en internet, cercanas a su zona o que le proporcionen los servicios y presupuesto deseados. Para ello, para poder ser una de sus opciones, debes estar en Internet. En este sentido, la p\u00e1gina web te iguala al resto de empresas y hace que tu coste de oportunidad disminuya, pudiendo convertirse con total seguridad en una fuente de ingresos que no ten\u00eda prevista y a la que no optar\u00edas si no estuvieras en la red.<\/p>\n<p style=\"text-align: justify;\">Est\u00e1 demostrado que un sitio web para Pymes o la aplicaci\u00f3n de las nuevas tecnolog\u00edas en una empresa son acciones positivas para un negocio. Las ventas y la productividad pueden incrementar, as\u00ed como el valor de mercado. As\u00ed pues, llevando a extremos la frase citada anteriormente, muchos estudiosos creen que en un futuro, las empresas que no est\u00e9n en Internet podr\u00edan desaparecer.<\/p>\n<p style=\"text-align: justify;\"><strong>Las ventajas de una p\u00e1gina web son muchas:<\/strong><\/p>\n<ul>\n<li style=\"text-align: justify;\">Profesionalizar la imagen de la empresa: Una p\u00e1gina web de calidad aportar\u00e1 m\u00e1s valor a tu marca, a tu negocio, y dar\u00e1 m\u00e1s confianza a tus futuros clientes para que contraten tus servicios o acudan a comprar tus productos.<\/li>\n<li style=\"text-align: justify;\">Mejorar tu posici\u00f3n con la competencia: Una presencia en la red te igualar\u00e1 a tu competencia. Tu imagen, comunicaci\u00f3n, productos y funcionalidad del sitio web, as\u00ed como un buen posicionamiento en los buscadores m\u00e1s importantes har\u00e1 que tu negocio se diferencie de tus hom\u00f3logos, aumentando tus oportunidades en el mercado.<\/li>\n<li style=\"text-align: justify;\">Disponibilidad absoluta: Las personas que quieran saber de tu existencia lo podr\u00e1n hacer cualquier d\u00eda a cualquier hora, y desde todo el mundo. Si no est\u00e1s en Internet, tan s\u00f3lo te conocer\u00e1n por la proximidad a tu negocio y por opiniones ajenas. Tus productos ya no tendr\u00e1n barreras geogr\u00e1ficas ni horarias y pueden ser vistos por cualquier usuario del mundo.<\/li>\n<li style=\"text-align: justify;\">Gestiona tu presencia en la red: Aunque no quieras estar en internet, es posible que en muchas p\u00e1ginas, redes sociales y foros est\u00e9n hablando de tu negocio. Opiniones buenas o malas que influir\u00e1n en tus clientes potenciales. Una web lo puede cambiar todo. Decide lo que quieres decir y c\u00f3mo. Necesitas dar tu punto de vista de tu empresa antes de que lo hagan otros por ti. Tu versi\u00f3n se contrastar\u00e1 o reforzar\u00e1 la de los usuarios y l\u00edderes de opini\u00f3n. &#8211; Internet es sin\u00f3nimo de ahorro: Una p\u00e1gina web en condiciones puede hacer que ya no necesites otras formas de publicidad convencionales. Todo ir\u00e1 en funci\u00f3n de tu capacidad de gestionar el espacio de internet, eso s\u00ed, con una buena pol\u00edtica comunicativa llevada a cabo a trav\u00e9s de redes sociales y nuevas tecnolog\u00edas.<\/li>\n<\/ul>\n","protected":false},"excerpt":{"rendered":"<p>En un mundo en el que internet se ha convertido en un pilar fundamental de la vida y fuente principal de informaci\u00f3n, las empresas deben renovarse y sumar su presencia al mundo online. El dicho \u201csi no est\u00e1s en internet, no existes\u201d parece una exageraci\u00f3n, pero es real. Si una persona necesita unos servicios, es [&hellip;]<\/p>\n","protected":false},"author":1,"featured_media":2159,"comment_status":"closed","ping_status":"closed","sticky":false,"template":"","format":"standard","meta":{"_et_pb_use_builder":"","_et_pb_old_content":"","_et_gb_content_width":"","footnotes":""},"categories":[280,252],"tags":[64,207,24,35],"class_list":["post-2309","post","type-post","status-publish","format-standard","has-post-thumbnail","hentry","category-marketing","category-noticias","tag-creacion-web","tag-diseno","tag-empresa-es","tag-web"],"yoast_head":"<!-- This site is optimized with the Yoast SEO plugin v27.4 - https:\/\/yoast.com\/product\/yoast-seo-wordpress\/ -->\n<title>Una web es fundamental para una empresa | Media Needs | Dise\u00f1o web Reus<\/title>\n<meta name=\"description\" content=\"Media Needs Reus | Dise\u00f1o Web Reus | Creaci\u00f3n p\u00e0ginas web Reus | Las empresas deben renovarse y sumarse al mundo online. Una buena p\u00e0gina web es esencial.\" \/>\n<meta name=\"robots\" content=\"index, follow, max-snippet:-1, max-image-preview:large, max-video-preview:-1\" \/>\n<link rel=\"canonical\" href=\"https:\/\/medianeeds.es\/es\/una-web-es-fundamental-para-una-empresa\/\" \/>\n<meta property=\"og:locale\" content=\"es_ES\" \/>\n<meta property=\"og:type\" content=\"article\" \/>\n<meta property=\"og:title\" content=\"Una web es fundamental para una empresa | Media Needs | Dise\u00f1o web Reus\" \/>\n<meta property=\"og:description\" content=\"Media Needs Reus | Dise\u00f1o Web Reus | Creaci\u00f3n p\u00e0ginas web Reus | Las empresas deben renovarse y sumarse al mundo online. Una buena p\u00e0gina web es esencial.\" \/>\n<meta property=\"og:url\" content=\"https:\/\/medianeeds.es\/es\/una-web-es-fundamental-para-una-empresa\/\" \/>\n<meta property=\"og:site_name\" content=\"M\u00e0rketing Reus | Media Needs Reus | Ag\u00e8ncia de publicitat Reus\" \/>\n<meta property=\"article:publisher\" content=\"https:\/\/www.facebook.com\/medianeeds.es\/\" \/>\n<meta property=\"article:published_time\" content=\"2014-06-02T08:40:56+00:00\" \/>\n<meta property=\"article:modified_time\" content=\"2018-08-31T09:32:10+00:00\" \/>\n<meta property=\"og:image\" content=\"https:\/\/medianeeds.es\/wp-content\/uploads\/2024\/05\/young-female-logo-designer-working-graphic-tablet.jpg\" \/>\n\t<meta property=\"og:image:width\" content=\"1500\" \/>\n\t<meta property=\"og:image:height\" content=\"1000\" \/>\n\t<meta property=\"og:image:type\" content=\"image\/jpeg\" \/>\n<meta name=\"author\" content=\"Medianeeds\" \/>\n<meta name=\"twitter:label1\" content=\"Escrito por\" \/>\n\t<meta name=\"twitter:data1\" content=\"Medianeeds\" \/>\n\t<meta name=\"twitter:label2\" content=\"Tiempo de lectura\" \/>\n\t<meta name=\"twitter:data2\" content=\"3 minutos\" \/>\n<script type=\"application\/ld+json\" class=\"yoast-schema-graph\">{\"@context\":\"https:\\\/\\\/schema.org\",\"@graph\":[{\"@type\":\"Article\",\"@id\":\"https:\\\/\\\/medianeeds.es\\\/es\\\/una-web-es-fundamental-para-una-empresa\\\/#article\",\"isPartOf\":{\"@id\":\"https:\\\/\\\/medianeeds.es\\\/es\\\/una-web-es-fundamental-para-una-empresa\\\/\"},\"author\":{\"name\":\"Medianeeds\",\"@id\":\"https:\\\/\\\/medianeeds.es\\\/#\\\/schema\\\/person\\\/6a6f2f17f283df3eeb0946feebd2af79\"},\"headline\":\"Una web es fundamental para una empresa\",\"datePublished\":\"2014-06-02T08:40:56+00:00\",\"dateModified\":\"2018-08-31T09:32:10+00:00\",\"mainEntityOfPage\":{\"@id\":\"https:\\\/\\\/medianeeds.es\\\/es\\\/una-web-es-fundamental-para-una-empresa\\\/\"},\"wordCount\":538,\"publisher\":{\"@id\":\"https:\\\/\\\/medianeeds.es\\\/#organization\"},\"image\":{\"@id\":\"https:\\\/\\\/medianeeds.es\\\/es\\\/una-web-es-fundamental-para-una-empresa\\\/#primaryimage\"},\"thumbnailUrl\":\"\",\"keywords\":[\"creaci\u00f3n web\",\"Dise\u00f1o\",\"Empresa\",\"web\"],\"articleSection\":[\"M\u00e1rketing\",\"Noticias\"],\"inLanguage\":\"es\"},{\"@type\":\"WebPage\",\"@id\":\"https:\\\/\\\/medianeeds.es\\\/es\\\/una-web-es-fundamental-para-una-empresa\\\/\",\"url\":\"https:\\\/\\\/medianeeds.es\\\/es\\\/una-web-es-fundamental-para-una-empresa\\\/\",\"name\":\"Una web es fundamental para una empresa | Media Needs | Dise\u00f1o web Reus\",\"isPartOf\":{\"@id\":\"https:\\\/\\\/medianeeds.es\\\/#website\"},\"primaryImageOfPage\":{\"@id\":\"https:\\\/\\\/medianeeds.es\\\/es\\\/una-web-es-fundamental-para-una-empresa\\\/#primaryimage\"},\"image\":{\"@id\":\"https:\\\/\\\/medianeeds.es\\\/es\\\/una-web-es-fundamental-para-una-empresa\\\/#primaryimage\"},\"thumbnailUrl\":\"\",\"datePublished\":\"2014-06-02T08:40:56+00:00\",\"dateModified\":\"2018-08-31T09:32:10+00:00\",\"description\":\"Media Needs Reus | Dise\u00f1o Web Reus | Creaci\u00f3n p\u00e0ginas web Reus | Las empresas deben renovarse y sumarse al mundo online. Una buena p\u00e0gina web es esencial.\",\"breadcrumb\":{\"@id\":\"https:\\\/\\\/medianeeds.es\\\/es\\\/una-web-es-fundamental-para-una-empresa\\\/#breadcrumb\"},\"inLanguage\":\"es\",\"potentialAction\":[{\"@type\":\"ReadAction\",\"target\":[\"https:\\\/\\\/medianeeds.es\\\/es\\\/una-web-es-fundamental-para-una-empresa\\\/\"]}]},{\"@type\":\"ImageObject\",\"inLanguage\":\"es\",\"@id\":\"https:\\\/\\\/medianeeds.es\\\/es\\\/una-web-es-fundamental-para-una-empresa\\\/#primaryimage\",\"url\":\"\",\"contentUrl\":\"\"},{\"@type\":\"BreadcrumbList\",\"@id\":\"https:\\\/\\\/medianeeds.es\\\/es\\\/una-web-es-fundamental-para-una-empresa\\\/#breadcrumb\",\"itemListElement\":[{\"@type\":\"ListItem\",\"position\":1,\"name\":\"Portada\",\"item\":\"https:\\\/\\\/medianeeds.es\\\/\"},{\"@type\":\"ListItem\",\"position\":2,\"name\":\"Una web es fundamental para una empresa\"}]},{\"@type\":\"WebSite\",\"@id\":\"https:\\\/\\\/medianeeds.es\\\/#website\",\"url\":\"https:\\\/\\\/medianeeds.es\\\/\",\"name\":\"M\u00e0rketing Reus | Media Needs Reus | Ag\u00e8ncia de publicitat Reus\",\"description\":\"MediaNeeds \u00e9s una empresa especialitzada en serveis integrals de publicitat, m\u00e0rqueting on-line i community manager a Reus, Tarragona\",\"publisher\":{\"@id\":\"https:\\\/\\\/medianeeds.es\\\/#organization\"},\"alternateName\":\"Media Needs\",\"potentialAction\":[{\"@type\":\"SearchAction\",\"target\":{\"@type\":\"EntryPoint\",\"urlTemplate\":\"https:\\\/\\\/medianeeds.es\\\/?s={search_term_string}\"},\"query-input\":{\"@type\":\"PropertyValueSpecification\",\"valueRequired\":true,\"valueName\":\"search_term_string\"}}],\"inLanguage\":\"es\"},{\"@type\":\"Organization\",\"@id\":\"https:\\\/\\\/medianeeds.es\\\/#organization\",\"name\":\"M\u00e0rketing Reus | Media Needs Reus | Ag\u00e8ncia de publicitat Reus\",\"alternateName\":\"Media Needs\",\"url\":\"https:\\\/\\\/medianeeds.es\\\/\",\"logo\":{\"@type\":\"ImageObject\",\"inLanguage\":\"es\",\"@id\":\"https:\\\/\\\/medianeeds.es\\\/#\\\/schema\\\/logo\\\/image\\\/\",\"url\":\"https:\\\/\\\/medianeeds.es\\\/wp-content\\\/uploads\\\/2024\\\/06\\\/COLOR_Mesa-de-trabajo-1-copia.png\",\"contentUrl\":\"https:\\\/\\\/medianeeds.es\\\/wp-content\\\/uploads\\\/2024\\\/06\\\/COLOR_Mesa-de-trabajo-1-copia.png\",\"width\":470,\"height\":226,\"caption\":\"M\u00e0rketing Reus | Media Needs Reus | Ag\u00e8ncia de publicitat Reus\"},\"image\":{\"@id\":\"https:\\\/\\\/medianeeds.es\\\/#\\\/schema\\\/logo\\\/image\\\/\"},\"sameAs\":[\"https:\\\/\\\/www.facebook.com\\\/medianeeds.es\\\/\",\"https:\\\/\\\/x.com\\\/media_needs\",\"https:\\\/\\\/www.instagram.com\\\/medianeeds\\\/?hl=es\"]},{\"@type\":\"Person\",\"@id\":\"https:\\\/\\\/medianeeds.es\\\/#\\\/schema\\\/person\\\/6a6f2f17f283df3eeb0946feebd2af79\",\"name\":\"Medianeeds\",\"image\":{\"@type\":\"ImageObject\",\"inLanguage\":\"es\",\"@id\":\"https:\\\/\\\/secure.gravatar.com\\\/avatar\\\/442251953f111b43a4668103c7b7c09aa35690e525473fb0bb9db0681ee9c0c3?s=96&d=mm&r=g\",\"url\":\"https:\\\/\\\/secure.gravatar.com\\\/avatar\\\/442251953f111b43a4668103c7b7c09aa35690e525473fb0bb9db0681ee9c0c3?s=96&d=mm&r=g\",\"contentUrl\":\"https:\\\/\\\/secure.gravatar.com\\\/avatar\\\/442251953f111b43a4668103c7b7c09aa35690e525473fb0bb9db0681ee9c0c3?s=96&d=mm&r=g\",\"caption\":\"Medianeeds\"},\"url\":\"https:\\\/\\\/medianeeds.es\\\/es\\\/author\\\/medianeeds\\\/\"}]}<\/script>\n<!-- \/ Yoast SEO plugin. -->","yoast_head_json":{"title":"Una web es fundamental para una empresa | Media Needs | Dise\u00f1o web Reus","description":"Media Needs Reus | Dise\u00f1o Web Reus | Creaci\u00f3n p\u00e0ginas web Reus | Las empresas deben renovarse y sumarse al mundo online. Una buena p\u00e0gina web es esencial.","robots":{"index":"index","follow":"follow","max-snippet":"max-snippet:-1","max-image-preview":"max-image-preview:large","max-video-preview":"max-video-preview:-1"},"canonical":"https:\/\/medianeeds.es\/es\/una-web-es-fundamental-para-una-empresa\/","og_locale":"es_ES","og_type":"article","og_title":"Una web es fundamental para una empresa | Media Needs | Dise\u00f1o web Reus","og_description":"Media Needs Reus | Dise\u00f1o Web Reus | Creaci\u00f3n p\u00e0ginas web Reus | Las empresas deben renovarse y sumarse al mundo online. Una buena p\u00e0gina web es esencial.","og_url":"https:\/\/medianeeds.es\/es\/una-web-es-fundamental-para-una-empresa\/","og_site_name":"M\u00e0rketing Reus | Media Needs Reus | Ag\u00e8ncia de publicitat Reus","article_publisher":"https:\/\/www.facebook.com\/medianeeds.es\/","article_published_time":"2014-06-02T08:40:56+00:00","article_modified_time":"2018-08-31T09:32:10+00:00","og_image":[{"width":1500,"height":1000,"url":"https:\/\/medianeeds.es\/wp-content\/uploads\/2024\/05\/young-female-logo-designer-working-graphic-tablet.jpg","type":"image\/jpeg"}],"author":"Medianeeds","twitter_misc":{"Escrito por":"Medianeeds","Tiempo de lectura":"3 minutos"},"schema":{"@context":"https:\/\/schema.org","@graph":[{"@type":"Article","@id":"https:\/\/medianeeds.es\/es\/una-web-es-fundamental-para-una-empresa\/#article","isPartOf":{"@id":"https:\/\/medianeeds.es\/es\/una-web-es-fundamental-para-una-empresa\/"},"author":{"name":"Medianeeds","@id":"https:\/\/medianeeds.es\/#\/schema\/person\/6a6f2f17f283df3eeb0946feebd2af79"},"headline":"Una web es fundamental para una empresa","datePublished":"2014-06-02T08:40:56+00:00","dateModified":"2018-08-31T09:32:10+00:00","mainEntityOfPage":{"@id":"https:\/\/medianeeds.es\/es\/una-web-es-fundamental-para-una-empresa\/"},"wordCount":538,"publisher":{"@id":"https:\/\/medianeeds.es\/#organization"},"image":{"@id":"https:\/\/medianeeds.es\/es\/una-web-es-fundamental-para-una-empresa\/#primaryimage"},"thumbnailUrl":"","keywords":["creaci\u00f3n web","Dise\u00f1o","Empresa","web"],"articleSection":["M\u00e1rketing","Noticias"],"inLanguage":"es"},{"@type":"WebPage","@id":"https:\/\/medianeeds.es\/es\/una-web-es-fundamental-para-una-empresa\/","url":"https:\/\/medianeeds.es\/es\/una-web-es-fundamental-para-una-empresa\/","name":"Una web es fundamental para una empresa | Media Needs | Dise\u00f1o web Reus","isPartOf":{"@id":"https:\/\/medianeeds.es\/#website"},"primaryImageOfPage":{"@id":"https:\/\/medianeeds.es\/es\/una-web-es-fundamental-para-una-empresa\/#primaryimage"},"image":{"@id":"https:\/\/medianeeds.es\/es\/una-web-es-fundamental-para-una-empresa\/#primaryimage"},"thumbnailUrl":"","datePublished":"2014-06-02T08:40:56+00:00","dateModified":"2018-08-31T09:32:10+00:00","description":"Media Needs Reus | Dise\u00f1o Web Reus | Creaci\u00f3n p\u00e0ginas web Reus | Las empresas deben renovarse y sumarse al mundo online. Una buena p\u00e0gina web es esencial.","breadcrumb":{"@id":"https:\/\/medianeeds.es\/es\/una-web-es-fundamental-para-una-empresa\/#breadcrumb"},"inLanguage":"es","potentialAction":[{"@type":"ReadAction","target":["https:\/\/medianeeds.es\/es\/una-web-es-fundamental-para-una-empresa\/"]}]},{"@type":"ImageObject","inLanguage":"es","@id":"https:\/\/medianeeds.es\/es\/una-web-es-fundamental-para-una-empresa\/#primaryimage","url":"","contentUrl":""},{"@type":"BreadcrumbList","@id":"https:\/\/medianeeds.es\/es\/una-web-es-fundamental-para-una-empresa\/#breadcrumb","itemListElement":[{"@type":"ListItem","position":1,"name":"Portada","item":"https:\/\/medianeeds.es\/"},{"@type":"ListItem","position":2,"name":"Una web es fundamental para una empresa"}]},{"@type":"WebSite","@id":"https:\/\/medianeeds.es\/#website","url":"https:\/\/medianeeds.es\/","name":"M\u00e0rketing Reus | Media Needs Reus | Ag\u00e8ncia de publicitat Reus","description":"MediaNeeds \u00e9s una empresa especialitzada en serveis integrals de publicitat, m\u00e0rqueting on-line i community manager a Reus, Tarragona","publisher":{"@id":"https:\/\/medianeeds.es\/#organization"},"alternateName":"Media Needs","potentialAction":[{"@type":"SearchAction","target":{"@type":"EntryPoint","urlTemplate":"https:\/\/medianeeds.es\/?s={search_term_string}"},"query-input":{"@type":"PropertyValueSpecification","valueRequired":true,"valueName":"search_term_string"}}],"inLanguage":"es"},{"@type":"Organization","@id":"https:\/\/medianeeds.es\/#organization","name":"M\u00e0rketing Reus | Media Needs Reus | Ag\u00e8ncia de publicitat Reus","alternateName":"Media Needs","url":"https:\/\/medianeeds.es\/","logo":{"@type":"ImageObject","inLanguage":"es","@id":"https:\/\/medianeeds.es\/#\/schema\/logo\/image\/","url":"https:\/\/medianeeds.es\/wp-content\/uploads\/2024\/06\/COLOR_Mesa-de-trabajo-1-copia.png","contentUrl":"https:\/\/medianeeds.es\/wp-content\/uploads\/2024\/06\/COLOR_Mesa-de-trabajo-1-copia.png","width":470,"height":226,"caption":"M\u00e0rketing Reus | Media Needs Reus | Ag\u00e8ncia de publicitat Reus"},"image":{"@id":"https:\/\/medianeeds.es\/#\/schema\/logo\/image\/"},"sameAs":["https:\/\/www.facebook.com\/medianeeds.es\/","https:\/\/x.com\/media_needs","https:\/\/www.instagram.com\/medianeeds\/?hl=es"]},{"@type":"Person","@id":"https:\/\/medianeeds.es\/#\/schema\/person\/6a6f2f17f283df3eeb0946feebd2af79","name":"Medianeeds","image":{"@type":"ImageObject","inLanguage":"es","@id":"https:\/\/secure.gravatar.com\/avatar\/442251953f111b43a4668103c7b7c09aa35690e525473fb0bb9db0681ee9c0c3?s=96&d=mm&r=g","url":"https:\/\/secure.gravatar.com\/avatar\/442251953f111b43a4668103c7b7c09aa35690e525473fb0bb9db0681ee9c0c3?s=96&d=mm&r=g","contentUrl":"https:\/\/secure.gravatar.com\/avatar\/442251953f111b43a4668103c7b7c09aa35690e525473fb0bb9db0681ee9c0c3?s=96&d=mm&r=g","caption":"Medianeeds"},"url":"https:\/\/medianeeds.es\/es\/author\/medianeeds\/"}]}},"_links":{"self":[{"href":"https:\/\/medianeeds.es\/es\/wp-json\/wp\/v2\/posts\/2309","targetHints":{"allow":["GET"]}}],"collection":[{"href":"https:\/\/medianeeds.es\/es\/wp-json\/wp\/v2\/posts"}],"about":[{"href":"https:\/\/medianeeds.es\/es\/wp-json\/wp\/v2\/types\/post"}],"author":[{"embeddable":true,"href":"https:\/\/medianeeds.es\/es\/wp-json\/wp\/v2\/users\/1"}],"replies":[{"embeddable":true,"href":"https:\/\/medianeeds.es\/es\/wp-json\/wp\/v2\/comments?post=2309"}],"version-history":[{"count":1,"href":"https:\/\/medianeeds.es\/es\/wp-json\/wp\/v2\/posts\/2309\/revisions"}],"predecessor-version":[{"id":10462,"href":"https:\/\/medianeeds.es\/es\/wp-json\/wp\/v2\/posts\/2309\/revisions\/10462"}],"wp:featuredmedia":[{"embeddable":true,"href":"https:\/\/medianeeds.es\/es\/wp-json\/"}],"wp:attachment":[{"href":"https:\/\/medianeeds.es\/es\/wp-json\/wp\/v2\/media?parent=2309"}],"wp:term":[{"taxonomy":"category","embeddable":true,"href":"https:\/\/medianeeds.es\/es\/wp-json\/wp\/v2\/categories?post=2309"},{"taxonomy":"post_tag","embeddable":true,"href":"https:\/\/medianeeds.es\/es\/wp-json\/wp\/v2\/tags?post=2309"}],"curies":[{"name":"wp","href":"https:\/\/api.w.org\/{rel}","templated":true}]}}