{"id":2301,"date":"2015-01-20T08:31:13","date_gmt":"2015-01-20T08:31:13","guid":{"rendered":"https:\/\/medianeeds.es\/es\/?p=2301"},"modified":"2018-08-31T09:28:38","modified_gmt":"2018-08-31T09:28:38","slug":"renueva-tu-empresa-tambien-en-la-red","status":"publish","type":"post","link":"https:\/\/medianeeds.es\/es\/renueva-tu-empresa-tambien-en-la-red\/","title":{"rendered":"Renueva tu empresa, tambi\u00e9n en la red"},"content":{"rendered":"<p><span style=\"color: #000000;\">Muchas empresas dedican todos sus esfuerzos a mejorar las condiciones de su tienda, a hacer m\u00e1s bonito su local o a ofrecer mejores productos. Estas iniciativas son buenas y pueden mejorar el servicio ofrecido y la imagen de un negocio. Pero, \u00bfesta empresa est\u00e1 haciendo lo mismo con su p\u00e1gina web y la informaci\u00f3n que hay en la red sobre ella?<\/span><br style=\"color: #000000;\" \/><br style=\"color: #000000;\" \/><strong><span style=\"color: #000000;\">TU IMAGEN EN LA RED TE DEFINE<\/span><\/strong><br style=\"color: #000000;\" \/><br style=\"color: #000000;\" \/><span style=\"color: #000000;\">La mayor\u00eda de empresas siguen teniendo un pensamiento antiguo, enfocado en el negocio f\u00edsico. Pero en un mundo cada vez m\u00e1s tecnol\u00f3gico en el que Internet tiene un peso importante dentro de la sociedad, ha llegado el momento de cambiar el chip. Se tiene que tener en cuenta que la mayor\u00eda de personas que tengan un primer contacto con nuestra empresa ser\u00e1 mediante nuestra p\u00e1gina <strong>web<\/strong> o redes sociales. No nos podemos permitir que el cliente potencial que nos encuentre en Internet tenga una imagen negativa de nuestro negocio.<\/span><br style=\"color: #000000;\" \/><span style=\"color: #000000;\"><br \/>\nEsta situaci\u00f3n pasar\u00e1 si tenemos una p\u00e1gina desactualitzada, con informaci\u00f3n incorrecta, una imagen antigua, una web lenta, poco funcional, con un mensaje mal planteado, etc.<\/span><br style=\"color: #000000;\" \/><br style=\"color: #000000;\" \/><span style=\"color: #000000;\">No servir\u00e1 de nada hacer tantas mejoras en nuestro local o mejorar nuestro producto si despu\u00e9s no nos abrimos al mundo y no aprovechamos las oportunidades que nos da la red.<\/span><br style=\"color: #000000;\" \/><br style=\"color: #000000;\" \/><span style=\"color: #000000;\">Ponte en contacto con <strong>Media Needs<\/strong> para cualquier consulta, sin ning\u00fan compromiso.<\/span><br style=\"color: #000000;\" \/><span style=\"color: #000000;\"><br \/>\n<\/span><\/p>\n<h1>\u00a1PUEDES CAMBIAR EL FUTURO DE TU EMPRESA! JUNTOS, PODEMOS HACERLO.<\/h1>\n","protected":false},"excerpt":{"rendered":"<p>Muchas empresas dedican todos sus esfuerzos a mejorar las condiciones de su tienda, a hacer m\u00e1s bonito su local o a ofrecer mejores productos. Estas iniciativas son buenas y pueden mejorar el servicio ofrecido y la imagen de un negocio. Pero, \u00bfesta empresa est\u00e1 haciendo lo mismo con su p\u00e1gina web y la informaci\u00f3n que [&hellip;]<\/p>\n","protected":false},"author":1,"featured_media":2143,"comment_status":"closed","ping_status":"closed","sticky":false,"template":"","format":"standard","meta":{"_et_pb_use_builder":"","_et_pb_old_content":"","_et_gb_content_width":"","footnotes":""},"categories":[280,252],"tags":[205,24],"class_list":["post-2301","post","type-post","status-publish","format-standard","has-post-thumbnail","hentry","category-marketing","category-noticias","tag-diseno-web","tag-empresa-es"],"yoast_head":"<!-- This site is optimized with the Yoast SEO plugin v27.4 - https:\/\/yoast.com\/product\/yoast-seo-wordpress\/ -->\n<title>Web para empresas Reus | Dise\u00f1o web Reus | Media Needs<\/title>\n<meta name=\"description\" content=\"Media Needs Comunicaci\u00f3n | P\u00e0ginas web para empresas en Reus | Dise\u00f1o web en Reus | Comunicaci\u00f3n Reus | La imagen corporativa en la red es esencial.\" \/>\n<meta name=\"robots\" content=\"index, follow, max-snippet:-1, max-image-preview:large, max-video-preview:-1\" \/>\n<link rel=\"canonical\" href=\"https:\/\/medianeeds.es\/es\/renueva-tu-empresa-tambien-en-la-red\/\" \/>\n<meta property=\"og:locale\" content=\"es_ES\" \/>\n<meta property=\"og:type\" content=\"article\" \/>\n<meta property=\"og:title\" content=\"Web para empresas Reus | Dise\u00f1o web Reus | Media Needs\" \/>\n<meta property=\"og:description\" content=\"Media Needs Comunicaci\u00f3n | P\u00e0ginas web para empresas en Reus | Dise\u00f1o web en Reus | Comunicaci\u00f3n Reus | La imagen corporativa en la red es esencial.\" \/>\n<meta property=\"og:url\" content=\"https:\/\/medianeeds.es\/es\/renueva-tu-empresa-tambien-en-la-red\/\" \/>\n<meta property=\"og:site_name\" content=\"M\u00e0rketing Reus | Media Needs Reus | Ag\u00e8ncia de publicitat Reus\" \/>\n<meta property=\"article:publisher\" content=\"https:\/\/www.facebook.com\/medianeeds.es\/\" \/>\n<meta property=\"article:published_time\" content=\"2015-01-20T08:31:13+00:00\" \/>\n<meta property=\"article:modified_time\" content=\"2018-08-31T09:28:38+00:00\" \/>\n<meta property=\"og:image\" content=\"https:\/\/medianeeds.es\/wp-content\/uploads\/2024\/05\/young-female-logo-designer-working-graphic-tablet.jpg\" \/>\n\t<meta property=\"og:image:width\" content=\"1500\" \/>\n\t<meta property=\"og:image:height\" content=\"1000\" \/>\n\t<meta property=\"og:image:type\" content=\"image\/jpeg\" \/>\n<meta name=\"author\" content=\"Medianeeds\" \/>\n<meta name=\"twitter:label1\" content=\"Escrito por\" \/>\n\t<meta name=\"twitter:data1\" content=\"Medianeeds\" \/>\n\t<meta name=\"twitter:label2\" content=\"Tiempo de lectura\" \/>\n\t<meta name=\"twitter:data2\" content=\"1 minuto\" \/>\n<script type=\"application\/ld+json\" class=\"yoast-schema-graph\">{\"@context\":\"https:\\\/\\\/schema.org\",\"@graph\":[{\"@type\":\"Article\",\"@id\":\"https:\\\/\\\/medianeeds.es\\\/es\\\/renueva-tu-empresa-tambien-en-la-red\\\/#article\",\"isPartOf\":{\"@id\":\"https:\\\/\\\/medianeeds.es\\\/es\\\/renueva-tu-empresa-tambien-en-la-red\\\/\"},\"author\":{\"name\":\"Medianeeds\",\"@id\":\"https:\\\/\\\/medianeeds.es\\\/#\\\/schema\\\/person\\\/6a6f2f17f283df3eeb0946feebd2af79\"},\"headline\":\"Renueva tu empresa, tambi\u00e9n en la red\",\"datePublished\":\"2015-01-20T08:31:13+00:00\",\"dateModified\":\"2018-08-31T09:28:38+00:00\",\"mainEntityOfPage\":{\"@id\":\"https:\\\/\\\/medianeeds.es\\\/es\\\/renueva-tu-empresa-tambien-en-la-red\\\/\"},\"wordCount\":257,\"publisher\":{\"@id\":\"https:\\\/\\\/medianeeds.es\\\/#organization\"},\"image\":{\"@id\":\"https:\\\/\\\/medianeeds.es\\\/es\\\/renueva-tu-empresa-tambien-en-la-red\\\/#primaryimage\"},\"thumbnailUrl\":\"\",\"keywords\":[\"Dise\u00f1o Web\",\"Empresa\"],\"articleSection\":[\"M\u00e1rketing\",\"Noticias\"],\"inLanguage\":\"es\"},{\"@type\":\"WebPage\",\"@id\":\"https:\\\/\\\/medianeeds.es\\\/es\\\/renueva-tu-empresa-tambien-en-la-red\\\/\",\"url\":\"https:\\\/\\\/medianeeds.es\\\/es\\\/renueva-tu-empresa-tambien-en-la-red\\\/\",\"name\":\"Web para empresas Reus | Dise\u00f1o web Reus | Media Needs\",\"isPartOf\":{\"@id\":\"https:\\\/\\\/medianeeds.es\\\/#website\"},\"primaryImageOfPage\":{\"@id\":\"https:\\\/\\\/medianeeds.es\\\/es\\\/renueva-tu-empresa-tambien-en-la-red\\\/#primaryimage\"},\"image\":{\"@id\":\"https:\\\/\\\/medianeeds.es\\\/es\\\/renueva-tu-empresa-tambien-en-la-red\\\/#primaryimage\"},\"thumbnailUrl\":\"\",\"datePublished\":\"2015-01-20T08:31:13+00:00\",\"dateModified\":\"2018-08-31T09:28:38+00:00\",\"description\":\"Media Needs Comunicaci\u00f3n | P\u00e0ginas web para empresas en Reus | Dise\u00f1o web en Reus | Comunicaci\u00f3n Reus | La imagen corporativa en la red es esencial.\",\"breadcrumb\":{\"@id\":\"https:\\\/\\\/medianeeds.es\\\/es\\\/renueva-tu-empresa-tambien-en-la-red\\\/#breadcrumb\"},\"inLanguage\":\"es\",\"potentialAction\":[{\"@type\":\"ReadAction\",\"target\":[\"https:\\\/\\\/medianeeds.es\\\/es\\\/renueva-tu-empresa-tambien-en-la-red\\\/\"]}]},{\"@type\":\"ImageObject\",\"inLanguage\":\"es\",\"@id\":\"https:\\\/\\\/medianeeds.es\\\/es\\\/renueva-tu-empresa-tambien-en-la-red\\\/#primaryimage\",\"url\":\"\",\"contentUrl\":\"\"},{\"@type\":\"BreadcrumbList\",\"@id\":\"https:\\\/\\\/medianeeds.es\\\/es\\\/renueva-tu-empresa-tambien-en-la-red\\\/#breadcrumb\",\"itemListElement\":[{\"@type\":\"ListItem\",\"position\":1,\"name\":\"Portada\",\"item\":\"https:\\\/\\\/medianeeds.es\\\/\"},{\"@type\":\"ListItem\",\"position\":2,\"name\":\"Renueva tu empresa, tambi\u00e9n en la red\"}]},{\"@type\":\"WebSite\",\"@id\":\"https:\\\/\\\/medianeeds.es\\\/#website\",\"url\":\"https:\\\/\\\/medianeeds.es\\\/\",\"name\":\"M\u00e0rketing Reus | Media Needs Reus | Ag\u00e8ncia de publicitat Reus\",\"description\":\"MediaNeeds \u00e9s una empresa especialitzada en serveis integrals de publicitat, m\u00e0rqueting on-line i community manager a Reus, Tarragona\",\"publisher\":{\"@id\":\"https:\\\/\\\/medianeeds.es\\\/#organization\"},\"alternateName\":\"Media Needs\",\"potentialAction\":[{\"@type\":\"SearchAction\",\"target\":{\"@type\":\"EntryPoint\",\"urlTemplate\":\"https:\\\/\\\/medianeeds.es\\\/?s={search_term_string}\"},\"query-input\":{\"@type\":\"PropertyValueSpecification\",\"valueRequired\":true,\"valueName\":\"search_term_string\"}}],\"inLanguage\":\"es\"},{\"@type\":\"Organization\",\"@id\":\"https:\\\/\\\/medianeeds.es\\\/#organization\",\"name\":\"M\u00e0rketing Reus | Media Needs Reus | Ag\u00e8ncia de publicitat Reus\",\"alternateName\":\"Media Needs\",\"url\":\"https:\\\/\\\/medianeeds.es\\\/\",\"logo\":{\"@type\":\"ImageObject\",\"inLanguage\":\"es\",\"@id\":\"https:\\\/\\\/medianeeds.es\\\/#\\\/schema\\\/logo\\\/image\\\/\",\"url\":\"https:\\\/\\\/medianeeds.es\\\/wp-content\\\/uploads\\\/2024\\\/06\\\/COLOR_Mesa-de-trabajo-1-copia.png\",\"contentUrl\":\"https:\\\/\\\/medianeeds.es\\\/wp-content\\\/uploads\\\/2024\\\/06\\\/COLOR_Mesa-de-trabajo-1-copia.png\",\"width\":470,\"height\":226,\"caption\":\"M\u00e0rketing Reus | Media Needs Reus | Ag\u00e8ncia de publicitat Reus\"},\"image\":{\"@id\":\"https:\\\/\\\/medianeeds.es\\\/#\\\/schema\\\/logo\\\/image\\\/\"},\"sameAs\":[\"https:\\\/\\\/www.facebook.com\\\/medianeeds.es\\\/\",\"https:\\\/\\\/x.com\\\/media_needs\",\"https:\\\/\\\/www.instagram.com\\\/medianeeds\\\/?hl=es\"]},{\"@type\":\"Person\",\"@id\":\"https:\\\/\\\/medianeeds.es\\\/#\\\/schema\\\/person\\\/6a6f2f17f283df3eeb0946feebd2af79\",\"name\":\"Medianeeds\",\"image\":{\"@type\":\"ImageObject\",\"inLanguage\":\"es\",\"@id\":\"https:\\\/\\\/secure.gravatar.com\\\/avatar\\\/442251953f111b43a4668103c7b7c09aa35690e525473fb0bb9db0681ee9c0c3?s=96&d=mm&r=g\",\"url\":\"https:\\\/\\\/secure.gravatar.com\\\/avatar\\\/442251953f111b43a4668103c7b7c09aa35690e525473fb0bb9db0681ee9c0c3?s=96&d=mm&r=g\",\"contentUrl\":\"https:\\\/\\\/secure.gravatar.com\\\/avatar\\\/442251953f111b43a4668103c7b7c09aa35690e525473fb0bb9db0681ee9c0c3?s=96&d=mm&r=g\",\"caption\":\"Medianeeds\"},\"url\":\"https:\\\/\\\/medianeeds.es\\\/es\\\/author\\\/medianeeds\\\/\"}]}<\/script>\n<!-- \/ Yoast SEO plugin. -->","yoast_head_json":{"title":"Web para empresas Reus | Dise\u00f1o web Reus | Media Needs","description":"Media Needs Comunicaci\u00f3n | P\u00e0ginas web para empresas en Reus | Dise\u00f1o web en Reus | Comunicaci\u00f3n Reus | La imagen corporativa en la red es esencial.","robots":{"index":"index","follow":"follow","max-snippet":"max-snippet:-1","max-image-preview":"max-image-preview:large","max-video-preview":"max-video-preview:-1"},"canonical":"https:\/\/medianeeds.es\/es\/renueva-tu-empresa-tambien-en-la-red\/","og_locale":"es_ES","og_type":"article","og_title":"Web para empresas Reus | Dise\u00f1o web Reus | Media Needs","og_description":"Media Needs Comunicaci\u00f3n | P\u00e0ginas web para empresas en Reus | Dise\u00f1o web en Reus | Comunicaci\u00f3n Reus | La imagen corporativa en la red es esencial.","og_url":"https:\/\/medianeeds.es\/es\/renueva-tu-empresa-tambien-en-la-red\/","og_site_name":"M\u00e0rketing Reus | Media Needs Reus | Ag\u00e8ncia de publicitat Reus","article_publisher":"https:\/\/www.facebook.com\/medianeeds.es\/","article_published_time":"2015-01-20T08:31:13+00:00","article_modified_time":"2018-08-31T09:28:38+00:00","og_image":[{"width":1500,"height":1000,"url":"https:\/\/medianeeds.es\/wp-content\/uploads\/2024\/05\/young-female-logo-designer-working-graphic-tablet.jpg","type":"image\/jpeg"}],"author":"Medianeeds","twitter_misc":{"Escrito por":"Medianeeds","Tiempo de lectura":"1 minuto"},"schema":{"@context":"https:\/\/schema.org","@graph":[{"@type":"Article","@id":"https:\/\/medianeeds.es\/es\/renueva-tu-empresa-tambien-en-la-red\/#article","isPartOf":{"@id":"https:\/\/medianeeds.es\/es\/renueva-tu-empresa-tambien-en-la-red\/"},"author":{"name":"Medianeeds","@id":"https:\/\/medianeeds.es\/#\/schema\/person\/6a6f2f17f283df3eeb0946feebd2af79"},"headline":"Renueva tu empresa, tambi\u00e9n en la red","datePublished":"2015-01-20T08:31:13+00:00","dateModified":"2018-08-31T09:28:38+00:00","mainEntityOfPage":{"@id":"https:\/\/medianeeds.es\/es\/renueva-tu-empresa-tambien-en-la-red\/"},"wordCount":257,"publisher":{"@id":"https:\/\/medianeeds.es\/#organization"},"image":{"@id":"https:\/\/medianeeds.es\/es\/renueva-tu-empresa-tambien-en-la-red\/#primaryimage"},"thumbnailUrl":"","keywords":["Dise\u00f1o Web","Empresa"],"articleSection":["M\u00e1rketing","Noticias"],"inLanguage":"es"},{"@type":"WebPage","@id":"https:\/\/medianeeds.es\/es\/renueva-tu-empresa-tambien-en-la-red\/","url":"https:\/\/medianeeds.es\/es\/renueva-tu-empresa-tambien-en-la-red\/","name":"Web para empresas Reus | Dise\u00f1o web Reus | Media Needs","isPartOf":{"@id":"https:\/\/medianeeds.es\/#website"},"primaryImageOfPage":{"@id":"https:\/\/medianeeds.es\/es\/renueva-tu-empresa-tambien-en-la-red\/#primaryimage"},"image":{"@id":"https:\/\/medianeeds.es\/es\/renueva-tu-empresa-tambien-en-la-red\/#primaryimage"},"thumbnailUrl":"","datePublished":"2015-01-20T08:31:13+00:00","dateModified":"2018-08-31T09:28:38+00:00","description":"Media Needs Comunicaci\u00f3n | P\u00e0ginas web para empresas en Reus | Dise\u00f1o web en Reus | Comunicaci\u00f3n Reus | La imagen corporativa en la red es esencial.","breadcrumb":{"@id":"https:\/\/medianeeds.es\/es\/renueva-tu-empresa-tambien-en-la-red\/#breadcrumb"},"inLanguage":"es","potentialAction":[{"@type":"ReadAction","target":["https:\/\/medianeeds.es\/es\/renueva-tu-empresa-tambien-en-la-red\/"]}]},{"@type":"ImageObject","inLanguage":"es","@id":"https:\/\/medianeeds.es\/es\/renueva-tu-empresa-tambien-en-la-red\/#primaryimage","url":"","contentUrl":""},{"@type":"BreadcrumbList","@id":"https:\/\/medianeeds.es\/es\/renueva-tu-empresa-tambien-en-la-red\/#breadcrumb","itemListElement":[{"@type":"ListItem","position":1,"name":"Portada","item":"https:\/\/medianeeds.es\/"},{"@type":"ListItem","position":2,"name":"Renueva tu empresa, tambi\u00e9n en la red"}]},{"@type":"WebSite","@id":"https:\/\/medianeeds.es\/#website","url":"https:\/\/medianeeds.es\/","name":"M\u00e0rketing Reus | Media Needs Reus | Ag\u00e8ncia de publicitat Reus","description":"MediaNeeds \u00e9s una empresa especialitzada en serveis integrals de publicitat, m\u00e0rqueting on-line i community manager a Reus, Tarragona","publisher":{"@id":"https:\/\/medianeeds.es\/#organization"},"alternateName":"Media Needs","potentialAction":[{"@type":"SearchAction","target":{"@type":"EntryPoint","urlTemplate":"https:\/\/medianeeds.es\/?s={search_term_string}"},"query-input":{"@type":"PropertyValueSpecification","valueRequired":true,"valueName":"search_term_string"}}],"inLanguage":"es"},{"@type":"Organization","@id":"https:\/\/medianeeds.es\/#organization","name":"M\u00e0rketing Reus | Media Needs Reus | Ag\u00e8ncia de publicitat Reus","alternateName":"Media Needs","url":"https:\/\/medianeeds.es\/","logo":{"@type":"ImageObject","inLanguage":"es","@id":"https:\/\/medianeeds.es\/#\/schema\/logo\/image\/","url":"https:\/\/medianeeds.es\/wp-content\/uploads\/2024\/06\/COLOR_Mesa-de-trabajo-1-copia.png","contentUrl":"https:\/\/medianeeds.es\/wp-content\/uploads\/2024\/06\/COLOR_Mesa-de-trabajo-1-copia.png","width":470,"height":226,"caption":"M\u00e0rketing Reus | Media Needs Reus | Ag\u00e8ncia de publicitat Reus"},"image":{"@id":"https:\/\/medianeeds.es\/#\/schema\/logo\/image\/"},"sameAs":["https:\/\/www.facebook.com\/medianeeds.es\/","https:\/\/x.com\/media_needs","https:\/\/www.instagram.com\/medianeeds\/?hl=es"]},{"@type":"Person","@id":"https:\/\/medianeeds.es\/#\/schema\/person\/6a6f2f17f283df3eeb0946feebd2af79","name":"Medianeeds","image":{"@type":"ImageObject","inLanguage":"es","@id":"https:\/\/secure.gravatar.com\/avatar\/442251953f111b43a4668103c7b7c09aa35690e525473fb0bb9db0681ee9c0c3?s=96&d=mm&r=g","url":"https:\/\/secure.gravatar.com\/avatar\/442251953f111b43a4668103c7b7c09aa35690e525473fb0bb9db0681ee9c0c3?s=96&d=mm&r=g","contentUrl":"https:\/\/secure.gravatar.com\/avatar\/442251953f111b43a4668103c7b7c09aa35690e525473fb0bb9db0681ee9c0c3?s=96&d=mm&r=g","caption":"Medianeeds"},"url":"https:\/\/medianeeds.es\/es\/author\/medianeeds\/"}]}},"_links":{"self":[{"href":"https:\/\/medianeeds.es\/es\/wp-json\/wp\/v2\/posts\/2301","targetHints":{"allow":["GET"]}}],"collection":[{"href":"https:\/\/medianeeds.es\/es\/wp-json\/wp\/v2\/posts"}],"about":[{"href":"https:\/\/medianeeds.es\/es\/wp-json\/wp\/v2\/types\/post"}],"author":[{"embeddable":true,"href":"https:\/\/medianeeds.es\/es\/wp-json\/wp\/v2\/users\/1"}],"replies":[{"embeddable":true,"href":"https:\/\/medianeeds.es\/es\/wp-json\/wp\/v2\/comments?post=2301"}],"version-history":[{"count":1,"href":"https:\/\/medianeeds.es\/es\/wp-json\/wp\/v2\/posts\/2301\/revisions"}],"predecessor-version":[{"id":10459,"href":"https:\/\/medianeeds.es\/es\/wp-json\/wp\/v2\/posts\/2301\/revisions\/10459"}],"wp:featuredmedia":[{"embeddable":true,"href":"https:\/\/medianeeds.es\/es\/wp-json\/"}],"wp:attachment":[{"href":"https:\/\/medianeeds.es\/es\/wp-json\/wp\/v2\/media?parent=2301"}],"wp:term":[{"taxonomy":"category","embeddable":true,"href":"https:\/\/medianeeds.es\/es\/wp-json\/wp\/v2\/categories?post=2301"},{"taxonomy":"post_tag","embeddable":true,"href":"https:\/\/medianeeds.es\/es\/wp-json\/wp\/v2\/tags?post=2301"}],"curies":[{"name":"wp","href":"https:\/\/api.w.org\/{rel}","templated":true}]}}