{"id":2292,"date":"2015-03-11T08:21:31","date_gmt":"2015-03-11T08:21:31","guid":{"rendered":"https:\/\/medianeeds.es\/es\/?p=2292"},"modified":"2018-08-31T09:23:46","modified_gmt":"2018-08-31T09:23:46","slug":"4-razones-para-utilizar-el-video-marketing-y-canales-donde-implementar-tu-estrategia","status":"publish","type":"post","link":"https:\/\/medianeeds.es\/es\/4-razones-para-utilizar-el-video-marketing-y-canales-donde-implementar-tu-estrategia\/","title":{"rendered":"4 Razones para utilizar el video marketing y canales d\u00f3nde implementar tu estrategia"},"content":{"rendered":"<p>El <strong>video marketing<\/strong> se est\u00e1 convirtiendo en una herramienta indispensable en cualquier estrategia de marketing online. Este 2015 ser\u00e1 el a\u00f1o del video marketing, \u00bfporque vas a esperar a implementar tu estrategia de video?<\/p>\n<p>A continuaci\u00f3n te damos nuestras razones por las que pensamos que debes incluir el <strong>video marketing<\/strong> en tu estrategia digital.<\/p>\n<h2>4 Razones para utilizar el video marketing en tu estrategia de marketing online<\/h2>\n<p>Seg\u00fan el \u00faltimo informe de 2014 del <a title=\"Web Video Marketing Council\" href=\"http:\/\/www.webvideomarketing.org\/\">Web Video Marketing Council<\/a> el 93% de profesionales de marketing est\u00e1n utilizando el video online para su estrategia de marketing y comunicaci\u00f3n.<\/p>\n<ol>\n<li>Es una forma r\u00e1pida para <strong>captar la atenci\u00f3n<\/strong> de la audiencia con m\u00e1s facilidad<\/li>\n<li>Genera m\u00e1s <strong>visibilidad<\/strong> ya que el contenido de video es m\u00e1s compartido en las redes sociales.<\/li>\n<li>Google muestra en sus resultados de b\u00fasqueda videos de Youtube, por lo que si usamos esta red, con un buen SEO, como nuestro canal de comunicaci\u00f3n de video, mejoraremos nuestros resultados en <strong>posicionamiento<\/strong>.<\/li>\n<li>Un contenido poderoso, que sea original o genere ofrezca utilidad al usuario, nos ayudar\u00e1 a conseguir m\u00e1s <strong>viralidad<\/strong> y <strong>engagement<\/strong>.<\/li>\n<\/ol>\n<h2><\/h2>\n<h2>Canales d\u00f3nde implementar tu estrategia de video marketing<\/h2>\n<p><a href=\"https:\/\/medianeeds.es\/\/wp-content\/uploads\/2015\/03\/youtube-foto.png\"><img loading=\"lazy\" decoding=\"async\" class=\"aligncenter size-full wp-image-587\" src=\"https:\/\/medianeeds.es\/\/wp-content\/uploads\/2015\/03\/youtube-foto.png\" alt=\"youtube-foto\" width=\"680\" height=\"397\" \/><\/a><\/p>\n<p>Son muchas las plataformas existentes hoy en d\u00eda, a continuaci\u00f3n os mencionaremos nuestras recomendadas:<\/p>\n<ul>\n<li>Youtube: Sin duda la m\u00e1s conocida, favorece en el posicionamiento en Google, es f\u00e1cil de usar y de incorporar en tu propia web.<\/li>\n<li>Vimeo: M\u00e1s peque\u00f1a en tama\u00f1o, pero conocida por compilar videos m\u00e1s selectos y de m\u00e1s calidad.<\/li>\n<li>Instagram: Con solo 15 minutos de duraci\u00f3n de video puede ser una buena plataforma debido a su gran n\u00famero de usuarios y la viralidad que nos puede proporcionar.<\/li>\n<li>Vine: Tan solo seis segundos de video, pero si utilizamos bien la creatividad podemos captar la atenci\u00f3n de muchos usuarios.<\/li>\n<\/ul>\n<p>No podemos dejar de lado las redes sociales Twitter, Facebook, Google+, Pinterest o Linkedin las cuales utilizaremos para complementar nuestra estrategia de video marketing dependiendo de los objetivos y el p\u00fablico marcado.<\/p>\n<p>Para finalizar y como consejo extra, mencionar que el uso del storytelling, al que dedicaremos un post m\u00e1s adelante, en tu estrategia de <strong>video marketing <\/strong>puede ser una gran herramienta para conectar con la audiencia y generar m\u00e1s empat\u00eda con los clientes.<\/p>\n","protected":false},"excerpt":{"rendered":"<p>El video marketing se est\u00e1 convirtiendo en una herramienta indispensable en cualquier estrategia de marketing online. Este 2015 ser\u00e1 el a\u00f1o del video marketing, \u00bfporque vas a esperar a implementar tu estrategia de video? A continuaci\u00f3n te damos nuestras razones por las que pensamos que debes incluir el video marketing en tu estrategia digital. 4 [&hellip;]<\/p>\n","protected":false},"author":1,"featured_media":2293,"comment_status":"closed","ping_status":"closed","sticky":false,"template":"","format":"standard","meta":{"_et_pb_use_builder":"","_et_pb_old_content":"","_et_gb_content_width":"","footnotes":""},"categories":[280,252],"tags":[24,31],"class_list":["post-2292","post","type-post","status-publish","format-standard","has-post-thumbnail","hentry","category-marketing","category-noticias","tag-empresa-es","tag-marqueting"],"yoast_head":"<!-- This site is optimized with the Yoast SEO plugin v27.4 - https:\/\/yoast.com\/product\/yoast-seo-wordpress\/ -->\n<title>4 razones para utilizar el video marketing | Media Needs<\/title>\n<meta name=\"description\" content=\"Este 2015 ser\u00e1 el a\u00f1o del video marketing, indispensable en cualquier estrategia de marketing online \u00bfporque vas a esperar a implementar la tuya?\" \/>\n<meta name=\"robots\" content=\"index, follow, max-snippet:-1, max-image-preview:large, max-video-preview:-1\" \/>\n<link rel=\"canonical\" href=\"https:\/\/medianeeds.es\/es\/4-razones-para-utilizar-el-video-marketing-y-canales-donde-implementar-tu-estrategia\/\" \/>\n<meta property=\"og:locale\" content=\"es_ES\" \/>\n<meta property=\"og:type\" content=\"article\" \/>\n<meta property=\"og:title\" content=\"4 razones para utilizar el video marketing | Media Needs\" \/>\n<meta property=\"og:description\" content=\"Este 2015 ser\u00e1 el a\u00f1o del video marketing, indispensable en cualquier estrategia de marketing online \u00bfporque vas a esperar a implementar la tuya?\" \/>\n<meta property=\"og:url\" content=\"https:\/\/medianeeds.es\/es\/4-razones-para-utilizar-el-video-marketing-y-canales-donde-implementar-tu-estrategia\/\" \/>\n<meta property=\"og:site_name\" content=\"M\u00e0rketing Reus | Media Needs Reus | Ag\u00e8ncia de publicitat Reus\" \/>\n<meta property=\"article:publisher\" content=\"https:\/\/www.facebook.com\/medianeeds.es\/\" \/>\n<meta property=\"article:published_time\" content=\"2015-03-11T08:21:31+00:00\" \/>\n<meta property=\"article:modified_time\" content=\"2018-08-31T09:23:46+00:00\" \/>\n<meta property=\"og:image\" content=\"https:\/\/medianeeds.es\/wp-content\/uploads\/2024\/05\/young-female-logo-designer-working-graphic-tablet.jpg\" \/>\n\t<meta property=\"og:image:width\" content=\"1500\" \/>\n\t<meta property=\"og:image:height\" content=\"1000\" \/>\n\t<meta property=\"og:image:type\" content=\"image\/jpeg\" \/>\n<meta name=\"author\" content=\"Medianeeds\" \/>\n<meta name=\"twitter:label1\" content=\"Escrito por\" \/>\n\t<meta name=\"twitter:data1\" content=\"Medianeeds\" \/>\n\t<meta name=\"twitter:label2\" content=\"Tiempo de lectura\" \/>\n\t<meta name=\"twitter:data2\" content=\"2 minutos\" \/>\n<script type=\"application\/ld+json\" class=\"yoast-schema-graph\">{\"@context\":\"https:\\\/\\\/schema.org\",\"@graph\":[{\"@type\":\"Article\",\"@id\":\"https:\\\/\\\/medianeeds.es\\\/es\\\/4-razones-para-utilizar-el-video-marketing-y-canales-donde-implementar-tu-estrategia\\\/#article\",\"isPartOf\":{\"@id\":\"https:\\\/\\\/medianeeds.es\\\/es\\\/4-razones-para-utilizar-el-video-marketing-y-canales-donde-implementar-tu-estrategia\\\/\"},\"author\":{\"name\":\"Medianeeds\",\"@id\":\"https:\\\/\\\/medianeeds.es\\\/#\\\/schema\\\/person\\\/6a6f2f17f283df3eeb0946feebd2af79\"},\"headline\":\"4 Razones para utilizar el video marketing y canales d\u00f3nde implementar tu estrategia\",\"datePublished\":\"2015-03-11T08:21:31+00:00\",\"dateModified\":\"2018-08-31T09:23:46+00:00\",\"mainEntityOfPage\":{\"@id\":\"https:\\\/\\\/medianeeds.es\\\/es\\\/4-razones-para-utilizar-el-video-marketing-y-canales-donde-implementar-tu-estrategia\\\/\"},\"wordCount\":400,\"publisher\":{\"@id\":\"https:\\\/\\\/medianeeds.es\\\/#organization\"},\"image\":{\"@id\":\"https:\\\/\\\/medianeeds.es\\\/es\\\/4-razones-para-utilizar-el-video-marketing-y-canales-donde-implementar-tu-estrategia\\\/#primaryimage\"},\"thumbnailUrl\":\"\",\"keywords\":[\"Empresa\",\"m\u00e0rqueting\"],\"articleSection\":[\"M\u00e1rketing\",\"Noticias\"],\"inLanguage\":\"es\"},{\"@type\":\"WebPage\",\"@id\":\"https:\\\/\\\/medianeeds.es\\\/es\\\/4-razones-para-utilizar-el-video-marketing-y-canales-donde-implementar-tu-estrategia\\\/\",\"url\":\"https:\\\/\\\/medianeeds.es\\\/es\\\/4-razones-para-utilizar-el-video-marketing-y-canales-donde-implementar-tu-estrategia\\\/\",\"name\":\"4 razones para utilizar el video marketing | Media Needs\",\"isPartOf\":{\"@id\":\"https:\\\/\\\/medianeeds.es\\\/#website\"},\"primaryImageOfPage\":{\"@id\":\"https:\\\/\\\/medianeeds.es\\\/es\\\/4-razones-para-utilizar-el-video-marketing-y-canales-donde-implementar-tu-estrategia\\\/#primaryimage\"},\"image\":{\"@id\":\"https:\\\/\\\/medianeeds.es\\\/es\\\/4-razones-para-utilizar-el-video-marketing-y-canales-donde-implementar-tu-estrategia\\\/#primaryimage\"},\"thumbnailUrl\":\"\",\"datePublished\":\"2015-03-11T08:21:31+00:00\",\"dateModified\":\"2018-08-31T09:23:46+00:00\",\"description\":\"Este 2015 ser\u00e1 el a\u00f1o del video marketing, indispensable en cualquier estrategia de marketing online \u00bfporque vas a esperar a implementar la tuya?\",\"breadcrumb\":{\"@id\":\"https:\\\/\\\/medianeeds.es\\\/es\\\/4-razones-para-utilizar-el-video-marketing-y-canales-donde-implementar-tu-estrategia\\\/#breadcrumb\"},\"inLanguage\":\"es\",\"potentialAction\":[{\"@type\":\"ReadAction\",\"target\":[\"https:\\\/\\\/medianeeds.es\\\/es\\\/4-razones-para-utilizar-el-video-marketing-y-canales-donde-implementar-tu-estrategia\\\/\"]}]},{\"@type\":\"ImageObject\",\"inLanguage\":\"es\",\"@id\":\"https:\\\/\\\/medianeeds.es\\\/es\\\/4-razones-para-utilizar-el-video-marketing-y-canales-donde-implementar-tu-estrategia\\\/#primaryimage\",\"url\":\"\",\"contentUrl\":\"\"},{\"@type\":\"BreadcrumbList\",\"@id\":\"https:\\\/\\\/medianeeds.es\\\/es\\\/4-razones-para-utilizar-el-video-marketing-y-canales-donde-implementar-tu-estrategia\\\/#breadcrumb\",\"itemListElement\":[{\"@type\":\"ListItem\",\"position\":1,\"name\":\"Portada\",\"item\":\"https:\\\/\\\/medianeeds.es\\\/\"},{\"@type\":\"ListItem\",\"position\":2,\"name\":\"4 Razones para utilizar el video marketing y canales d\u00f3nde implementar tu estrategia\"}]},{\"@type\":\"WebSite\",\"@id\":\"https:\\\/\\\/medianeeds.es\\\/#website\",\"url\":\"https:\\\/\\\/medianeeds.es\\\/\",\"name\":\"M\u00e0rketing Reus | Media Needs Reus | Ag\u00e8ncia de publicitat Reus\",\"description\":\"MediaNeeds \u00e9s una empresa especialitzada en serveis integrals de publicitat, m\u00e0rqueting on-line i community manager a Reus, Tarragona\",\"publisher\":{\"@id\":\"https:\\\/\\\/medianeeds.es\\\/#organization\"},\"alternateName\":\"Media Needs\",\"potentialAction\":[{\"@type\":\"SearchAction\",\"target\":{\"@type\":\"EntryPoint\",\"urlTemplate\":\"https:\\\/\\\/medianeeds.es\\\/?s={search_term_string}\"},\"query-input\":{\"@type\":\"PropertyValueSpecification\",\"valueRequired\":true,\"valueName\":\"search_term_string\"}}],\"inLanguage\":\"es\"},{\"@type\":\"Organization\",\"@id\":\"https:\\\/\\\/medianeeds.es\\\/#organization\",\"name\":\"M\u00e0rketing Reus | Media Needs Reus | Ag\u00e8ncia de publicitat Reus\",\"alternateName\":\"Media Needs\",\"url\":\"https:\\\/\\\/medianeeds.es\\\/\",\"logo\":{\"@type\":\"ImageObject\",\"inLanguage\":\"es\",\"@id\":\"https:\\\/\\\/medianeeds.es\\\/#\\\/schema\\\/logo\\\/image\\\/\",\"url\":\"https:\\\/\\\/medianeeds.es\\\/wp-content\\\/uploads\\\/2024\\\/06\\\/COLOR_Mesa-de-trabajo-1-copia.png\",\"contentUrl\":\"https:\\\/\\\/medianeeds.es\\\/wp-content\\\/uploads\\\/2024\\\/06\\\/COLOR_Mesa-de-trabajo-1-copia.png\",\"width\":470,\"height\":226,\"caption\":\"M\u00e0rketing Reus | Media Needs Reus | Ag\u00e8ncia de publicitat Reus\"},\"image\":{\"@id\":\"https:\\\/\\\/medianeeds.es\\\/#\\\/schema\\\/logo\\\/image\\\/\"},\"sameAs\":[\"https:\\\/\\\/www.facebook.com\\\/medianeeds.es\\\/\",\"https:\\\/\\\/x.com\\\/media_needs\",\"https:\\\/\\\/www.instagram.com\\\/medianeeds\\\/?hl=es\"]},{\"@type\":\"Person\",\"@id\":\"https:\\\/\\\/medianeeds.es\\\/#\\\/schema\\\/person\\\/6a6f2f17f283df3eeb0946feebd2af79\",\"name\":\"Medianeeds\",\"image\":{\"@type\":\"ImageObject\",\"inLanguage\":\"es\",\"@id\":\"https:\\\/\\\/secure.gravatar.com\\\/avatar\\\/442251953f111b43a4668103c7b7c09aa35690e525473fb0bb9db0681ee9c0c3?s=96&d=mm&r=g\",\"url\":\"https:\\\/\\\/secure.gravatar.com\\\/avatar\\\/442251953f111b43a4668103c7b7c09aa35690e525473fb0bb9db0681ee9c0c3?s=96&d=mm&r=g\",\"contentUrl\":\"https:\\\/\\\/secure.gravatar.com\\\/avatar\\\/442251953f111b43a4668103c7b7c09aa35690e525473fb0bb9db0681ee9c0c3?s=96&d=mm&r=g\",\"caption\":\"Medianeeds\"},\"url\":\"https:\\\/\\\/medianeeds.es\\\/es\\\/author\\\/medianeeds\\\/\"}]}<\/script>\n<!-- \/ Yoast SEO plugin. -->","yoast_head_json":{"title":"4 razones para utilizar el video marketing | Media Needs","description":"Este 2015 ser\u00e1 el a\u00f1o del video marketing, indispensable en cualquier estrategia de marketing online \u00bfporque vas a esperar a implementar la tuya?","robots":{"index":"index","follow":"follow","max-snippet":"max-snippet:-1","max-image-preview":"max-image-preview:large","max-video-preview":"max-video-preview:-1"},"canonical":"https:\/\/medianeeds.es\/es\/4-razones-para-utilizar-el-video-marketing-y-canales-donde-implementar-tu-estrategia\/","og_locale":"es_ES","og_type":"article","og_title":"4 razones para utilizar el video marketing | Media Needs","og_description":"Este 2015 ser\u00e1 el a\u00f1o del video marketing, indispensable en cualquier estrategia de marketing online \u00bfporque vas a esperar a implementar la tuya?","og_url":"https:\/\/medianeeds.es\/es\/4-razones-para-utilizar-el-video-marketing-y-canales-donde-implementar-tu-estrategia\/","og_site_name":"M\u00e0rketing Reus | Media Needs Reus | Ag\u00e8ncia de publicitat Reus","article_publisher":"https:\/\/www.facebook.com\/medianeeds.es\/","article_published_time":"2015-03-11T08:21:31+00:00","article_modified_time":"2018-08-31T09:23:46+00:00","og_image":[{"width":1500,"height":1000,"url":"https:\/\/medianeeds.es\/wp-content\/uploads\/2024\/05\/young-female-logo-designer-working-graphic-tablet.jpg","type":"image\/jpeg"}],"author":"Medianeeds","twitter_misc":{"Escrito por":"Medianeeds","Tiempo de lectura":"2 minutos"},"schema":{"@context":"https:\/\/schema.org","@graph":[{"@type":"Article","@id":"https:\/\/medianeeds.es\/es\/4-razones-para-utilizar-el-video-marketing-y-canales-donde-implementar-tu-estrategia\/#article","isPartOf":{"@id":"https:\/\/medianeeds.es\/es\/4-razones-para-utilizar-el-video-marketing-y-canales-donde-implementar-tu-estrategia\/"},"author":{"name":"Medianeeds","@id":"https:\/\/medianeeds.es\/#\/schema\/person\/6a6f2f17f283df3eeb0946feebd2af79"},"headline":"4 Razones para utilizar el video marketing y canales d\u00f3nde implementar tu estrategia","datePublished":"2015-03-11T08:21:31+00:00","dateModified":"2018-08-31T09:23:46+00:00","mainEntityOfPage":{"@id":"https:\/\/medianeeds.es\/es\/4-razones-para-utilizar-el-video-marketing-y-canales-donde-implementar-tu-estrategia\/"},"wordCount":400,"publisher":{"@id":"https:\/\/medianeeds.es\/#organization"},"image":{"@id":"https:\/\/medianeeds.es\/es\/4-razones-para-utilizar-el-video-marketing-y-canales-donde-implementar-tu-estrategia\/#primaryimage"},"thumbnailUrl":"","keywords":["Empresa","m\u00e0rqueting"],"articleSection":["M\u00e1rketing","Noticias"],"inLanguage":"es"},{"@type":"WebPage","@id":"https:\/\/medianeeds.es\/es\/4-razones-para-utilizar-el-video-marketing-y-canales-donde-implementar-tu-estrategia\/","url":"https:\/\/medianeeds.es\/es\/4-razones-para-utilizar-el-video-marketing-y-canales-donde-implementar-tu-estrategia\/","name":"4 razones para utilizar el video marketing | Media Needs","isPartOf":{"@id":"https:\/\/medianeeds.es\/#website"},"primaryImageOfPage":{"@id":"https:\/\/medianeeds.es\/es\/4-razones-para-utilizar-el-video-marketing-y-canales-donde-implementar-tu-estrategia\/#primaryimage"},"image":{"@id":"https:\/\/medianeeds.es\/es\/4-razones-para-utilizar-el-video-marketing-y-canales-donde-implementar-tu-estrategia\/#primaryimage"},"thumbnailUrl":"","datePublished":"2015-03-11T08:21:31+00:00","dateModified":"2018-08-31T09:23:46+00:00","description":"Este 2015 ser\u00e1 el a\u00f1o del video marketing, indispensable en cualquier estrategia de marketing online \u00bfporque vas a esperar a implementar la tuya?","breadcrumb":{"@id":"https:\/\/medianeeds.es\/es\/4-razones-para-utilizar-el-video-marketing-y-canales-donde-implementar-tu-estrategia\/#breadcrumb"},"inLanguage":"es","potentialAction":[{"@type":"ReadAction","target":["https:\/\/medianeeds.es\/es\/4-razones-para-utilizar-el-video-marketing-y-canales-donde-implementar-tu-estrategia\/"]}]},{"@type":"ImageObject","inLanguage":"es","@id":"https:\/\/medianeeds.es\/es\/4-razones-para-utilizar-el-video-marketing-y-canales-donde-implementar-tu-estrategia\/#primaryimage","url":"","contentUrl":""},{"@type":"BreadcrumbList","@id":"https:\/\/medianeeds.es\/es\/4-razones-para-utilizar-el-video-marketing-y-canales-donde-implementar-tu-estrategia\/#breadcrumb","itemListElement":[{"@type":"ListItem","position":1,"name":"Portada","item":"https:\/\/medianeeds.es\/"},{"@type":"ListItem","position":2,"name":"4 Razones para utilizar el video marketing y canales d\u00f3nde implementar tu estrategia"}]},{"@type":"WebSite","@id":"https:\/\/medianeeds.es\/#website","url":"https:\/\/medianeeds.es\/","name":"M\u00e0rketing Reus | Media Needs Reus | Ag\u00e8ncia de publicitat Reus","description":"MediaNeeds \u00e9s una empresa especialitzada en serveis integrals de publicitat, m\u00e0rqueting on-line i community manager a Reus, Tarragona","publisher":{"@id":"https:\/\/medianeeds.es\/#organization"},"alternateName":"Media Needs","potentialAction":[{"@type":"SearchAction","target":{"@type":"EntryPoint","urlTemplate":"https:\/\/medianeeds.es\/?s={search_term_string}"},"query-input":{"@type":"PropertyValueSpecification","valueRequired":true,"valueName":"search_term_string"}}],"inLanguage":"es"},{"@type":"Organization","@id":"https:\/\/medianeeds.es\/#organization","name":"M\u00e0rketing Reus | Media Needs Reus | Ag\u00e8ncia de publicitat Reus","alternateName":"Media Needs","url":"https:\/\/medianeeds.es\/","logo":{"@type":"ImageObject","inLanguage":"es","@id":"https:\/\/medianeeds.es\/#\/schema\/logo\/image\/","url":"https:\/\/medianeeds.es\/wp-content\/uploads\/2024\/06\/COLOR_Mesa-de-trabajo-1-copia.png","contentUrl":"https:\/\/medianeeds.es\/wp-content\/uploads\/2024\/06\/COLOR_Mesa-de-trabajo-1-copia.png","width":470,"height":226,"caption":"M\u00e0rketing Reus | Media Needs Reus | Ag\u00e8ncia de publicitat Reus"},"image":{"@id":"https:\/\/medianeeds.es\/#\/schema\/logo\/image\/"},"sameAs":["https:\/\/www.facebook.com\/medianeeds.es\/","https:\/\/x.com\/media_needs","https:\/\/www.instagram.com\/medianeeds\/?hl=es"]},{"@type":"Person","@id":"https:\/\/medianeeds.es\/#\/schema\/person\/6a6f2f17f283df3eeb0946feebd2af79","name":"Medianeeds","image":{"@type":"ImageObject","inLanguage":"es","@id":"https:\/\/secure.gravatar.com\/avatar\/442251953f111b43a4668103c7b7c09aa35690e525473fb0bb9db0681ee9c0c3?s=96&d=mm&r=g","url":"https:\/\/secure.gravatar.com\/avatar\/442251953f111b43a4668103c7b7c09aa35690e525473fb0bb9db0681ee9c0c3?s=96&d=mm&r=g","contentUrl":"https:\/\/secure.gravatar.com\/avatar\/442251953f111b43a4668103c7b7c09aa35690e525473fb0bb9db0681ee9c0c3?s=96&d=mm&r=g","caption":"Medianeeds"},"url":"https:\/\/medianeeds.es\/es\/author\/medianeeds\/"}]}},"_links":{"self":[{"href":"https:\/\/medianeeds.es\/es\/wp-json\/wp\/v2\/posts\/2292","targetHints":{"allow":["GET"]}}],"collection":[{"href":"https:\/\/medianeeds.es\/es\/wp-json\/wp\/v2\/posts"}],"about":[{"href":"https:\/\/medianeeds.es\/es\/wp-json\/wp\/v2\/types\/post"}],"author":[{"embeddable":true,"href":"https:\/\/medianeeds.es\/es\/wp-json\/wp\/v2\/users\/1"}],"replies":[{"embeddable":true,"href":"https:\/\/medianeeds.es\/es\/wp-json\/wp\/v2\/comments?post=2292"}],"version-history":[{"count":1,"href":"https:\/\/medianeeds.es\/es\/wp-json\/wp\/v2\/posts\/2292\/revisions"}],"predecessor-version":[{"id":10456,"href":"https:\/\/medianeeds.es\/es\/wp-json\/wp\/v2\/posts\/2292\/revisions\/10456"}],"wp:featuredmedia":[{"embeddable":true,"href":"https:\/\/medianeeds.es\/es\/wp-json\/"}],"wp:attachment":[{"href":"https:\/\/medianeeds.es\/es\/wp-json\/wp\/v2\/media?parent=2292"}],"wp:term":[{"taxonomy":"category","embeddable":true,"href":"https:\/\/medianeeds.es\/es\/wp-json\/wp\/v2\/categories?post=2292"},{"taxonomy":"post_tag","embeddable":true,"href":"https:\/\/medianeeds.es\/es\/wp-json\/wp\/v2\/tags?post=2292"}],"curies":[{"name":"wp","href":"https:\/\/api.w.org\/{rel}","templated":true}]}}