{"id":2286,"date":"2015-03-27T08:15:30","date_gmt":"2015-03-27T08:15:30","guid":{"rendered":"https:\/\/medianeeds.es\/es\/?p=2286"},"modified":"2018-08-31T09:22:55","modified_gmt":"2018-08-31T09:22:55","slug":"los-colores-marketing-negocio","status":"publish","type":"post","link":"https:\/\/medianeeds.es\/es\/los-colores-marketing-negocio\/","title":{"rendered":"Los colores en marketing para tu negocio"},"content":{"rendered":"<h2>Los colores en marketing para tu negocio<\/h2>\n<p>Los <strong>colores en marketing<\/strong> no son una elecci\u00f3n al azar, por gusto o por quedar m\u00e1s bonito. \u00bfDe verdad pensabas que era as\u00ed? Pues para nada, la elecci\u00f3n de los <strong>colores en marketing<\/strong> para una marca o negocio est\u00e1n estudiados, tienen su razonamiento y buscan una reacci\u00f3n o sentimiento en las personas.<\/p>\n<p>\u00bfNunca te has preguntado porque empresas referentes del sector de la la tecnolog\u00eda usan mayoritariamente tonalidades del color azul? Piensa un poco\u2026 HP, Facebook, twitter, Intel Skype. Estas empresas con la utilizaci\u00f3n de estos <strong>colores en marketing<\/strong> quieren transmitir un sentimiento de seguridad, confianza y fortaleza<\/p>\n<p>A continuaci\u00f3n desgranamos cada color uno a uno para que as\u00ed pod\u00e1is conocer que sentimiento quiere despertar cada marca en vosotros o bien lo teng\u00e1is en cuenta los <strong>colores en marketing<\/strong> para vuestro pr\u00f3ximo negocio.<\/p>\n<p><a href=\"https:\/\/medianeeds.es\/\/wp-content\/uploads\/2015\/03\/colors.png\"><img loading=\"lazy\" decoding=\"async\" class=\"alignright wp-image-638 size-full\" src=\"https:\/\/medianeeds.es\/\/wp-content\/uploads\/2015\/03\/colors.png\" alt=\"colors\" width=\"288\" height=\"280\" \/><\/a><\/p>\n<p><strong>Rojo:<\/strong> El rojo nos transmite un sentimiento de energ\u00eda aumenta las pulsaciones por lo que nos crea una sensaci\u00f3n de urgencia y alerta. Muy utilizado para ofertas o liquidaciones y para las advertencias como\u00a0 por ejemplo las se\u00f1ales de fuego o de stop. Debido a la alteraci\u00f3n de las pulsaciones y la energ\u00eda tambi\u00e9n lo asociamos a la pasi\u00f3n y al amor.<\/p>\n<p><strong>Naranja:<\/strong> El naranja es un color que encontramos entre el rojo y el amarillo, est\u00e1 combinaci\u00f3n nos transmite alegr\u00eda, confianza y seguridad.<\/p>\n<p><strong>Amarillo:<\/strong> De este color percibimos amabilidad y cordialidad, nos induce al optimismo. Pero \u00a1ojo! El abuso de este\u00a0 color puede acarrear sensaci\u00f3n de angustia. Utilizado para captar la atenci\u00f3n de las personas y para el sector juvenil y la creatividad.<\/p>\n<p><strong>Verde:<\/strong> Relacionado con el crecimiento, el desarrollo y lo saludable. Muy utilizado con todo lo relacionado con la naturaleza, lo natural y el medio ambiente. Tambi\u00e9n nos transmite una sensaci\u00f3n de paz y tranquilidad,\u00a0 por lo que tambi\u00e9n utilizado en tiendas para relajar a los clientes.<\/p>\n<p><strong>Azul:<\/strong> Como ya hemos comentado anteriormente genera confianza, fiabilidad, seguridad y fortaleza, utilizados por negocios y marcas del sector de la tecnolog\u00eda y la banca. Por la relaci\u00f3n que le asociamos al agua y al aire tambi\u00e9n es muy utilizado por empresas que quieren transmitir pureza y limpieza o que tienen que ver con estos dos elementos que hemos mencionado.<\/p>\n<p><strong>Violeta: <\/strong>En cuanto a las emociones\u00a0 representa la creatividad, la inteligencia y\u00a0 la sabidur\u00eda. En Marketing tambi\u00e9n utilizado para confortar, y con frecuencia se usa en productos de belleza o anti edad.<\/p>\n<p><strong>Blanco:<\/strong> Representa la luz, la bondad, la pureza y la virginidad. Se asocia a la perfecci\u00f3n. Es el color referencia utilizado por m\u00e9dicos, hospitales o productos que hagan referencia a la salud.<\/p>\n<p><strong>Negro:<\/strong> Representa la elegancia y el poder. Usado para transmitir seriedad, estatus y calidad.<\/p>\n<p>Est\u00e1 claro, y as\u00ed lo podemos comprobar con las grandes marcas y empresas, que un buen uso de los colores en marketing despiertan los sentimientos que deseamos en nuestros clientes o clientes potenciales, por eso es tan importante des de un inicio utilizarlos de la forma correcta. Por lo tanto os aconsejamos tener esta gu\u00eda a mano como consulta para cualquier decisi\u00f3n que teng\u00e1is que tomar al respecto en vuestras acciones de marketing.<\/p>\n","protected":false},"excerpt":{"rendered":"<p>Los colores en marketing para tu negocio Los colores en marketing no son una elecci\u00f3n al azar, por gusto o por quedar m\u00e1s bonito. \u00bfDe verdad pensabas que era as\u00ed? Pues para nada, la elecci\u00f3n de los colores en marketing para una marca o negocio est\u00e1n estudiados, tienen su razonamiento y buscan una reacci\u00f3n o [&hellip;]<\/p>\n","protected":false},"author":1,"featured_media":2287,"comment_status":"closed","ping_status":"closed","sticky":false,"template":"","format":"standard","meta":{"_et_pb_use_builder":"","_et_pb_old_content":"","_et_gb_content_width":"","footnotes":""},"categories":[252],"tags":[226,24,60,227],"class_list":["post-2286","post","type-post","status-publish","format-standard","has-post-thumbnail","hentry","category-noticias","tag-colores","tag-empresa-es","tag-marketing","tag-negocio"],"yoast_head":"<!-- This site is optimized with the Yoast SEO plugin v27.4 - https:\/\/yoast.com\/product\/yoast-seo-wordpress\/ -->\n<title>Los colores en marketing | Media Needs<\/title>\n<meta name=\"description\" content=\"Los colores en marketing no son una elecci\u00f3n al azar o por gusto, tienen su razonamiento y buscan una reacci\u00f3n o sentimiento en las personas.\" \/>\n<meta name=\"robots\" content=\"index, follow, max-snippet:-1, max-image-preview:large, max-video-preview:-1\" \/>\n<link rel=\"canonical\" href=\"https:\/\/medianeeds.es\/es\/los-colores-marketing-negocio\/\" \/>\n<meta property=\"og:locale\" content=\"es_ES\" \/>\n<meta property=\"og:type\" content=\"article\" \/>\n<meta property=\"og:title\" content=\"Los colores en marketing | Media Needs\" \/>\n<meta property=\"og:description\" content=\"Los colores en marketing no son una elecci\u00f3n al azar o por gusto, tienen su razonamiento y buscan una reacci\u00f3n o sentimiento en las personas.\" \/>\n<meta property=\"og:url\" content=\"https:\/\/medianeeds.es\/es\/los-colores-marketing-negocio\/\" \/>\n<meta property=\"og:site_name\" content=\"M\u00e0rketing Reus | Media Needs Reus | Ag\u00e8ncia de publicitat Reus\" \/>\n<meta property=\"article:publisher\" content=\"https:\/\/www.facebook.com\/medianeeds.es\/\" \/>\n<meta property=\"article:published_time\" content=\"2015-03-27T08:15:30+00:00\" \/>\n<meta property=\"article:modified_time\" content=\"2018-08-31T09:22:55+00:00\" \/>\n<meta property=\"og:image\" content=\"https:\/\/medianeeds.es\/wp-content\/uploads\/2024\/05\/young-female-logo-designer-working-graphic-tablet.jpg\" \/>\n\t<meta property=\"og:image:width\" content=\"1500\" \/>\n\t<meta property=\"og:image:height\" content=\"1000\" \/>\n\t<meta property=\"og:image:type\" content=\"image\/jpeg\" \/>\n<meta name=\"author\" content=\"Medianeeds\" \/>\n<meta name=\"twitter:label1\" content=\"Escrito por\" \/>\n\t<meta name=\"twitter:data1\" content=\"Medianeeds\" \/>\n\t<meta name=\"twitter:label2\" content=\"Tiempo de lectura\" \/>\n\t<meta name=\"twitter:data2\" content=\"3 minutos\" \/>\n<script type=\"application\/ld+json\" class=\"yoast-schema-graph\">{\"@context\":\"https:\\\/\\\/schema.org\",\"@graph\":[{\"@type\":\"Article\",\"@id\":\"https:\\\/\\\/medianeeds.es\\\/es\\\/los-colores-marketing-negocio\\\/#article\",\"isPartOf\":{\"@id\":\"https:\\\/\\\/medianeeds.es\\\/es\\\/los-colores-marketing-negocio\\\/\"},\"author\":{\"name\":\"Medianeeds\",\"@id\":\"https:\\\/\\\/medianeeds.es\\\/#\\\/schema\\\/person\\\/6a6f2f17f283df3eeb0946feebd2af79\"},\"headline\":\"Los colores en marketing para tu negocio\",\"datePublished\":\"2015-03-27T08:15:30+00:00\",\"dateModified\":\"2018-08-31T09:22:55+00:00\",\"mainEntityOfPage\":{\"@id\":\"https:\\\/\\\/medianeeds.es\\\/es\\\/los-colores-marketing-negocio\\\/\"},\"wordCount\":563,\"publisher\":{\"@id\":\"https:\\\/\\\/medianeeds.es\\\/#organization\"},\"image\":{\"@id\":\"https:\\\/\\\/medianeeds.es\\\/es\\\/los-colores-marketing-negocio\\\/#primaryimage\"},\"thumbnailUrl\":\"\",\"keywords\":[\"Colores\",\"Empresa\",\"marketing\",\"Negocio\"],\"articleSection\":[\"Noticias\"],\"inLanguage\":\"es\"},{\"@type\":\"WebPage\",\"@id\":\"https:\\\/\\\/medianeeds.es\\\/es\\\/los-colores-marketing-negocio\\\/\",\"url\":\"https:\\\/\\\/medianeeds.es\\\/es\\\/los-colores-marketing-negocio\\\/\",\"name\":\"Los colores en marketing | Media Needs\",\"isPartOf\":{\"@id\":\"https:\\\/\\\/medianeeds.es\\\/#website\"},\"primaryImageOfPage\":{\"@id\":\"https:\\\/\\\/medianeeds.es\\\/es\\\/los-colores-marketing-negocio\\\/#primaryimage\"},\"image\":{\"@id\":\"https:\\\/\\\/medianeeds.es\\\/es\\\/los-colores-marketing-negocio\\\/#primaryimage\"},\"thumbnailUrl\":\"\",\"datePublished\":\"2015-03-27T08:15:30+00:00\",\"dateModified\":\"2018-08-31T09:22:55+00:00\",\"description\":\"Los colores en marketing no son una elecci\u00f3n al azar o por gusto, tienen su razonamiento y buscan una reacci\u00f3n o sentimiento en las personas.\",\"breadcrumb\":{\"@id\":\"https:\\\/\\\/medianeeds.es\\\/es\\\/los-colores-marketing-negocio\\\/#breadcrumb\"},\"inLanguage\":\"es\",\"potentialAction\":[{\"@type\":\"ReadAction\",\"target\":[\"https:\\\/\\\/medianeeds.es\\\/es\\\/los-colores-marketing-negocio\\\/\"]}]},{\"@type\":\"ImageObject\",\"inLanguage\":\"es\",\"@id\":\"https:\\\/\\\/medianeeds.es\\\/es\\\/los-colores-marketing-negocio\\\/#primaryimage\",\"url\":\"\",\"contentUrl\":\"\"},{\"@type\":\"BreadcrumbList\",\"@id\":\"https:\\\/\\\/medianeeds.es\\\/es\\\/los-colores-marketing-negocio\\\/#breadcrumb\",\"itemListElement\":[{\"@type\":\"ListItem\",\"position\":1,\"name\":\"Portada\",\"item\":\"https:\\\/\\\/medianeeds.es\\\/\"},{\"@type\":\"ListItem\",\"position\":2,\"name\":\"Los colores en marketing para tu negocio\"}]},{\"@type\":\"WebSite\",\"@id\":\"https:\\\/\\\/medianeeds.es\\\/#website\",\"url\":\"https:\\\/\\\/medianeeds.es\\\/\",\"name\":\"M\u00e0rketing Reus | Media Needs Reus | Ag\u00e8ncia de publicitat Reus\",\"description\":\"MediaNeeds \u00e9s una empresa especialitzada en serveis integrals de publicitat, m\u00e0rqueting on-line i community manager a Reus, Tarragona\",\"publisher\":{\"@id\":\"https:\\\/\\\/medianeeds.es\\\/#organization\"},\"alternateName\":\"Media Needs\",\"potentialAction\":[{\"@type\":\"SearchAction\",\"target\":{\"@type\":\"EntryPoint\",\"urlTemplate\":\"https:\\\/\\\/medianeeds.es\\\/?s={search_term_string}\"},\"query-input\":{\"@type\":\"PropertyValueSpecification\",\"valueRequired\":true,\"valueName\":\"search_term_string\"}}],\"inLanguage\":\"es\"},{\"@type\":\"Organization\",\"@id\":\"https:\\\/\\\/medianeeds.es\\\/#organization\",\"name\":\"M\u00e0rketing Reus | Media Needs Reus | Ag\u00e8ncia de publicitat Reus\",\"alternateName\":\"Media Needs\",\"url\":\"https:\\\/\\\/medianeeds.es\\\/\",\"logo\":{\"@type\":\"ImageObject\",\"inLanguage\":\"es\",\"@id\":\"https:\\\/\\\/medianeeds.es\\\/#\\\/schema\\\/logo\\\/image\\\/\",\"url\":\"https:\\\/\\\/medianeeds.es\\\/wp-content\\\/uploads\\\/2024\\\/06\\\/COLOR_Mesa-de-trabajo-1-copia.png\",\"contentUrl\":\"https:\\\/\\\/medianeeds.es\\\/wp-content\\\/uploads\\\/2024\\\/06\\\/COLOR_Mesa-de-trabajo-1-copia.png\",\"width\":470,\"height\":226,\"caption\":\"M\u00e0rketing Reus | Media Needs Reus | Ag\u00e8ncia de publicitat Reus\"},\"image\":{\"@id\":\"https:\\\/\\\/medianeeds.es\\\/#\\\/schema\\\/logo\\\/image\\\/\"},\"sameAs\":[\"https:\\\/\\\/www.facebook.com\\\/medianeeds.es\\\/\",\"https:\\\/\\\/x.com\\\/media_needs\",\"https:\\\/\\\/www.instagram.com\\\/medianeeds\\\/?hl=es\"]},{\"@type\":\"Person\",\"@id\":\"https:\\\/\\\/medianeeds.es\\\/#\\\/schema\\\/person\\\/6a6f2f17f283df3eeb0946feebd2af79\",\"name\":\"Medianeeds\",\"image\":{\"@type\":\"ImageObject\",\"inLanguage\":\"es\",\"@id\":\"https:\\\/\\\/secure.gravatar.com\\\/avatar\\\/442251953f111b43a4668103c7b7c09aa35690e525473fb0bb9db0681ee9c0c3?s=96&d=mm&r=g\",\"url\":\"https:\\\/\\\/secure.gravatar.com\\\/avatar\\\/442251953f111b43a4668103c7b7c09aa35690e525473fb0bb9db0681ee9c0c3?s=96&d=mm&r=g\",\"contentUrl\":\"https:\\\/\\\/secure.gravatar.com\\\/avatar\\\/442251953f111b43a4668103c7b7c09aa35690e525473fb0bb9db0681ee9c0c3?s=96&d=mm&r=g\",\"caption\":\"Medianeeds\"},\"url\":\"https:\\\/\\\/medianeeds.es\\\/es\\\/author\\\/medianeeds\\\/\"}]}<\/script>\n<!-- \/ Yoast SEO plugin. -->","yoast_head_json":{"title":"Los colores en marketing | Media Needs","description":"Los colores en marketing no son una elecci\u00f3n al azar o por gusto, tienen su razonamiento y buscan una reacci\u00f3n o sentimiento en las personas.","robots":{"index":"index","follow":"follow","max-snippet":"max-snippet:-1","max-image-preview":"max-image-preview:large","max-video-preview":"max-video-preview:-1"},"canonical":"https:\/\/medianeeds.es\/es\/los-colores-marketing-negocio\/","og_locale":"es_ES","og_type":"article","og_title":"Los colores en marketing | Media Needs","og_description":"Los colores en marketing no son una elecci\u00f3n al azar o por gusto, tienen su razonamiento y buscan una reacci\u00f3n o sentimiento en las personas.","og_url":"https:\/\/medianeeds.es\/es\/los-colores-marketing-negocio\/","og_site_name":"M\u00e0rketing Reus | Media Needs Reus | Ag\u00e8ncia de publicitat Reus","article_publisher":"https:\/\/www.facebook.com\/medianeeds.es\/","article_published_time":"2015-03-27T08:15:30+00:00","article_modified_time":"2018-08-31T09:22:55+00:00","og_image":[{"width":1500,"height":1000,"url":"https:\/\/medianeeds.es\/wp-content\/uploads\/2024\/05\/young-female-logo-designer-working-graphic-tablet.jpg","type":"image\/jpeg"}],"author":"Medianeeds","twitter_misc":{"Escrito por":"Medianeeds","Tiempo de lectura":"3 minutos"},"schema":{"@context":"https:\/\/schema.org","@graph":[{"@type":"Article","@id":"https:\/\/medianeeds.es\/es\/los-colores-marketing-negocio\/#article","isPartOf":{"@id":"https:\/\/medianeeds.es\/es\/los-colores-marketing-negocio\/"},"author":{"name":"Medianeeds","@id":"https:\/\/medianeeds.es\/#\/schema\/person\/6a6f2f17f283df3eeb0946feebd2af79"},"headline":"Los colores en marketing para tu negocio","datePublished":"2015-03-27T08:15:30+00:00","dateModified":"2018-08-31T09:22:55+00:00","mainEntityOfPage":{"@id":"https:\/\/medianeeds.es\/es\/los-colores-marketing-negocio\/"},"wordCount":563,"publisher":{"@id":"https:\/\/medianeeds.es\/#organization"},"image":{"@id":"https:\/\/medianeeds.es\/es\/los-colores-marketing-negocio\/#primaryimage"},"thumbnailUrl":"","keywords":["Colores","Empresa","marketing","Negocio"],"articleSection":["Noticias"],"inLanguage":"es"},{"@type":"WebPage","@id":"https:\/\/medianeeds.es\/es\/los-colores-marketing-negocio\/","url":"https:\/\/medianeeds.es\/es\/los-colores-marketing-negocio\/","name":"Los colores en marketing | Media Needs","isPartOf":{"@id":"https:\/\/medianeeds.es\/#website"},"primaryImageOfPage":{"@id":"https:\/\/medianeeds.es\/es\/los-colores-marketing-negocio\/#primaryimage"},"image":{"@id":"https:\/\/medianeeds.es\/es\/los-colores-marketing-negocio\/#primaryimage"},"thumbnailUrl":"","datePublished":"2015-03-27T08:15:30+00:00","dateModified":"2018-08-31T09:22:55+00:00","description":"Los colores en marketing no son una elecci\u00f3n al azar o por gusto, tienen su razonamiento y buscan una reacci\u00f3n o sentimiento en las personas.","breadcrumb":{"@id":"https:\/\/medianeeds.es\/es\/los-colores-marketing-negocio\/#breadcrumb"},"inLanguage":"es","potentialAction":[{"@type":"ReadAction","target":["https:\/\/medianeeds.es\/es\/los-colores-marketing-negocio\/"]}]},{"@type":"ImageObject","inLanguage":"es","@id":"https:\/\/medianeeds.es\/es\/los-colores-marketing-negocio\/#primaryimage","url":"","contentUrl":""},{"@type":"BreadcrumbList","@id":"https:\/\/medianeeds.es\/es\/los-colores-marketing-negocio\/#breadcrumb","itemListElement":[{"@type":"ListItem","position":1,"name":"Portada","item":"https:\/\/medianeeds.es\/"},{"@type":"ListItem","position":2,"name":"Los colores en marketing para tu negocio"}]},{"@type":"WebSite","@id":"https:\/\/medianeeds.es\/#website","url":"https:\/\/medianeeds.es\/","name":"M\u00e0rketing Reus | Media Needs Reus | Ag\u00e8ncia de publicitat Reus","description":"MediaNeeds \u00e9s una empresa especialitzada en serveis integrals de publicitat, m\u00e0rqueting on-line i community manager a Reus, Tarragona","publisher":{"@id":"https:\/\/medianeeds.es\/#organization"},"alternateName":"Media Needs","potentialAction":[{"@type":"SearchAction","target":{"@type":"EntryPoint","urlTemplate":"https:\/\/medianeeds.es\/?s={search_term_string}"},"query-input":{"@type":"PropertyValueSpecification","valueRequired":true,"valueName":"search_term_string"}}],"inLanguage":"es"},{"@type":"Organization","@id":"https:\/\/medianeeds.es\/#organization","name":"M\u00e0rketing Reus | Media Needs Reus | Ag\u00e8ncia de publicitat Reus","alternateName":"Media Needs","url":"https:\/\/medianeeds.es\/","logo":{"@type":"ImageObject","inLanguage":"es","@id":"https:\/\/medianeeds.es\/#\/schema\/logo\/image\/","url":"https:\/\/medianeeds.es\/wp-content\/uploads\/2024\/06\/COLOR_Mesa-de-trabajo-1-copia.png","contentUrl":"https:\/\/medianeeds.es\/wp-content\/uploads\/2024\/06\/COLOR_Mesa-de-trabajo-1-copia.png","width":470,"height":226,"caption":"M\u00e0rketing Reus | Media Needs Reus | Ag\u00e8ncia de publicitat Reus"},"image":{"@id":"https:\/\/medianeeds.es\/#\/schema\/logo\/image\/"},"sameAs":["https:\/\/www.facebook.com\/medianeeds.es\/","https:\/\/x.com\/media_needs","https:\/\/www.instagram.com\/medianeeds\/?hl=es"]},{"@type":"Person","@id":"https:\/\/medianeeds.es\/#\/schema\/person\/6a6f2f17f283df3eeb0946feebd2af79","name":"Medianeeds","image":{"@type":"ImageObject","inLanguage":"es","@id":"https:\/\/secure.gravatar.com\/avatar\/442251953f111b43a4668103c7b7c09aa35690e525473fb0bb9db0681ee9c0c3?s=96&d=mm&r=g","url":"https:\/\/secure.gravatar.com\/avatar\/442251953f111b43a4668103c7b7c09aa35690e525473fb0bb9db0681ee9c0c3?s=96&d=mm&r=g","contentUrl":"https:\/\/secure.gravatar.com\/avatar\/442251953f111b43a4668103c7b7c09aa35690e525473fb0bb9db0681ee9c0c3?s=96&d=mm&r=g","caption":"Medianeeds"},"url":"https:\/\/medianeeds.es\/es\/author\/medianeeds\/"}]}},"_links":{"self":[{"href":"https:\/\/medianeeds.es\/es\/wp-json\/wp\/v2\/posts\/2286","targetHints":{"allow":["GET"]}}],"collection":[{"href":"https:\/\/medianeeds.es\/es\/wp-json\/wp\/v2\/posts"}],"about":[{"href":"https:\/\/medianeeds.es\/es\/wp-json\/wp\/v2\/types\/post"}],"author":[{"embeddable":true,"href":"https:\/\/medianeeds.es\/es\/wp-json\/wp\/v2\/users\/1"}],"replies":[{"embeddable":true,"href":"https:\/\/medianeeds.es\/es\/wp-json\/wp\/v2\/comments?post=2286"}],"version-history":[{"count":1,"href":"https:\/\/medianeeds.es\/es\/wp-json\/wp\/v2\/posts\/2286\/revisions"}],"predecessor-version":[{"id":10454,"href":"https:\/\/medianeeds.es\/es\/wp-json\/wp\/v2\/posts\/2286\/revisions\/10454"}],"wp:featuredmedia":[{"embeddable":true,"href":"https:\/\/medianeeds.es\/es\/wp-json\/"}],"wp:attachment":[{"href":"https:\/\/medianeeds.es\/es\/wp-json\/wp\/v2\/media?parent=2286"}],"wp:term":[{"taxonomy":"category","embeddable":true,"href":"https:\/\/medianeeds.es\/es\/wp-json\/wp\/v2\/categories?post=2286"},{"taxonomy":"post_tag","embeddable":true,"href":"https:\/\/medianeeds.es\/es\/wp-json\/wp\/v2\/tags?post=2286"}],"curies":[{"name":"wp","href":"https:\/\/api.w.org\/{rel}","templated":true}]}}