{"id":2283,"date":"2015-04-02T08:11:44","date_gmt":"2015-04-02T08:11:44","guid":{"rendered":"https:\/\/medianeeds.es\/es\/?p=2283"},"modified":"2018-08-31T09:22:28","modified_gmt":"2018-08-31T09:22:28","slug":"el-proximo-21-de-abril-tu-pagina-web-puede-perder-puntos-para-google","status":"publish","type":"post","link":"https:\/\/medianeeds.es\/es\/el-proximo-21-de-abril-tu-pagina-web-puede-perder-puntos-para-google\/","title":{"rendered":"El pr\u00f3ximo 21 de abril tu p\u00e1gina web puede perder puntos para Google"},"content":{"rendered":"<p>Hace algo m\u00e1s de un mes que por las distintas redes sociales venimos leyendo que a partir del 21 de abril nuestra p\u00e1gina desaparecer\u00e1 de los resultados de b\u00fasqueda de Google, pero esto no es literalmente cierto. A continuaci\u00f3n os informamos de lo que realmente pasar\u00e1 a partir del 21 de abril con nuestras p\u00e1ginas y los resultados de b\u00fasqueda.<\/p>\n<p>Esto es lo que anunciaba Google el pasado 26 de Marzo en su blog, concretamente en el post: Finding more mobile-Friendly search results, os traducimos el p\u00e1rrafo de inter\u00e9s a continuaci\u00f3n: (link: <a href=\"http:\/\/googlewebmastercentral.blogspot.co.nz\/2015\/02\/finding-more-mobile-friendly-search.html\">http:\/\/googlewebmastercentral.blogspot.co.nz\/2015\/02\/finding-more-mobile-friendly-search.html<\/a>)<\/p>\n<ol>\n<li>M\u00e1s sitios web m\u00f3viles amigables en los resultados de b\u00fasqueda<\/li>\n<\/ol>\n<p>A partir del 21 de abril vamos a ampliar el uso de \u201cmobile-friendly\u201d (\u201camigo\u201d de los dispositivos m\u00f3viles) como una se\u00f1al de ranking. Este cambio afectar\u00e1 a las b\u00fasquedas m\u00f3viles en todos los idiomas de todo el mundo y tendr\u00e1 un impacto significativo en nuestros resultados de b\u00fasqueda. En consecuencia, los usuarios encontrar\u00e1n m\u00e1s f\u00e1cil conseguir resultados relevantes, de alta calidad de b\u00fasqueda que est\u00e1n optimizadas para sus dispositivos.<\/p>\n<p>Con esto lo que b\u00e1sicamente nos quiere decir Google es que a partir del 21 de abril dar\u00e1 prioridad en sus resultados de b\u00fasquedas a las webs que est\u00e9n optimizadas para verse en dispositivos m\u00f3viles (smartphones, tablets,\u2026)<\/p>\n<p style=\"text-align: center;\"><a href=\"https:\/\/medianeeds.es\/\/wp-content\/uploads\/2015\/04\/alcance.jpg\"><img loading=\"lazy\" decoding=\"async\" class=\"alignnone size-full wp-image-665\" src=\"https:\/\/medianeeds.es\/\/wp-content\/uploads\/2015\/04\/alcance.jpg\" alt=\"alcance\" width=\"300\" height=\"219\" \/><\/a><\/p>\n<p>El mismo post nos facilita unas herramientas que nos analizar\u00e1n si nuestras p\u00e1ginas est\u00e1n adaptadas a estas requerimientos del buscador, las encontrar\u00e9is a continuaci\u00f3n:<\/p>\n<ol>\n<li>Test Mobile-friendly(link: https:\/\/www.google.com\/webmasters\/tools\/mobile-friendly\/?utm_source=wmc-blog&amp;utm_medium=referral&amp;utm_campaign=mobile-friendly ).<\/li>\n<li>Webmaster tools (link: <a href=\"https:\/\/www.google.com\/webmasters\/tools\/\">https:\/\/www.google.com\/<strong>webmasters<\/strong>\/<strong>tools<\/strong>\/<\/a> ) para obtener una lista completa de los problemas de usabilidad m\u00f3vil a trav\u00e9s de su sitio web utilizando el Informe usabilidad m\u00f3vil (link: https:\/\/www.google.com\/webmasters\/tools\/mobile-usability\u00a0) .<\/li>\n<\/ol>\n<p>Si usted cuenta con un website\u201d responsive\u201d no debe de preocuparse, ya que se adaptan perfectamente a las nuevas exigencias de Google. En el caso contrario Media Needs puede ayudarle para que sus p\u00e1gina no pierda posiciones en los resultados de b\u00fasqueda m\u00f3vil.<\/p>\n<p>\u00a1P\u00f3ngase en contacto con nosotros ahora!<\/p>\n","protected":false},"excerpt":{"rendered":"<p>Hace algo m\u00e1s de un mes que por las distintas redes sociales venimos leyendo que a partir del 21 de abril nuestra p\u00e1gina desaparecer\u00e1 de los resultados de b\u00fasqueda de Google, pero esto no es literalmente cierto. A continuaci\u00f3n os informamos de lo que realmente pasar\u00e1 a partir del 21 de abril con nuestras p\u00e1ginas [&hellip;]<\/p>\n","protected":false},"author":1,"featured_media":2284,"comment_status":"closed","ping_status":"closed","sticky":false,"template":"","format":"standard","meta":{"_et_pb_use_builder":"","_et_pb_old_content":"","_et_gb_content_width":"","footnotes":""},"categories":[252],"tags":[89,24,83,40,51,203],"class_list":["post-2283","post","type-post","status-publish","format-standard","has-post-thumbnail","hentry","category-noticias","tag-busqueda","tag-empresa-es","tag-google","tag-pagina-web","tag-posicionamiento","tag-seo"],"yoast_head":"<!-- This site is optimized with the Yoast SEO plugin v27.4 - https:\/\/yoast.com\/product\/yoast-seo-wordpress\/ -->\n<title>El pr\u00f3ximo 21 de abril tu p\u00e1gina web puede perder puntos para Google<\/title>\n<meta name=\"description\" content=\"Hace un mes que por las redes sociales venimos leyendo que a partir del 21 de abril nuestra p\u00e1gina desaparecer\u00e1 de los resultados de b\u00fasqueda de Google\" \/>\n<meta name=\"robots\" content=\"index, follow, max-snippet:-1, max-image-preview:large, max-video-preview:-1\" \/>\n<link rel=\"canonical\" href=\"https:\/\/medianeeds.es\/es\/el-proximo-21-de-abril-tu-pagina-web-puede-perder-puntos-para-google\/\" \/>\n<meta property=\"og:locale\" content=\"es_ES\" \/>\n<meta property=\"og:type\" content=\"article\" \/>\n<meta property=\"og:title\" content=\"El pr\u00f3ximo 21 de abril tu p\u00e1gina web puede perder puntos para Google\" \/>\n<meta property=\"og:description\" content=\"Hace un mes que por las redes sociales venimos leyendo que a partir del 21 de abril nuestra p\u00e1gina desaparecer\u00e1 de los resultados de b\u00fasqueda de Google\" \/>\n<meta property=\"og:url\" content=\"https:\/\/medianeeds.es\/es\/el-proximo-21-de-abril-tu-pagina-web-puede-perder-puntos-para-google\/\" \/>\n<meta property=\"og:site_name\" content=\"M\u00e0rketing Reus | Media Needs Reus | Ag\u00e8ncia de publicitat Reus\" \/>\n<meta property=\"article:publisher\" content=\"https:\/\/www.facebook.com\/medianeeds.es\/\" \/>\n<meta property=\"article:published_time\" content=\"2015-04-02T08:11:44+00:00\" \/>\n<meta property=\"article:modified_time\" content=\"2018-08-31T09:22:28+00:00\" \/>\n<meta property=\"og:image\" content=\"https:\/\/medianeeds.es\/wp-content\/uploads\/2024\/05\/young-female-logo-designer-working-graphic-tablet.jpg\" \/>\n\t<meta property=\"og:image:width\" content=\"1500\" \/>\n\t<meta property=\"og:image:height\" content=\"1000\" \/>\n\t<meta property=\"og:image:type\" content=\"image\/jpeg\" \/>\n<meta name=\"author\" content=\"Medianeeds\" \/>\n<meta name=\"twitter:label1\" content=\"Escrito por\" \/>\n\t<meta name=\"twitter:data1\" content=\"Medianeeds\" \/>\n\t<meta name=\"twitter:label2\" content=\"Tiempo de lectura\" \/>\n\t<meta name=\"twitter:data2\" content=\"2 minutos\" \/>\n<script type=\"application\/ld+json\" class=\"yoast-schema-graph\">{\"@context\":\"https:\\\/\\\/schema.org\",\"@graph\":[{\"@type\":\"Article\",\"@id\":\"https:\\\/\\\/medianeeds.es\\\/es\\\/el-proximo-21-de-abril-tu-pagina-web-puede-perder-puntos-para-google\\\/#article\",\"isPartOf\":{\"@id\":\"https:\\\/\\\/medianeeds.es\\\/es\\\/el-proximo-21-de-abril-tu-pagina-web-puede-perder-puntos-para-google\\\/\"},\"author\":{\"name\":\"Medianeeds\",\"@id\":\"https:\\\/\\\/medianeeds.es\\\/#\\\/schema\\\/person\\\/6a6f2f17f283df3eeb0946feebd2af79\"},\"headline\":\"El pr\u00f3ximo 21 de abril tu p\u00e1gina web puede perder puntos para Google\",\"datePublished\":\"2015-04-02T08:11:44+00:00\",\"dateModified\":\"2018-08-31T09:22:28+00:00\",\"mainEntityOfPage\":{\"@id\":\"https:\\\/\\\/medianeeds.es\\\/es\\\/el-proximo-21-de-abril-tu-pagina-web-puede-perder-puntos-para-google\\\/\"},\"wordCount\":395,\"publisher\":{\"@id\":\"https:\\\/\\\/medianeeds.es\\\/#organization\"},\"image\":{\"@id\":\"https:\\\/\\\/medianeeds.es\\\/es\\\/el-proximo-21-de-abril-tu-pagina-web-puede-perder-puntos-para-google\\\/#primaryimage\"},\"thumbnailUrl\":\"\",\"keywords\":[\"b\u00fasqueda\",\"Empresa\",\"google\",\"p\u00e0gina web\",\"posicionamiento\",\"SEO\"],\"articleSection\":[\"Noticias\"],\"inLanguage\":\"es\"},{\"@type\":\"WebPage\",\"@id\":\"https:\\\/\\\/medianeeds.es\\\/es\\\/el-proximo-21-de-abril-tu-pagina-web-puede-perder-puntos-para-google\\\/\",\"url\":\"https:\\\/\\\/medianeeds.es\\\/es\\\/el-proximo-21-de-abril-tu-pagina-web-puede-perder-puntos-para-google\\\/\",\"name\":\"El pr\u00f3ximo 21 de abril tu p\u00e1gina web puede perder puntos para Google\",\"isPartOf\":{\"@id\":\"https:\\\/\\\/medianeeds.es\\\/#website\"},\"primaryImageOfPage\":{\"@id\":\"https:\\\/\\\/medianeeds.es\\\/es\\\/el-proximo-21-de-abril-tu-pagina-web-puede-perder-puntos-para-google\\\/#primaryimage\"},\"image\":{\"@id\":\"https:\\\/\\\/medianeeds.es\\\/es\\\/el-proximo-21-de-abril-tu-pagina-web-puede-perder-puntos-para-google\\\/#primaryimage\"},\"thumbnailUrl\":\"\",\"datePublished\":\"2015-04-02T08:11:44+00:00\",\"dateModified\":\"2018-08-31T09:22:28+00:00\",\"description\":\"Hace un mes que por las redes sociales venimos leyendo que a partir del 21 de abril nuestra p\u00e1gina desaparecer\u00e1 de los resultados de b\u00fasqueda de Google\",\"breadcrumb\":{\"@id\":\"https:\\\/\\\/medianeeds.es\\\/es\\\/el-proximo-21-de-abril-tu-pagina-web-puede-perder-puntos-para-google\\\/#breadcrumb\"},\"inLanguage\":\"es\",\"potentialAction\":[{\"@type\":\"ReadAction\",\"target\":[\"https:\\\/\\\/medianeeds.es\\\/es\\\/el-proximo-21-de-abril-tu-pagina-web-puede-perder-puntos-para-google\\\/\"]}]},{\"@type\":\"ImageObject\",\"inLanguage\":\"es\",\"@id\":\"https:\\\/\\\/medianeeds.es\\\/es\\\/el-proximo-21-de-abril-tu-pagina-web-puede-perder-puntos-para-google\\\/#primaryimage\",\"url\":\"\",\"contentUrl\":\"\"},{\"@type\":\"BreadcrumbList\",\"@id\":\"https:\\\/\\\/medianeeds.es\\\/es\\\/el-proximo-21-de-abril-tu-pagina-web-puede-perder-puntos-para-google\\\/#breadcrumb\",\"itemListElement\":[{\"@type\":\"ListItem\",\"position\":1,\"name\":\"Portada\",\"item\":\"https:\\\/\\\/medianeeds.es\\\/\"},{\"@type\":\"ListItem\",\"position\":2,\"name\":\"El pr\u00f3ximo 21 de abril tu p\u00e1gina web puede perder puntos para Google\"}]},{\"@type\":\"WebSite\",\"@id\":\"https:\\\/\\\/medianeeds.es\\\/#website\",\"url\":\"https:\\\/\\\/medianeeds.es\\\/\",\"name\":\"M\u00e0rketing Reus | Media Needs Reus | Ag\u00e8ncia de publicitat Reus\",\"description\":\"MediaNeeds \u00e9s una empresa especialitzada en serveis integrals de publicitat, m\u00e0rqueting on-line i community manager a Reus, Tarragona\",\"publisher\":{\"@id\":\"https:\\\/\\\/medianeeds.es\\\/#organization\"},\"alternateName\":\"Media Needs\",\"potentialAction\":[{\"@type\":\"SearchAction\",\"target\":{\"@type\":\"EntryPoint\",\"urlTemplate\":\"https:\\\/\\\/medianeeds.es\\\/?s={search_term_string}\"},\"query-input\":{\"@type\":\"PropertyValueSpecification\",\"valueRequired\":true,\"valueName\":\"search_term_string\"}}],\"inLanguage\":\"es\"},{\"@type\":\"Organization\",\"@id\":\"https:\\\/\\\/medianeeds.es\\\/#organization\",\"name\":\"M\u00e0rketing Reus | Media Needs Reus | Ag\u00e8ncia de publicitat Reus\",\"alternateName\":\"Media Needs\",\"url\":\"https:\\\/\\\/medianeeds.es\\\/\",\"logo\":{\"@type\":\"ImageObject\",\"inLanguage\":\"es\",\"@id\":\"https:\\\/\\\/medianeeds.es\\\/#\\\/schema\\\/logo\\\/image\\\/\",\"url\":\"https:\\\/\\\/medianeeds.es\\\/wp-content\\\/uploads\\\/2024\\\/06\\\/COLOR_Mesa-de-trabajo-1-copia.png\",\"contentUrl\":\"https:\\\/\\\/medianeeds.es\\\/wp-content\\\/uploads\\\/2024\\\/06\\\/COLOR_Mesa-de-trabajo-1-copia.png\",\"width\":470,\"height\":226,\"caption\":\"M\u00e0rketing Reus | Media Needs Reus | Ag\u00e8ncia de publicitat Reus\"},\"image\":{\"@id\":\"https:\\\/\\\/medianeeds.es\\\/#\\\/schema\\\/logo\\\/image\\\/\"},\"sameAs\":[\"https:\\\/\\\/www.facebook.com\\\/medianeeds.es\\\/\",\"https:\\\/\\\/x.com\\\/media_needs\",\"https:\\\/\\\/www.instagram.com\\\/medianeeds\\\/?hl=es\"]},{\"@type\":\"Person\",\"@id\":\"https:\\\/\\\/medianeeds.es\\\/#\\\/schema\\\/person\\\/6a6f2f17f283df3eeb0946feebd2af79\",\"name\":\"Medianeeds\",\"image\":{\"@type\":\"ImageObject\",\"inLanguage\":\"es\",\"@id\":\"https:\\\/\\\/secure.gravatar.com\\\/avatar\\\/442251953f111b43a4668103c7b7c09aa35690e525473fb0bb9db0681ee9c0c3?s=96&d=mm&r=g\",\"url\":\"https:\\\/\\\/secure.gravatar.com\\\/avatar\\\/442251953f111b43a4668103c7b7c09aa35690e525473fb0bb9db0681ee9c0c3?s=96&d=mm&r=g\",\"contentUrl\":\"https:\\\/\\\/secure.gravatar.com\\\/avatar\\\/442251953f111b43a4668103c7b7c09aa35690e525473fb0bb9db0681ee9c0c3?s=96&d=mm&r=g\",\"caption\":\"Medianeeds\"},\"url\":\"https:\\\/\\\/medianeeds.es\\\/es\\\/author\\\/medianeeds\\\/\"}]}<\/script>\n<!-- \/ Yoast SEO plugin. -->","yoast_head_json":{"title":"El pr\u00f3ximo 21 de abril tu p\u00e1gina web puede perder puntos para Google","description":"Hace un mes que por las redes sociales venimos leyendo que a partir del 21 de abril nuestra p\u00e1gina desaparecer\u00e1 de los resultados de b\u00fasqueda de Google","robots":{"index":"index","follow":"follow","max-snippet":"max-snippet:-1","max-image-preview":"max-image-preview:large","max-video-preview":"max-video-preview:-1"},"canonical":"https:\/\/medianeeds.es\/es\/el-proximo-21-de-abril-tu-pagina-web-puede-perder-puntos-para-google\/","og_locale":"es_ES","og_type":"article","og_title":"El pr\u00f3ximo 21 de abril tu p\u00e1gina web puede perder puntos para Google","og_description":"Hace un mes que por las redes sociales venimos leyendo que a partir del 21 de abril nuestra p\u00e1gina desaparecer\u00e1 de los resultados de b\u00fasqueda de Google","og_url":"https:\/\/medianeeds.es\/es\/el-proximo-21-de-abril-tu-pagina-web-puede-perder-puntos-para-google\/","og_site_name":"M\u00e0rketing Reus | Media Needs Reus | Ag\u00e8ncia de publicitat Reus","article_publisher":"https:\/\/www.facebook.com\/medianeeds.es\/","article_published_time":"2015-04-02T08:11:44+00:00","article_modified_time":"2018-08-31T09:22:28+00:00","og_image":[{"width":1500,"height":1000,"url":"https:\/\/medianeeds.es\/wp-content\/uploads\/2024\/05\/young-female-logo-designer-working-graphic-tablet.jpg","type":"image\/jpeg"}],"author":"Medianeeds","twitter_misc":{"Escrito por":"Medianeeds","Tiempo de lectura":"2 minutos"},"schema":{"@context":"https:\/\/schema.org","@graph":[{"@type":"Article","@id":"https:\/\/medianeeds.es\/es\/el-proximo-21-de-abril-tu-pagina-web-puede-perder-puntos-para-google\/#article","isPartOf":{"@id":"https:\/\/medianeeds.es\/es\/el-proximo-21-de-abril-tu-pagina-web-puede-perder-puntos-para-google\/"},"author":{"name":"Medianeeds","@id":"https:\/\/medianeeds.es\/#\/schema\/person\/6a6f2f17f283df3eeb0946feebd2af79"},"headline":"El pr\u00f3ximo 21 de abril tu p\u00e1gina web puede perder puntos para Google","datePublished":"2015-04-02T08:11:44+00:00","dateModified":"2018-08-31T09:22:28+00:00","mainEntityOfPage":{"@id":"https:\/\/medianeeds.es\/es\/el-proximo-21-de-abril-tu-pagina-web-puede-perder-puntos-para-google\/"},"wordCount":395,"publisher":{"@id":"https:\/\/medianeeds.es\/#organization"},"image":{"@id":"https:\/\/medianeeds.es\/es\/el-proximo-21-de-abril-tu-pagina-web-puede-perder-puntos-para-google\/#primaryimage"},"thumbnailUrl":"","keywords":["b\u00fasqueda","Empresa","google","p\u00e0gina web","posicionamiento","SEO"],"articleSection":["Noticias"],"inLanguage":"es"},{"@type":"WebPage","@id":"https:\/\/medianeeds.es\/es\/el-proximo-21-de-abril-tu-pagina-web-puede-perder-puntos-para-google\/","url":"https:\/\/medianeeds.es\/es\/el-proximo-21-de-abril-tu-pagina-web-puede-perder-puntos-para-google\/","name":"El pr\u00f3ximo 21 de abril tu p\u00e1gina web puede perder puntos para Google","isPartOf":{"@id":"https:\/\/medianeeds.es\/#website"},"primaryImageOfPage":{"@id":"https:\/\/medianeeds.es\/es\/el-proximo-21-de-abril-tu-pagina-web-puede-perder-puntos-para-google\/#primaryimage"},"image":{"@id":"https:\/\/medianeeds.es\/es\/el-proximo-21-de-abril-tu-pagina-web-puede-perder-puntos-para-google\/#primaryimage"},"thumbnailUrl":"","datePublished":"2015-04-02T08:11:44+00:00","dateModified":"2018-08-31T09:22:28+00:00","description":"Hace un mes que por las redes sociales venimos leyendo que a partir del 21 de abril nuestra p\u00e1gina desaparecer\u00e1 de los resultados de b\u00fasqueda de Google","breadcrumb":{"@id":"https:\/\/medianeeds.es\/es\/el-proximo-21-de-abril-tu-pagina-web-puede-perder-puntos-para-google\/#breadcrumb"},"inLanguage":"es","potentialAction":[{"@type":"ReadAction","target":["https:\/\/medianeeds.es\/es\/el-proximo-21-de-abril-tu-pagina-web-puede-perder-puntos-para-google\/"]}]},{"@type":"ImageObject","inLanguage":"es","@id":"https:\/\/medianeeds.es\/es\/el-proximo-21-de-abril-tu-pagina-web-puede-perder-puntos-para-google\/#primaryimage","url":"","contentUrl":""},{"@type":"BreadcrumbList","@id":"https:\/\/medianeeds.es\/es\/el-proximo-21-de-abril-tu-pagina-web-puede-perder-puntos-para-google\/#breadcrumb","itemListElement":[{"@type":"ListItem","position":1,"name":"Portada","item":"https:\/\/medianeeds.es\/"},{"@type":"ListItem","position":2,"name":"El pr\u00f3ximo 21 de abril tu p\u00e1gina web puede perder puntos para Google"}]},{"@type":"WebSite","@id":"https:\/\/medianeeds.es\/#website","url":"https:\/\/medianeeds.es\/","name":"M\u00e0rketing Reus | Media Needs Reus | Ag\u00e8ncia de publicitat Reus","description":"MediaNeeds \u00e9s una empresa especialitzada en serveis integrals de publicitat, m\u00e0rqueting on-line i community manager a Reus, Tarragona","publisher":{"@id":"https:\/\/medianeeds.es\/#organization"},"alternateName":"Media Needs","potentialAction":[{"@type":"SearchAction","target":{"@type":"EntryPoint","urlTemplate":"https:\/\/medianeeds.es\/?s={search_term_string}"},"query-input":{"@type":"PropertyValueSpecification","valueRequired":true,"valueName":"search_term_string"}}],"inLanguage":"es"},{"@type":"Organization","@id":"https:\/\/medianeeds.es\/#organization","name":"M\u00e0rketing Reus | Media Needs Reus | Ag\u00e8ncia de publicitat Reus","alternateName":"Media Needs","url":"https:\/\/medianeeds.es\/","logo":{"@type":"ImageObject","inLanguage":"es","@id":"https:\/\/medianeeds.es\/#\/schema\/logo\/image\/","url":"https:\/\/medianeeds.es\/wp-content\/uploads\/2024\/06\/COLOR_Mesa-de-trabajo-1-copia.png","contentUrl":"https:\/\/medianeeds.es\/wp-content\/uploads\/2024\/06\/COLOR_Mesa-de-trabajo-1-copia.png","width":470,"height":226,"caption":"M\u00e0rketing Reus | Media Needs Reus | Ag\u00e8ncia de publicitat Reus"},"image":{"@id":"https:\/\/medianeeds.es\/#\/schema\/logo\/image\/"},"sameAs":["https:\/\/www.facebook.com\/medianeeds.es\/","https:\/\/x.com\/media_needs","https:\/\/www.instagram.com\/medianeeds\/?hl=es"]},{"@type":"Person","@id":"https:\/\/medianeeds.es\/#\/schema\/person\/6a6f2f17f283df3eeb0946feebd2af79","name":"Medianeeds","image":{"@type":"ImageObject","inLanguage":"es","@id":"https:\/\/secure.gravatar.com\/avatar\/442251953f111b43a4668103c7b7c09aa35690e525473fb0bb9db0681ee9c0c3?s=96&d=mm&r=g","url":"https:\/\/secure.gravatar.com\/avatar\/442251953f111b43a4668103c7b7c09aa35690e525473fb0bb9db0681ee9c0c3?s=96&d=mm&r=g","contentUrl":"https:\/\/secure.gravatar.com\/avatar\/442251953f111b43a4668103c7b7c09aa35690e525473fb0bb9db0681ee9c0c3?s=96&d=mm&r=g","caption":"Medianeeds"},"url":"https:\/\/medianeeds.es\/es\/author\/medianeeds\/"}]}},"_links":{"self":[{"href":"https:\/\/medianeeds.es\/es\/wp-json\/wp\/v2\/posts\/2283","targetHints":{"allow":["GET"]}}],"collection":[{"href":"https:\/\/medianeeds.es\/es\/wp-json\/wp\/v2\/posts"}],"about":[{"href":"https:\/\/medianeeds.es\/es\/wp-json\/wp\/v2\/types\/post"}],"author":[{"embeddable":true,"href":"https:\/\/medianeeds.es\/es\/wp-json\/wp\/v2\/users\/1"}],"replies":[{"embeddable":true,"href":"https:\/\/medianeeds.es\/es\/wp-json\/wp\/v2\/comments?post=2283"}],"version-history":[{"count":1,"href":"https:\/\/medianeeds.es\/es\/wp-json\/wp\/v2\/posts\/2283\/revisions"}],"predecessor-version":[{"id":10465,"href":"https:\/\/medianeeds.es\/es\/wp-json\/wp\/v2\/posts\/2283\/revisions\/10465"}],"wp:featuredmedia":[{"embeddable":true,"href":"https:\/\/medianeeds.es\/es\/wp-json\/"}],"wp:attachment":[{"href":"https:\/\/medianeeds.es\/es\/wp-json\/wp\/v2\/media?parent=2283"}],"wp:term":[{"taxonomy":"category","embeddable":true,"href":"https:\/\/medianeeds.es\/es\/wp-json\/wp\/v2\/categories?post=2283"},{"taxonomy":"post_tag","embeddable":true,"href":"https:\/\/medianeeds.es\/es\/wp-json\/wp\/v2\/tags?post=2283"}],"curies":[{"name":"wp","href":"https:\/\/api.w.org\/{rel}","templated":true}]}}