{"id":2192,"date":"2016-07-31T10:09:09","date_gmt":"2016-07-31T10:09:09","guid":{"rendered":"https:\/\/medianeeds.es\/es\/?p=2192"},"modified":"2018-08-31T09:19:28","modified_gmt":"2018-08-31T09:19:28","slug":"renovarse-morir-logo-juicio","status":"publish","type":"post","link":"https:\/\/medianeeds.es\/es\/renovarse-morir-logo-juicio\/","title":{"rendered":"Renovarse o morir: Tu logo a juicio"},"content":{"rendered":"<p>El <strong>logotipo es la cara p\u00fablica<\/strong> de tu marca o negocio y al igual que nuestro negocio avanza, su imagen deber\u00eda avanzar con \u00e9l. Todo logotipo debe transmitir los valores de la marca o negocio, causar impacto y generar el recuerdo en nuestro p\u00fablico, adaptativo a cualquier tama\u00f1o y legible.<\/p>\n<p>A pesar de cumplir con estas caracter\u00edsticas, puede ser que por <strong>factores tanto internos como externos<\/strong>, \u00a0nuestro logo est\u00e9 sufriendo cierto desfase. Algunos de estos motivos pueden ser:<\/p>\n<ul>\n<li>Los valores de la marca o empresa han cambiado y se est\u00e1 dando una imagen equivocada.<\/li>\n<li>La est\u00e9tica del logo no se adapta a los nuevos formatos.<\/li>\n<li>Ya no se identifica con nuestro nuevo p\u00fablico objetivo.<\/li>\n<li>Nuestra competencia ha cambiado y se ha renovado con una imagen m\u00e1s moderna.<\/li>\n<\/ul>\n<p>Si tu logotipo no se adapta a los tiempos modernos, <strong>no representa tu negocio actual<\/strong> o simplemente ya no es <strong>tan atractivo como el de tus competidores<\/strong>, es el momento de pensar en renovarlo y darle un nuevo aire.<\/p>\n<p>A continuaci\u00f3n te mostramos algunas grandes compa\u00f1\u00edas y organizaciones que han realizado cambios en\u00a0 el estilo de su logotipo con el fin de ir adapt\u00e1ndose a los nuevos tiempos que se les presentan.<\/p>\n<p><a href=\"https:\/\/medianeeds.es\/\/wp-content\/uploads\/2015\/07\/pizza-hut.png\"><img loading=\"lazy\" decoding=\"async\" class=\"aligncenter size-full wp-image-784\" src=\"https:\/\/medianeeds.es\/\/wp-content\/uploads\/2015\/07\/pizza-hut.png\" alt=\"pizza-hut\" width=\"900\" height=\"250\" \/><\/a><a href=\"https:\/\/medianeeds.es\/\/wp-content\/uploads\/2015\/07\/logo-facebook.png\"><img loading=\"lazy\" decoding=\"async\" class=\"aligncenter size-full wp-image-777\" src=\"https:\/\/medianeeds.es\/\/wp-content\/uploads\/2015\/07\/logo-facebook.png\" alt=\"logo-facebook\" width=\"900\" height=\"250\" \/><\/a><a href=\"https:\/\/medianeeds.es\/\/wp-content\/uploads\/2015\/07\/logo-lenovo.png\"><img loading=\"lazy\" decoding=\"async\" class=\"aligncenter size-full wp-image-778\" src=\"https:\/\/medianeeds.es\/\/wp-content\/uploads\/2015\/07\/logo-lenovo.png\" alt=\"logo-lenovo\" width=\"900\" height=\"250\" \/><\/a><a href=\"https:\/\/medianeeds.es\/\/wp-content\/uploads\/2015\/07\/logo-populares.png\"><img loading=\"lazy\" decoding=\"async\" class=\"aligncenter size-full wp-image-779\" src=\"https:\/\/medianeeds.es\/\/wp-content\/uploads\/2015\/07\/logo-populares.png\" alt=\"logo-populares\" width=\"900\" height=\"250\" \/><\/a><a href=\"https:\/\/medianeeds.es\/\/wp-content\/uploads\/2015\/07\/logo-socialistas.png\"><img loading=\"lazy\" decoding=\"async\" class=\"aligncenter size-full wp-image-781\" src=\"https:\/\/medianeeds.es\/\/wp-content\/uploads\/2015\/07\/logo-socialistas.png\" alt=\"logo-socialistas\" width=\"900\" height=\"250\" \/><\/a><a href=\"https:\/\/medianeeds.es\/\/wp-content\/uploads\/2015\/07\/logo-reale-seguros.png\"><img loading=\"lazy\" decoding=\"async\" class=\"aligncenter size-full wp-image-780\" src=\"https:\/\/medianeeds.es\/\/wp-content\/uploads\/2015\/07\/logo-reale-seguros.png\" alt=\"logo-reale-seguros\" width=\"900\" height=\"250\" \/><\/a><a href=\"https:\/\/medianeeds.es\/\/wp-content\/uploads\/2015\/07\/logos-renault.png\"><img loading=\"lazy\" decoding=\"async\" class=\"aligncenter size-full wp-image-782\" src=\"https:\/\/medianeeds.es\/\/wp-content\/uploads\/2015\/07\/logos-renault.png\" alt=\"logos-renault\" width=\"900\" height=\"250\" \/><\/a><a href=\"https:\/\/medianeeds.es\/\/wp-content\/uploads\/2015\/07\/logos-seat.png\"><img loading=\"lazy\" decoding=\"async\" class=\"aligncenter size-full wp-image-783\" src=\"https:\/\/medianeeds.es\/\/wp-content\/uploads\/2015\/07\/logos-seat.png\" alt=\"logos-seat\" width=\"900\" height=\"250\" \/><\/a><\/p>\n","protected":false},"excerpt":{"rendered":"<p>El logotipo es la cara p\u00fablica de tu marca o negocio y al igual que nuestro negocio avanza, su imagen deber\u00eda avanzar con \u00e9l. Todo logotipo debe transmitir los valores de la marca o negocio, causar impacto y generar el recuerdo en nuestro p\u00fablico, adaptativo a cualquier tama\u00f1o y legible. A pesar de cumplir con [&hellip;]<\/p>\n","protected":false},"author":1,"featured_media":2193,"comment_status":"closed","ping_status":"closed","sticky":false,"template":"","format":"standard","meta":{"_et_pb_use_builder":"","_et_pb_old_content":"","_et_gb_content_width":"","footnotes":""},"categories":[252],"tags":[54,48,49],"class_list":["post-2192","post","type-post","status-publish","format-standard","has-post-thumbnail","hentry","category-noticias","tag-comunicacion-corporativa","tag-identidad-corporativa","tag-imagen-corporativa"],"yoast_head":"<!-- This site is optimized with the Yoast SEO plugin v27.4 - https:\/\/yoast.com\/product\/yoast-seo-wordpress\/ -->\n<title>Renovarse o morir: Tu logo a juicio<\/title>\n<meta name=\"description\" content=\"El logo es la cara p\u00fablica de tu marca o negocio y al igual que nuestro negocio avanza, su imagen deber\u00eda avanzar con \u00e9l...\" \/>\n<meta name=\"robots\" content=\"index, follow, max-snippet:-1, max-image-preview:large, max-video-preview:-1\" \/>\n<link rel=\"canonical\" href=\"https:\/\/medianeeds.es\/es\/renovarse-morir-logo-juicio\/\" \/>\n<meta property=\"og:locale\" content=\"es_ES\" \/>\n<meta property=\"og:type\" content=\"article\" \/>\n<meta property=\"og:title\" content=\"Renovarse o morir: Tu logo a juicio\" \/>\n<meta property=\"og:description\" content=\"El logo es la cara p\u00fablica de tu marca o negocio y al igual que nuestro negocio avanza, su imagen deber\u00eda avanzar con \u00e9l...\" \/>\n<meta property=\"og:url\" content=\"https:\/\/medianeeds.es\/es\/renovarse-morir-logo-juicio\/\" \/>\n<meta property=\"og:site_name\" content=\"M\u00e0rketing Reus | Media Needs Reus | Ag\u00e8ncia de publicitat Reus\" \/>\n<meta property=\"article:publisher\" content=\"https:\/\/www.facebook.com\/medianeeds.es\/\" \/>\n<meta property=\"article:published_time\" content=\"2016-07-31T10:09:09+00:00\" \/>\n<meta property=\"article:modified_time\" content=\"2018-08-31T09:19:28+00:00\" \/>\n<meta property=\"og:image\" content=\"https:\/\/medianeeds.es\/wp-content\/uploads\/2024\/05\/young-female-logo-designer-working-graphic-tablet.jpg\" \/>\n\t<meta property=\"og:image:width\" content=\"1500\" \/>\n\t<meta property=\"og:image:height\" content=\"1000\" \/>\n\t<meta property=\"og:image:type\" content=\"image\/jpeg\" \/>\n<meta name=\"author\" content=\"Medianeeds\" \/>\n<meta name=\"twitter:label1\" content=\"Escrito por\" \/>\n\t<meta name=\"twitter:data1\" content=\"Medianeeds\" \/>\n\t<meta name=\"twitter:label2\" content=\"Tiempo de lectura\" \/>\n\t<meta name=\"twitter:data2\" content=\"1 minuto\" \/>\n<script type=\"application\/ld+json\" class=\"yoast-schema-graph\">{\"@context\":\"https:\\\/\\\/schema.org\",\"@graph\":[{\"@type\":\"Article\",\"@id\":\"https:\\\/\\\/medianeeds.es\\\/es\\\/renovarse-morir-logo-juicio\\\/#article\",\"isPartOf\":{\"@id\":\"https:\\\/\\\/medianeeds.es\\\/es\\\/renovarse-morir-logo-juicio\\\/\"},\"author\":{\"name\":\"Medianeeds\",\"@id\":\"https:\\\/\\\/medianeeds.es\\\/#\\\/schema\\\/person\\\/6a6f2f17f283df3eeb0946feebd2af79\"},\"headline\":\"Renovarse o morir: Tu logo a juicio\",\"datePublished\":\"2016-07-31T10:09:09+00:00\",\"dateModified\":\"2018-08-31T09:19:28+00:00\",\"mainEntityOfPage\":{\"@id\":\"https:\\\/\\\/medianeeds.es\\\/es\\\/renovarse-morir-logo-juicio\\\/\"},\"wordCount\":217,\"publisher\":{\"@id\":\"https:\\\/\\\/medianeeds.es\\\/#organization\"},\"image\":{\"@id\":\"https:\\\/\\\/medianeeds.es\\\/es\\\/renovarse-morir-logo-juicio\\\/#primaryimage\"},\"thumbnailUrl\":\"\",\"keywords\":[\"comunicaci\u00f3n corporativa\",\"identidad corporativa\",\"imagen corporativa\"],\"articleSection\":[\"Noticias\"],\"inLanguage\":\"es\"},{\"@type\":\"WebPage\",\"@id\":\"https:\\\/\\\/medianeeds.es\\\/es\\\/renovarse-morir-logo-juicio\\\/\",\"url\":\"https:\\\/\\\/medianeeds.es\\\/es\\\/renovarse-morir-logo-juicio\\\/\",\"name\":\"Renovarse o morir: Tu logo a juicio\",\"isPartOf\":{\"@id\":\"https:\\\/\\\/medianeeds.es\\\/#website\"},\"primaryImageOfPage\":{\"@id\":\"https:\\\/\\\/medianeeds.es\\\/es\\\/renovarse-morir-logo-juicio\\\/#primaryimage\"},\"image\":{\"@id\":\"https:\\\/\\\/medianeeds.es\\\/es\\\/renovarse-morir-logo-juicio\\\/#primaryimage\"},\"thumbnailUrl\":\"\",\"datePublished\":\"2016-07-31T10:09:09+00:00\",\"dateModified\":\"2018-08-31T09:19:28+00:00\",\"description\":\"El logo es la cara p\u00fablica de tu marca o negocio y al igual que nuestro negocio avanza, su imagen deber\u00eda avanzar con \u00e9l...\",\"breadcrumb\":{\"@id\":\"https:\\\/\\\/medianeeds.es\\\/es\\\/renovarse-morir-logo-juicio\\\/#breadcrumb\"},\"inLanguage\":\"es\",\"potentialAction\":[{\"@type\":\"ReadAction\",\"target\":[\"https:\\\/\\\/medianeeds.es\\\/es\\\/renovarse-morir-logo-juicio\\\/\"]}]},{\"@type\":\"ImageObject\",\"inLanguage\":\"es\",\"@id\":\"https:\\\/\\\/medianeeds.es\\\/es\\\/renovarse-morir-logo-juicio\\\/#primaryimage\",\"url\":\"\",\"contentUrl\":\"\"},{\"@type\":\"BreadcrumbList\",\"@id\":\"https:\\\/\\\/medianeeds.es\\\/es\\\/renovarse-morir-logo-juicio\\\/#breadcrumb\",\"itemListElement\":[{\"@type\":\"ListItem\",\"position\":1,\"name\":\"Portada\",\"item\":\"https:\\\/\\\/medianeeds.es\\\/\"},{\"@type\":\"ListItem\",\"position\":2,\"name\":\"Renovarse o morir: Tu logo a juicio\"}]},{\"@type\":\"WebSite\",\"@id\":\"https:\\\/\\\/medianeeds.es\\\/#website\",\"url\":\"https:\\\/\\\/medianeeds.es\\\/\",\"name\":\"M\u00e0rketing Reus | Media Needs Reus | Ag\u00e8ncia de publicitat Reus\",\"description\":\"MediaNeeds \u00e9s una empresa especialitzada en serveis integrals de publicitat, m\u00e0rqueting on-line i community manager a Reus, Tarragona\",\"publisher\":{\"@id\":\"https:\\\/\\\/medianeeds.es\\\/#organization\"},\"alternateName\":\"Media Needs\",\"potentialAction\":[{\"@type\":\"SearchAction\",\"target\":{\"@type\":\"EntryPoint\",\"urlTemplate\":\"https:\\\/\\\/medianeeds.es\\\/?s={search_term_string}\"},\"query-input\":{\"@type\":\"PropertyValueSpecification\",\"valueRequired\":true,\"valueName\":\"search_term_string\"}}],\"inLanguage\":\"es\"},{\"@type\":\"Organization\",\"@id\":\"https:\\\/\\\/medianeeds.es\\\/#organization\",\"name\":\"M\u00e0rketing Reus | Media Needs Reus | Ag\u00e8ncia de publicitat Reus\",\"alternateName\":\"Media Needs\",\"url\":\"https:\\\/\\\/medianeeds.es\\\/\",\"logo\":{\"@type\":\"ImageObject\",\"inLanguage\":\"es\",\"@id\":\"https:\\\/\\\/medianeeds.es\\\/#\\\/schema\\\/logo\\\/image\\\/\",\"url\":\"https:\\\/\\\/medianeeds.es\\\/wp-content\\\/uploads\\\/2024\\\/06\\\/COLOR_Mesa-de-trabajo-1-copia.png\",\"contentUrl\":\"https:\\\/\\\/medianeeds.es\\\/wp-content\\\/uploads\\\/2024\\\/06\\\/COLOR_Mesa-de-trabajo-1-copia.png\",\"width\":470,\"height\":226,\"caption\":\"M\u00e0rketing Reus | Media Needs Reus | Ag\u00e8ncia de publicitat Reus\"},\"image\":{\"@id\":\"https:\\\/\\\/medianeeds.es\\\/#\\\/schema\\\/logo\\\/image\\\/\"},\"sameAs\":[\"https:\\\/\\\/www.facebook.com\\\/medianeeds.es\\\/\",\"https:\\\/\\\/x.com\\\/media_needs\",\"https:\\\/\\\/www.instagram.com\\\/medianeeds\\\/?hl=es\"]},{\"@type\":\"Person\",\"@id\":\"https:\\\/\\\/medianeeds.es\\\/#\\\/schema\\\/person\\\/6a6f2f17f283df3eeb0946feebd2af79\",\"name\":\"Medianeeds\",\"image\":{\"@type\":\"ImageObject\",\"inLanguage\":\"es\",\"@id\":\"https:\\\/\\\/secure.gravatar.com\\\/avatar\\\/442251953f111b43a4668103c7b7c09aa35690e525473fb0bb9db0681ee9c0c3?s=96&d=mm&r=g\",\"url\":\"https:\\\/\\\/secure.gravatar.com\\\/avatar\\\/442251953f111b43a4668103c7b7c09aa35690e525473fb0bb9db0681ee9c0c3?s=96&d=mm&r=g\",\"contentUrl\":\"https:\\\/\\\/secure.gravatar.com\\\/avatar\\\/442251953f111b43a4668103c7b7c09aa35690e525473fb0bb9db0681ee9c0c3?s=96&d=mm&r=g\",\"caption\":\"Medianeeds\"},\"url\":\"https:\\\/\\\/medianeeds.es\\\/es\\\/author\\\/medianeeds\\\/\"}]}<\/script>\n<!-- \/ Yoast SEO plugin. -->","yoast_head_json":{"title":"Renovarse o morir: Tu logo a juicio","description":"El logo es la cara p\u00fablica de tu marca o negocio y al igual que nuestro negocio avanza, su imagen deber\u00eda avanzar con \u00e9l...","robots":{"index":"index","follow":"follow","max-snippet":"max-snippet:-1","max-image-preview":"max-image-preview:large","max-video-preview":"max-video-preview:-1"},"canonical":"https:\/\/medianeeds.es\/es\/renovarse-morir-logo-juicio\/","og_locale":"es_ES","og_type":"article","og_title":"Renovarse o morir: Tu logo a juicio","og_description":"El logo es la cara p\u00fablica de tu marca o negocio y al igual que nuestro negocio avanza, su imagen deber\u00eda avanzar con \u00e9l...","og_url":"https:\/\/medianeeds.es\/es\/renovarse-morir-logo-juicio\/","og_site_name":"M\u00e0rketing Reus | Media Needs Reus | Ag\u00e8ncia de publicitat Reus","article_publisher":"https:\/\/www.facebook.com\/medianeeds.es\/","article_published_time":"2016-07-31T10:09:09+00:00","article_modified_time":"2018-08-31T09:19:28+00:00","og_image":[{"width":1500,"height":1000,"url":"https:\/\/medianeeds.es\/wp-content\/uploads\/2024\/05\/young-female-logo-designer-working-graphic-tablet.jpg","type":"image\/jpeg"}],"author":"Medianeeds","twitter_misc":{"Escrito por":"Medianeeds","Tiempo de lectura":"1 minuto"},"schema":{"@context":"https:\/\/schema.org","@graph":[{"@type":"Article","@id":"https:\/\/medianeeds.es\/es\/renovarse-morir-logo-juicio\/#article","isPartOf":{"@id":"https:\/\/medianeeds.es\/es\/renovarse-morir-logo-juicio\/"},"author":{"name":"Medianeeds","@id":"https:\/\/medianeeds.es\/#\/schema\/person\/6a6f2f17f283df3eeb0946feebd2af79"},"headline":"Renovarse o morir: Tu logo a juicio","datePublished":"2016-07-31T10:09:09+00:00","dateModified":"2018-08-31T09:19:28+00:00","mainEntityOfPage":{"@id":"https:\/\/medianeeds.es\/es\/renovarse-morir-logo-juicio\/"},"wordCount":217,"publisher":{"@id":"https:\/\/medianeeds.es\/#organization"},"image":{"@id":"https:\/\/medianeeds.es\/es\/renovarse-morir-logo-juicio\/#primaryimage"},"thumbnailUrl":"","keywords":["comunicaci\u00f3n corporativa","identidad corporativa","imagen corporativa"],"articleSection":["Noticias"],"inLanguage":"es"},{"@type":"WebPage","@id":"https:\/\/medianeeds.es\/es\/renovarse-morir-logo-juicio\/","url":"https:\/\/medianeeds.es\/es\/renovarse-morir-logo-juicio\/","name":"Renovarse o morir: Tu logo a juicio","isPartOf":{"@id":"https:\/\/medianeeds.es\/#website"},"primaryImageOfPage":{"@id":"https:\/\/medianeeds.es\/es\/renovarse-morir-logo-juicio\/#primaryimage"},"image":{"@id":"https:\/\/medianeeds.es\/es\/renovarse-morir-logo-juicio\/#primaryimage"},"thumbnailUrl":"","datePublished":"2016-07-31T10:09:09+00:00","dateModified":"2018-08-31T09:19:28+00:00","description":"El logo es la cara p\u00fablica de tu marca o negocio y al igual que nuestro negocio avanza, su imagen deber\u00eda avanzar con \u00e9l...","breadcrumb":{"@id":"https:\/\/medianeeds.es\/es\/renovarse-morir-logo-juicio\/#breadcrumb"},"inLanguage":"es","potentialAction":[{"@type":"ReadAction","target":["https:\/\/medianeeds.es\/es\/renovarse-morir-logo-juicio\/"]}]},{"@type":"ImageObject","inLanguage":"es","@id":"https:\/\/medianeeds.es\/es\/renovarse-morir-logo-juicio\/#primaryimage","url":"","contentUrl":""},{"@type":"BreadcrumbList","@id":"https:\/\/medianeeds.es\/es\/renovarse-morir-logo-juicio\/#breadcrumb","itemListElement":[{"@type":"ListItem","position":1,"name":"Portada","item":"https:\/\/medianeeds.es\/"},{"@type":"ListItem","position":2,"name":"Renovarse o morir: Tu logo a juicio"}]},{"@type":"WebSite","@id":"https:\/\/medianeeds.es\/#website","url":"https:\/\/medianeeds.es\/","name":"M\u00e0rketing Reus | Media Needs Reus | Ag\u00e8ncia de publicitat Reus","description":"MediaNeeds \u00e9s una empresa especialitzada en serveis integrals de publicitat, m\u00e0rqueting on-line i community manager a Reus, Tarragona","publisher":{"@id":"https:\/\/medianeeds.es\/#organization"},"alternateName":"Media Needs","potentialAction":[{"@type":"SearchAction","target":{"@type":"EntryPoint","urlTemplate":"https:\/\/medianeeds.es\/?s={search_term_string}"},"query-input":{"@type":"PropertyValueSpecification","valueRequired":true,"valueName":"search_term_string"}}],"inLanguage":"es"},{"@type":"Organization","@id":"https:\/\/medianeeds.es\/#organization","name":"M\u00e0rketing Reus | Media Needs Reus | Ag\u00e8ncia de publicitat Reus","alternateName":"Media Needs","url":"https:\/\/medianeeds.es\/","logo":{"@type":"ImageObject","inLanguage":"es","@id":"https:\/\/medianeeds.es\/#\/schema\/logo\/image\/","url":"https:\/\/medianeeds.es\/wp-content\/uploads\/2024\/06\/COLOR_Mesa-de-trabajo-1-copia.png","contentUrl":"https:\/\/medianeeds.es\/wp-content\/uploads\/2024\/06\/COLOR_Mesa-de-trabajo-1-copia.png","width":470,"height":226,"caption":"M\u00e0rketing Reus | Media Needs Reus | Ag\u00e8ncia de publicitat Reus"},"image":{"@id":"https:\/\/medianeeds.es\/#\/schema\/logo\/image\/"},"sameAs":["https:\/\/www.facebook.com\/medianeeds.es\/","https:\/\/x.com\/media_needs","https:\/\/www.instagram.com\/medianeeds\/?hl=es"]},{"@type":"Person","@id":"https:\/\/medianeeds.es\/#\/schema\/person\/6a6f2f17f283df3eeb0946feebd2af79","name":"Medianeeds","image":{"@type":"ImageObject","inLanguage":"es","@id":"https:\/\/secure.gravatar.com\/avatar\/442251953f111b43a4668103c7b7c09aa35690e525473fb0bb9db0681ee9c0c3?s=96&d=mm&r=g","url":"https:\/\/secure.gravatar.com\/avatar\/442251953f111b43a4668103c7b7c09aa35690e525473fb0bb9db0681ee9c0c3?s=96&d=mm&r=g","contentUrl":"https:\/\/secure.gravatar.com\/avatar\/442251953f111b43a4668103c7b7c09aa35690e525473fb0bb9db0681ee9c0c3?s=96&d=mm&r=g","caption":"Medianeeds"},"url":"https:\/\/medianeeds.es\/es\/author\/medianeeds\/"}]}},"_links":{"self":[{"href":"https:\/\/medianeeds.es\/es\/wp-json\/wp\/v2\/posts\/2192","targetHints":{"allow":["GET"]}}],"collection":[{"href":"https:\/\/medianeeds.es\/es\/wp-json\/wp\/v2\/posts"}],"about":[{"href":"https:\/\/medianeeds.es\/es\/wp-json\/wp\/v2\/types\/post"}],"author":[{"embeddable":true,"href":"https:\/\/medianeeds.es\/es\/wp-json\/wp\/v2\/users\/1"}],"replies":[{"embeddable":true,"href":"https:\/\/medianeeds.es\/es\/wp-json\/wp\/v2\/comments?post=2192"}],"version-history":[{"count":1,"href":"https:\/\/medianeeds.es\/es\/wp-json\/wp\/v2\/posts\/2192\/revisions"}],"predecessor-version":[{"id":10448,"href":"https:\/\/medianeeds.es\/es\/wp-json\/wp\/v2\/posts\/2192\/revisions\/10448"}],"wp:featuredmedia":[{"embeddable":true,"href":"https:\/\/medianeeds.es\/es\/wp-json\/"}],"wp:attachment":[{"href":"https:\/\/medianeeds.es\/es\/wp-json\/wp\/v2\/media?parent=2192"}],"wp:term":[{"taxonomy":"category","embeddable":true,"href":"https:\/\/medianeeds.es\/es\/wp-json\/wp\/v2\/categories?post=2192"},{"taxonomy":"post_tag","embeddable":true,"href":"https:\/\/medianeeds.es\/es\/wp-json\/wp\/v2\/tags?post=2192"}],"curies":[{"name":"wp","href":"https:\/\/api.w.org\/{rel}","templated":true}]}}