{"id":2173,"date":"2016-06-13T09:44:06","date_gmt":"2016-06-13T09:44:06","guid":{"rendered":"https:\/\/medianeeds.es\/es\/?p=2173"},"modified":"2018-08-31T09:19:59","modified_gmt":"2018-08-31T09:19:59","slug":"estrella-damm-la-importancia-los-videos-las-empresas","status":"publish","type":"post","link":"https:\/\/medianeeds.es\/es\/estrella-damm-la-importancia-los-videos-las-empresas\/","title":{"rendered":"Estrella Damm y la importancia de los v\u00eddeos para las empresas"},"content":{"rendered":"<p>Estrella Damm ha vuelto a demostrar lo importante que puede ser un v\u00eddeo en la estrategia comunicativa de una empresa. A parte de los t\u00edpicos spots publicitarios, las empresas apuestan cada vez m\u00e1s por v\u00eddeos con contenido propio e interesante para mejorar la imagen de la empresa de cara a los clientes y llegar a viralizar dicho contenido audiovisual para alcanzar posiblemente a m\u00e1s personas que con un simple anuncio.<\/p>\n<p><iframe loading=\"lazy\" src=\"https:\/\/www.youtube.com\/embed\/pwWLAC539dw\" width=\"560\" height=\"315\" frameborder=\"0\" allowfullscreen=\"allowfullscreen\"><\/iframe><\/p>\n<p>Despu\u00e9s de deleitarnos lo \u00faltimos veranos con sus ya famosos cortos desde 2009, este a\u00f1o, los protagonitas del corto \u2018Les Petites coses\u2019 son Jean Reno y Laia Costa. La pasada semana se present\u00f3 el cortometraje en Barcelona que ya se puede ver de forma gratuita en Youtube y que en tan s\u00f3lo 6 d\u00edas ha acumulado casi 180.000 visualizaciones, lejos todav\u00eda de los m\u00e1s de 6 millones de visitas que obtuvo <u>\u00abVale\u00bb en 2015, con Dakota Johnson y Quim Guti\u00e9rrez, dirigida por Alejandro Amen\u00e1bar.<\/u><\/p>\n<p><iframe loading=\"lazy\" src=\"https:\/\/www.youtube.com\/embed\/6jlQiwcsV9Q\" width=\"560\" height=\"315\" frameborder=\"0\" allowfullscreen=\"allowfullscreen\"><\/iframe><\/p>\n<p>Este es s\u00f3lo un ejemplo de que Cualquier empresa, independientemente del sector al que pertenezca, puede conseguir un \u00e9xito viral que potencie su imagen.<\/p>\n<p>Por ello, en Media Needs disponemos de el servicio e creaci\u00f3n de v\u00eddeos para empresas. Son muchas las empresas que ya han confiado en Meda Needs para realizar su v\u00eddeo corporativo, explicativo o anuncio. Y es que en muchas ocasiones, los usuarios nos recuerdan por cosas como \u00e9sta Un v\u00eddeo te diferenciar\u00e1 de la competencia y har\u00e1 que tu mensaje sea mejor asimilado por las personas.<\/p>\n","protected":false},"excerpt":{"rendered":"<p>Estrella Damm ha vuelto a demostrar lo importante que puede ser un v\u00eddeo en la estrategia comunicativa de una empresa. A parte de los t\u00edpicos spots publicitarios, las empresas apuestan cada vez m\u00e1s por v\u00eddeos con contenido propio e interesante para mejorar la imagen de la empresa de cara a los clientes y llegar a [&hellip;]<\/p>\n","protected":false},"author":1,"featured_media":2175,"comment_status":"closed","ping_status":"closed","sticky":false,"template":"","format":"standard","meta":{"_et_pb_use_builder":"","_et_pb_old_content":"","_et_gb_content_width":"","footnotes":""},"categories":[188,252],"tags":[199],"class_list":["post-2173","post","type-post","status-publish","format-standard","has-post-thumbnail","hentry","category-blog-es-4","category-noticias","tag-estrella-damm"],"yoast_head":"<!-- This site is optimized with the Yoast SEO plugin v27.4 - https:\/\/yoast.com\/product\/yoast-seo-wordpress\/ -->\n<title>Estrella Damm y la importancia de los v\u00eddeos para las empresas - Media Needs<\/title>\n<meta name=\"description\" content=\"Estrella Damm ha vuelto a demostrar lo importante que es un v\u00eddeo en la estrategia comunicativa de una empresa para alcanzar a m\u00e1s personas..\" \/>\n<meta name=\"robots\" content=\"index, follow, max-snippet:-1, max-image-preview:large, max-video-preview:-1\" \/>\n<link rel=\"canonical\" href=\"https:\/\/medianeeds.es\/es\/estrella-damm-la-importancia-los-videos-las-empresas\/\" \/>\n<meta property=\"og:locale\" content=\"es_ES\" \/>\n<meta property=\"og:type\" content=\"article\" \/>\n<meta property=\"og:title\" content=\"Estrella Damm y la importancia de los v\u00eddeos para las empresas - Media Needs\" \/>\n<meta property=\"og:description\" content=\"Estrella Damm ha vuelto a demostrar lo importante que es un v\u00eddeo en la estrategia comunicativa de una empresa para alcanzar a m\u00e1s personas..\" \/>\n<meta property=\"og:url\" content=\"https:\/\/medianeeds.es\/es\/estrella-damm-la-importancia-los-videos-las-empresas\/\" \/>\n<meta property=\"og:site_name\" content=\"M\u00e0rketing Reus | Media Needs Reus | Ag\u00e8ncia de publicitat Reus\" \/>\n<meta property=\"article:publisher\" content=\"https:\/\/www.facebook.com\/medianeeds.es\/\" \/>\n<meta property=\"article:published_time\" content=\"2016-06-13T09:44:06+00:00\" \/>\n<meta property=\"article:modified_time\" content=\"2018-08-31T09:19:59+00:00\" \/>\n<meta property=\"og:image\" content=\"https:\/\/medianeeds.es\/wp-content\/uploads\/2024\/05\/young-female-logo-designer-working-graphic-tablet.jpg\" \/>\n\t<meta property=\"og:image:width\" content=\"1500\" \/>\n\t<meta property=\"og:image:height\" content=\"1000\" \/>\n\t<meta property=\"og:image:type\" content=\"image\/jpeg\" \/>\n<meta name=\"author\" content=\"Medianeeds\" \/>\n<meta name=\"twitter:label1\" content=\"Escrito por\" \/>\n\t<meta name=\"twitter:data1\" content=\"Medianeeds\" \/>\n\t<meta name=\"twitter:label2\" content=\"Tiempo de lectura\" \/>\n\t<meta name=\"twitter:data2\" content=\"1 minuto\" \/>\n<script type=\"application\/ld+json\" class=\"yoast-schema-graph\">{\"@context\":\"https:\\\/\\\/schema.org\",\"@graph\":[{\"@type\":\"Article\",\"@id\":\"https:\\\/\\\/medianeeds.es\\\/es\\\/estrella-damm-la-importancia-los-videos-las-empresas\\\/#article\",\"isPartOf\":{\"@id\":\"https:\\\/\\\/medianeeds.es\\\/es\\\/estrella-damm-la-importancia-los-videos-las-empresas\\\/\"},\"author\":{\"name\":\"Medianeeds\",\"@id\":\"https:\\\/\\\/medianeeds.es\\\/#\\\/schema\\\/person\\\/6a6f2f17f283df3eeb0946feebd2af79\"},\"headline\":\"Estrella Damm y la importancia de los v\u00eddeos para las empresas\",\"datePublished\":\"2016-06-13T09:44:06+00:00\",\"dateModified\":\"2018-08-31T09:19:59+00:00\",\"mainEntityOfPage\":{\"@id\":\"https:\\\/\\\/medianeeds.es\\\/es\\\/estrella-damm-la-importancia-los-videos-las-empresas\\\/\"},\"wordCount\":269,\"publisher\":{\"@id\":\"https:\\\/\\\/medianeeds.es\\\/#organization\"},\"image\":{\"@id\":\"https:\\\/\\\/medianeeds.es\\\/es\\\/estrella-damm-la-importancia-los-videos-las-empresas\\\/#primaryimage\"},\"thumbnailUrl\":\"\",\"keywords\":[\"Estrella Damm\"],\"articleSection\":[\"Blog\",\"Noticias\"],\"inLanguage\":\"es\"},{\"@type\":\"WebPage\",\"@id\":\"https:\\\/\\\/medianeeds.es\\\/es\\\/estrella-damm-la-importancia-los-videos-las-empresas\\\/\",\"url\":\"https:\\\/\\\/medianeeds.es\\\/es\\\/estrella-damm-la-importancia-los-videos-las-empresas\\\/\",\"name\":\"Estrella Damm y la importancia de los v\u00eddeos para las empresas - Media Needs\",\"isPartOf\":{\"@id\":\"https:\\\/\\\/medianeeds.es\\\/#website\"},\"primaryImageOfPage\":{\"@id\":\"https:\\\/\\\/medianeeds.es\\\/es\\\/estrella-damm-la-importancia-los-videos-las-empresas\\\/#primaryimage\"},\"image\":{\"@id\":\"https:\\\/\\\/medianeeds.es\\\/es\\\/estrella-damm-la-importancia-los-videos-las-empresas\\\/#primaryimage\"},\"thumbnailUrl\":\"\",\"datePublished\":\"2016-06-13T09:44:06+00:00\",\"dateModified\":\"2018-08-31T09:19:59+00:00\",\"description\":\"Estrella Damm ha vuelto a demostrar lo importante que es un v\u00eddeo en la estrategia comunicativa de una empresa para alcanzar a m\u00e1s personas..\",\"breadcrumb\":{\"@id\":\"https:\\\/\\\/medianeeds.es\\\/es\\\/estrella-damm-la-importancia-los-videos-las-empresas\\\/#breadcrumb\"},\"inLanguage\":\"es\",\"potentialAction\":[{\"@type\":\"ReadAction\",\"target\":[\"https:\\\/\\\/medianeeds.es\\\/es\\\/estrella-damm-la-importancia-los-videos-las-empresas\\\/\"]}]},{\"@type\":\"ImageObject\",\"inLanguage\":\"es\",\"@id\":\"https:\\\/\\\/medianeeds.es\\\/es\\\/estrella-damm-la-importancia-los-videos-las-empresas\\\/#primaryimage\",\"url\":\"\",\"contentUrl\":\"\"},{\"@type\":\"BreadcrumbList\",\"@id\":\"https:\\\/\\\/medianeeds.es\\\/es\\\/estrella-damm-la-importancia-los-videos-las-empresas\\\/#breadcrumb\",\"itemListElement\":[{\"@type\":\"ListItem\",\"position\":1,\"name\":\"Portada\",\"item\":\"https:\\\/\\\/medianeeds.es\\\/\"},{\"@type\":\"ListItem\",\"position\":2,\"name\":\"Estrella Damm y la importancia de los v\u00eddeos para las empresas\"}]},{\"@type\":\"WebSite\",\"@id\":\"https:\\\/\\\/medianeeds.es\\\/#website\",\"url\":\"https:\\\/\\\/medianeeds.es\\\/\",\"name\":\"M\u00e0rketing Reus | Media Needs Reus | Ag\u00e8ncia de publicitat Reus\",\"description\":\"MediaNeeds \u00e9s una empresa especialitzada en serveis integrals de publicitat, m\u00e0rqueting on-line i community manager a Reus, Tarragona\",\"publisher\":{\"@id\":\"https:\\\/\\\/medianeeds.es\\\/#organization\"},\"alternateName\":\"Media Needs\",\"potentialAction\":[{\"@type\":\"SearchAction\",\"target\":{\"@type\":\"EntryPoint\",\"urlTemplate\":\"https:\\\/\\\/medianeeds.es\\\/?s={search_term_string}\"},\"query-input\":{\"@type\":\"PropertyValueSpecification\",\"valueRequired\":true,\"valueName\":\"search_term_string\"}}],\"inLanguage\":\"es\"},{\"@type\":\"Organization\",\"@id\":\"https:\\\/\\\/medianeeds.es\\\/#organization\",\"name\":\"M\u00e0rketing Reus | Media Needs Reus | Ag\u00e8ncia de publicitat Reus\",\"alternateName\":\"Media Needs\",\"url\":\"https:\\\/\\\/medianeeds.es\\\/\",\"logo\":{\"@type\":\"ImageObject\",\"inLanguage\":\"es\",\"@id\":\"https:\\\/\\\/medianeeds.es\\\/#\\\/schema\\\/logo\\\/image\\\/\",\"url\":\"https:\\\/\\\/medianeeds.es\\\/wp-content\\\/uploads\\\/2024\\\/06\\\/COLOR_Mesa-de-trabajo-1-copia.png\",\"contentUrl\":\"https:\\\/\\\/medianeeds.es\\\/wp-content\\\/uploads\\\/2024\\\/06\\\/COLOR_Mesa-de-trabajo-1-copia.png\",\"width\":470,\"height\":226,\"caption\":\"M\u00e0rketing Reus | Media Needs Reus | Ag\u00e8ncia de publicitat Reus\"},\"image\":{\"@id\":\"https:\\\/\\\/medianeeds.es\\\/#\\\/schema\\\/logo\\\/image\\\/\"},\"sameAs\":[\"https:\\\/\\\/www.facebook.com\\\/medianeeds.es\\\/\",\"https:\\\/\\\/x.com\\\/media_needs\",\"https:\\\/\\\/www.instagram.com\\\/medianeeds\\\/?hl=es\"]},{\"@type\":\"Person\",\"@id\":\"https:\\\/\\\/medianeeds.es\\\/#\\\/schema\\\/person\\\/6a6f2f17f283df3eeb0946feebd2af79\",\"name\":\"Medianeeds\",\"image\":{\"@type\":\"ImageObject\",\"inLanguage\":\"es\",\"@id\":\"https:\\\/\\\/secure.gravatar.com\\\/avatar\\\/442251953f111b43a4668103c7b7c09aa35690e525473fb0bb9db0681ee9c0c3?s=96&d=mm&r=g\",\"url\":\"https:\\\/\\\/secure.gravatar.com\\\/avatar\\\/442251953f111b43a4668103c7b7c09aa35690e525473fb0bb9db0681ee9c0c3?s=96&d=mm&r=g\",\"contentUrl\":\"https:\\\/\\\/secure.gravatar.com\\\/avatar\\\/442251953f111b43a4668103c7b7c09aa35690e525473fb0bb9db0681ee9c0c3?s=96&d=mm&r=g\",\"caption\":\"Medianeeds\"},\"url\":\"https:\\\/\\\/medianeeds.es\\\/es\\\/author\\\/medianeeds\\\/\"}]}<\/script>\n<!-- \/ Yoast SEO plugin. -->","yoast_head_json":{"title":"Estrella Damm y la importancia de los v\u00eddeos para las empresas - Media Needs","description":"Estrella Damm ha vuelto a demostrar lo importante que es un v\u00eddeo en la estrategia comunicativa de una empresa para alcanzar a m\u00e1s personas..","robots":{"index":"index","follow":"follow","max-snippet":"max-snippet:-1","max-image-preview":"max-image-preview:large","max-video-preview":"max-video-preview:-1"},"canonical":"https:\/\/medianeeds.es\/es\/estrella-damm-la-importancia-los-videos-las-empresas\/","og_locale":"es_ES","og_type":"article","og_title":"Estrella Damm y la importancia de los v\u00eddeos para las empresas - Media Needs","og_description":"Estrella Damm ha vuelto a demostrar lo importante que es un v\u00eddeo en la estrategia comunicativa de una empresa para alcanzar a m\u00e1s personas..","og_url":"https:\/\/medianeeds.es\/es\/estrella-damm-la-importancia-los-videos-las-empresas\/","og_site_name":"M\u00e0rketing Reus | Media Needs Reus | Ag\u00e8ncia de publicitat Reus","article_publisher":"https:\/\/www.facebook.com\/medianeeds.es\/","article_published_time":"2016-06-13T09:44:06+00:00","article_modified_time":"2018-08-31T09:19:59+00:00","og_image":[{"width":1500,"height":1000,"url":"https:\/\/medianeeds.es\/wp-content\/uploads\/2024\/05\/young-female-logo-designer-working-graphic-tablet.jpg","type":"image\/jpeg"}],"author":"Medianeeds","twitter_misc":{"Escrito por":"Medianeeds","Tiempo de lectura":"1 minuto"},"schema":{"@context":"https:\/\/schema.org","@graph":[{"@type":"Article","@id":"https:\/\/medianeeds.es\/es\/estrella-damm-la-importancia-los-videos-las-empresas\/#article","isPartOf":{"@id":"https:\/\/medianeeds.es\/es\/estrella-damm-la-importancia-los-videos-las-empresas\/"},"author":{"name":"Medianeeds","@id":"https:\/\/medianeeds.es\/#\/schema\/person\/6a6f2f17f283df3eeb0946feebd2af79"},"headline":"Estrella Damm y la importancia de los v\u00eddeos para las empresas","datePublished":"2016-06-13T09:44:06+00:00","dateModified":"2018-08-31T09:19:59+00:00","mainEntityOfPage":{"@id":"https:\/\/medianeeds.es\/es\/estrella-damm-la-importancia-los-videos-las-empresas\/"},"wordCount":269,"publisher":{"@id":"https:\/\/medianeeds.es\/#organization"},"image":{"@id":"https:\/\/medianeeds.es\/es\/estrella-damm-la-importancia-los-videos-las-empresas\/#primaryimage"},"thumbnailUrl":"","keywords":["Estrella Damm"],"articleSection":["Blog","Noticias"],"inLanguage":"es"},{"@type":"WebPage","@id":"https:\/\/medianeeds.es\/es\/estrella-damm-la-importancia-los-videos-las-empresas\/","url":"https:\/\/medianeeds.es\/es\/estrella-damm-la-importancia-los-videos-las-empresas\/","name":"Estrella Damm y la importancia de los v\u00eddeos para las empresas - Media Needs","isPartOf":{"@id":"https:\/\/medianeeds.es\/#website"},"primaryImageOfPage":{"@id":"https:\/\/medianeeds.es\/es\/estrella-damm-la-importancia-los-videos-las-empresas\/#primaryimage"},"image":{"@id":"https:\/\/medianeeds.es\/es\/estrella-damm-la-importancia-los-videos-las-empresas\/#primaryimage"},"thumbnailUrl":"","datePublished":"2016-06-13T09:44:06+00:00","dateModified":"2018-08-31T09:19:59+00:00","description":"Estrella Damm ha vuelto a demostrar lo importante que es un v\u00eddeo en la estrategia comunicativa de una empresa para alcanzar a m\u00e1s personas..","breadcrumb":{"@id":"https:\/\/medianeeds.es\/es\/estrella-damm-la-importancia-los-videos-las-empresas\/#breadcrumb"},"inLanguage":"es","potentialAction":[{"@type":"ReadAction","target":["https:\/\/medianeeds.es\/es\/estrella-damm-la-importancia-los-videos-las-empresas\/"]}]},{"@type":"ImageObject","inLanguage":"es","@id":"https:\/\/medianeeds.es\/es\/estrella-damm-la-importancia-los-videos-las-empresas\/#primaryimage","url":"","contentUrl":""},{"@type":"BreadcrumbList","@id":"https:\/\/medianeeds.es\/es\/estrella-damm-la-importancia-los-videos-las-empresas\/#breadcrumb","itemListElement":[{"@type":"ListItem","position":1,"name":"Portada","item":"https:\/\/medianeeds.es\/"},{"@type":"ListItem","position":2,"name":"Estrella Damm y la importancia de los v\u00eddeos para las empresas"}]},{"@type":"WebSite","@id":"https:\/\/medianeeds.es\/#website","url":"https:\/\/medianeeds.es\/","name":"M\u00e0rketing Reus | Media Needs Reus | Ag\u00e8ncia de publicitat Reus","description":"MediaNeeds \u00e9s una empresa especialitzada en serveis integrals de publicitat, m\u00e0rqueting on-line i community manager a Reus, Tarragona","publisher":{"@id":"https:\/\/medianeeds.es\/#organization"},"alternateName":"Media Needs","potentialAction":[{"@type":"SearchAction","target":{"@type":"EntryPoint","urlTemplate":"https:\/\/medianeeds.es\/?s={search_term_string}"},"query-input":{"@type":"PropertyValueSpecification","valueRequired":true,"valueName":"search_term_string"}}],"inLanguage":"es"},{"@type":"Organization","@id":"https:\/\/medianeeds.es\/#organization","name":"M\u00e0rketing Reus | Media Needs Reus | Ag\u00e8ncia de publicitat Reus","alternateName":"Media Needs","url":"https:\/\/medianeeds.es\/","logo":{"@type":"ImageObject","inLanguage":"es","@id":"https:\/\/medianeeds.es\/#\/schema\/logo\/image\/","url":"https:\/\/medianeeds.es\/wp-content\/uploads\/2024\/06\/COLOR_Mesa-de-trabajo-1-copia.png","contentUrl":"https:\/\/medianeeds.es\/wp-content\/uploads\/2024\/06\/COLOR_Mesa-de-trabajo-1-copia.png","width":470,"height":226,"caption":"M\u00e0rketing Reus | Media Needs Reus | Ag\u00e8ncia de publicitat Reus"},"image":{"@id":"https:\/\/medianeeds.es\/#\/schema\/logo\/image\/"},"sameAs":["https:\/\/www.facebook.com\/medianeeds.es\/","https:\/\/x.com\/media_needs","https:\/\/www.instagram.com\/medianeeds\/?hl=es"]},{"@type":"Person","@id":"https:\/\/medianeeds.es\/#\/schema\/person\/6a6f2f17f283df3eeb0946feebd2af79","name":"Medianeeds","image":{"@type":"ImageObject","inLanguage":"es","@id":"https:\/\/secure.gravatar.com\/avatar\/442251953f111b43a4668103c7b7c09aa35690e525473fb0bb9db0681ee9c0c3?s=96&d=mm&r=g","url":"https:\/\/secure.gravatar.com\/avatar\/442251953f111b43a4668103c7b7c09aa35690e525473fb0bb9db0681ee9c0c3?s=96&d=mm&r=g","contentUrl":"https:\/\/secure.gravatar.com\/avatar\/442251953f111b43a4668103c7b7c09aa35690e525473fb0bb9db0681ee9c0c3?s=96&d=mm&r=g","caption":"Medianeeds"},"url":"https:\/\/medianeeds.es\/es\/author\/medianeeds\/"}]}},"_links":{"self":[{"href":"https:\/\/medianeeds.es\/es\/wp-json\/wp\/v2\/posts\/2173","targetHints":{"allow":["GET"]}}],"collection":[{"href":"https:\/\/medianeeds.es\/es\/wp-json\/wp\/v2\/posts"}],"about":[{"href":"https:\/\/medianeeds.es\/es\/wp-json\/wp\/v2\/types\/post"}],"author":[{"embeddable":true,"href":"https:\/\/medianeeds.es\/es\/wp-json\/wp\/v2\/users\/1"}],"replies":[{"embeddable":true,"href":"https:\/\/medianeeds.es\/es\/wp-json\/wp\/v2\/comments?post=2173"}],"version-history":[{"count":1,"href":"https:\/\/medianeeds.es\/es\/wp-json\/wp\/v2\/posts\/2173\/revisions"}],"predecessor-version":[{"id":10449,"href":"https:\/\/medianeeds.es\/es\/wp-json\/wp\/v2\/posts\/2173\/revisions\/10449"}],"wp:featuredmedia":[{"embeddable":true,"href":"https:\/\/medianeeds.es\/es\/wp-json\/"}],"wp:attachment":[{"href":"https:\/\/medianeeds.es\/es\/wp-json\/wp\/v2\/media?parent=2173"}],"wp:term":[{"taxonomy":"category","embeddable":true,"href":"https:\/\/medianeeds.es\/es\/wp-json\/wp\/v2\/categories?post=2173"},{"taxonomy":"post_tag","embeddable":true,"href":"https:\/\/medianeeds.es\/es\/wp-json\/wp\/v2\/tags?post=2173"}],"curies":[{"name":"wp","href":"https:\/\/api.w.org\/{rel}","templated":true}]}}