{"id":2167,"date":"2016-11-11T09:38:05","date_gmt":"2016-11-11T09:38:05","guid":{"rendered":"https:\/\/medianeeds.es\/es\/?p=2167"},"modified":"2018-08-31T09:13:08","modified_gmt":"2018-08-31T09:13:08","slug":"messenger-se-abre-la-publicidad-2","status":"publish","type":"post","link":"https:\/\/medianeeds.es\/es\/messenger-se-abre-la-publicidad-2\/","title":{"rendered":"Messenger se abre a la publicidad"},"content":{"rendered":"<h2 style=\"text-align: justify;\">Aunque no llegamos a darnos cuenta, una persona consume unos 3.000 impactos publicitarios al d\u00eda.<\/h2>\n<p style=\"text-align: justify;\">Y no es de extra\u00f1ar. Hoy en d\u00eda encontramos publicidad en todas partes. Estamos rodeados de ella. Hay publicidad en la calle, en la televisi\u00f3n, en la radio y sobre todo, en Internet y las redes sociales.<\/p>\n<p style=\"text-align: justify;\">Hasta ahora, las marcas han encontrado en las redes sociales una manera de llegar a miles de usuarios. En la actualidad, todo el mundo tiene una cuenta en al menos una red social y esto las marcas lo han sabido aprovechar. Y, \u00bfahora qu\u00e9? Cada vez m\u00e1s las aplicaciones de mensajer\u00eda instant\u00e1nea est\u00e1n ganando terreno a las redes y las marcas se han dado cuenta de ello. Este hecho ha provocado que muchas marcas hayan cambiado sus prioridades hacia las apps.<\/p>\n<p style=\"text-align: justify;\">Es cierto que muchas marcas ya utilizaban las funciones de la mensajer\u00eda instant\u00e1nea como una v\u00eda m\u00e1s r\u00e1pida y eficaz de atenci\u00f3n al cliente. Estas Apps permiten que cualquier persona se pueda poner en contacto con la empresa que sea de una manera inmediata y que la empresa resuelva sus dudas por la v\u00eda m\u00e1s r\u00e1pida.<\/p>\n<p style=\"text-align: justify;\">Sin dejar de lado esta funci\u00f3n de atenci\u00f3n al cliente, ahora algunas de las aplicaciones de mensajer\u00eda instant\u00e1nea se lanzan en el mundo de la publicidad. Es el caso de Facebook Messenger. A pesar de que empezar\u00e1n con la publicidad, ya han apuntado que esta no ser\u00e1 agresiva sino que ser\u00e1n anuncios muy segmentados.<\/p>\n<p style=\"text-align: justify;\">La publicidad aparecer\u00e1 en las conversaciones entre dos usuarios pero no a todos. S\u00f3lo aparecer\u00e1 publicidad a aquellas personas que ya hayan mostrado alg\u00fan inter\u00e9s por la marca. Es decir, si la persona ya ha hecho click encima de alg\u00fan anuncio de Facebook de la marca.<\/p>\n<p style=\"text-align: justify;\">Con esta novedad, Facebok ha conseguido una nueva fuente de ingresos para la que ya es la red social m\u00e1s grande del mundo. Ahora s\u00f3lo queda ver c\u00f3mo responden los consumidores. Los usuarios de este tipo de Apps perciben este medio de comunicaci\u00f3n como un instrumento m\u00e1s privado y por lo tanto, quiz\u00e1s no son tan perceptivos a la hora de recibir la publicidad. Las marcas entran a formar parte de un terreno privado donde tendr\u00e1n que tener especial cuenta para encontrar el equilibrio de la buena publicidad.<\/p>\n","protected":false},"excerpt":{"rendered":"<p>Aunque no llegamos a darnos cuenta, una persona consume unos 3.000 impactos publicitarios al d\u00eda. Y no es de extra\u00f1ar. Hoy en d\u00eda encontramos publicidad en todas partes. Estamos rodeados de ella. Hay publicidad en la calle, en la televisi\u00f3n, en la radio y sobre todo, en Internet y las redes sociales. Hasta ahora, las [&hellip;]<\/p>\n","protected":false},"author":1,"featured_media":2169,"comment_status":"closed","ping_status":"closed","sticky":false,"template":"","format":"standard","meta":{"_et_pb_use_builder":"","_et_pb_old_content":"","_et_gb_content_width":"","footnotes":""},"categories":[280,252],"tags":[218,60,219,63,62],"class_list":["post-2167","post","type-post","status-publish","format-standard","has-post-thumbnail","hentry","category-marketing","category-noticias","tag-blog","tag-marketing","tag-messenger","tag-publicidad","tag-redes-sociales"],"yoast_head":"<!-- This site is optimized with the Yoast SEO plugin v27.4 - https:\/\/yoast.com\/product\/yoast-seo-wordpress\/ -->\n<title>Messenger se abre a la publicidad - M\u00e0rketing Reus | Media Needs Reus | Ag\u00e8ncia de publicitat Reus<\/title>\n<meta name=\"description\" content=\"Las marcas han encontrado en las redes sociales una manera de llegar a miles de usuarios. Ahora es el turno de las aplicaciones de mensajer\u00eda instant\u00e1nea.\" \/>\n<meta name=\"robots\" content=\"index, follow, max-snippet:-1, max-image-preview:large, max-video-preview:-1\" \/>\n<link rel=\"canonical\" href=\"https:\/\/medianeeds.es\/es\/messenger-se-abre-la-publicidad-2\/\" \/>\n<meta property=\"og:locale\" content=\"es_ES\" \/>\n<meta property=\"og:type\" content=\"article\" \/>\n<meta property=\"og:title\" content=\"Messenger se abre a la publicidad - M\u00e0rketing Reus | Media Needs Reus | Ag\u00e8ncia de publicitat Reus\" \/>\n<meta property=\"og:description\" content=\"Las marcas han encontrado en las redes sociales una manera de llegar a miles de usuarios. Ahora es el turno de las aplicaciones de mensajer\u00eda instant\u00e1nea.\" \/>\n<meta property=\"og:url\" content=\"https:\/\/medianeeds.es\/es\/messenger-se-abre-la-publicidad-2\/\" \/>\n<meta property=\"og:site_name\" content=\"M\u00e0rketing Reus | Media Needs Reus | Ag\u00e8ncia de publicitat Reus\" \/>\n<meta property=\"article:publisher\" content=\"https:\/\/www.facebook.com\/medianeeds.es\/\" \/>\n<meta property=\"article:published_time\" content=\"2016-11-11T09:38:05+00:00\" \/>\n<meta property=\"article:modified_time\" content=\"2018-08-31T09:13:08+00:00\" \/>\n<meta property=\"og:image\" content=\"https:\/\/medianeeds.es\/wp-content\/uploads\/2024\/05\/young-female-logo-designer-working-graphic-tablet.jpg\" \/>\n\t<meta property=\"og:image:width\" content=\"1500\" \/>\n\t<meta property=\"og:image:height\" content=\"1000\" \/>\n\t<meta property=\"og:image:type\" content=\"image\/jpeg\" \/>\n<meta name=\"author\" content=\"Medianeeds\" \/>\n<meta name=\"twitter:label1\" content=\"Escrito por\" \/>\n\t<meta name=\"twitter:data1\" content=\"Medianeeds\" \/>\n\t<meta name=\"twitter:label2\" content=\"Tiempo de lectura\" \/>\n\t<meta name=\"twitter:data2\" content=\"2 minutos\" \/>\n<script type=\"application\/ld+json\" class=\"yoast-schema-graph\">{\"@context\":\"https:\\\/\\\/schema.org\",\"@graph\":[{\"@type\":\"Article\",\"@id\":\"https:\\\/\\\/medianeeds.es\\\/es\\\/messenger-se-abre-la-publicidad-2\\\/#article\",\"isPartOf\":{\"@id\":\"https:\\\/\\\/medianeeds.es\\\/es\\\/messenger-se-abre-la-publicidad-2\\\/\"},\"author\":{\"name\":\"Medianeeds\",\"@id\":\"https:\\\/\\\/medianeeds.es\\\/#\\\/schema\\\/person\\\/6a6f2f17f283df3eeb0946feebd2af79\"},\"headline\":\"Messenger se abre a la publicidad\",\"datePublished\":\"2016-11-11T09:38:05+00:00\",\"dateModified\":\"2018-08-31T09:13:08+00:00\",\"mainEntityOfPage\":{\"@id\":\"https:\\\/\\\/medianeeds.es\\\/es\\\/messenger-se-abre-la-publicidad-2\\\/\"},\"wordCount\":416,\"publisher\":{\"@id\":\"https:\\\/\\\/medianeeds.es\\\/#organization\"},\"image\":{\"@id\":\"https:\\\/\\\/medianeeds.es\\\/es\\\/messenger-se-abre-la-publicidad-2\\\/#primaryimage\"},\"thumbnailUrl\":\"\",\"keywords\":[\"Blog\",\"marketing\",\"Messenger\",\"publicidad\",\"redes sociales\"],\"articleSection\":[\"M\u00e1rketing\",\"Noticias\"],\"inLanguage\":\"es\"},{\"@type\":\"WebPage\",\"@id\":\"https:\\\/\\\/medianeeds.es\\\/es\\\/messenger-se-abre-la-publicidad-2\\\/\",\"url\":\"https:\\\/\\\/medianeeds.es\\\/es\\\/messenger-se-abre-la-publicidad-2\\\/\",\"name\":\"Messenger se abre a la publicidad - M\u00e0rketing Reus | Media Needs Reus | Ag\u00e8ncia de publicitat Reus\",\"isPartOf\":{\"@id\":\"https:\\\/\\\/medianeeds.es\\\/#website\"},\"primaryImageOfPage\":{\"@id\":\"https:\\\/\\\/medianeeds.es\\\/es\\\/messenger-se-abre-la-publicidad-2\\\/#primaryimage\"},\"image\":{\"@id\":\"https:\\\/\\\/medianeeds.es\\\/es\\\/messenger-se-abre-la-publicidad-2\\\/#primaryimage\"},\"thumbnailUrl\":\"\",\"datePublished\":\"2016-11-11T09:38:05+00:00\",\"dateModified\":\"2018-08-31T09:13:08+00:00\",\"description\":\"Las marcas han encontrado en las redes sociales una manera de llegar a miles de usuarios. Ahora es el turno de las aplicaciones de mensajer\u00eda instant\u00e1nea.\",\"breadcrumb\":{\"@id\":\"https:\\\/\\\/medianeeds.es\\\/es\\\/messenger-se-abre-la-publicidad-2\\\/#breadcrumb\"},\"inLanguage\":\"es\",\"potentialAction\":[{\"@type\":\"ReadAction\",\"target\":[\"https:\\\/\\\/medianeeds.es\\\/es\\\/messenger-se-abre-la-publicidad-2\\\/\"]}]},{\"@type\":\"ImageObject\",\"inLanguage\":\"es\",\"@id\":\"https:\\\/\\\/medianeeds.es\\\/es\\\/messenger-se-abre-la-publicidad-2\\\/#primaryimage\",\"url\":\"\",\"contentUrl\":\"\"},{\"@type\":\"BreadcrumbList\",\"@id\":\"https:\\\/\\\/medianeeds.es\\\/es\\\/messenger-se-abre-la-publicidad-2\\\/#breadcrumb\",\"itemListElement\":[{\"@type\":\"ListItem\",\"position\":1,\"name\":\"Portada\",\"item\":\"https:\\\/\\\/medianeeds.es\\\/\"},{\"@type\":\"ListItem\",\"position\":2,\"name\":\"Messenger se abre a la publicidad\"}]},{\"@type\":\"WebSite\",\"@id\":\"https:\\\/\\\/medianeeds.es\\\/#website\",\"url\":\"https:\\\/\\\/medianeeds.es\\\/\",\"name\":\"M\u00e0rketing Reus | Media Needs Reus | Ag\u00e8ncia de publicitat Reus\",\"description\":\"MediaNeeds \u00e9s una empresa especialitzada en serveis integrals de publicitat, m\u00e0rqueting on-line i community manager a Reus, Tarragona\",\"publisher\":{\"@id\":\"https:\\\/\\\/medianeeds.es\\\/#organization\"},\"alternateName\":\"Media Needs\",\"potentialAction\":[{\"@type\":\"SearchAction\",\"target\":{\"@type\":\"EntryPoint\",\"urlTemplate\":\"https:\\\/\\\/medianeeds.es\\\/?s={search_term_string}\"},\"query-input\":{\"@type\":\"PropertyValueSpecification\",\"valueRequired\":true,\"valueName\":\"search_term_string\"}}],\"inLanguage\":\"es\"},{\"@type\":\"Organization\",\"@id\":\"https:\\\/\\\/medianeeds.es\\\/#organization\",\"name\":\"M\u00e0rketing Reus | Media Needs Reus | Ag\u00e8ncia de publicitat Reus\",\"alternateName\":\"Media Needs\",\"url\":\"https:\\\/\\\/medianeeds.es\\\/\",\"logo\":{\"@type\":\"ImageObject\",\"inLanguage\":\"es\",\"@id\":\"https:\\\/\\\/medianeeds.es\\\/#\\\/schema\\\/logo\\\/image\\\/\",\"url\":\"https:\\\/\\\/medianeeds.es\\\/wp-content\\\/uploads\\\/2024\\\/06\\\/COLOR_Mesa-de-trabajo-1-copia.png\",\"contentUrl\":\"https:\\\/\\\/medianeeds.es\\\/wp-content\\\/uploads\\\/2024\\\/06\\\/COLOR_Mesa-de-trabajo-1-copia.png\",\"width\":470,\"height\":226,\"caption\":\"M\u00e0rketing Reus | Media Needs Reus | Ag\u00e8ncia de publicitat Reus\"},\"image\":{\"@id\":\"https:\\\/\\\/medianeeds.es\\\/#\\\/schema\\\/logo\\\/image\\\/\"},\"sameAs\":[\"https:\\\/\\\/www.facebook.com\\\/medianeeds.es\\\/\",\"https:\\\/\\\/x.com\\\/media_needs\",\"https:\\\/\\\/www.instagram.com\\\/medianeeds\\\/?hl=es\"]},{\"@type\":\"Person\",\"@id\":\"https:\\\/\\\/medianeeds.es\\\/#\\\/schema\\\/person\\\/6a6f2f17f283df3eeb0946feebd2af79\",\"name\":\"Medianeeds\",\"image\":{\"@type\":\"ImageObject\",\"inLanguage\":\"es\",\"@id\":\"https:\\\/\\\/secure.gravatar.com\\\/avatar\\\/442251953f111b43a4668103c7b7c09aa35690e525473fb0bb9db0681ee9c0c3?s=96&d=mm&r=g\",\"url\":\"https:\\\/\\\/secure.gravatar.com\\\/avatar\\\/442251953f111b43a4668103c7b7c09aa35690e525473fb0bb9db0681ee9c0c3?s=96&d=mm&r=g\",\"contentUrl\":\"https:\\\/\\\/secure.gravatar.com\\\/avatar\\\/442251953f111b43a4668103c7b7c09aa35690e525473fb0bb9db0681ee9c0c3?s=96&d=mm&r=g\",\"caption\":\"Medianeeds\"},\"url\":\"https:\\\/\\\/medianeeds.es\\\/es\\\/author\\\/medianeeds\\\/\"}]}<\/script>\n<!-- \/ Yoast SEO plugin. -->","yoast_head_json":{"title":"Messenger se abre a la publicidad - M\u00e0rketing Reus | Media Needs Reus | Ag\u00e8ncia de publicitat Reus","description":"Las marcas han encontrado en las redes sociales una manera de llegar a miles de usuarios. Ahora es el turno de las aplicaciones de mensajer\u00eda instant\u00e1nea.","robots":{"index":"index","follow":"follow","max-snippet":"max-snippet:-1","max-image-preview":"max-image-preview:large","max-video-preview":"max-video-preview:-1"},"canonical":"https:\/\/medianeeds.es\/es\/messenger-se-abre-la-publicidad-2\/","og_locale":"es_ES","og_type":"article","og_title":"Messenger se abre a la publicidad - M\u00e0rketing Reus | Media Needs Reus | Ag\u00e8ncia de publicitat Reus","og_description":"Las marcas han encontrado en las redes sociales una manera de llegar a miles de usuarios. Ahora es el turno de las aplicaciones de mensajer\u00eda instant\u00e1nea.","og_url":"https:\/\/medianeeds.es\/es\/messenger-se-abre-la-publicidad-2\/","og_site_name":"M\u00e0rketing Reus | Media Needs Reus | Ag\u00e8ncia de publicitat Reus","article_publisher":"https:\/\/www.facebook.com\/medianeeds.es\/","article_published_time":"2016-11-11T09:38:05+00:00","article_modified_time":"2018-08-31T09:13:08+00:00","og_image":[{"width":1500,"height":1000,"url":"https:\/\/medianeeds.es\/wp-content\/uploads\/2024\/05\/young-female-logo-designer-working-graphic-tablet.jpg","type":"image\/jpeg"}],"author":"Medianeeds","twitter_misc":{"Escrito por":"Medianeeds","Tiempo de lectura":"2 minutos"},"schema":{"@context":"https:\/\/schema.org","@graph":[{"@type":"Article","@id":"https:\/\/medianeeds.es\/es\/messenger-se-abre-la-publicidad-2\/#article","isPartOf":{"@id":"https:\/\/medianeeds.es\/es\/messenger-se-abre-la-publicidad-2\/"},"author":{"name":"Medianeeds","@id":"https:\/\/medianeeds.es\/#\/schema\/person\/6a6f2f17f283df3eeb0946feebd2af79"},"headline":"Messenger se abre a la publicidad","datePublished":"2016-11-11T09:38:05+00:00","dateModified":"2018-08-31T09:13:08+00:00","mainEntityOfPage":{"@id":"https:\/\/medianeeds.es\/es\/messenger-se-abre-la-publicidad-2\/"},"wordCount":416,"publisher":{"@id":"https:\/\/medianeeds.es\/#organization"},"image":{"@id":"https:\/\/medianeeds.es\/es\/messenger-se-abre-la-publicidad-2\/#primaryimage"},"thumbnailUrl":"","keywords":["Blog","marketing","Messenger","publicidad","redes sociales"],"articleSection":["M\u00e1rketing","Noticias"],"inLanguage":"es"},{"@type":"WebPage","@id":"https:\/\/medianeeds.es\/es\/messenger-se-abre-la-publicidad-2\/","url":"https:\/\/medianeeds.es\/es\/messenger-se-abre-la-publicidad-2\/","name":"Messenger se abre a la publicidad - M\u00e0rketing Reus | Media Needs Reus | Ag\u00e8ncia de publicitat Reus","isPartOf":{"@id":"https:\/\/medianeeds.es\/#website"},"primaryImageOfPage":{"@id":"https:\/\/medianeeds.es\/es\/messenger-se-abre-la-publicidad-2\/#primaryimage"},"image":{"@id":"https:\/\/medianeeds.es\/es\/messenger-se-abre-la-publicidad-2\/#primaryimage"},"thumbnailUrl":"","datePublished":"2016-11-11T09:38:05+00:00","dateModified":"2018-08-31T09:13:08+00:00","description":"Las marcas han encontrado en las redes sociales una manera de llegar a miles de usuarios. Ahora es el turno de las aplicaciones de mensajer\u00eda instant\u00e1nea.","breadcrumb":{"@id":"https:\/\/medianeeds.es\/es\/messenger-se-abre-la-publicidad-2\/#breadcrumb"},"inLanguage":"es","potentialAction":[{"@type":"ReadAction","target":["https:\/\/medianeeds.es\/es\/messenger-se-abre-la-publicidad-2\/"]}]},{"@type":"ImageObject","inLanguage":"es","@id":"https:\/\/medianeeds.es\/es\/messenger-se-abre-la-publicidad-2\/#primaryimage","url":"","contentUrl":""},{"@type":"BreadcrumbList","@id":"https:\/\/medianeeds.es\/es\/messenger-se-abre-la-publicidad-2\/#breadcrumb","itemListElement":[{"@type":"ListItem","position":1,"name":"Portada","item":"https:\/\/medianeeds.es\/"},{"@type":"ListItem","position":2,"name":"Messenger se abre a la publicidad"}]},{"@type":"WebSite","@id":"https:\/\/medianeeds.es\/#website","url":"https:\/\/medianeeds.es\/","name":"M\u00e0rketing Reus | Media Needs Reus | Ag\u00e8ncia de publicitat Reus","description":"MediaNeeds \u00e9s una empresa especialitzada en serveis integrals de publicitat, m\u00e0rqueting on-line i community manager a Reus, Tarragona","publisher":{"@id":"https:\/\/medianeeds.es\/#organization"},"alternateName":"Media Needs","potentialAction":[{"@type":"SearchAction","target":{"@type":"EntryPoint","urlTemplate":"https:\/\/medianeeds.es\/?s={search_term_string}"},"query-input":{"@type":"PropertyValueSpecification","valueRequired":true,"valueName":"search_term_string"}}],"inLanguage":"es"},{"@type":"Organization","@id":"https:\/\/medianeeds.es\/#organization","name":"M\u00e0rketing Reus | Media Needs Reus | Ag\u00e8ncia de publicitat Reus","alternateName":"Media Needs","url":"https:\/\/medianeeds.es\/","logo":{"@type":"ImageObject","inLanguage":"es","@id":"https:\/\/medianeeds.es\/#\/schema\/logo\/image\/","url":"https:\/\/medianeeds.es\/wp-content\/uploads\/2024\/06\/COLOR_Mesa-de-trabajo-1-copia.png","contentUrl":"https:\/\/medianeeds.es\/wp-content\/uploads\/2024\/06\/COLOR_Mesa-de-trabajo-1-copia.png","width":470,"height":226,"caption":"M\u00e0rketing Reus | Media Needs Reus | Ag\u00e8ncia de publicitat Reus"},"image":{"@id":"https:\/\/medianeeds.es\/#\/schema\/logo\/image\/"},"sameAs":["https:\/\/www.facebook.com\/medianeeds.es\/","https:\/\/x.com\/media_needs","https:\/\/www.instagram.com\/medianeeds\/?hl=es"]},{"@type":"Person","@id":"https:\/\/medianeeds.es\/#\/schema\/person\/6a6f2f17f283df3eeb0946feebd2af79","name":"Medianeeds","image":{"@type":"ImageObject","inLanguage":"es","@id":"https:\/\/secure.gravatar.com\/avatar\/442251953f111b43a4668103c7b7c09aa35690e525473fb0bb9db0681ee9c0c3?s=96&d=mm&r=g","url":"https:\/\/secure.gravatar.com\/avatar\/442251953f111b43a4668103c7b7c09aa35690e525473fb0bb9db0681ee9c0c3?s=96&d=mm&r=g","contentUrl":"https:\/\/secure.gravatar.com\/avatar\/442251953f111b43a4668103c7b7c09aa35690e525473fb0bb9db0681ee9c0c3?s=96&d=mm&r=g","caption":"Medianeeds"},"url":"https:\/\/medianeeds.es\/es\/author\/medianeeds\/"}]}},"_links":{"self":[{"href":"https:\/\/medianeeds.es\/es\/wp-json\/wp\/v2\/posts\/2167","targetHints":{"allow":["GET"]}}],"collection":[{"href":"https:\/\/medianeeds.es\/es\/wp-json\/wp\/v2\/posts"}],"about":[{"href":"https:\/\/medianeeds.es\/es\/wp-json\/wp\/v2\/types\/post"}],"author":[{"embeddable":true,"href":"https:\/\/medianeeds.es\/es\/wp-json\/wp\/v2\/users\/1"}],"replies":[{"embeddable":true,"href":"https:\/\/medianeeds.es\/es\/wp-json\/wp\/v2\/comments?post=2167"}],"version-history":[{"count":1,"href":"https:\/\/medianeeds.es\/es\/wp-json\/wp\/v2\/posts\/2167\/revisions"}],"predecessor-version":[{"id":10443,"href":"https:\/\/medianeeds.es\/es\/wp-json\/wp\/v2\/posts\/2167\/revisions\/10443"}],"wp:featuredmedia":[{"embeddable":true,"href":"https:\/\/medianeeds.es\/es\/wp-json\/"}],"wp:attachment":[{"href":"https:\/\/medianeeds.es\/es\/wp-json\/wp\/v2\/media?parent=2167"}],"wp:term":[{"taxonomy":"category","embeddable":true,"href":"https:\/\/medianeeds.es\/es\/wp-json\/wp\/v2\/categories?post=2167"},{"taxonomy":"post_tag","embeddable":true,"href":"https:\/\/medianeeds.es\/es\/wp-json\/wp\/v2\/tags?post=2167"}],"curies":[{"name":"wp","href":"https:\/\/api.w.org\/{rel}","templated":true}]}}