{"id":2046,"date":"2016-08-16T17:42:38","date_gmt":"2016-08-16T17:42:38","guid":{"rendered":"https:\/\/medianeeds.es\/es\/?p=2046"},"modified":"2018-08-31T09:16:44","modified_gmt":"2018-08-31T09:16:44","slug":"nuestra-campanya-messi-exito-mundial","status":"publish","type":"post","link":"https:\/\/medianeeds.es\/es\/nuestra-campanya-messi-exito-mundial\/","title":{"rendered":"\u00a1\u00a1\u00a1Nuestra campanya de Messi, un \u00e9xito mundial!!!"},"content":{"rendered":"<p>Media Needs la ha vuelto a liar. Nuestro poder de difusi\u00f3n a las redes sociales ha quedado latente\u00a0con la organizaci\u00f3n de diferentes actas o inauguraciones de nuestros clientes los \u00faltimos a\u00f1os, pero este mes de agosto, Media Needs ha demostrado que las ideas y las buenas campa\u00f1as no tienen fronteras. Muchas veces, una buena campa\u00f1a publicitaria se centra al aprovechar un hecho de actualidad para aumentar su viralidat y difusi\u00f3n, y por eso, en Media Needs hemos querido aprovechar que el nuevo &#8216;look&#8217; de Messi era uno de los temas del momento para viralitzar y difundir la marca y la esencia de uno de nuestros clientes, La Costarrica.<\/p>\n<p>As\u00ed fue como iniciamos la campa\u00f1a &#8216;La Costarrica regalar\u00e1 pasteles gratis si Messi se quita\u00a0el rubio del pelo&#8217;. La idea era clara, aprovechar que nuestro cliente defiende un producto de calidad, original y basado en la historia del Caf\u00e9, para pedir a Messi que vuelva a sus or\u00edgenes. De este modo, con una difusi\u00f3n mediante notas de prensa, redes sociales y otras acciones, conseguimos que nuestro cliente fuera protagonista en grandes medios nacionales e internacionales como Mundo Deportivo, Tv3, As, el argentino Ol\u00e9, la televisi\u00f3n argentina &#8216;Canal 9&#8217; o el Libero de Per\u00fa, as\u00ed como medios de Ecuador, Colombia, Inglaterra y otros pa\u00edses. Adem\u00e1s, la noticia se viraliz\u00f3 por las redes sociales, con muchos usuarios de Twitter y Facebook compartiendo la noticia.<a href=\"http:\/\/www.mundodeportivo.com\/futbol\/fc-barcelona\/20160809\/403796954841\/para-que-messi-se-quite-el-rubio-del-pelo-pasteles-gratis.html\"><img loading=\"lazy\" decoding=\"async\" class=\"aligncenter wp-image-1672 size-full\" src=\"https:\/\/medianeeds.es\/\/wp-content\/uploads\/2016\/08\/1.jpg\" alt=\"1\" width=\"1075\" height=\"908\" \/><\/a> <a href=\"http:\/\/www.sport.es\/es\/noticias\/barca\/regalaran-pasteles-leo-messi-destine-5317313\"><img loading=\"lazy\" decoding=\"async\" class=\"aligncenter wp-image-1673 size-full\" src=\"https:\/\/medianeeds.es\/\/wp-content\/uploads\/2016\/08\/2.jpg\" alt=\"2\" width=\"680\" height=\"721\" \/><\/a> <a href=\"http:\/\/www.donbalon.com\/noticia\/detalle\/35330\/curiosa-iniciativa--pasteles-gratis-cuando-messi-se-quite-el-rubio-de-la-cabeza\"><img loading=\"lazy\" decoding=\"async\" class=\"aligncenter wp-image-1674 size-full\" src=\"https:\/\/medianeeds.es\/\/wp-content\/uploads\/2016\/08\/3.jpg\" alt=\"3\" width=\"991\" height=\"841\" \/><\/a> <a href=\"http:\/\/www.ole.com.ar\/messi\/Color-rubio-pastel_0_1628837234.html\"><img loading=\"lazy\" decoding=\"async\" class=\"aligncenter wp-image-1675 size-full\" src=\"https:\/\/medianeeds.es\/\/wp-content\/uploads\/2016\/08\/4.jpg\" alt=\"4\" width=\"713\" height=\"949\" \/><\/a> <a href=\"http:\/\/www.libero.pe\/futbol-internacional\/2016-08-09-lionel-messi-ofrecen-regalar-pasteles-si-la-pulga-se-quita-el-cabello-rubio\"><img loading=\"lazy\" decoding=\"async\" class=\"aligncenter wp-image-1676 size-full\" src=\"https:\/\/medianeeds.es\/\/wp-content\/uploads\/2016\/08\/5.jpg\" alt=\"5\" width=\"663\" height=\"841\" \/><\/a> <a href=\"http:\/\/www.canal9.com.ar\/espectaculos\/la-insolita-promocion-que-una-confiteria-propuso-si-messi-se-saca-el-rubio-29479\"><img loading=\"lazy\" decoding=\"async\" class=\"aligncenter wp-image-1677 size-full\" src=\"https:\/\/medianeeds.es\/\/wp-content\/uploads\/2016\/08\/6.jpg\" alt=\"6\" width=\"600\" height=\"336\" \/><\/a><\/p>\n<span class=\"collapseomatic \" id=\"id69f07e6639c0d\"  tabindex=\"0\" title=\"\"    ><\/span><div id=\"target-id69f07e6639c0d\" class=\"collapseomatic_content \">\n<p>Media Needs | En Media Needs, como empresa de marketing y creaci\u00f3n de p\u00e1ginas web con sede en Reus, ofrecemos servicios integrales de marketing online y offline para mejorar la rentabilidad y beneficios de peque\u00f1as y medianas empresas de la provincia de Tarragona. Trabajamos pensando en todas aquellos peque\u00f1os y medianos empresarios que creen que un servicio tan concreto y planificado es necesario para su Pyme y ven que no es accesible por su limitado presupuesto. As\u00ed pues, en Media Needs Reus intentamos acercar este servicio tan importante para toda empresa con presupuestos ajustados y personalizados, hechos a medida.<\/p>\n<p>Con esta iniciativa, queremos que toda Pyme pueda tener acceso a nuestros servicios. Toda empresa tiene derecho a una buena comunicaci\u00f3n y estrategias competentes de marketing, este es nuestro pensamiento y una de las ideas que nos hace seguir adelante.<\/p>\n<p>C\u00f3mo lo hacemos?<\/p>\n<p>La empresa que est\u00e9 interesada en nuestros servicios de marketing en Reus, la provincia de Tarragona o cualquiera otro lugar, se pone en contacto con nosotros para poder tener una primera presa de contacto con la Pyme y sus necesidades, Necesitamos conocer el car\u00e1cter, objetivos y situaci\u00f3n de cada una para definir sus necesidades y elaborar la estrategia para llevar a cabo.<\/p>\n<p>As\u00ed, adaptamos y personalizamos totalmente nuestros presupuestos y servicios a las necesidades de cada empresa teniendo en cuenta su medida, caracter\u00edsticas, estado y p\u00fablico objetivo. Posteriormente, se pacta el presupuesto y la estrategia de marketing con el cliente para empezar a trabajar.<\/p>\n<p>Para hacer esto, nos acercamos al cliente y a su empresa, convirti\u00e9ndonos en parte de ella, captando su esencia para transmitir el mensaje de la forma m\u00e1s correcta para obtener los mayores beneficios.<\/p>\n<\/div>\n<p>En Media Needs ofrecemos un nuevo concepto de marketing, un marketing para cualquier empresa. Por peque\u00f1a que sea tu Pyme, se puede ver muy beneficiada de elementos que desconoces y que mejorar\u00e1 tu ejercicio econ\u00f3mico.<\/p>\n<p>Creamos y dise\u00f1amos p\u00e1ginas web, las posicionamos a los motores de busca, gestionamos redes sociales, creamos y dise\u00f1amos tu imagen corporativa, asesoramos, nos ponemos en contacto con los medios y hacemos campa\u00f1as de publicidad, adem\u00e1s de dise\u00f1ar toda tu papeler\u00eda siguiendo la misma l\u00ednea comunicativa. Todo esto, y mucho m\u00e1s, al mejor precio.<\/p>\n","protected":false},"excerpt":{"rendered":"<p>Media Needs la ha vuelto a liar. Nuestro poder de difusi\u00f3n a las redes sociales ha quedado latente\u00a0con la organizaci\u00f3n de diferentes actas o inauguraciones de nuestros clientes los \u00faltimos a\u00f1os, pero este mes de agosto, Media Needs ha demostrado que las ideas y las buenas campa\u00f1as no tienen fronteras. Muchas veces, una buena campa\u00f1a [&hellip;]<\/p>\n","protected":false},"author":1,"featured_media":1944,"comment_status":"closed","ping_status":"closed","sticky":false,"template":"","format":"standard","meta":{"_et_pb_use_builder":"","_et_pb_old_content":"","_et_gb_content_width":"","footnotes":""},"categories":[252],"tags":[198,197],"class_list":["post-2046","post","type-post","status-publish","format-standard","has-post-thumbnail","hentry","category-noticias","tag-campana","tag-messi"],"yoast_head":"<!-- This site is optimized with the Yoast SEO plugin v27.4 - https:\/\/yoast.com\/product\/yoast-seo-wordpress\/ -->\n<title>\u00a1\u00a1\u00a1Nuestra campanya de Messi, un \u00e9xito mundial!!! - M\u00e0rketing Reus | Media Needs Reus | Ag\u00e8ncia de publicitat Reus<\/title>\n<meta name=\"robots\" content=\"index, follow, max-snippet:-1, max-image-preview:large, max-video-preview:-1\" \/>\n<link rel=\"canonical\" href=\"https:\/\/medianeeds.es\/es\/nuestra-campanya-messi-exito-mundial\/\" \/>\n<meta property=\"og:locale\" content=\"es_ES\" \/>\n<meta property=\"og:type\" content=\"article\" \/>\n<meta property=\"og:title\" content=\"\u00a1\u00a1\u00a1Nuestra campanya de Messi, un \u00e9xito mundial!!! - M\u00e0rketing Reus | Media Needs Reus | Ag\u00e8ncia de publicitat Reus\" \/>\n<meta property=\"og:description\" content=\"Media Needs la ha vuelto a liar. Nuestro poder de difusi\u00f3n a las redes sociales ha quedado latente\u00a0con la organizaci\u00f3n de diferentes actas o inauguraciones de nuestros clientes los \u00faltimos a\u00f1os, pero este mes de agosto, Media Needs ha demostrado que las ideas y las buenas campa\u00f1as no tienen fronteras. Muchas veces, una buena campa\u00f1a [&hellip;]\" \/>\n<meta property=\"og:url\" content=\"https:\/\/medianeeds.es\/es\/nuestra-campanya-messi-exito-mundial\/\" \/>\n<meta property=\"og:site_name\" content=\"M\u00e0rketing Reus | Media Needs Reus | Ag\u00e8ncia de publicitat Reus\" \/>\n<meta property=\"article:publisher\" content=\"https:\/\/www.facebook.com\/medianeeds.es\/\" \/>\n<meta property=\"article:published_time\" content=\"2016-08-16T17:42:38+00:00\" \/>\n<meta property=\"article:modified_time\" content=\"2018-08-31T09:16:44+00:00\" \/>\n<meta property=\"og:image\" content=\"https:\/\/medianeeds.es\/wp-content\/uploads\/2024\/05\/young-female-logo-designer-working-graphic-tablet.jpg\" \/>\n\t<meta property=\"og:image:width\" content=\"1500\" \/>\n\t<meta property=\"og:image:height\" content=\"1000\" \/>\n\t<meta property=\"og:image:type\" content=\"image\/jpeg\" \/>\n<meta name=\"author\" content=\"Medianeeds\" \/>\n<meta name=\"twitter:label1\" content=\"Escrito por\" \/>\n\t<meta name=\"twitter:data1\" content=\"Medianeeds\" \/>\n\t<meta name=\"twitter:label2\" content=\"Tiempo de lectura\" \/>\n\t<meta name=\"twitter:data2\" content=\"3 minutos\" \/>\n<script type=\"application\/ld+json\" class=\"yoast-schema-graph\">{\"@context\":\"https:\\\/\\\/schema.org\",\"@graph\":[{\"@type\":\"Article\",\"@id\":\"https:\\\/\\\/medianeeds.es\\\/es\\\/nuestra-campanya-messi-exito-mundial\\\/#article\",\"isPartOf\":{\"@id\":\"https:\\\/\\\/medianeeds.es\\\/es\\\/nuestra-campanya-messi-exito-mundial\\\/\"},\"author\":{\"name\":\"Medianeeds\",\"@id\":\"https:\\\/\\\/medianeeds.es\\\/#\\\/schema\\\/person\\\/6a6f2f17f283df3eeb0946feebd2af79\"},\"headline\":\"\u00a1\u00a1\u00a1Nuestra campanya de Messi, un \u00e9xito mundial!!!\",\"datePublished\":\"2016-08-16T17:42:38+00:00\",\"dateModified\":\"2018-08-31T09:16:44+00:00\",\"mainEntityOfPage\":{\"@id\":\"https:\\\/\\\/medianeeds.es\\\/es\\\/nuestra-campanya-messi-exito-mundial\\\/\"},\"wordCount\":642,\"publisher\":{\"@id\":\"https:\\\/\\\/medianeeds.es\\\/#organization\"},\"image\":{\"@id\":\"https:\\\/\\\/medianeeds.es\\\/es\\\/nuestra-campanya-messi-exito-mundial\\\/#primaryimage\"},\"thumbnailUrl\":\"\",\"keywords\":[\"Campa\u00f1a\",\"Messi\"],\"articleSection\":[\"Noticias\"],\"inLanguage\":\"es\"},{\"@type\":\"WebPage\",\"@id\":\"https:\\\/\\\/medianeeds.es\\\/es\\\/nuestra-campanya-messi-exito-mundial\\\/\",\"url\":\"https:\\\/\\\/medianeeds.es\\\/es\\\/nuestra-campanya-messi-exito-mundial\\\/\",\"name\":\"\u00a1\u00a1\u00a1Nuestra campanya de Messi, un \u00e9xito mundial!!! - M\u00e0rketing Reus | Media Needs Reus | Ag\u00e8ncia de publicitat Reus\",\"isPartOf\":{\"@id\":\"https:\\\/\\\/medianeeds.es\\\/#website\"},\"primaryImageOfPage\":{\"@id\":\"https:\\\/\\\/medianeeds.es\\\/es\\\/nuestra-campanya-messi-exito-mundial\\\/#primaryimage\"},\"image\":{\"@id\":\"https:\\\/\\\/medianeeds.es\\\/es\\\/nuestra-campanya-messi-exito-mundial\\\/#primaryimage\"},\"thumbnailUrl\":\"\",\"datePublished\":\"2016-08-16T17:42:38+00:00\",\"dateModified\":\"2018-08-31T09:16:44+00:00\",\"breadcrumb\":{\"@id\":\"https:\\\/\\\/medianeeds.es\\\/es\\\/nuestra-campanya-messi-exito-mundial\\\/#breadcrumb\"},\"inLanguage\":\"es\",\"potentialAction\":[{\"@type\":\"ReadAction\",\"target\":[\"https:\\\/\\\/medianeeds.es\\\/es\\\/nuestra-campanya-messi-exito-mundial\\\/\"]}]},{\"@type\":\"ImageObject\",\"inLanguage\":\"es\",\"@id\":\"https:\\\/\\\/medianeeds.es\\\/es\\\/nuestra-campanya-messi-exito-mundial\\\/#primaryimage\",\"url\":\"\",\"contentUrl\":\"\"},{\"@type\":\"BreadcrumbList\",\"@id\":\"https:\\\/\\\/medianeeds.es\\\/es\\\/nuestra-campanya-messi-exito-mundial\\\/#breadcrumb\",\"itemListElement\":[{\"@type\":\"ListItem\",\"position\":1,\"name\":\"Portada\",\"item\":\"https:\\\/\\\/medianeeds.es\\\/\"},{\"@type\":\"ListItem\",\"position\":2,\"name\":\"\u00a1\u00a1\u00a1Nuestra campanya de Messi, un \u00e9xito mundial!!!\"}]},{\"@type\":\"WebSite\",\"@id\":\"https:\\\/\\\/medianeeds.es\\\/#website\",\"url\":\"https:\\\/\\\/medianeeds.es\\\/\",\"name\":\"M\u00e0rketing Reus | Media Needs Reus | Ag\u00e8ncia de publicitat Reus\",\"description\":\"MediaNeeds \u00e9s una empresa especialitzada en serveis integrals de publicitat, m\u00e0rqueting on-line i community manager a Reus, Tarragona\",\"publisher\":{\"@id\":\"https:\\\/\\\/medianeeds.es\\\/#organization\"},\"alternateName\":\"Media Needs\",\"potentialAction\":[{\"@type\":\"SearchAction\",\"target\":{\"@type\":\"EntryPoint\",\"urlTemplate\":\"https:\\\/\\\/medianeeds.es\\\/?s={search_term_string}\"},\"query-input\":{\"@type\":\"PropertyValueSpecification\",\"valueRequired\":true,\"valueName\":\"search_term_string\"}}],\"inLanguage\":\"es\"},{\"@type\":\"Organization\",\"@id\":\"https:\\\/\\\/medianeeds.es\\\/#organization\",\"name\":\"M\u00e0rketing Reus | Media Needs Reus | Ag\u00e8ncia de publicitat Reus\",\"alternateName\":\"Media Needs\",\"url\":\"https:\\\/\\\/medianeeds.es\\\/\",\"logo\":{\"@type\":\"ImageObject\",\"inLanguage\":\"es\",\"@id\":\"https:\\\/\\\/medianeeds.es\\\/#\\\/schema\\\/logo\\\/image\\\/\",\"url\":\"https:\\\/\\\/medianeeds.es\\\/wp-content\\\/uploads\\\/2024\\\/06\\\/COLOR_Mesa-de-trabajo-1-copia.png\",\"contentUrl\":\"https:\\\/\\\/medianeeds.es\\\/wp-content\\\/uploads\\\/2024\\\/06\\\/COLOR_Mesa-de-trabajo-1-copia.png\",\"width\":470,\"height\":226,\"caption\":\"M\u00e0rketing Reus | Media Needs Reus | Ag\u00e8ncia de publicitat Reus\"},\"image\":{\"@id\":\"https:\\\/\\\/medianeeds.es\\\/#\\\/schema\\\/logo\\\/image\\\/\"},\"sameAs\":[\"https:\\\/\\\/www.facebook.com\\\/medianeeds.es\\\/\",\"https:\\\/\\\/x.com\\\/media_needs\",\"https:\\\/\\\/www.instagram.com\\\/medianeeds\\\/?hl=es\"]},{\"@type\":\"Person\",\"@id\":\"https:\\\/\\\/medianeeds.es\\\/#\\\/schema\\\/person\\\/6a6f2f17f283df3eeb0946feebd2af79\",\"name\":\"Medianeeds\",\"image\":{\"@type\":\"ImageObject\",\"inLanguage\":\"es\",\"@id\":\"https:\\\/\\\/secure.gravatar.com\\\/avatar\\\/442251953f111b43a4668103c7b7c09aa35690e525473fb0bb9db0681ee9c0c3?s=96&d=mm&r=g\",\"url\":\"https:\\\/\\\/secure.gravatar.com\\\/avatar\\\/442251953f111b43a4668103c7b7c09aa35690e525473fb0bb9db0681ee9c0c3?s=96&d=mm&r=g\",\"contentUrl\":\"https:\\\/\\\/secure.gravatar.com\\\/avatar\\\/442251953f111b43a4668103c7b7c09aa35690e525473fb0bb9db0681ee9c0c3?s=96&d=mm&r=g\",\"caption\":\"Medianeeds\"},\"url\":\"https:\\\/\\\/medianeeds.es\\\/es\\\/author\\\/medianeeds\\\/\"}]}<\/script>\n<!-- \/ Yoast SEO plugin. -->","yoast_head_json":{"title":"\u00a1\u00a1\u00a1Nuestra campanya de Messi, un \u00e9xito mundial!!! - M\u00e0rketing Reus | Media Needs Reus | Ag\u00e8ncia de publicitat Reus","robots":{"index":"index","follow":"follow","max-snippet":"max-snippet:-1","max-image-preview":"max-image-preview:large","max-video-preview":"max-video-preview:-1"},"canonical":"https:\/\/medianeeds.es\/es\/nuestra-campanya-messi-exito-mundial\/","og_locale":"es_ES","og_type":"article","og_title":"\u00a1\u00a1\u00a1Nuestra campanya de Messi, un \u00e9xito mundial!!! - M\u00e0rketing Reus | Media Needs Reus | Ag\u00e8ncia de publicitat Reus","og_description":"Media Needs la ha vuelto a liar. Nuestro poder de difusi\u00f3n a las redes sociales ha quedado latente\u00a0con la organizaci\u00f3n de diferentes actas o inauguraciones de nuestros clientes los \u00faltimos a\u00f1os, pero este mes de agosto, Media Needs ha demostrado que las ideas y las buenas campa\u00f1as no tienen fronteras. Muchas veces, una buena campa\u00f1a [&hellip;]","og_url":"https:\/\/medianeeds.es\/es\/nuestra-campanya-messi-exito-mundial\/","og_site_name":"M\u00e0rketing Reus | Media Needs Reus | Ag\u00e8ncia de publicitat Reus","article_publisher":"https:\/\/www.facebook.com\/medianeeds.es\/","article_published_time":"2016-08-16T17:42:38+00:00","article_modified_time":"2018-08-31T09:16:44+00:00","og_image":[{"width":1500,"height":1000,"url":"https:\/\/medianeeds.es\/wp-content\/uploads\/2024\/05\/young-female-logo-designer-working-graphic-tablet.jpg","type":"image\/jpeg"}],"author":"Medianeeds","twitter_misc":{"Escrito por":"Medianeeds","Tiempo de lectura":"3 minutos"},"schema":{"@context":"https:\/\/schema.org","@graph":[{"@type":"Article","@id":"https:\/\/medianeeds.es\/es\/nuestra-campanya-messi-exito-mundial\/#article","isPartOf":{"@id":"https:\/\/medianeeds.es\/es\/nuestra-campanya-messi-exito-mundial\/"},"author":{"name":"Medianeeds","@id":"https:\/\/medianeeds.es\/#\/schema\/person\/6a6f2f17f283df3eeb0946feebd2af79"},"headline":"\u00a1\u00a1\u00a1Nuestra campanya de Messi, un \u00e9xito mundial!!!","datePublished":"2016-08-16T17:42:38+00:00","dateModified":"2018-08-31T09:16:44+00:00","mainEntityOfPage":{"@id":"https:\/\/medianeeds.es\/es\/nuestra-campanya-messi-exito-mundial\/"},"wordCount":642,"publisher":{"@id":"https:\/\/medianeeds.es\/#organization"},"image":{"@id":"https:\/\/medianeeds.es\/es\/nuestra-campanya-messi-exito-mundial\/#primaryimage"},"thumbnailUrl":"","keywords":["Campa\u00f1a","Messi"],"articleSection":["Noticias"],"inLanguage":"es"},{"@type":"WebPage","@id":"https:\/\/medianeeds.es\/es\/nuestra-campanya-messi-exito-mundial\/","url":"https:\/\/medianeeds.es\/es\/nuestra-campanya-messi-exito-mundial\/","name":"\u00a1\u00a1\u00a1Nuestra campanya de Messi, un \u00e9xito mundial!!! - M\u00e0rketing Reus | Media Needs Reus | Ag\u00e8ncia de publicitat Reus","isPartOf":{"@id":"https:\/\/medianeeds.es\/#website"},"primaryImageOfPage":{"@id":"https:\/\/medianeeds.es\/es\/nuestra-campanya-messi-exito-mundial\/#primaryimage"},"image":{"@id":"https:\/\/medianeeds.es\/es\/nuestra-campanya-messi-exito-mundial\/#primaryimage"},"thumbnailUrl":"","datePublished":"2016-08-16T17:42:38+00:00","dateModified":"2018-08-31T09:16:44+00:00","breadcrumb":{"@id":"https:\/\/medianeeds.es\/es\/nuestra-campanya-messi-exito-mundial\/#breadcrumb"},"inLanguage":"es","potentialAction":[{"@type":"ReadAction","target":["https:\/\/medianeeds.es\/es\/nuestra-campanya-messi-exito-mundial\/"]}]},{"@type":"ImageObject","inLanguage":"es","@id":"https:\/\/medianeeds.es\/es\/nuestra-campanya-messi-exito-mundial\/#primaryimage","url":"","contentUrl":""},{"@type":"BreadcrumbList","@id":"https:\/\/medianeeds.es\/es\/nuestra-campanya-messi-exito-mundial\/#breadcrumb","itemListElement":[{"@type":"ListItem","position":1,"name":"Portada","item":"https:\/\/medianeeds.es\/"},{"@type":"ListItem","position":2,"name":"\u00a1\u00a1\u00a1Nuestra campanya de Messi, un \u00e9xito mundial!!!"}]},{"@type":"WebSite","@id":"https:\/\/medianeeds.es\/#website","url":"https:\/\/medianeeds.es\/","name":"M\u00e0rketing Reus | Media Needs Reus | Ag\u00e8ncia de publicitat Reus","description":"MediaNeeds \u00e9s una empresa especialitzada en serveis integrals de publicitat, m\u00e0rqueting on-line i community manager a Reus, Tarragona","publisher":{"@id":"https:\/\/medianeeds.es\/#organization"},"alternateName":"Media Needs","potentialAction":[{"@type":"SearchAction","target":{"@type":"EntryPoint","urlTemplate":"https:\/\/medianeeds.es\/?s={search_term_string}"},"query-input":{"@type":"PropertyValueSpecification","valueRequired":true,"valueName":"search_term_string"}}],"inLanguage":"es"},{"@type":"Organization","@id":"https:\/\/medianeeds.es\/#organization","name":"M\u00e0rketing Reus | Media Needs Reus | Ag\u00e8ncia de publicitat Reus","alternateName":"Media Needs","url":"https:\/\/medianeeds.es\/","logo":{"@type":"ImageObject","inLanguage":"es","@id":"https:\/\/medianeeds.es\/#\/schema\/logo\/image\/","url":"https:\/\/medianeeds.es\/wp-content\/uploads\/2024\/06\/COLOR_Mesa-de-trabajo-1-copia.png","contentUrl":"https:\/\/medianeeds.es\/wp-content\/uploads\/2024\/06\/COLOR_Mesa-de-trabajo-1-copia.png","width":470,"height":226,"caption":"M\u00e0rketing Reus | Media Needs Reus | Ag\u00e8ncia de publicitat Reus"},"image":{"@id":"https:\/\/medianeeds.es\/#\/schema\/logo\/image\/"},"sameAs":["https:\/\/www.facebook.com\/medianeeds.es\/","https:\/\/x.com\/media_needs","https:\/\/www.instagram.com\/medianeeds\/?hl=es"]},{"@type":"Person","@id":"https:\/\/medianeeds.es\/#\/schema\/person\/6a6f2f17f283df3eeb0946feebd2af79","name":"Medianeeds","image":{"@type":"ImageObject","inLanguage":"es","@id":"https:\/\/secure.gravatar.com\/avatar\/442251953f111b43a4668103c7b7c09aa35690e525473fb0bb9db0681ee9c0c3?s=96&d=mm&r=g","url":"https:\/\/secure.gravatar.com\/avatar\/442251953f111b43a4668103c7b7c09aa35690e525473fb0bb9db0681ee9c0c3?s=96&d=mm&r=g","contentUrl":"https:\/\/secure.gravatar.com\/avatar\/442251953f111b43a4668103c7b7c09aa35690e525473fb0bb9db0681ee9c0c3?s=96&d=mm&r=g","caption":"Medianeeds"},"url":"https:\/\/medianeeds.es\/es\/author\/medianeeds\/"}]}},"_links":{"self":[{"href":"https:\/\/medianeeds.es\/es\/wp-json\/wp\/v2\/posts\/2046","targetHints":{"allow":["GET"]}}],"collection":[{"href":"https:\/\/medianeeds.es\/es\/wp-json\/wp\/v2\/posts"}],"about":[{"href":"https:\/\/medianeeds.es\/es\/wp-json\/wp\/v2\/types\/post"}],"author":[{"embeddable":true,"href":"https:\/\/medianeeds.es\/es\/wp-json\/wp\/v2\/users\/1"}],"replies":[{"embeddable":true,"href":"https:\/\/medianeeds.es\/es\/wp-json\/wp\/v2\/comments?post=2046"}],"version-history":[{"count":1,"href":"https:\/\/medianeeds.es\/es\/wp-json\/wp\/v2\/posts\/2046\/revisions"}],"predecessor-version":[{"id":10446,"href":"https:\/\/medianeeds.es\/es\/wp-json\/wp\/v2\/posts\/2046\/revisions\/10446"}],"wp:featuredmedia":[{"embeddable":true,"href":"https:\/\/medianeeds.es\/es\/wp-json\/"}],"wp:attachment":[{"href":"https:\/\/medianeeds.es\/es\/wp-json\/wp\/v2\/media?parent=2046"}],"wp:term":[{"taxonomy":"category","embeddable":true,"href":"https:\/\/medianeeds.es\/es\/wp-json\/wp\/v2\/categories?post=2046"},{"taxonomy":"post_tag","embeddable":true,"href":"https:\/\/medianeeds.es\/es\/wp-json\/wp\/v2\/tags?post=2046"}],"curies":[{"name":"wp","href":"https:\/\/api.w.org\/{rel}","templated":true}]}}