{"id":1940,"date":"2016-10-25T15:44:56","date_gmt":"2016-10-25T15:44:56","guid":{"rendered":"https:\/\/medianeeds.es\/es\/?p=1940"},"modified":"2018-08-31T09:14:20","modified_gmt":"2018-08-31T09:14:20","slug":"lidl-se-lanza-la-moda","status":"publish","type":"post","link":"https:\/\/medianeeds.es\/es\/lidl-se-lanza-la-moda\/","title":{"rendered":"Lidl se lanza a la moda"},"content":{"rendered":"<h2>La cadena de supermercados Lidl ha revolucionado el sector<\/h2>\n<p style=\"text-align: justify;\"><span style=\"font-family: helvetica; font-size: 10px;\">Y no es para menos. El hecho de que en un mismo lugar las personas podamos hacer la compra semanal y, adem\u00e1s, podamos comprarnos ropa es genial. La marca alemana ha apostado por trasladar su modelo <em>smart discount<\/em> m\u00e1s all\u00e1 de sus productos frescos y de alimentaci\u00f3n en el sector textil.<\/span><\/p>\n<p style=\"text-align: justify;\"><span style=\"font-family: helvetica; font-size: 10px;\">La compa\u00f1\u00eda Lidl ha explicado que esta apuesta tiene como objetivo llegar a un nuevo tipo de consumidor. Un consumidor que no renuncia a un precio m\u00e1s econ\u00f3mico y asequible a todos los tipos de bolsillo. Por otra parte, con esta propuesta democratizadora, la marca alemana tambi\u00e9n mostrar\u00e1 otra cara de la moda. Quiere impulsar el concepto de una moda cercana al consumidor y que no presenta ning\u00fan tipo de complicaciones para el cliente a la hora de adquirirla.<\/span><\/p>\n<p style=\"text-align: justify;\"><span style=\"font-family: helvetica; font-size: 10px;\">Bajo la firma de Esmara, la cadena de supermercados present\u00f3 ayer su primera colecci\u00f3n en Espa\u00f1a. Y esta tambi\u00e9n dio mucho que hablar por su comercializaci\u00f3n! Jers\u00e9is envasados con los cl\u00e1sicos envases con los que encontramos la carne o el embutido o cajas de madera donde normalmente se guarda la fruta, llena de objetos de decoraci\u00f3n y textil son s\u00f3lo una muestra de este innovador lanzamiento.<\/span><\/p>\n<p style=\"text-align: justify;\"><span style=\"font-family: helvetica; font-size: 10px;\">Las redes sociales, tan importantes en nuestro d\u00eda a d\u00eda, tambi\u00e9n se hicieron eco de esta campa\u00f1a. Muchos de los <em>influencers <\/em>m\u00e1s importantes de nuestro pa\u00eds ya han visitado alguno de estos supermercados tan especiales.<\/span><\/p>\n<p><a href=\"https:\/\/medianeeds.es\/\/wp-content\/uploads\/2016\/10\/lll.png\"><img loading=\"lazy\" decoding=\"async\" class=\"aligncenter size-full wp-image-1764\" src=\"https:\/\/medianeeds.es\/\/wp-content\/uploads\/2016\/10\/lll.png\" alt=\"lll\" width=\"477\" height=\"586\" \/><\/a><\/p>\n<p style=\"text-align: justify;\"><span style=\"font-family: helvetica; font-size: 10px;\">En Media Needs estamos pendientes de todas las campa\u00f1as de marketing m\u00e1s sorprendentes de nuestro entorno para acerc\u00e1roslas y daros ideas. Sin lugar a dudas esta nos ha encantado y ya estamos deseando ir al supermercado para darle un vistazo a la nueva colecci\u00f3n. Aunque por ahora s\u00f3lo se han estrenado con ropa para mujer, pr\u00f3ximamente confirmaron que ampliar\u00e1n su sector textil con ropa tanto para hombre como para ni\u00f1os y ni\u00f1as.<\/span><\/p>\n","protected":false},"excerpt":{"rendered":"<p>La cadena de supermercados Lidl ha revolucionado el sector Y no es para menos. El hecho de que en un mismo lugar las personas podamos hacer la compra semanal y, adem\u00e1s, podamos comprarnos ropa es genial. La marca alemana ha apostado por trasladar su modelo smart discount m\u00e1s all\u00e1 de sus productos frescos y de [&hellip;]<\/p>\n","protected":false},"author":1,"featured_media":1941,"comment_status":"closed","ping_status":"closed","sticky":false,"template":"","format":"standard","meta":{"_et_pb_use_builder":"","_et_pb_old_content":"","_et_gb_content_width":"","footnotes":""},"categories":[252],"tags":[196,195],"class_list":["post-1940","post","type-post","status-publish","format-standard","has-post-thumbnail","hentry","category-noticias","tag-lidl","tag-moda"],"yoast_head":"<!-- This site is optimized with the Yoast SEO plugin v27.4 - https:\/\/yoast.com\/product\/yoast-seo-wordpress\/ -->\n<title>Lidl se lanza a la moda - Media Needs Reus - Ag\u00e8ncia de Comunicaci\u00f3 i Publicitat<\/title>\n<meta name=\"description\" content=\"Y no es para menos. El hecho de que en un mismo lugar las personas podamos hacer la compra semanal y, adem\u00e1s, podamos comprarnos ropa es genial.\" \/>\n<meta name=\"robots\" content=\"index, follow, max-snippet:-1, max-image-preview:large, max-video-preview:-1\" \/>\n<link rel=\"canonical\" href=\"https:\/\/medianeeds.es\/es\/lidl-se-lanza-la-moda\/\" \/>\n<meta property=\"og:locale\" content=\"es_ES\" \/>\n<meta property=\"og:type\" content=\"article\" \/>\n<meta property=\"og:title\" content=\"Lidl se lanza a la moda - Media Needs Reus - Ag\u00e8ncia de Comunicaci\u00f3 i Publicitat\" \/>\n<meta property=\"og:description\" content=\"Y no es para menos. El hecho de que en un mismo lugar las personas podamos hacer la compra semanal y, adem\u00e1s, podamos comprarnos ropa es genial.\" \/>\n<meta property=\"og:url\" content=\"https:\/\/medianeeds.es\/es\/lidl-se-lanza-la-moda\/\" \/>\n<meta property=\"og:site_name\" content=\"M\u00e0rketing Reus | Media Needs Reus | Ag\u00e8ncia de publicitat Reus\" \/>\n<meta property=\"article:publisher\" content=\"https:\/\/www.facebook.com\/medianeeds.es\/\" \/>\n<meta property=\"article:published_time\" content=\"2016-10-25T15:44:56+00:00\" \/>\n<meta property=\"article:modified_time\" content=\"2018-08-31T09:14:20+00:00\" \/>\n<meta property=\"og:image\" content=\"https:\/\/medianeeds.es\/wp-content\/uploads\/2024\/05\/young-female-logo-designer-working-graphic-tablet.jpg\" \/>\n\t<meta property=\"og:image:width\" content=\"1500\" \/>\n\t<meta property=\"og:image:height\" content=\"1000\" \/>\n\t<meta property=\"og:image:type\" content=\"image\/jpeg\" \/>\n<meta name=\"author\" content=\"Medianeeds\" \/>\n<meta name=\"twitter:label1\" content=\"Escrito por\" \/>\n\t<meta name=\"twitter:data1\" content=\"Medianeeds\" \/>\n\t<meta name=\"twitter:label2\" content=\"Tiempo de lectura\" \/>\n\t<meta name=\"twitter:data2\" content=\"2 minutos\" \/>\n<script type=\"application\/ld+json\" class=\"yoast-schema-graph\">{\"@context\":\"https:\\\/\\\/schema.org\",\"@graph\":[{\"@type\":\"Article\",\"@id\":\"https:\\\/\\\/medianeeds.es\\\/es\\\/lidl-se-lanza-la-moda\\\/#article\",\"isPartOf\":{\"@id\":\"https:\\\/\\\/medianeeds.es\\\/es\\\/lidl-se-lanza-la-moda\\\/\"},\"author\":{\"name\":\"Medianeeds\",\"@id\":\"https:\\\/\\\/medianeeds.es\\\/#\\\/schema\\\/person\\\/6a6f2f17f283df3eeb0946feebd2af79\"},\"headline\":\"Lidl se lanza a la moda\",\"datePublished\":\"2016-10-25T15:44:56+00:00\",\"dateModified\":\"2018-08-31T09:14:20+00:00\",\"mainEntityOfPage\":{\"@id\":\"https:\\\/\\\/medianeeds.es\\\/es\\\/lidl-se-lanza-la-moda\\\/\"},\"wordCount\":349,\"publisher\":{\"@id\":\"https:\\\/\\\/medianeeds.es\\\/#organization\"},\"image\":{\"@id\":\"https:\\\/\\\/medianeeds.es\\\/es\\\/lidl-se-lanza-la-moda\\\/#primaryimage\"},\"thumbnailUrl\":\"\",\"keywords\":[\"Lidl\",\"Moda\"],\"articleSection\":[\"Noticias\"],\"inLanguage\":\"es\"},{\"@type\":\"WebPage\",\"@id\":\"https:\\\/\\\/medianeeds.es\\\/es\\\/lidl-se-lanza-la-moda\\\/\",\"url\":\"https:\\\/\\\/medianeeds.es\\\/es\\\/lidl-se-lanza-la-moda\\\/\",\"name\":\"Lidl se lanza a la moda - Media Needs Reus - Ag\u00e8ncia de Comunicaci\u00f3 i Publicitat\",\"isPartOf\":{\"@id\":\"https:\\\/\\\/medianeeds.es\\\/#website\"},\"primaryImageOfPage\":{\"@id\":\"https:\\\/\\\/medianeeds.es\\\/es\\\/lidl-se-lanza-la-moda\\\/#primaryimage\"},\"image\":{\"@id\":\"https:\\\/\\\/medianeeds.es\\\/es\\\/lidl-se-lanza-la-moda\\\/#primaryimage\"},\"thumbnailUrl\":\"\",\"datePublished\":\"2016-10-25T15:44:56+00:00\",\"dateModified\":\"2018-08-31T09:14:20+00:00\",\"description\":\"Y no es para menos. El hecho de que en un mismo lugar las personas podamos hacer la compra semanal y, adem\u00e1s, podamos comprarnos ropa es genial.\",\"breadcrumb\":{\"@id\":\"https:\\\/\\\/medianeeds.es\\\/es\\\/lidl-se-lanza-la-moda\\\/#breadcrumb\"},\"inLanguage\":\"es\",\"potentialAction\":[{\"@type\":\"ReadAction\",\"target\":[\"https:\\\/\\\/medianeeds.es\\\/es\\\/lidl-se-lanza-la-moda\\\/\"]}]},{\"@type\":\"ImageObject\",\"inLanguage\":\"es\",\"@id\":\"https:\\\/\\\/medianeeds.es\\\/es\\\/lidl-se-lanza-la-moda\\\/#primaryimage\",\"url\":\"\",\"contentUrl\":\"\"},{\"@type\":\"BreadcrumbList\",\"@id\":\"https:\\\/\\\/medianeeds.es\\\/es\\\/lidl-se-lanza-la-moda\\\/#breadcrumb\",\"itemListElement\":[{\"@type\":\"ListItem\",\"position\":1,\"name\":\"Portada\",\"item\":\"https:\\\/\\\/medianeeds.es\\\/\"},{\"@type\":\"ListItem\",\"position\":2,\"name\":\"Lidl se lanza a la moda\"}]},{\"@type\":\"WebSite\",\"@id\":\"https:\\\/\\\/medianeeds.es\\\/#website\",\"url\":\"https:\\\/\\\/medianeeds.es\\\/\",\"name\":\"M\u00e0rketing Reus | Media Needs Reus | Ag\u00e8ncia de publicitat Reus\",\"description\":\"MediaNeeds \u00e9s una empresa especialitzada en serveis integrals de publicitat, m\u00e0rqueting on-line i community manager a Reus, Tarragona\",\"publisher\":{\"@id\":\"https:\\\/\\\/medianeeds.es\\\/#organization\"},\"alternateName\":\"Media Needs\",\"potentialAction\":[{\"@type\":\"SearchAction\",\"target\":{\"@type\":\"EntryPoint\",\"urlTemplate\":\"https:\\\/\\\/medianeeds.es\\\/?s={search_term_string}\"},\"query-input\":{\"@type\":\"PropertyValueSpecification\",\"valueRequired\":true,\"valueName\":\"search_term_string\"}}],\"inLanguage\":\"es\"},{\"@type\":\"Organization\",\"@id\":\"https:\\\/\\\/medianeeds.es\\\/#organization\",\"name\":\"M\u00e0rketing Reus | Media Needs Reus | Ag\u00e8ncia de publicitat Reus\",\"alternateName\":\"Media Needs\",\"url\":\"https:\\\/\\\/medianeeds.es\\\/\",\"logo\":{\"@type\":\"ImageObject\",\"inLanguage\":\"es\",\"@id\":\"https:\\\/\\\/medianeeds.es\\\/#\\\/schema\\\/logo\\\/image\\\/\",\"url\":\"https:\\\/\\\/medianeeds.es\\\/wp-content\\\/uploads\\\/2024\\\/06\\\/COLOR_Mesa-de-trabajo-1-copia.png\",\"contentUrl\":\"https:\\\/\\\/medianeeds.es\\\/wp-content\\\/uploads\\\/2024\\\/06\\\/COLOR_Mesa-de-trabajo-1-copia.png\",\"width\":470,\"height\":226,\"caption\":\"M\u00e0rketing Reus | Media Needs Reus | Ag\u00e8ncia de publicitat Reus\"},\"image\":{\"@id\":\"https:\\\/\\\/medianeeds.es\\\/#\\\/schema\\\/logo\\\/image\\\/\"},\"sameAs\":[\"https:\\\/\\\/www.facebook.com\\\/medianeeds.es\\\/\",\"https:\\\/\\\/x.com\\\/media_needs\",\"https:\\\/\\\/www.instagram.com\\\/medianeeds\\\/?hl=es\"]},{\"@type\":\"Person\",\"@id\":\"https:\\\/\\\/medianeeds.es\\\/#\\\/schema\\\/person\\\/6a6f2f17f283df3eeb0946feebd2af79\",\"name\":\"Medianeeds\",\"image\":{\"@type\":\"ImageObject\",\"inLanguage\":\"es\",\"@id\":\"https:\\\/\\\/secure.gravatar.com\\\/avatar\\\/442251953f111b43a4668103c7b7c09aa35690e525473fb0bb9db0681ee9c0c3?s=96&d=mm&r=g\",\"url\":\"https:\\\/\\\/secure.gravatar.com\\\/avatar\\\/442251953f111b43a4668103c7b7c09aa35690e525473fb0bb9db0681ee9c0c3?s=96&d=mm&r=g\",\"contentUrl\":\"https:\\\/\\\/secure.gravatar.com\\\/avatar\\\/442251953f111b43a4668103c7b7c09aa35690e525473fb0bb9db0681ee9c0c3?s=96&d=mm&r=g\",\"caption\":\"Medianeeds\"},\"url\":\"https:\\\/\\\/medianeeds.es\\\/es\\\/author\\\/medianeeds\\\/\"}]}<\/script>\n<!-- \/ Yoast SEO plugin. -->","yoast_head_json":{"title":"Lidl se lanza a la moda - Media Needs Reus - Ag\u00e8ncia de Comunicaci\u00f3 i Publicitat","description":"Y no es para menos. El hecho de que en un mismo lugar las personas podamos hacer la compra semanal y, adem\u00e1s, podamos comprarnos ropa es genial.","robots":{"index":"index","follow":"follow","max-snippet":"max-snippet:-1","max-image-preview":"max-image-preview:large","max-video-preview":"max-video-preview:-1"},"canonical":"https:\/\/medianeeds.es\/es\/lidl-se-lanza-la-moda\/","og_locale":"es_ES","og_type":"article","og_title":"Lidl se lanza a la moda - Media Needs Reus - Ag\u00e8ncia de Comunicaci\u00f3 i Publicitat","og_description":"Y no es para menos. El hecho de que en un mismo lugar las personas podamos hacer la compra semanal y, adem\u00e1s, podamos comprarnos ropa es genial.","og_url":"https:\/\/medianeeds.es\/es\/lidl-se-lanza-la-moda\/","og_site_name":"M\u00e0rketing Reus | Media Needs Reus | Ag\u00e8ncia de publicitat Reus","article_publisher":"https:\/\/www.facebook.com\/medianeeds.es\/","article_published_time":"2016-10-25T15:44:56+00:00","article_modified_time":"2018-08-31T09:14:20+00:00","og_image":[{"width":1500,"height":1000,"url":"https:\/\/medianeeds.es\/wp-content\/uploads\/2024\/05\/young-female-logo-designer-working-graphic-tablet.jpg","type":"image\/jpeg"}],"author":"Medianeeds","twitter_misc":{"Escrito por":"Medianeeds","Tiempo de lectura":"2 minutos"},"schema":{"@context":"https:\/\/schema.org","@graph":[{"@type":"Article","@id":"https:\/\/medianeeds.es\/es\/lidl-se-lanza-la-moda\/#article","isPartOf":{"@id":"https:\/\/medianeeds.es\/es\/lidl-se-lanza-la-moda\/"},"author":{"name":"Medianeeds","@id":"https:\/\/medianeeds.es\/#\/schema\/person\/6a6f2f17f283df3eeb0946feebd2af79"},"headline":"Lidl se lanza a la moda","datePublished":"2016-10-25T15:44:56+00:00","dateModified":"2018-08-31T09:14:20+00:00","mainEntityOfPage":{"@id":"https:\/\/medianeeds.es\/es\/lidl-se-lanza-la-moda\/"},"wordCount":349,"publisher":{"@id":"https:\/\/medianeeds.es\/#organization"},"image":{"@id":"https:\/\/medianeeds.es\/es\/lidl-se-lanza-la-moda\/#primaryimage"},"thumbnailUrl":"","keywords":["Lidl","Moda"],"articleSection":["Noticias"],"inLanguage":"es"},{"@type":"WebPage","@id":"https:\/\/medianeeds.es\/es\/lidl-se-lanza-la-moda\/","url":"https:\/\/medianeeds.es\/es\/lidl-se-lanza-la-moda\/","name":"Lidl se lanza a la moda - Media Needs Reus - Ag\u00e8ncia de Comunicaci\u00f3 i Publicitat","isPartOf":{"@id":"https:\/\/medianeeds.es\/#website"},"primaryImageOfPage":{"@id":"https:\/\/medianeeds.es\/es\/lidl-se-lanza-la-moda\/#primaryimage"},"image":{"@id":"https:\/\/medianeeds.es\/es\/lidl-se-lanza-la-moda\/#primaryimage"},"thumbnailUrl":"","datePublished":"2016-10-25T15:44:56+00:00","dateModified":"2018-08-31T09:14:20+00:00","description":"Y no es para menos. El hecho de que en un mismo lugar las personas podamos hacer la compra semanal y, adem\u00e1s, podamos comprarnos ropa es genial.","breadcrumb":{"@id":"https:\/\/medianeeds.es\/es\/lidl-se-lanza-la-moda\/#breadcrumb"},"inLanguage":"es","potentialAction":[{"@type":"ReadAction","target":["https:\/\/medianeeds.es\/es\/lidl-se-lanza-la-moda\/"]}]},{"@type":"ImageObject","inLanguage":"es","@id":"https:\/\/medianeeds.es\/es\/lidl-se-lanza-la-moda\/#primaryimage","url":"","contentUrl":""},{"@type":"BreadcrumbList","@id":"https:\/\/medianeeds.es\/es\/lidl-se-lanza-la-moda\/#breadcrumb","itemListElement":[{"@type":"ListItem","position":1,"name":"Portada","item":"https:\/\/medianeeds.es\/"},{"@type":"ListItem","position":2,"name":"Lidl se lanza a la moda"}]},{"@type":"WebSite","@id":"https:\/\/medianeeds.es\/#website","url":"https:\/\/medianeeds.es\/","name":"M\u00e0rketing Reus | Media Needs Reus | Ag\u00e8ncia de publicitat Reus","description":"MediaNeeds \u00e9s una empresa especialitzada en serveis integrals de publicitat, m\u00e0rqueting on-line i community manager a Reus, Tarragona","publisher":{"@id":"https:\/\/medianeeds.es\/#organization"},"alternateName":"Media Needs","potentialAction":[{"@type":"SearchAction","target":{"@type":"EntryPoint","urlTemplate":"https:\/\/medianeeds.es\/?s={search_term_string}"},"query-input":{"@type":"PropertyValueSpecification","valueRequired":true,"valueName":"search_term_string"}}],"inLanguage":"es"},{"@type":"Organization","@id":"https:\/\/medianeeds.es\/#organization","name":"M\u00e0rketing Reus | Media Needs Reus | Ag\u00e8ncia de publicitat Reus","alternateName":"Media Needs","url":"https:\/\/medianeeds.es\/","logo":{"@type":"ImageObject","inLanguage":"es","@id":"https:\/\/medianeeds.es\/#\/schema\/logo\/image\/","url":"https:\/\/medianeeds.es\/wp-content\/uploads\/2024\/06\/COLOR_Mesa-de-trabajo-1-copia.png","contentUrl":"https:\/\/medianeeds.es\/wp-content\/uploads\/2024\/06\/COLOR_Mesa-de-trabajo-1-copia.png","width":470,"height":226,"caption":"M\u00e0rketing Reus | Media Needs Reus | Ag\u00e8ncia de publicitat Reus"},"image":{"@id":"https:\/\/medianeeds.es\/#\/schema\/logo\/image\/"},"sameAs":["https:\/\/www.facebook.com\/medianeeds.es\/","https:\/\/x.com\/media_needs","https:\/\/www.instagram.com\/medianeeds\/?hl=es"]},{"@type":"Person","@id":"https:\/\/medianeeds.es\/#\/schema\/person\/6a6f2f17f283df3eeb0946feebd2af79","name":"Medianeeds","image":{"@type":"ImageObject","inLanguage":"es","@id":"https:\/\/secure.gravatar.com\/avatar\/442251953f111b43a4668103c7b7c09aa35690e525473fb0bb9db0681ee9c0c3?s=96&d=mm&r=g","url":"https:\/\/secure.gravatar.com\/avatar\/442251953f111b43a4668103c7b7c09aa35690e525473fb0bb9db0681ee9c0c3?s=96&d=mm&r=g","contentUrl":"https:\/\/secure.gravatar.com\/avatar\/442251953f111b43a4668103c7b7c09aa35690e525473fb0bb9db0681ee9c0c3?s=96&d=mm&r=g","caption":"Medianeeds"},"url":"https:\/\/medianeeds.es\/es\/author\/medianeeds\/"}]}},"_links":{"self":[{"href":"https:\/\/medianeeds.es\/es\/wp-json\/wp\/v2\/posts\/1940","targetHints":{"allow":["GET"]}}],"collection":[{"href":"https:\/\/medianeeds.es\/es\/wp-json\/wp\/v2\/posts"}],"about":[{"href":"https:\/\/medianeeds.es\/es\/wp-json\/wp\/v2\/types\/post"}],"author":[{"embeddable":true,"href":"https:\/\/medianeeds.es\/es\/wp-json\/wp\/v2\/users\/1"}],"replies":[{"embeddable":true,"href":"https:\/\/medianeeds.es\/es\/wp-json\/wp\/v2\/comments?post=1940"}],"version-history":[{"count":1,"href":"https:\/\/medianeeds.es\/es\/wp-json\/wp\/v2\/posts\/1940\/revisions"}],"predecessor-version":[{"id":10444,"href":"https:\/\/medianeeds.es\/es\/wp-json\/wp\/v2\/posts\/1940\/revisions\/10444"}],"wp:featuredmedia":[{"embeddable":true,"href":"https:\/\/medianeeds.es\/es\/wp-json\/"}],"wp:attachment":[{"href":"https:\/\/medianeeds.es\/es\/wp-json\/wp\/v2\/media?parent=1940"}],"wp:term":[{"taxonomy":"category","embeddable":true,"href":"https:\/\/medianeeds.es\/es\/wp-json\/wp\/v2\/categories?post=1940"},{"taxonomy":"post_tag","embeddable":true,"href":"https:\/\/medianeeds.es\/es\/wp-json\/wp\/v2\/tags?post=1940"}],"curies":[{"name":"wp","href":"https:\/\/api.w.org\/{rel}","templated":true}]}}