{"id":1937,"date":"2016-11-11T15:42:44","date_gmt":"2016-11-11T15:42:44","guid":{"rendered":"https:\/\/medianeeds.es\/es\/?p=1937"},"modified":"2018-08-31T09:12:18","modified_gmt":"2018-08-31T09:12:18","slug":"instagram-sapunta-als-videos-directe-2","status":"publish","type":"post","link":"https:\/\/medianeeds.es\/es\/instagram-sapunta-als-videos-directe-2\/","title":{"rendered":"Instagram se suma a los videos en directo"},"content":{"rendered":"<p>Instagram se apunta a los v\u00eddeos en directo! Seguramente muchos de vosotros habr\u00e9is recibido a lo largo del d\u00eda una notificaci\u00f3n avisando de que uno de tus amigos est\u00e1 haciendo un video en directo. Y no, no estabais so\u00f1ando, ni tampoco os habeis confundido con Facebook Live. Instragram, propiedad de Facebook desde 2012, ha sido la \u00faltima red social en sumarse a esta moda.<\/p>\n<p>Sin embargo, los v\u00eddeos en directo de Instragram presumen de algunas diferencias en relaci\u00f3n a otras plataformas como Periscope o Facebook Live. En este caso, los directos de Instagram s\u00f3lo se podr\u00e1n ver, como su propio nombre indica, en directo. S\u00ed, s\u00ed. S\u00f3lo vas a tener una oportunidad para ver los v\u00eddeos directos de tus amigos y una vez termines el v\u00eddeo, este desaparecer\u00e1 para siempre, al igual que sus likes o comentarios.<\/p>\n<p>Seg\u00fan han afirmado desde Instagram, esta decisi\u00f3n se ha tomado para que el usuario pierda el miedo que suele acompa\u00f1ar a que el v\u00eddeo permanezca durante m\u00e1s tiempo colgado en la red.<\/p>\n<p>No obstante estas considerables diferencias, Instagram Live tambi\u00e9n mantiene muchas de las caracter\u00edsticas de sus competidores. Al igual que en Periscope, los espectadores pueden enviar corazones si les gusta lo que est\u00e1n viendo o comentarios.<\/p>\n<p>Con estos cambios, Instagram se posiciona como uno de los rivales m\u00e1s fuertes de SNAPCHAT. Instagram ya es una de las redes sociales m\u00e1s utilizadas en todo el mundo. M\u00e1s de 100 millones de personas comparten fotos y videos utilizando esta aplicaci\u00f3n.<\/p>\n","protected":false},"excerpt":{"rendered":"<p>Instagram se apunta a los v\u00eddeos en directo! Seguramente muchos de vosotros habr\u00e9is recibido a lo largo del d\u00eda una notificaci\u00f3n avisando de que uno de tus amigos est\u00e1 haciendo un video en directo. Y no, no estabais so\u00f1ando, ni tampoco os habeis confundido con Facebook Live. Instragram, propiedad de Facebook desde 2012, ha sido [&hellip;]<\/p>\n","protected":false},"author":1,"featured_media":1858,"comment_status":"closed","ping_status":"closed","sticky":false,"template":"","format":"standard","meta":{"_et_pb_use_builder":"","_et_pb_old_content":"","_et_gb_content_width":"","footnotes":""},"categories":[280,252],"tags":[244,60,62,217],"class_list":["post-1937","post","type-post","status-publish","format-standard","has-post-thumbnail","hentry","category-marketing","category-noticias","tag-instagram-es-2","tag-marketing","tag-redes-sociales","tag-videos"],"yoast_head":"<!-- This site is optimized with the Yoast SEO plugin v27.4 - https:\/\/yoast.com\/product\/yoast-seo-wordpress\/ -->\n<title>Instagram se suma a los videos en directo - M\u00e0rketing Reus | Media Needs Reus | Ag\u00e8ncia de publicitat Reus<\/title>\n<meta name=\"description\" content=\"Instragram, propiedad de Facebook desde 2012, ha sido la \u00faltima red social en sumarse a la moda de los v\u00eddeos en directo.\" \/>\n<meta name=\"robots\" content=\"index, follow, max-snippet:-1, max-image-preview:large, max-video-preview:-1\" \/>\n<link rel=\"canonical\" href=\"https:\/\/medianeeds.es\/es\/instagram-sapunta-als-videos-directe-2\/\" \/>\n<meta property=\"og:locale\" content=\"es_ES\" \/>\n<meta property=\"og:type\" content=\"article\" \/>\n<meta property=\"og:title\" content=\"Instagram se suma a los videos en directo - M\u00e0rketing Reus | Media Needs Reus | Ag\u00e8ncia de publicitat Reus\" \/>\n<meta property=\"og:description\" content=\"Instragram, propiedad de Facebook desde 2012, ha sido la \u00faltima red social en sumarse a la moda de los v\u00eddeos en directo.\" \/>\n<meta property=\"og:url\" content=\"https:\/\/medianeeds.es\/es\/instagram-sapunta-als-videos-directe-2\/\" \/>\n<meta property=\"og:site_name\" content=\"M\u00e0rketing Reus | Media Needs Reus | Ag\u00e8ncia de publicitat Reus\" \/>\n<meta property=\"article:publisher\" content=\"https:\/\/www.facebook.com\/medianeeds.es\/\" \/>\n<meta property=\"article:published_time\" content=\"2016-11-11T15:42:44+00:00\" \/>\n<meta property=\"article:modified_time\" content=\"2018-08-31T09:12:18+00:00\" \/>\n<meta property=\"og:image\" content=\"https:\/\/medianeeds.es\/wp-content\/uploads\/2024\/05\/young-female-logo-designer-working-graphic-tablet.jpg\" \/>\n\t<meta property=\"og:image:width\" content=\"1500\" \/>\n\t<meta property=\"og:image:height\" content=\"1000\" \/>\n\t<meta property=\"og:image:type\" content=\"image\/jpeg\" \/>\n<meta name=\"author\" content=\"Medianeeds\" \/>\n<meta name=\"twitter:label1\" content=\"Escrito por\" \/>\n\t<meta name=\"twitter:data1\" content=\"Medianeeds\" \/>\n\t<meta name=\"twitter:label2\" content=\"Tiempo de lectura\" \/>\n\t<meta name=\"twitter:data2\" content=\"1 minuto\" \/>\n<script type=\"application\/ld+json\" class=\"yoast-schema-graph\">{\"@context\":\"https:\\\/\\\/schema.org\",\"@graph\":[{\"@type\":\"Article\",\"@id\":\"https:\\\/\\\/medianeeds.es\\\/es\\\/instagram-sapunta-als-videos-directe-2\\\/#article\",\"isPartOf\":{\"@id\":\"https:\\\/\\\/medianeeds.es\\\/es\\\/instagram-sapunta-als-videos-directe-2\\\/\"},\"author\":{\"name\":\"Medianeeds\",\"@id\":\"https:\\\/\\\/medianeeds.es\\\/#\\\/schema\\\/person\\\/6a6f2f17f283df3eeb0946feebd2af79\"},\"headline\":\"Instagram se suma a los videos en directo\",\"datePublished\":\"2016-11-11T15:42:44+00:00\",\"dateModified\":\"2018-08-31T09:12:18+00:00\",\"mainEntityOfPage\":{\"@id\":\"https:\\\/\\\/medianeeds.es\\\/es\\\/instagram-sapunta-als-videos-directe-2\\\/\"},\"wordCount\":276,\"publisher\":{\"@id\":\"https:\\\/\\\/medianeeds.es\\\/#organization\"},\"image\":{\"@id\":\"https:\\\/\\\/medianeeds.es\\\/es\\\/instagram-sapunta-als-videos-directe-2\\\/#primaryimage\"},\"thumbnailUrl\":\"\",\"keywords\":[\"instagram\",\"marketing\",\"redes sociales\",\"Videos\"],\"articleSection\":[\"M\u00e1rketing\",\"Noticias\"],\"inLanguage\":\"es\"},{\"@type\":\"WebPage\",\"@id\":\"https:\\\/\\\/medianeeds.es\\\/es\\\/instagram-sapunta-als-videos-directe-2\\\/\",\"url\":\"https:\\\/\\\/medianeeds.es\\\/es\\\/instagram-sapunta-als-videos-directe-2\\\/\",\"name\":\"Instagram se suma a los videos en directo - M\u00e0rketing Reus | Media Needs Reus | Ag\u00e8ncia de publicitat Reus\",\"isPartOf\":{\"@id\":\"https:\\\/\\\/medianeeds.es\\\/#website\"},\"primaryImageOfPage\":{\"@id\":\"https:\\\/\\\/medianeeds.es\\\/es\\\/instagram-sapunta-als-videos-directe-2\\\/#primaryimage\"},\"image\":{\"@id\":\"https:\\\/\\\/medianeeds.es\\\/es\\\/instagram-sapunta-als-videos-directe-2\\\/#primaryimage\"},\"thumbnailUrl\":\"\",\"datePublished\":\"2016-11-11T15:42:44+00:00\",\"dateModified\":\"2018-08-31T09:12:18+00:00\",\"description\":\"Instragram, propiedad de Facebook desde 2012, ha sido la \u00faltima red social en sumarse a la moda de los v\u00eddeos en directo.\",\"breadcrumb\":{\"@id\":\"https:\\\/\\\/medianeeds.es\\\/es\\\/instagram-sapunta-als-videos-directe-2\\\/#breadcrumb\"},\"inLanguage\":\"es\",\"potentialAction\":[{\"@type\":\"ReadAction\",\"target\":[\"https:\\\/\\\/medianeeds.es\\\/es\\\/instagram-sapunta-als-videos-directe-2\\\/\"]}]},{\"@type\":\"ImageObject\",\"inLanguage\":\"es\",\"@id\":\"https:\\\/\\\/medianeeds.es\\\/es\\\/instagram-sapunta-als-videos-directe-2\\\/#primaryimage\",\"url\":\"\",\"contentUrl\":\"\"},{\"@type\":\"BreadcrumbList\",\"@id\":\"https:\\\/\\\/medianeeds.es\\\/es\\\/instagram-sapunta-als-videos-directe-2\\\/#breadcrumb\",\"itemListElement\":[{\"@type\":\"ListItem\",\"position\":1,\"name\":\"Portada\",\"item\":\"https:\\\/\\\/medianeeds.es\\\/\"},{\"@type\":\"ListItem\",\"position\":2,\"name\":\"Instagram se suma a los videos en directo\"}]},{\"@type\":\"WebSite\",\"@id\":\"https:\\\/\\\/medianeeds.es\\\/#website\",\"url\":\"https:\\\/\\\/medianeeds.es\\\/\",\"name\":\"M\u00e0rketing Reus | Media Needs Reus | Ag\u00e8ncia de publicitat Reus\",\"description\":\"MediaNeeds \u00e9s una empresa especialitzada en serveis integrals de publicitat, m\u00e0rqueting on-line i community manager a Reus, Tarragona\",\"publisher\":{\"@id\":\"https:\\\/\\\/medianeeds.es\\\/#organization\"},\"alternateName\":\"Media Needs\",\"potentialAction\":[{\"@type\":\"SearchAction\",\"target\":{\"@type\":\"EntryPoint\",\"urlTemplate\":\"https:\\\/\\\/medianeeds.es\\\/?s={search_term_string}\"},\"query-input\":{\"@type\":\"PropertyValueSpecification\",\"valueRequired\":true,\"valueName\":\"search_term_string\"}}],\"inLanguage\":\"es\"},{\"@type\":\"Organization\",\"@id\":\"https:\\\/\\\/medianeeds.es\\\/#organization\",\"name\":\"M\u00e0rketing Reus | Media Needs Reus | Ag\u00e8ncia de publicitat Reus\",\"alternateName\":\"Media Needs\",\"url\":\"https:\\\/\\\/medianeeds.es\\\/\",\"logo\":{\"@type\":\"ImageObject\",\"inLanguage\":\"es\",\"@id\":\"https:\\\/\\\/medianeeds.es\\\/#\\\/schema\\\/logo\\\/image\\\/\",\"url\":\"https:\\\/\\\/medianeeds.es\\\/wp-content\\\/uploads\\\/2024\\\/06\\\/COLOR_Mesa-de-trabajo-1-copia.png\",\"contentUrl\":\"https:\\\/\\\/medianeeds.es\\\/wp-content\\\/uploads\\\/2024\\\/06\\\/COLOR_Mesa-de-trabajo-1-copia.png\",\"width\":470,\"height\":226,\"caption\":\"M\u00e0rketing Reus | Media Needs Reus | Ag\u00e8ncia de publicitat Reus\"},\"image\":{\"@id\":\"https:\\\/\\\/medianeeds.es\\\/#\\\/schema\\\/logo\\\/image\\\/\"},\"sameAs\":[\"https:\\\/\\\/www.facebook.com\\\/medianeeds.es\\\/\",\"https:\\\/\\\/x.com\\\/media_needs\",\"https:\\\/\\\/www.instagram.com\\\/medianeeds\\\/?hl=es\"]},{\"@type\":\"Person\",\"@id\":\"https:\\\/\\\/medianeeds.es\\\/#\\\/schema\\\/person\\\/6a6f2f17f283df3eeb0946feebd2af79\",\"name\":\"Medianeeds\",\"image\":{\"@type\":\"ImageObject\",\"inLanguage\":\"es\",\"@id\":\"https:\\\/\\\/secure.gravatar.com\\\/avatar\\\/442251953f111b43a4668103c7b7c09aa35690e525473fb0bb9db0681ee9c0c3?s=96&d=mm&r=g\",\"url\":\"https:\\\/\\\/secure.gravatar.com\\\/avatar\\\/442251953f111b43a4668103c7b7c09aa35690e525473fb0bb9db0681ee9c0c3?s=96&d=mm&r=g\",\"contentUrl\":\"https:\\\/\\\/secure.gravatar.com\\\/avatar\\\/442251953f111b43a4668103c7b7c09aa35690e525473fb0bb9db0681ee9c0c3?s=96&d=mm&r=g\",\"caption\":\"Medianeeds\"},\"url\":\"https:\\\/\\\/medianeeds.es\\\/es\\\/author\\\/medianeeds\\\/\"}]}<\/script>\n<!-- \/ Yoast SEO plugin. -->","yoast_head_json":{"title":"Instagram se suma a los videos en directo - M\u00e0rketing Reus | Media Needs Reus | Ag\u00e8ncia de publicitat Reus","description":"Instragram, propiedad de Facebook desde 2012, ha sido la \u00faltima red social en sumarse a la moda de los v\u00eddeos en directo.","robots":{"index":"index","follow":"follow","max-snippet":"max-snippet:-1","max-image-preview":"max-image-preview:large","max-video-preview":"max-video-preview:-1"},"canonical":"https:\/\/medianeeds.es\/es\/instagram-sapunta-als-videos-directe-2\/","og_locale":"es_ES","og_type":"article","og_title":"Instagram se suma a los videos en directo - M\u00e0rketing Reus | Media Needs Reus | Ag\u00e8ncia de publicitat Reus","og_description":"Instragram, propiedad de Facebook desde 2012, ha sido la \u00faltima red social en sumarse a la moda de los v\u00eddeos en directo.","og_url":"https:\/\/medianeeds.es\/es\/instagram-sapunta-als-videos-directe-2\/","og_site_name":"M\u00e0rketing Reus | Media Needs Reus | Ag\u00e8ncia de publicitat Reus","article_publisher":"https:\/\/www.facebook.com\/medianeeds.es\/","article_published_time":"2016-11-11T15:42:44+00:00","article_modified_time":"2018-08-31T09:12:18+00:00","og_image":[{"width":1500,"height":1000,"url":"https:\/\/medianeeds.es\/wp-content\/uploads\/2024\/05\/young-female-logo-designer-working-graphic-tablet.jpg","type":"image\/jpeg"}],"author":"Medianeeds","twitter_misc":{"Escrito por":"Medianeeds","Tiempo de lectura":"1 minuto"},"schema":{"@context":"https:\/\/schema.org","@graph":[{"@type":"Article","@id":"https:\/\/medianeeds.es\/es\/instagram-sapunta-als-videos-directe-2\/#article","isPartOf":{"@id":"https:\/\/medianeeds.es\/es\/instagram-sapunta-als-videos-directe-2\/"},"author":{"name":"Medianeeds","@id":"https:\/\/medianeeds.es\/#\/schema\/person\/6a6f2f17f283df3eeb0946feebd2af79"},"headline":"Instagram se suma a los videos en directo","datePublished":"2016-11-11T15:42:44+00:00","dateModified":"2018-08-31T09:12:18+00:00","mainEntityOfPage":{"@id":"https:\/\/medianeeds.es\/es\/instagram-sapunta-als-videos-directe-2\/"},"wordCount":276,"publisher":{"@id":"https:\/\/medianeeds.es\/#organization"},"image":{"@id":"https:\/\/medianeeds.es\/es\/instagram-sapunta-als-videos-directe-2\/#primaryimage"},"thumbnailUrl":"","keywords":["instagram","marketing","redes sociales","Videos"],"articleSection":["M\u00e1rketing","Noticias"],"inLanguage":"es"},{"@type":"WebPage","@id":"https:\/\/medianeeds.es\/es\/instagram-sapunta-als-videos-directe-2\/","url":"https:\/\/medianeeds.es\/es\/instagram-sapunta-als-videos-directe-2\/","name":"Instagram se suma a los videos en directo - M\u00e0rketing Reus | Media Needs Reus | Ag\u00e8ncia de publicitat Reus","isPartOf":{"@id":"https:\/\/medianeeds.es\/#website"},"primaryImageOfPage":{"@id":"https:\/\/medianeeds.es\/es\/instagram-sapunta-als-videos-directe-2\/#primaryimage"},"image":{"@id":"https:\/\/medianeeds.es\/es\/instagram-sapunta-als-videos-directe-2\/#primaryimage"},"thumbnailUrl":"","datePublished":"2016-11-11T15:42:44+00:00","dateModified":"2018-08-31T09:12:18+00:00","description":"Instragram, propiedad de Facebook desde 2012, ha sido la \u00faltima red social en sumarse a la moda de los v\u00eddeos en directo.","breadcrumb":{"@id":"https:\/\/medianeeds.es\/es\/instagram-sapunta-als-videos-directe-2\/#breadcrumb"},"inLanguage":"es","potentialAction":[{"@type":"ReadAction","target":["https:\/\/medianeeds.es\/es\/instagram-sapunta-als-videos-directe-2\/"]}]},{"@type":"ImageObject","inLanguage":"es","@id":"https:\/\/medianeeds.es\/es\/instagram-sapunta-als-videos-directe-2\/#primaryimage","url":"","contentUrl":""},{"@type":"BreadcrumbList","@id":"https:\/\/medianeeds.es\/es\/instagram-sapunta-als-videos-directe-2\/#breadcrumb","itemListElement":[{"@type":"ListItem","position":1,"name":"Portada","item":"https:\/\/medianeeds.es\/"},{"@type":"ListItem","position":2,"name":"Instagram se suma a los videos en directo"}]},{"@type":"WebSite","@id":"https:\/\/medianeeds.es\/#website","url":"https:\/\/medianeeds.es\/","name":"M\u00e0rketing Reus | Media Needs Reus | Ag\u00e8ncia de publicitat Reus","description":"MediaNeeds \u00e9s una empresa especialitzada en serveis integrals de publicitat, m\u00e0rqueting on-line i community manager a Reus, Tarragona","publisher":{"@id":"https:\/\/medianeeds.es\/#organization"},"alternateName":"Media Needs","potentialAction":[{"@type":"SearchAction","target":{"@type":"EntryPoint","urlTemplate":"https:\/\/medianeeds.es\/?s={search_term_string}"},"query-input":{"@type":"PropertyValueSpecification","valueRequired":true,"valueName":"search_term_string"}}],"inLanguage":"es"},{"@type":"Organization","@id":"https:\/\/medianeeds.es\/#organization","name":"M\u00e0rketing Reus | Media Needs Reus | Ag\u00e8ncia de publicitat Reus","alternateName":"Media Needs","url":"https:\/\/medianeeds.es\/","logo":{"@type":"ImageObject","inLanguage":"es","@id":"https:\/\/medianeeds.es\/#\/schema\/logo\/image\/","url":"https:\/\/medianeeds.es\/wp-content\/uploads\/2024\/06\/COLOR_Mesa-de-trabajo-1-copia.png","contentUrl":"https:\/\/medianeeds.es\/wp-content\/uploads\/2024\/06\/COLOR_Mesa-de-trabajo-1-copia.png","width":470,"height":226,"caption":"M\u00e0rketing Reus | Media Needs Reus | Ag\u00e8ncia de publicitat Reus"},"image":{"@id":"https:\/\/medianeeds.es\/#\/schema\/logo\/image\/"},"sameAs":["https:\/\/www.facebook.com\/medianeeds.es\/","https:\/\/x.com\/media_needs","https:\/\/www.instagram.com\/medianeeds\/?hl=es"]},{"@type":"Person","@id":"https:\/\/medianeeds.es\/#\/schema\/person\/6a6f2f17f283df3eeb0946feebd2af79","name":"Medianeeds","image":{"@type":"ImageObject","inLanguage":"es","@id":"https:\/\/secure.gravatar.com\/avatar\/442251953f111b43a4668103c7b7c09aa35690e525473fb0bb9db0681ee9c0c3?s=96&d=mm&r=g","url":"https:\/\/secure.gravatar.com\/avatar\/442251953f111b43a4668103c7b7c09aa35690e525473fb0bb9db0681ee9c0c3?s=96&d=mm&r=g","contentUrl":"https:\/\/secure.gravatar.com\/avatar\/442251953f111b43a4668103c7b7c09aa35690e525473fb0bb9db0681ee9c0c3?s=96&d=mm&r=g","caption":"Medianeeds"},"url":"https:\/\/medianeeds.es\/es\/author\/medianeeds\/"}]}},"_links":{"self":[{"href":"https:\/\/medianeeds.es\/es\/wp-json\/wp\/v2\/posts\/1937","targetHints":{"allow":["GET"]}}],"collection":[{"href":"https:\/\/medianeeds.es\/es\/wp-json\/wp\/v2\/posts"}],"about":[{"href":"https:\/\/medianeeds.es\/es\/wp-json\/wp\/v2\/types\/post"}],"author":[{"embeddable":true,"href":"https:\/\/medianeeds.es\/es\/wp-json\/wp\/v2\/users\/1"}],"replies":[{"embeddable":true,"href":"https:\/\/medianeeds.es\/es\/wp-json\/wp\/v2\/comments?post=1937"}],"version-history":[{"count":1,"href":"https:\/\/medianeeds.es\/es\/wp-json\/wp\/v2\/posts\/1937\/revisions"}],"predecessor-version":[{"id":10471,"href":"https:\/\/medianeeds.es\/es\/wp-json\/wp\/v2\/posts\/1937\/revisions\/10471"}],"wp:featuredmedia":[{"embeddable":true,"href":"https:\/\/medianeeds.es\/es\/wp-json\/"}],"wp:attachment":[{"href":"https:\/\/medianeeds.es\/es\/wp-json\/wp\/v2\/media?parent=1937"}],"wp:term":[{"taxonomy":"category","embeddable":true,"href":"https:\/\/medianeeds.es\/es\/wp-json\/wp\/v2\/categories?post=1937"},{"taxonomy":"post_tag","embeddable":true,"href":"https:\/\/medianeeds.es\/es\/wp-json\/wp\/v2\/tags?post=1937"}],"curies":[{"name":"wp","href":"https:\/\/api.w.org\/{rel}","templated":true}]}}