{"id":18405,"date":"2025-07-15T10:00:02","date_gmt":"2025-07-15T10:00:02","guid":{"rendered":"https:\/\/medianeeds.es\/?p=18405"},"modified":"2025-10-16T08:05:52","modified_gmt":"2025-10-16T08:05:52","slug":"tendencias-marqueting-2026","status":"publish","type":"post","link":"https:\/\/medianeeds.es\/es\/tendencias-marqueting-2026\/","title":{"rendered":"Tendencias de marketing digital para 2026: qu\u00e9 hay que tener en cuenta ahora"},"content":{"rendered":"<p data-start=\"28\" data-end=\"443\">En un entorno digital que evoluciona constantemente, anticiparse a los cambios puede marcar la diferencia entre un negocio que crece y otro que se queda atr\u00e1s. En Media Needs, trabajamos con aut\u00f3nomos y empresas del Camp de Tarragona para hacer crecer su presencia online. Por eso, te presentamos las principales tendencias de marketing digital que marcar\u00e1n el 2026, y qu\u00e9 puedes empezar a hacer ya para prepararte.<\/p>\n<h3 data-start=\"445\" data-end=\"489\"><strong data-start=\"445\" data-end=\"489\">La hegemon\u00eda del SEO local personalizado<\/strong><\/h3>\n<p data-start=\"491\" data-end=\"728\">El posicionamiento org\u00e1nico sigue siendo fundamental, pero cada vez ser\u00e1 m\u00e1s segmentado y personalizado. Google muestra resultados distintos seg\u00fan la ubicaci\u00f3n exacta, las preferencias y el comportamiento del usuario. Esto significa que:<\/p>\n<ul data-start=\"730\" data-end=\"991\">\n<li data-start=\"730\" data-end=\"812\">\n<p data-start=\"732\" data-end=\"812\">Es necesario tener fichas locales bien optimizadas en Google Business Profile.<\/p>\n<\/li>\n<li data-start=\"813\" data-end=\"910\">\n<p data-start=\"815\" data-end=\"910\">Es clave generar contenido relevante y territorializado (art\u00edculos, servicios, testimonios\u2026).<\/p>\n<\/li>\n<li data-start=\"911\" data-end=\"991\">\n<p data-start=\"913\" data-end=\"991\">La valoraci\u00f3n de los usuarios y las respuestas a rese\u00f1as tendr\u00e1n a\u00fan m\u00e1s peso.<\/p>\n<\/li>\n<\/ul>\n<p data-start=\"993\" data-end=\"1153\"><strong data-start=\"993\" data-end=\"1021\">\u00bfQu\u00e9 puedes hacer ahora?<\/strong><br data-start=\"1021\" data-end=\"1024\" \/>Trabaja una estrategia SEO enfocada en tu municipio o comarca y aseg\u00farate de que tu web refleje d\u00f3nde est\u00e1s y a qui\u00e9n te diriges.<\/p>\n<h3 data-start=\"1155\" data-end=\"1207\"><strong data-start=\"1155\" data-end=\"1207\">V\u00eddeo de proximidad: formato corto, gran impacto<\/strong><\/h3>\n<p data-start=\"1209\" data-end=\"1433\">El v\u00eddeo ya no es solo cosa de grandes marcas. Plataformas como Instagram, TikTok o YouTube Shorts han democratizado el uso de v\u00eddeos cortos, directos y aut\u00e9nticos. Y lo que m\u00e1s conecta es el contenido local y personalizado.<\/p>\n<ul data-start=\"1435\" data-end=\"1608\">\n<li data-start=\"1435\" data-end=\"1479\">\n<p data-start=\"1437\" data-end=\"1479\">Muestra tu d\u00eda a d\u00eda como negocio local.<\/p>\n<\/li>\n<li data-start=\"1480\" data-end=\"1547\">\n<p data-start=\"1482\" data-end=\"1547\">Responde preguntas habituales de tus clientes en formato v\u00eddeo.<\/p>\n<\/li>\n<li data-start=\"1548\" data-end=\"1608\">\n<p data-start=\"1550\" data-end=\"1608\">Explica qui\u00e9n eres, c\u00f3mo trabajas y qu\u00e9 te hace diferente.<\/p>\n<\/li>\n<\/ul>\n<p data-start=\"1610\" data-end=\"1732\"><strong data-start=\"1610\" data-end=\"1638\">\u00bfQu\u00e9 puedes hacer ahora?<\/strong><br data-start=\"1638\" data-end=\"1641\" \/>Empieza a grabar v\u00eddeos sencillos con el m\u00f3vil. La autenticidad vale m\u00e1s que la perfecci\u00f3n.<\/p>\n<h3 data-start=\"1734\" data-end=\"1789\"><strong data-start=\"1734\" data-end=\"1789\">Automatizaci\u00f3n del marketing\u2026 pero con trato humano<\/strong><\/h3>\n<p data-start=\"1791\" data-end=\"2055\">El uso de herramientas para automatizar correos, respuestas, citas o seguimientos de clientes ser\u00e1 esencial para ganar tiempo y mejorar la atenci\u00f3n. Pero el toque humano seguir\u00e1 siendo clave, sobre todo en negocios locales donde la confianza personal cuenta mucho.<\/p>\n<p data-start=\"2057\" data-end=\"2249\"><strong data-start=\"2057\" data-end=\"2085\">\u00bfQu\u00e9 puedes hacer ahora?<\/strong><br data-start=\"2085\" data-end=\"2088\" \/>Implanta herramientas sencillas como Mailchimp, WhatsApp Business o formularios automatizados, y aseg\u00farate de mantener un tono cercano y adaptado a tu audiencia.<\/p>\n<h3 data-start=\"2251\" data-end=\"2298\"><strong data-start=\"2251\" data-end=\"2298\">Anuncios m\u00e1s segmentados e integrados (SEM)<\/strong><\/h3>\n<p data-start=\"2300\" data-end=\"2461\">Las plataformas publicitarias permiten cada vez una segmentaci\u00f3n m\u00e1s precisa: por ubicaci\u00f3n, h\u00e1bitos, intereses e incluso seg\u00fan la interacci\u00f3n previa con tu web.<\/p>\n<p data-start=\"2463\" data-end=\"2596\">Adem\u00e1s, los anuncios se integran cada vez mejor en el contenido, imitando publicaciones normales y adapt\u00e1ndose al lenguaje del canal.<\/p>\n<p data-start=\"2598\" data-end=\"2782\"><strong data-start=\"2598\" data-end=\"2626\">\u00bfQu\u00e9 puedes hacer ahora?<\/strong><br data-start=\"2626\" data-end=\"2629\" \/>Define claramente tu p\u00fablico objetivo y trabaja campa\u00f1as locales en Google Ads o Meta Ads con mensajes personalizados y visuales coherentes con tu marca.<\/p>\n<h3 data-start=\"2784\" data-end=\"2828\"><strong data-start=\"2784\" data-end=\"2828\">Contenidos de valor para ganar autoridad<\/strong><\/h3>\n<p data-start=\"2830\" data-end=\"3016\">El contenido \u00fatil, honesto y bien redactado seguir\u00e1 siendo la base de un buen posicionamiento digital. Pero ahora, m\u00e1s que nunca, habr\u00e1 que diferenciarse con conocimiento y autenticidad.<\/p>\n<ul data-start=\"3018\" data-end=\"3189\">\n<li data-start=\"3018\" data-end=\"3075\">\n<p data-start=\"3020\" data-end=\"3075\">Art\u00edculos que resuelvan dudas reales de tus clientes.<\/p>\n<\/li>\n<li data-start=\"3076\" data-end=\"3140\">\n<p data-start=\"3078\" data-end=\"3140\">Casos reales y explicaciones transparentes de tus servicios.<\/p>\n<\/li>\n<li data-start=\"3141\" data-end=\"3189\">\n<p data-start=\"3143\" data-end=\"3189\">Opiniones y consejos propios como profesional.<\/p>\n<\/li>\n<\/ul>\n<p data-start=\"3191\" data-end=\"3353\"><strong data-start=\"3191\" data-end=\"3219\">\u00bfQu\u00e9 puedes hacer ahora?<\/strong><br data-start=\"3219\" data-end=\"3222\" \/>Incluye un blog en tu web y publica contenido con regularidad. En Media Needs, podemos ayudarte a crear y posicionar ese contenido.<\/p>\n<h3 data-start=\"3355\" data-end=\"3375\"><strong data-start=\"3355\" data-end=\"3375\">2026 empieza hoy<\/strong><\/h3>\n<p data-start=\"3377\" data-end=\"3643\">Si eres aut\u00f3nomo, un comercio o una empresa local, la mejor manera de afrontar el futuro es empezar a actuar ya. El marketing digital no es solo cosa de grandes marcas: es una herramienta clave para que los clientes de tu zona te encuentren, conf\u00eden en ti y repitan.<\/p>\n<p data-start=\"3645\" data-end=\"3791\">En Media Needs, conocemos la realidad del territorio y te ayudamos a aplicar estas tendencias de forma pr\u00e1ctica, realista y adaptada a tu negocio.<\/p>\n<p data-start=\"3793\" data-end=\"3948\" data-is-last-node=\"\" data-is-only-node=\"\"><strong data-start=\"3793\" data-end=\"3860\">\u00bfQuieres adelantarte al 2026 con una estrategia digital s\u00f3lida?<\/strong><br data-start=\"3860\" data-end=\"3863\" \/>Habla con nosotros y empecemos a trabajar para hacer crecer tu negocio, aqu\u00ed y ahora.<\/p>\n","protected":false},"excerpt":{"rendered":"<p>En un entorno digital que evoluciona constantemente, anticiparse a los cambios puede marcar la diferencia entre un negocio que crece y otro que se queda atr\u00e1s. En Media Needs, trabajamos con aut\u00f3nomos y empresas del Camp de Tarragona para hacer crecer su presencia online. Por eso, te presentamos las principales tendencias de marketing digital que [&hellip;]<\/p>\n","protected":false},"author":1,"featured_media":18403,"comment_status":"closed","ping_status":"closed","sticky":false,"template":"","format":"standard","meta":{"_et_pb_use_builder":"","_et_pb_old_content":"","_et_gb_content_width":"","footnotes":""},"categories":[188,280,177,252],"tags":[],"class_list":["post-18405","post","type-post","status-publish","format-standard","has-post-thumbnail","hentry","category-blog-es-4","category-marketing","category-marqueting-es","category-noticias"],"yoast_head":"<!-- This site is optimized with the Yoast SEO plugin v27.4 - https:\/\/yoast.com\/product\/yoast-seo-wordpress\/ -->\n<title>Tendencias de marketing digital para 2026: qu\u00e9 hay que tener en cuenta ahora - M\u00e0rketing Reus | Media Needs Reus | Ag\u00e8ncia de publicitat Reus<\/title>\n<meta name=\"description\" content=\"Descubre las tendencias de marketing digital que marcar\u00e1n el 2026 y como pueden ayudar a tu negocio a ganar visibilidad y nuevos clientes.\" \/>\n<meta name=\"robots\" content=\"index, follow, max-snippet:-1, max-image-preview:large, max-video-preview:-1\" \/>\n<link rel=\"canonical\" href=\"https:\/\/medianeeds.es\/es\/tendencias-marqueting-2026\/\" \/>\n<meta property=\"og:locale\" content=\"es_ES\" \/>\n<meta property=\"og:type\" content=\"article\" \/>\n<meta property=\"og:title\" content=\"Tendencias de marketing digital para 2026: qu\u00e9 hay que tener en cuenta ahora - M\u00e0rketing Reus | Media Needs Reus | Ag\u00e8ncia de publicitat Reus\" \/>\n<meta property=\"og:description\" content=\"Descubre las tendencias de marketing digital que marcar\u00e1n el 2026 y como pueden ayudar a tu negocio a ganar visibilidad y nuevos clientes.\" \/>\n<meta property=\"og:url\" content=\"https:\/\/medianeeds.es\/es\/tendencias-marqueting-2026\/\" \/>\n<meta property=\"og:site_name\" content=\"M\u00e0rketing Reus | Media Needs Reus | Ag\u00e8ncia de publicitat Reus\" \/>\n<meta property=\"article:publisher\" content=\"https:\/\/www.facebook.com\/medianeeds.es\/\" \/>\n<meta property=\"article:published_time\" content=\"2025-07-15T10:00:02+00:00\" \/>\n<meta property=\"article:modified_time\" content=\"2025-10-16T08:05:52+00:00\" \/>\n<meta property=\"og:image\" content=\"https:\/\/medianeeds.es\/wp-content\/uploads\/2025\/07\/grupo-de-hombres-de-negocios-ocasional-vestidos-que-discuten-ideas-en-la-oficina.jpg\" \/>\n\t<meta property=\"og:image:width\" content=\"1920\" \/>\n\t<meta property=\"og:image:height\" content=\"1080\" \/>\n\t<meta property=\"og:image:type\" content=\"image\/jpeg\" \/>\n<meta name=\"author\" content=\"Medianeeds\" \/>\n<meta name=\"twitter:label1\" content=\"Escrito por\" \/>\n\t<meta name=\"twitter:data1\" content=\"Medianeeds\" \/>\n\t<meta name=\"twitter:label2\" content=\"Tiempo de lectura\" \/>\n\t<meta name=\"twitter:data2\" content=\"3 minutos\" \/>\n<script type=\"application\/ld+json\" class=\"yoast-schema-graph\">{\"@context\":\"https:\\\/\\\/schema.org\",\"@graph\":[{\"@type\":\"Article\",\"@id\":\"https:\\\/\\\/medianeeds.es\\\/es\\\/tendencias-marqueting-2026\\\/#article\",\"isPartOf\":{\"@id\":\"https:\\\/\\\/medianeeds.es\\\/es\\\/tendencias-marqueting-2026\\\/\"},\"author\":{\"name\":\"Medianeeds\",\"@id\":\"https:\\\/\\\/medianeeds.es\\\/#\\\/schema\\\/person\\\/6a6f2f17f283df3eeb0946feebd2af79\"},\"headline\":\"Tendencias de marketing digital para 2026: qu\u00e9 hay que tener en cuenta ahora\",\"datePublished\":\"2025-07-15T10:00:02+00:00\",\"dateModified\":\"2025-10-16T08:05:52+00:00\",\"mainEntityOfPage\":{\"@id\":\"https:\\\/\\\/medianeeds.es\\\/es\\\/tendencias-marqueting-2026\\\/\"},\"wordCount\":652,\"publisher\":{\"@id\":\"https:\\\/\\\/medianeeds.es\\\/#organization\"},\"image\":{\"@id\":\"https:\\\/\\\/medianeeds.es\\\/es\\\/tendencias-marqueting-2026\\\/#primaryimage\"},\"thumbnailUrl\":\"https:\\\/\\\/medianeeds.es\\\/wp-content\\\/uploads\\\/2025\\\/07\\\/grupo-de-hombres-de-negocios-ocasional-vestidos-que-discuten-ideas-en-la-oficina.jpg\",\"articleSection\":[\"Blog\",\"M\u00e1rketing\",\"M\u00e0rqueting\",\"Noticias\"],\"inLanguage\":\"es\"},{\"@type\":\"WebPage\",\"@id\":\"https:\\\/\\\/medianeeds.es\\\/es\\\/tendencias-marqueting-2026\\\/\",\"url\":\"https:\\\/\\\/medianeeds.es\\\/es\\\/tendencias-marqueting-2026\\\/\",\"name\":\"Tendencias de marketing digital para 2026: qu\u00e9 hay que tener en cuenta ahora - M\u00e0rketing Reus | Media Needs Reus | Ag\u00e8ncia de publicitat Reus\",\"isPartOf\":{\"@id\":\"https:\\\/\\\/medianeeds.es\\\/#website\"},\"primaryImageOfPage\":{\"@id\":\"https:\\\/\\\/medianeeds.es\\\/es\\\/tendencias-marqueting-2026\\\/#primaryimage\"},\"image\":{\"@id\":\"https:\\\/\\\/medianeeds.es\\\/es\\\/tendencias-marqueting-2026\\\/#primaryimage\"},\"thumbnailUrl\":\"https:\\\/\\\/medianeeds.es\\\/wp-content\\\/uploads\\\/2025\\\/07\\\/grupo-de-hombres-de-negocios-ocasional-vestidos-que-discuten-ideas-en-la-oficina.jpg\",\"datePublished\":\"2025-07-15T10:00:02+00:00\",\"dateModified\":\"2025-10-16T08:05:52+00:00\",\"description\":\"Descubre las tendencias de marketing digital que marcar\u00e1n el 2026 y como pueden ayudar a tu negocio a ganar visibilidad y nuevos clientes.\",\"breadcrumb\":{\"@id\":\"https:\\\/\\\/medianeeds.es\\\/es\\\/tendencias-marqueting-2026\\\/#breadcrumb\"},\"inLanguage\":\"es\",\"potentialAction\":[{\"@type\":\"ReadAction\",\"target\":[\"https:\\\/\\\/medianeeds.es\\\/es\\\/tendencias-marqueting-2026\\\/\"]}]},{\"@type\":\"ImageObject\",\"inLanguage\":\"es\",\"@id\":\"https:\\\/\\\/medianeeds.es\\\/es\\\/tendencias-marqueting-2026\\\/#primaryimage\",\"url\":\"https:\\\/\\\/medianeeds.es\\\/wp-content\\\/uploads\\\/2025\\\/07\\\/grupo-de-hombres-de-negocios-ocasional-vestidos-que-discuten-ideas-en-la-oficina.jpg\",\"contentUrl\":\"https:\\\/\\\/medianeeds.es\\\/wp-content\\\/uploads\\\/2025\\\/07\\\/grupo-de-hombres-de-negocios-ocasional-vestidos-que-discuten-ideas-en-la-oficina.jpg\",\"width\":1920,\"height\":1080,\"caption\":\"Tendencies 2026 marketing\"},{\"@type\":\"BreadcrumbList\",\"@id\":\"https:\\\/\\\/medianeeds.es\\\/es\\\/tendencias-marqueting-2026\\\/#breadcrumb\",\"itemListElement\":[{\"@type\":\"ListItem\",\"position\":1,\"name\":\"Portada\",\"item\":\"https:\\\/\\\/medianeeds.es\\\/\"},{\"@type\":\"ListItem\",\"position\":2,\"name\":\"Tendencias de marketing digital para 2026: qu\u00e9 hay que tener en cuenta ahora\"}]},{\"@type\":\"WebSite\",\"@id\":\"https:\\\/\\\/medianeeds.es\\\/#website\",\"url\":\"https:\\\/\\\/medianeeds.es\\\/\",\"name\":\"M\u00e0rketing Reus | Media Needs Reus | Ag\u00e8ncia de publicitat Reus\",\"description\":\"MediaNeeds \u00e9s una empresa especialitzada en serveis integrals de publicitat, m\u00e0rqueting on-line i community manager a Reus, Tarragona\",\"publisher\":{\"@id\":\"https:\\\/\\\/medianeeds.es\\\/#organization\"},\"alternateName\":\"Media Needs\",\"potentialAction\":[{\"@type\":\"SearchAction\",\"target\":{\"@type\":\"EntryPoint\",\"urlTemplate\":\"https:\\\/\\\/medianeeds.es\\\/?s={search_term_string}\"},\"query-input\":{\"@type\":\"PropertyValueSpecification\",\"valueRequired\":true,\"valueName\":\"search_term_string\"}}],\"inLanguage\":\"es\"},{\"@type\":\"Organization\",\"@id\":\"https:\\\/\\\/medianeeds.es\\\/#organization\",\"name\":\"M\u00e0rketing Reus | Media Needs Reus | Ag\u00e8ncia de publicitat Reus\",\"alternateName\":\"Media Needs\",\"url\":\"https:\\\/\\\/medianeeds.es\\\/\",\"logo\":{\"@type\":\"ImageObject\",\"inLanguage\":\"es\",\"@id\":\"https:\\\/\\\/medianeeds.es\\\/#\\\/schema\\\/logo\\\/image\\\/\",\"url\":\"https:\\\/\\\/medianeeds.es\\\/wp-content\\\/uploads\\\/2024\\\/06\\\/COLOR_Mesa-de-trabajo-1-copia.png\",\"contentUrl\":\"https:\\\/\\\/medianeeds.es\\\/wp-content\\\/uploads\\\/2024\\\/06\\\/COLOR_Mesa-de-trabajo-1-copia.png\",\"width\":470,\"height\":226,\"caption\":\"M\u00e0rketing Reus | Media Needs Reus | Ag\u00e8ncia de publicitat Reus\"},\"image\":{\"@id\":\"https:\\\/\\\/medianeeds.es\\\/#\\\/schema\\\/logo\\\/image\\\/\"},\"sameAs\":[\"https:\\\/\\\/www.facebook.com\\\/medianeeds.es\\\/\",\"https:\\\/\\\/x.com\\\/media_needs\",\"https:\\\/\\\/www.instagram.com\\\/medianeeds\\\/?hl=es\"]},{\"@type\":\"Person\",\"@id\":\"https:\\\/\\\/medianeeds.es\\\/#\\\/schema\\\/person\\\/6a6f2f17f283df3eeb0946feebd2af79\",\"name\":\"Medianeeds\",\"image\":{\"@type\":\"ImageObject\",\"inLanguage\":\"es\",\"@id\":\"https:\\\/\\\/secure.gravatar.com\\\/avatar\\\/442251953f111b43a4668103c7b7c09aa35690e525473fb0bb9db0681ee9c0c3?s=96&d=mm&r=g\",\"url\":\"https:\\\/\\\/secure.gravatar.com\\\/avatar\\\/442251953f111b43a4668103c7b7c09aa35690e525473fb0bb9db0681ee9c0c3?s=96&d=mm&r=g\",\"contentUrl\":\"https:\\\/\\\/secure.gravatar.com\\\/avatar\\\/442251953f111b43a4668103c7b7c09aa35690e525473fb0bb9db0681ee9c0c3?s=96&d=mm&r=g\",\"caption\":\"Medianeeds\"},\"url\":\"https:\\\/\\\/medianeeds.es\\\/es\\\/author\\\/medianeeds\\\/\"}]}<\/script>\n<!-- \/ Yoast SEO plugin. -->","yoast_head_json":{"title":"Tendencias de marketing digital para 2026: qu\u00e9 hay que tener en cuenta ahora - M\u00e0rketing Reus | Media Needs Reus | Ag\u00e8ncia de publicitat Reus","description":"Descubre las tendencias de marketing digital que marcar\u00e1n el 2026 y como pueden ayudar a tu negocio a ganar visibilidad y nuevos clientes.","robots":{"index":"index","follow":"follow","max-snippet":"max-snippet:-1","max-image-preview":"max-image-preview:large","max-video-preview":"max-video-preview:-1"},"canonical":"https:\/\/medianeeds.es\/es\/tendencias-marqueting-2026\/","og_locale":"es_ES","og_type":"article","og_title":"Tendencias de marketing digital para 2026: qu\u00e9 hay que tener en cuenta ahora - M\u00e0rketing Reus | Media Needs Reus | Ag\u00e8ncia de publicitat Reus","og_description":"Descubre las tendencias de marketing digital que marcar\u00e1n el 2026 y como pueden ayudar a tu negocio a ganar visibilidad y nuevos clientes.","og_url":"https:\/\/medianeeds.es\/es\/tendencias-marqueting-2026\/","og_site_name":"M\u00e0rketing Reus | Media Needs Reus | Ag\u00e8ncia de publicitat Reus","article_publisher":"https:\/\/www.facebook.com\/medianeeds.es\/","article_published_time":"2025-07-15T10:00:02+00:00","article_modified_time":"2025-10-16T08:05:52+00:00","og_image":[{"width":1920,"height":1080,"url":"https:\/\/medianeeds.es\/wp-content\/uploads\/2025\/07\/grupo-de-hombres-de-negocios-ocasional-vestidos-que-discuten-ideas-en-la-oficina.jpg","type":"image\/jpeg"}],"author":"Medianeeds","twitter_misc":{"Escrito por":"Medianeeds","Tiempo de lectura":"3 minutos"},"schema":{"@context":"https:\/\/schema.org","@graph":[{"@type":"Article","@id":"https:\/\/medianeeds.es\/es\/tendencias-marqueting-2026\/#article","isPartOf":{"@id":"https:\/\/medianeeds.es\/es\/tendencias-marqueting-2026\/"},"author":{"name":"Medianeeds","@id":"https:\/\/medianeeds.es\/#\/schema\/person\/6a6f2f17f283df3eeb0946feebd2af79"},"headline":"Tendencias de marketing digital para 2026: qu\u00e9 hay que tener en cuenta ahora","datePublished":"2025-07-15T10:00:02+00:00","dateModified":"2025-10-16T08:05:52+00:00","mainEntityOfPage":{"@id":"https:\/\/medianeeds.es\/es\/tendencias-marqueting-2026\/"},"wordCount":652,"publisher":{"@id":"https:\/\/medianeeds.es\/#organization"},"image":{"@id":"https:\/\/medianeeds.es\/es\/tendencias-marqueting-2026\/#primaryimage"},"thumbnailUrl":"https:\/\/medianeeds.es\/wp-content\/uploads\/2025\/07\/grupo-de-hombres-de-negocios-ocasional-vestidos-que-discuten-ideas-en-la-oficina.jpg","articleSection":["Blog","M\u00e1rketing","M\u00e0rqueting","Noticias"],"inLanguage":"es"},{"@type":"WebPage","@id":"https:\/\/medianeeds.es\/es\/tendencias-marqueting-2026\/","url":"https:\/\/medianeeds.es\/es\/tendencias-marqueting-2026\/","name":"Tendencias de marketing digital para 2026: qu\u00e9 hay que tener en cuenta ahora - M\u00e0rketing Reus | Media Needs Reus | Ag\u00e8ncia de publicitat Reus","isPartOf":{"@id":"https:\/\/medianeeds.es\/#website"},"primaryImageOfPage":{"@id":"https:\/\/medianeeds.es\/es\/tendencias-marqueting-2026\/#primaryimage"},"image":{"@id":"https:\/\/medianeeds.es\/es\/tendencias-marqueting-2026\/#primaryimage"},"thumbnailUrl":"https:\/\/medianeeds.es\/wp-content\/uploads\/2025\/07\/grupo-de-hombres-de-negocios-ocasional-vestidos-que-discuten-ideas-en-la-oficina.jpg","datePublished":"2025-07-15T10:00:02+00:00","dateModified":"2025-10-16T08:05:52+00:00","description":"Descubre las tendencias de marketing digital que marcar\u00e1n el 2026 y como pueden ayudar a tu negocio a ganar visibilidad y nuevos clientes.","breadcrumb":{"@id":"https:\/\/medianeeds.es\/es\/tendencias-marqueting-2026\/#breadcrumb"},"inLanguage":"es","potentialAction":[{"@type":"ReadAction","target":["https:\/\/medianeeds.es\/es\/tendencias-marqueting-2026\/"]}]},{"@type":"ImageObject","inLanguage":"es","@id":"https:\/\/medianeeds.es\/es\/tendencias-marqueting-2026\/#primaryimage","url":"https:\/\/medianeeds.es\/wp-content\/uploads\/2025\/07\/grupo-de-hombres-de-negocios-ocasional-vestidos-que-discuten-ideas-en-la-oficina.jpg","contentUrl":"https:\/\/medianeeds.es\/wp-content\/uploads\/2025\/07\/grupo-de-hombres-de-negocios-ocasional-vestidos-que-discuten-ideas-en-la-oficina.jpg","width":1920,"height":1080,"caption":"Tendencies 2026 marketing"},{"@type":"BreadcrumbList","@id":"https:\/\/medianeeds.es\/es\/tendencias-marqueting-2026\/#breadcrumb","itemListElement":[{"@type":"ListItem","position":1,"name":"Portada","item":"https:\/\/medianeeds.es\/"},{"@type":"ListItem","position":2,"name":"Tendencias de marketing digital para 2026: qu\u00e9 hay que tener en cuenta ahora"}]},{"@type":"WebSite","@id":"https:\/\/medianeeds.es\/#website","url":"https:\/\/medianeeds.es\/","name":"M\u00e0rketing Reus | Media Needs Reus | Ag\u00e8ncia de publicitat Reus","description":"MediaNeeds \u00e9s una empresa especialitzada en serveis integrals de publicitat, m\u00e0rqueting on-line i community manager a Reus, Tarragona","publisher":{"@id":"https:\/\/medianeeds.es\/#organization"},"alternateName":"Media Needs","potentialAction":[{"@type":"SearchAction","target":{"@type":"EntryPoint","urlTemplate":"https:\/\/medianeeds.es\/?s={search_term_string}"},"query-input":{"@type":"PropertyValueSpecification","valueRequired":true,"valueName":"search_term_string"}}],"inLanguage":"es"},{"@type":"Organization","@id":"https:\/\/medianeeds.es\/#organization","name":"M\u00e0rketing Reus | Media Needs Reus | Ag\u00e8ncia de publicitat Reus","alternateName":"Media Needs","url":"https:\/\/medianeeds.es\/","logo":{"@type":"ImageObject","inLanguage":"es","@id":"https:\/\/medianeeds.es\/#\/schema\/logo\/image\/","url":"https:\/\/medianeeds.es\/wp-content\/uploads\/2024\/06\/COLOR_Mesa-de-trabajo-1-copia.png","contentUrl":"https:\/\/medianeeds.es\/wp-content\/uploads\/2024\/06\/COLOR_Mesa-de-trabajo-1-copia.png","width":470,"height":226,"caption":"M\u00e0rketing Reus | Media Needs Reus | Ag\u00e8ncia de publicitat Reus"},"image":{"@id":"https:\/\/medianeeds.es\/#\/schema\/logo\/image\/"},"sameAs":["https:\/\/www.facebook.com\/medianeeds.es\/","https:\/\/x.com\/media_needs","https:\/\/www.instagram.com\/medianeeds\/?hl=es"]},{"@type":"Person","@id":"https:\/\/medianeeds.es\/#\/schema\/person\/6a6f2f17f283df3eeb0946feebd2af79","name":"Medianeeds","image":{"@type":"ImageObject","inLanguage":"es","@id":"https:\/\/secure.gravatar.com\/avatar\/442251953f111b43a4668103c7b7c09aa35690e525473fb0bb9db0681ee9c0c3?s=96&d=mm&r=g","url":"https:\/\/secure.gravatar.com\/avatar\/442251953f111b43a4668103c7b7c09aa35690e525473fb0bb9db0681ee9c0c3?s=96&d=mm&r=g","contentUrl":"https:\/\/secure.gravatar.com\/avatar\/442251953f111b43a4668103c7b7c09aa35690e525473fb0bb9db0681ee9c0c3?s=96&d=mm&r=g","caption":"Medianeeds"},"url":"https:\/\/medianeeds.es\/es\/author\/medianeeds\/"}]}},"_links":{"self":[{"href":"https:\/\/medianeeds.es\/es\/wp-json\/wp\/v2\/posts\/18405","targetHints":{"allow":["GET"]}}],"collection":[{"href":"https:\/\/medianeeds.es\/es\/wp-json\/wp\/v2\/posts"}],"about":[{"href":"https:\/\/medianeeds.es\/es\/wp-json\/wp\/v2\/types\/post"}],"author":[{"embeddable":true,"href":"https:\/\/medianeeds.es\/es\/wp-json\/wp\/v2\/users\/1"}],"replies":[{"embeddable":true,"href":"https:\/\/medianeeds.es\/es\/wp-json\/wp\/v2\/comments?post=18405"}],"version-history":[{"count":2,"href":"https:\/\/medianeeds.es\/es\/wp-json\/wp\/v2\/posts\/18405\/revisions"}],"predecessor-version":[{"id":18407,"href":"https:\/\/medianeeds.es\/es\/wp-json\/wp\/v2\/posts\/18405\/revisions\/18407"}],"wp:featuredmedia":[{"embeddable":true,"href":"https:\/\/medianeeds.es\/es\/wp-json\/wp\/v2\/media\/18403"}],"wp:attachment":[{"href":"https:\/\/medianeeds.es\/es\/wp-json\/wp\/v2\/media?parent=18405"}],"wp:term":[{"taxonomy":"category","embeddable":true,"href":"https:\/\/medianeeds.es\/es\/wp-json\/wp\/v2\/categories?post=18405"},{"taxonomy":"post_tag","embeddable":true,"href":"https:\/\/medianeeds.es\/es\/wp-json\/wp\/v2\/tags?post=18405"}],"curies":[{"name":"wp","href":"https:\/\/api.w.org\/{rel}","templated":true}]}}