{"id":18332,"date":"2025-06-30T11:19:27","date_gmt":"2025-06-30T11:19:27","guid":{"rendered":"https:\/\/medianeeds.es\/?p=18332"},"modified":"2025-10-16T08:05:42","modified_gmt":"2025-10-16T08:05:42","slug":"instagram-2025","status":"publish","type":"post","link":"https:\/\/medianeeds.es\/es\/instagram-2025\/","title":{"rendered":"Qu\u00e9 est\u00e1 cambiando en Instagram este 2025: algoritmos, formatos y oportunidades"},"content":{"rendered":"<p data-start=\"49\" data-end=\"439\">Instagram sigue siendo una de las plataformas clave para marcas, instituciones y creadores de contenido, pero 2025 llega con cambios significativos. El algoritmo evoluciona, los formatos que funcionaban hace un a\u00f1o pierden fuerza y las oportunidades para conectar con la audiencia requieren una mirada estrat\u00e9gica y \u00e1gil. En Media Needs te explicamos qu\u00e9 est\u00e1 cambiando y c\u00f3mo aprovecharlo.<\/p>\n<h2 data-start=\"441\" data-end=\"504\"><strong>El algoritmo pone el foco en la relaci\u00f3n, no en la viralidad<\/strong><\/h2>\n<p data-start=\"506\" data-end=\"792\">Uno de los cambios m\u00e1s destacados es la orientaci\u00f3n del algoritmo hacia las <strong data-start=\"582\" data-end=\"619\">interacciones reales y rec\u00edprocas<\/strong>. En 2025, Instagram prioriza los contenidos que generan comentarios aut\u00e9nticos, respuestas a historias y compartidos por encima de la simple viralidad basada en \u201cme gusta\u201d.<\/p>\n<p data-start=\"794\" data-end=\"1010\">Esto significa que el contenido superficial o excesivamente \u201cdecorativo\u201d ya no tiene tanto peso si no genera conversaci\u00f3n o v\u00ednculo. El foco ahora es <strong data-start=\"944\" data-end=\"994\">crear comunidad y mantener una relaci\u00f3n activa<\/strong> con el p\u00fablico.<\/p>\n<h2 data-start=\"1012\" data-end=\"1056\"><strong>Formatos en ascenso y formatos en declive<\/strong><\/h2>\n<p data-start=\"1058\" data-end=\"1377\">Los <em data-start=\"1062\" data-end=\"1069\">reels<\/em> siguen siendo imprescindibles, pero con matices: ya no basta con seguir una tendencia. Instagram valora los <em data-start=\"1178\" data-end=\"1185\">reels<\/em> <strong data-start=\"1186\" data-end=\"1244\">originales, contextualizados y coherentes con la marca<\/strong>. Adem\u00e1s, los v\u00eddeos verticales m\u00e1s breves (entre 7 y 15 segundos), con estructura clara y mensaje directo, tienen mejor rendimiento.<\/p>\n<p data-start=\"1379\" data-end=\"1611\">En cambio, los <strong data-start=\"1394\" data-end=\"1435\">posts carrusel con im\u00e1genes est\u00e1ticas<\/strong> empiezan a perder fuerza si no aportan valor o narrativa. El <em data-start=\"1497\" data-end=\"1503\">feed<\/em> se mantiene como escaparate, pero las interacciones clave suceden en las historias y los mensajes directos.<\/p>\n<h2 data-start=\"1613\" data-end=\"1661\"><strong>El auge del contenido espont\u00e1neo e imperfecto<\/strong><\/h2>\n<p data-start=\"1663\" data-end=\"2057\">Otra tendencia clara es la <strong data-start=\"1690\" data-end=\"1727\">revalorizaci\u00f3n de la autenticidad<\/strong>. El contenido demasiado editado, con filtros excesivos o mensajes demasiado publicitarios, genera desconexi\u00f3n. En cambio, los v\u00eddeos espont\u00e1neos, el <em data-start=\"1877\" data-end=\"1888\">making of<\/em>, los mensajes en primera persona tienen mucho m\u00e1s impacto. Esto abre oportunidades para marcas peque\u00f1as o instituciones que no disponen de grandes medios de producci\u00f3n.<\/p>\n<h2 data-start=\"2059\" data-end=\"2116\"><strong>Oportunidades para 2025: conectar, escuchar, adaptarse<\/strong><\/h2>\n<p data-start=\"2118\" data-end=\"2408\">Instagram se est\u00e1 convirtiendo cada vez m\u00e1s en una <strong data-start=\"2169\" data-end=\"2195\">plataforma de relaci\u00f3n<\/strong> y menos de exhibici\u00f3n. Por eso, la gran oportunidad en 2025 es <strong data-start=\"2259\" data-end=\"2288\">humanizar la comunicaci\u00f3n<\/strong>: mostrar rostros, escuchar a la comunidad, responder preguntas y hacer part\u00edcipes a los seguidores del relato de marca.<\/p>\n<p data-start=\"2410\" data-end=\"2581\">Adem\u00e1s, los contenidos educativos e informativos en formato breve est\u00e1n creciendo, especialmente si aportan valor r\u00e1pido y \u00fatil (tutoriales, consejos, curiosidades, etc.).<\/p>\n<p data-start=\"2583\" data-end=\"2816\">En 2025, en Instagram <strong data-start=\"2605\" data-end=\"2661\">gana quien escucha, quien conversa y quien se adapta<\/strong>. Las marcas e instituciones que apuesten por una estrategia flexible, cercana y relacional tendr\u00e1n m\u00e1s posibilidades de crecer y fidelizar a su comunidad.<\/p>\n<p data-start=\"2818\" data-end=\"2952\">En Media Needs te ayudamos a leer el presente y anticipar el futuro. \u00bfQuieres revisar tu estrategia en redes? Cont\u00e1ctanos y empezamos.<\/p>\n","protected":false},"excerpt":{"rendered":"<p>Instagram sigue siendo una de las plataformas clave para marcas, instituciones y creadores de contenido, pero 2025 llega con cambios significativos. El algoritmo evoluciona, los formatos que funcionaban hace un a\u00f1o pierden fuerza y las oportunidades para conectar con la audiencia requieren una mirada estrat\u00e9gica y \u00e1gil. En Media Needs te explicamos qu\u00e9 est\u00e1 cambiando [&hellip;]<\/p>\n","protected":false},"author":1,"featured_media":18330,"comment_status":"closed","ping_status":"closed","sticky":false,"template":"","format":"standard","meta":{"_et_pb_use_builder":"","_et_pb_old_content":"","_et_gb_content_width":"","footnotes":""},"categories":[292,249,280,90,252,279,243],"tags":[],"class_list":["post-18332","post","type-post","status-publish","format-standard","has-post-thumbnail","hentry","category-blog-es-3-es","category-destacados","category-marketing","category-marqueting","category-noticias","category-redes-sociales-3","category-xarxa-social-es-2"],"yoast_head":"<!-- This site is optimized with the Yoast SEO plugin v27.4 - https:\/\/yoast.com\/product\/yoast-seo-wordpress\/ -->\n<title>Qu\u00e9 est\u00e1 cambiando en Instagram este 2025: algoritmos, formatos y oportunidades - M\u00e0rketing Reus | Media Needs Reus | Ag\u00e8ncia de publicitat Reus<\/title>\n<meta name=\"description\" content=\"Descubre los cambios de Instagram el 2025: qu\u00e9 valora el algoritmo, qu\u00e9 formatos funcionan y como aprovechar las nuevas oportunidades.\" \/>\n<meta name=\"robots\" content=\"index, follow, max-snippet:-1, max-image-preview:large, max-video-preview:-1\" \/>\n<link rel=\"canonical\" href=\"https:\/\/medianeeds.es\/es\/instagram-2025\/\" \/>\n<meta property=\"og:locale\" content=\"es_ES\" \/>\n<meta property=\"og:type\" content=\"article\" \/>\n<meta property=\"og:title\" content=\"Qu\u00e9 est\u00e1 cambiando en Instagram este 2025: algoritmos, formatos y oportunidades - M\u00e0rketing Reus | Media Needs Reus | Ag\u00e8ncia de publicitat Reus\" \/>\n<meta property=\"og:description\" content=\"Descubre los cambios de Instagram el 2025: qu\u00e9 valora el algoritmo, qu\u00e9 formatos funcionan y como aprovechar las nuevas oportunidades.\" \/>\n<meta property=\"og:url\" content=\"https:\/\/medianeeds.es\/es\/instagram-2025\/\" \/>\n<meta property=\"og:site_name\" content=\"M\u00e0rketing Reus | Media Needs Reus | Ag\u00e8ncia de publicitat Reus\" \/>\n<meta property=\"article:publisher\" content=\"https:\/\/www.facebook.com\/medianeeds.es\/\" \/>\n<meta property=\"article:published_time\" content=\"2025-06-30T11:19:27+00:00\" \/>\n<meta property=\"article:modified_time\" content=\"2025-10-16T08:05:42+00:00\" \/>\n<meta property=\"og:image\" content=\"https:\/\/medianeeds.es\/wp-content\/uploads\/2025\/06\/gente-anonima-ocupada-con-telefonos-inteligentes.jpg\" \/>\n\t<meta property=\"og:image:width\" content=\"1920\" \/>\n\t<meta property=\"og:image:height\" content=\"1280\" \/>\n\t<meta property=\"og:image:type\" content=\"image\/jpeg\" \/>\n<meta name=\"author\" content=\"Medianeeds\" \/>\n<meta name=\"twitter:label1\" content=\"Escrito por\" \/>\n\t<meta name=\"twitter:data1\" content=\"Medianeeds\" \/>\n\t<meta name=\"twitter:label2\" content=\"Tiempo de lectura\" \/>\n\t<meta name=\"twitter:data2\" content=\"3 minutos\" \/>\n<script type=\"application\/ld+json\" class=\"yoast-schema-graph\">{\"@context\":\"https:\\\/\\\/schema.org\",\"@graph\":[{\"@type\":\"Article\",\"@id\":\"https:\\\/\\\/medianeeds.es\\\/es\\\/instagram-2025\\\/#article\",\"isPartOf\":{\"@id\":\"https:\\\/\\\/medianeeds.es\\\/es\\\/instagram-2025\\\/\"},\"author\":{\"name\":\"Medianeeds\",\"@id\":\"https:\\\/\\\/medianeeds.es\\\/#\\\/schema\\\/person\\\/6a6f2f17f283df3eeb0946feebd2af79\"},\"headline\":\"Qu\u00e9 est\u00e1 cambiando en Instagram este 2025: algoritmos, formatos y oportunidades\",\"datePublished\":\"2025-06-30T11:19:27+00:00\",\"dateModified\":\"2025-10-16T08:05:42+00:00\",\"mainEntityOfPage\":{\"@id\":\"https:\\\/\\\/medianeeds.es\\\/es\\\/instagram-2025\\\/\"},\"wordCount\":467,\"publisher\":{\"@id\":\"https:\\\/\\\/medianeeds.es\\\/#organization\"},\"image\":{\"@id\":\"https:\\\/\\\/medianeeds.es\\\/es\\\/instagram-2025\\\/#primaryimage\"},\"thumbnailUrl\":\"https:\\\/\\\/medianeeds.es\\\/wp-content\\\/uploads\\\/2025\\\/06\\\/gente-anonima-ocupada-con-telefonos-inteligentes.jpg\",\"articleSection\":[\"Blog\",\"Destacados\",\"M\u00e1rketing\",\"M\u00e0rqueting\",\"Noticias\",\"Redes Sociales\",\"Xarxa Social\"],\"inLanguage\":\"es\"},{\"@type\":\"WebPage\",\"@id\":\"https:\\\/\\\/medianeeds.es\\\/es\\\/instagram-2025\\\/\",\"url\":\"https:\\\/\\\/medianeeds.es\\\/es\\\/instagram-2025\\\/\",\"name\":\"Qu\u00e9 est\u00e1 cambiando en Instagram este 2025: algoritmos, formatos y oportunidades - M\u00e0rketing Reus | Media Needs Reus | Ag\u00e8ncia de publicitat Reus\",\"isPartOf\":{\"@id\":\"https:\\\/\\\/medianeeds.es\\\/#website\"},\"primaryImageOfPage\":{\"@id\":\"https:\\\/\\\/medianeeds.es\\\/es\\\/instagram-2025\\\/#primaryimage\"},\"image\":{\"@id\":\"https:\\\/\\\/medianeeds.es\\\/es\\\/instagram-2025\\\/#primaryimage\"},\"thumbnailUrl\":\"https:\\\/\\\/medianeeds.es\\\/wp-content\\\/uploads\\\/2025\\\/06\\\/gente-anonima-ocupada-con-telefonos-inteligentes.jpg\",\"datePublished\":\"2025-06-30T11:19:27+00:00\",\"dateModified\":\"2025-10-16T08:05:42+00:00\",\"description\":\"Descubre los cambios de Instagram el 2025: qu\u00e9 valora el algoritmo, qu\u00e9 formatos funcionan y como aprovechar las nuevas oportunidades.\",\"breadcrumb\":{\"@id\":\"https:\\\/\\\/medianeeds.es\\\/es\\\/instagram-2025\\\/#breadcrumb\"},\"inLanguage\":\"es\",\"potentialAction\":[{\"@type\":\"ReadAction\",\"target\":[\"https:\\\/\\\/medianeeds.es\\\/es\\\/instagram-2025\\\/\"]}]},{\"@type\":\"ImageObject\",\"inLanguage\":\"es\",\"@id\":\"https:\\\/\\\/medianeeds.es\\\/es\\\/instagram-2025\\\/#primaryimage\",\"url\":\"https:\\\/\\\/medianeeds.es\\\/wp-content\\\/uploads\\\/2025\\\/06\\\/gente-anonima-ocupada-con-telefonos-inteligentes.jpg\",\"contentUrl\":\"https:\\\/\\\/medianeeds.es\\\/wp-content\\\/uploads\\\/2025\\\/06\\\/gente-anonima-ocupada-con-telefonos-inteligentes.jpg\",\"width\":1920,\"height\":1280},{\"@type\":\"BreadcrumbList\",\"@id\":\"https:\\\/\\\/medianeeds.es\\\/es\\\/instagram-2025\\\/#breadcrumb\",\"itemListElement\":[{\"@type\":\"ListItem\",\"position\":1,\"name\":\"Portada\",\"item\":\"https:\\\/\\\/medianeeds.es\\\/\"},{\"@type\":\"ListItem\",\"position\":2,\"name\":\"Qu\u00e9 est\u00e1 cambiando en Instagram este 2025: algoritmos, formatos y oportunidades\"}]},{\"@type\":\"WebSite\",\"@id\":\"https:\\\/\\\/medianeeds.es\\\/#website\",\"url\":\"https:\\\/\\\/medianeeds.es\\\/\",\"name\":\"M\u00e0rketing Reus | Media Needs Reus | Ag\u00e8ncia de publicitat Reus\",\"description\":\"MediaNeeds \u00e9s una empresa especialitzada en serveis integrals de publicitat, m\u00e0rqueting on-line i community manager a Reus, Tarragona\",\"publisher\":{\"@id\":\"https:\\\/\\\/medianeeds.es\\\/#organization\"},\"alternateName\":\"Media Needs\",\"potentialAction\":[{\"@type\":\"SearchAction\",\"target\":{\"@type\":\"EntryPoint\",\"urlTemplate\":\"https:\\\/\\\/medianeeds.es\\\/?s={search_term_string}\"},\"query-input\":{\"@type\":\"PropertyValueSpecification\",\"valueRequired\":true,\"valueName\":\"search_term_string\"}}],\"inLanguage\":\"es\"},{\"@type\":\"Organization\",\"@id\":\"https:\\\/\\\/medianeeds.es\\\/#organization\",\"name\":\"M\u00e0rketing Reus | Media Needs Reus | Ag\u00e8ncia de publicitat Reus\",\"alternateName\":\"Media Needs\",\"url\":\"https:\\\/\\\/medianeeds.es\\\/\",\"logo\":{\"@type\":\"ImageObject\",\"inLanguage\":\"es\",\"@id\":\"https:\\\/\\\/medianeeds.es\\\/#\\\/schema\\\/logo\\\/image\\\/\",\"url\":\"https:\\\/\\\/medianeeds.es\\\/wp-content\\\/uploads\\\/2024\\\/06\\\/COLOR_Mesa-de-trabajo-1-copia.png\",\"contentUrl\":\"https:\\\/\\\/medianeeds.es\\\/wp-content\\\/uploads\\\/2024\\\/06\\\/COLOR_Mesa-de-trabajo-1-copia.png\",\"width\":470,\"height\":226,\"caption\":\"M\u00e0rketing Reus | Media Needs Reus | Ag\u00e8ncia de publicitat Reus\"},\"image\":{\"@id\":\"https:\\\/\\\/medianeeds.es\\\/#\\\/schema\\\/logo\\\/image\\\/\"},\"sameAs\":[\"https:\\\/\\\/www.facebook.com\\\/medianeeds.es\\\/\",\"https:\\\/\\\/x.com\\\/media_needs\",\"https:\\\/\\\/www.instagram.com\\\/medianeeds\\\/?hl=es\"]},{\"@type\":\"Person\",\"@id\":\"https:\\\/\\\/medianeeds.es\\\/#\\\/schema\\\/person\\\/6a6f2f17f283df3eeb0946feebd2af79\",\"name\":\"Medianeeds\",\"image\":{\"@type\":\"ImageObject\",\"inLanguage\":\"es\",\"@id\":\"https:\\\/\\\/secure.gravatar.com\\\/avatar\\\/442251953f111b43a4668103c7b7c09aa35690e525473fb0bb9db0681ee9c0c3?s=96&d=mm&r=g\",\"url\":\"https:\\\/\\\/secure.gravatar.com\\\/avatar\\\/442251953f111b43a4668103c7b7c09aa35690e525473fb0bb9db0681ee9c0c3?s=96&d=mm&r=g\",\"contentUrl\":\"https:\\\/\\\/secure.gravatar.com\\\/avatar\\\/442251953f111b43a4668103c7b7c09aa35690e525473fb0bb9db0681ee9c0c3?s=96&d=mm&r=g\",\"caption\":\"Medianeeds\"},\"url\":\"https:\\\/\\\/medianeeds.es\\\/es\\\/author\\\/medianeeds\\\/\"}]}<\/script>\n<!-- \/ Yoast SEO plugin. -->","yoast_head_json":{"title":"Qu\u00e9 est\u00e1 cambiando en Instagram este 2025: algoritmos, formatos y oportunidades - M\u00e0rketing Reus | Media Needs Reus | Ag\u00e8ncia de publicitat Reus","description":"Descubre los cambios de Instagram el 2025: qu\u00e9 valora el algoritmo, qu\u00e9 formatos funcionan y como aprovechar las nuevas oportunidades.","robots":{"index":"index","follow":"follow","max-snippet":"max-snippet:-1","max-image-preview":"max-image-preview:large","max-video-preview":"max-video-preview:-1"},"canonical":"https:\/\/medianeeds.es\/es\/instagram-2025\/","og_locale":"es_ES","og_type":"article","og_title":"Qu\u00e9 est\u00e1 cambiando en Instagram este 2025: algoritmos, formatos y oportunidades - M\u00e0rketing Reus | Media Needs Reus | Ag\u00e8ncia de publicitat Reus","og_description":"Descubre los cambios de Instagram el 2025: qu\u00e9 valora el algoritmo, qu\u00e9 formatos funcionan y como aprovechar las nuevas oportunidades.","og_url":"https:\/\/medianeeds.es\/es\/instagram-2025\/","og_site_name":"M\u00e0rketing Reus | Media Needs Reus | Ag\u00e8ncia de publicitat Reus","article_publisher":"https:\/\/www.facebook.com\/medianeeds.es\/","article_published_time":"2025-06-30T11:19:27+00:00","article_modified_time":"2025-10-16T08:05:42+00:00","og_image":[{"width":1920,"height":1280,"url":"https:\/\/medianeeds.es\/wp-content\/uploads\/2025\/06\/gente-anonima-ocupada-con-telefonos-inteligentes.jpg","type":"image\/jpeg"}],"author":"Medianeeds","twitter_misc":{"Escrito por":"Medianeeds","Tiempo de lectura":"3 minutos"},"schema":{"@context":"https:\/\/schema.org","@graph":[{"@type":"Article","@id":"https:\/\/medianeeds.es\/es\/instagram-2025\/#article","isPartOf":{"@id":"https:\/\/medianeeds.es\/es\/instagram-2025\/"},"author":{"name":"Medianeeds","@id":"https:\/\/medianeeds.es\/#\/schema\/person\/6a6f2f17f283df3eeb0946feebd2af79"},"headline":"Qu\u00e9 est\u00e1 cambiando en Instagram este 2025: algoritmos, formatos y oportunidades","datePublished":"2025-06-30T11:19:27+00:00","dateModified":"2025-10-16T08:05:42+00:00","mainEntityOfPage":{"@id":"https:\/\/medianeeds.es\/es\/instagram-2025\/"},"wordCount":467,"publisher":{"@id":"https:\/\/medianeeds.es\/#organization"},"image":{"@id":"https:\/\/medianeeds.es\/es\/instagram-2025\/#primaryimage"},"thumbnailUrl":"https:\/\/medianeeds.es\/wp-content\/uploads\/2025\/06\/gente-anonima-ocupada-con-telefonos-inteligentes.jpg","articleSection":["Blog","Destacados","M\u00e1rketing","M\u00e0rqueting","Noticias","Redes Sociales","Xarxa Social"],"inLanguage":"es"},{"@type":"WebPage","@id":"https:\/\/medianeeds.es\/es\/instagram-2025\/","url":"https:\/\/medianeeds.es\/es\/instagram-2025\/","name":"Qu\u00e9 est\u00e1 cambiando en Instagram este 2025: algoritmos, formatos y oportunidades - M\u00e0rketing Reus | Media Needs Reus | Ag\u00e8ncia de publicitat Reus","isPartOf":{"@id":"https:\/\/medianeeds.es\/#website"},"primaryImageOfPage":{"@id":"https:\/\/medianeeds.es\/es\/instagram-2025\/#primaryimage"},"image":{"@id":"https:\/\/medianeeds.es\/es\/instagram-2025\/#primaryimage"},"thumbnailUrl":"https:\/\/medianeeds.es\/wp-content\/uploads\/2025\/06\/gente-anonima-ocupada-con-telefonos-inteligentes.jpg","datePublished":"2025-06-30T11:19:27+00:00","dateModified":"2025-10-16T08:05:42+00:00","description":"Descubre los cambios de Instagram el 2025: qu\u00e9 valora el algoritmo, qu\u00e9 formatos funcionan y como aprovechar las nuevas oportunidades.","breadcrumb":{"@id":"https:\/\/medianeeds.es\/es\/instagram-2025\/#breadcrumb"},"inLanguage":"es","potentialAction":[{"@type":"ReadAction","target":["https:\/\/medianeeds.es\/es\/instagram-2025\/"]}]},{"@type":"ImageObject","inLanguage":"es","@id":"https:\/\/medianeeds.es\/es\/instagram-2025\/#primaryimage","url":"https:\/\/medianeeds.es\/wp-content\/uploads\/2025\/06\/gente-anonima-ocupada-con-telefonos-inteligentes.jpg","contentUrl":"https:\/\/medianeeds.es\/wp-content\/uploads\/2025\/06\/gente-anonima-ocupada-con-telefonos-inteligentes.jpg","width":1920,"height":1280},{"@type":"BreadcrumbList","@id":"https:\/\/medianeeds.es\/es\/instagram-2025\/#breadcrumb","itemListElement":[{"@type":"ListItem","position":1,"name":"Portada","item":"https:\/\/medianeeds.es\/"},{"@type":"ListItem","position":2,"name":"Qu\u00e9 est\u00e1 cambiando en Instagram este 2025: algoritmos, formatos y oportunidades"}]},{"@type":"WebSite","@id":"https:\/\/medianeeds.es\/#website","url":"https:\/\/medianeeds.es\/","name":"M\u00e0rketing Reus | Media Needs Reus | Ag\u00e8ncia de publicitat Reus","description":"MediaNeeds \u00e9s una empresa especialitzada en serveis integrals de publicitat, m\u00e0rqueting on-line i community manager a Reus, Tarragona","publisher":{"@id":"https:\/\/medianeeds.es\/#organization"},"alternateName":"Media Needs","potentialAction":[{"@type":"SearchAction","target":{"@type":"EntryPoint","urlTemplate":"https:\/\/medianeeds.es\/?s={search_term_string}"},"query-input":{"@type":"PropertyValueSpecification","valueRequired":true,"valueName":"search_term_string"}}],"inLanguage":"es"},{"@type":"Organization","@id":"https:\/\/medianeeds.es\/#organization","name":"M\u00e0rketing Reus | Media Needs Reus | Ag\u00e8ncia de publicitat Reus","alternateName":"Media Needs","url":"https:\/\/medianeeds.es\/","logo":{"@type":"ImageObject","inLanguage":"es","@id":"https:\/\/medianeeds.es\/#\/schema\/logo\/image\/","url":"https:\/\/medianeeds.es\/wp-content\/uploads\/2024\/06\/COLOR_Mesa-de-trabajo-1-copia.png","contentUrl":"https:\/\/medianeeds.es\/wp-content\/uploads\/2024\/06\/COLOR_Mesa-de-trabajo-1-copia.png","width":470,"height":226,"caption":"M\u00e0rketing Reus | Media Needs Reus | Ag\u00e8ncia de publicitat Reus"},"image":{"@id":"https:\/\/medianeeds.es\/#\/schema\/logo\/image\/"},"sameAs":["https:\/\/www.facebook.com\/medianeeds.es\/","https:\/\/x.com\/media_needs","https:\/\/www.instagram.com\/medianeeds\/?hl=es"]},{"@type":"Person","@id":"https:\/\/medianeeds.es\/#\/schema\/person\/6a6f2f17f283df3eeb0946feebd2af79","name":"Medianeeds","image":{"@type":"ImageObject","inLanguage":"es","@id":"https:\/\/secure.gravatar.com\/avatar\/442251953f111b43a4668103c7b7c09aa35690e525473fb0bb9db0681ee9c0c3?s=96&d=mm&r=g","url":"https:\/\/secure.gravatar.com\/avatar\/442251953f111b43a4668103c7b7c09aa35690e525473fb0bb9db0681ee9c0c3?s=96&d=mm&r=g","contentUrl":"https:\/\/secure.gravatar.com\/avatar\/442251953f111b43a4668103c7b7c09aa35690e525473fb0bb9db0681ee9c0c3?s=96&d=mm&r=g","caption":"Medianeeds"},"url":"https:\/\/medianeeds.es\/es\/author\/medianeeds\/"}]}},"_links":{"self":[{"href":"https:\/\/medianeeds.es\/es\/wp-json\/wp\/v2\/posts\/18332","targetHints":{"allow":["GET"]}}],"collection":[{"href":"https:\/\/medianeeds.es\/es\/wp-json\/wp\/v2\/posts"}],"about":[{"href":"https:\/\/medianeeds.es\/es\/wp-json\/wp\/v2\/types\/post"}],"author":[{"embeddable":true,"href":"https:\/\/medianeeds.es\/es\/wp-json\/wp\/v2\/users\/1"}],"replies":[{"embeddable":true,"href":"https:\/\/medianeeds.es\/es\/wp-json\/wp\/v2\/comments?post=18332"}],"version-history":[{"count":2,"href":"https:\/\/medianeeds.es\/es\/wp-json\/wp\/v2\/posts\/18332\/revisions"}],"predecessor-version":[{"id":18391,"href":"https:\/\/medianeeds.es\/es\/wp-json\/wp\/v2\/posts\/18332\/revisions\/18391"}],"wp:featuredmedia":[{"embeddable":true,"href":"https:\/\/medianeeds.es\/es\/wp-json\/wp\/v2\/media\/18330"}],"wp:attachment":[{"href":"https:\/\/medianeeds.es\/es\/wp-json\/wp\/v2\/media?parent=18332"}],"wp:term":[{"taxonomy":"category","embeddable":true,"href":"https:\/\/medianeeds.es\/es\/wp-json\/wp\/v2\/categories?post=18332"},{"taxonomy":"post_tag","embeddable":true,"href":"https:\/\/medianeeds.es\/es\/wp-json\/wp\/v2\/tags?post=18332"}],"curies":[{"name":"wp","href":"https:\/\/api.w.org\/{rel}","templated":true}]}}