{"id":18262,"date":"2025-03-31T12:00:06","date_gmt":"2025-03-31T12:00:06","guid":{"rendered":"https:\/\/medianeeds.es\/?p=18262"},"modified":"2025-06-10T10:52:34","modified_gmt":"2025-06-10T10:52:34","slug":"sesion-de-contenido-medianeeds","status":"publish","type":"post","link":"https:\/\/medianeeds.es\/es\/sesion-de-contenido-medianeeds\/","title":{"rendered":"Sesi\u00f3n de contenido: qu\u00e9 debes tener en cuenta"},"content":{"rendered":"<h3 class=\"\" data-start=\"2340\" data-end=\"2401\">Las sesiones de contenido son mucho m\u00e1s que hacer fotos<\/h3>\n<p class=\"\" data-start=\"2402\" data-end=\"2782\">Cuando hablamos de crear contenido para redes sociales, web o campa\u00f1as digitales, es clave entender que una sesi\u00f3n de fotos o v\u00eddeo no es solo una cuesti\u00f3n est\u00e9tica. Es una herramienta de comunicaci\u00f3n potente que debe estar alineada con los objetivos de tu marca. En <strong data-start=\"2669\" data-end=\"2684\">Media Needs<\/strong>, entendemos cada sesi\u00f3n como una oportunidad para contar qui\u00e9n eres, qu\u00e9 haces y qu\u00e9 representas.<\/p>\n<h3 class=\"\" data-start=\"2784\" data-end=\"2832\">Prepara la sesi\u00f3n con una estrategia clara<\/h3>\n<p class=\"\" data-start=\"2833\" data-end=\"2896\">Para que la sesi\u00f3n sea realmente efectiva, hay que tener claro:<\/p>\n<ul data-start=\"2898\" data-end=\"3070\">\n<li class=\"\" data-start=\"2898\" data-end=\"2937\">\n<p class=\"\" data-start=\"2900\" data-end=\"2937\">\u00bfCu\u00e1l es el objetivo del contenido?<\/p>\n<\/li>\n<li class=\"\" data-start=\"2938\" data-end=\"2968\">\n<p class=\"\" data-start=\"2940\" data-end=\"2968\">\u00bfA qu\u00e9 p\u00fablico te diriges?<\/p>\n<\/li>\n<li class=\"\" data-start=\"2969\" data-end=\"3035\">\n<p class=\"\" data-start=\"2971\" data-end=\"3035\">\u00bfQu\u00e9 canales vas a utilizar (Instagram, web, cat\u00e1logos, etc.)?<\/p>\n<\/li>\n<li class=\"\" data-start=\"3036\" data-end=\"3070\">\n<p class=\"\" data-start=\"3038\" data-end=\"3070\">\u00bfQu\u00e9 emoci\u00f3n quieres transmitir?<\/p>\n<\/li>\n<\/ul>\n<p class=\"\" data-start=\"3072\" data-end=\"3265\">Un buen briefing previo ahorra tiempo, dinero y resultados poco aprovechables. En <strong data-start=\"3154\" data-end=\"3169\">Media Needs<\/strong>, planificamos cada sesi\u00f3n a fondo para que todo el material visual tenga un prop\u00f3sito concreto.<\/p>\n<h3 class=\"\" data-start=\"3267\" data-end=\"3318\">Planificar bien tu sesi\u00f3n de contenido es asegurar resultados \u00fatiles<\/h3>\n<p class=\"\" data-start=\"3319\" data-end=\"3693\">Muchas marcas improvisan cuando se trata de generar contenido visual, pero una buena planificaci\u00f3n marca la diferencia. En <strong data-start=\"3442\" data-end=\"3457\">Media Needs<\/strong>, trabajamos con guiones claros, moodboards, referentes visuales y visi\u00f3n estrat\u00e9gica para asegurarnos de que cada imagen tiene sentido. As\u00ed conseguimos resultados vers\u00e1tiles, \u00fatiles y alineados con tu estrategia global de comunicaci\u00f3n.<\/p>\n<h3 class=\"\" data-start=\"3695\" data-end=\"3740\">Dise\u00f1o, espacio y estilo: todo comunica<\/h3>\n<p class=\"\" data-start=\"3741\" data-end=\"3992\">El fondo, el vestuario, los colores o incluso la expresi\u00f3n corporal influyen en c\u00f3mo se percibe tu marca. Por eso es fundamental elegir bien la ubicaci\u00f3n, definir una l\u00ednea visual coherente con tu identidad y preparar todo lo necesario con antelaci\u00f3n.<\/p>\n<h3 class=\"\" data-start=\"3994\" data-end=\"4043\">Conf\u00eda en un equipo que entienda tu negocio y tu sesi\u00f3n de contenido<\/h3>\n<p class=\"\" data-start=\"4044\" data-end=\"4284\">En <strong data-start=\"4047\" data-end=\"4062\">Media Needs<\/strong> no solo cogemos la c\u00e1mara: te escuchamos, te asesoramos y te ayudamos a construir contenido que conecte. Nuestro equipo combina creatividad, estrategia y pasi\u00f3n para ofrecerte un resultado profesional y con alma de marca.<\/p>\n","protected":false},"excerpt":{"rendered":"<p>Las sesiones de contenido son mucho m\u00e1s que hacer fotos Cuando hablamos de crear contenido para redes sociales, web o campa\u00f1as digitales, es clave entender que una sesi\u00f3n de fotos o v\u00eddeo no es solo una cuesti\u00f3n est\u00e9tica. Es una herramienta de comunicaci\u00f3n potente que debe estar alineada con los objetivos de tu marca. En [&hellip;]<\/p>\n","protected":false},"author":1,"featured_media":18260,"comment_status":"closed","ping_status":"closed","sticky":false,"template":"","format":"standard","meta":{"_et_pb_use_builder":"","_et_pb_old_content":"","_et_gb_content_width":"","footnotes":""},"categories":[188,301,249,252],"tags":[],"class_list":["post-18262","post","type-post","status-publish","format-standard","has-post-thumbnail","hentry","category-blog-es-4","category-blog-es-2-es","category-destacados","category-noticias"],"yoast_head":"<!-- This site is optimized with the Yoast SEO plugin v27.5 - https:\/\/yoast.com\/product\/yoast-seo-wordpress\/ -->\n<title>Sesi\u00f3n de contenido: qu\u00e9 debes tener en cuenta - M\u00e0rketing Reus | Media Needs Reus | Ag\u00e8ncia de publicitat Reus<\/title>\n<meta name=\"description\" content=\"Una sesi\u00f3n de contenido es mucho m\u00e1s que hacer fotos. Te contamos qu\u00e9 debes tener en cuenta antes de planificarla.\" \/>\n<meta name=\"robots\" content=\"index, follow, max-snippet:-1, max-image-preview:large, max-video-preview:-1\" \/>\n<link rel=\"canonical\" href=\"https:\/\/medianeeds.es\/es\/sesion-de-contenido-medianeeds\/\" \/>\n<meta property=\"og:locale\" content=\"es_ES\" \/>\n<meta property=\"og:type\" content=\"article\" \/>\n<meta property=\"og:title\" content=\"Sesi\u00f3n de contenido: qu\u00e9 debes tener en cuenta - M\u00e0rketing Reus | Media Needs Reus | Ag\u00e8ncia de publicitat Reus\" \/>\n<meta property=\"og:description\" content=\"Una sesi\u00f3n de contenido es mucho m\u00e1s que hacer fotos. Te contamos qu\u00e9 debes tener en cuenta antes de planificarla.\" \/>\n<meta property=\"og:url\" content=\"https:\/\/medianeeds.es\/es\/sesion-de-contenido-medianeeds\/\" \/>\n<meta property=\"og:site_name\" content=\"M\u00e0rketing Reus | Media Needs Reus | Ag\u00e8ncia de publicitat Reus\" \/>\n<meta property=\"article:publisher\" content=\"https:\/\/www.facebook.com\/medianeeds.es\/\" \/>\n<meta property=\"article:published_time\" content=\"2025-03-31T12:00:06+00:00\" \/>\n<meta property=\"article:modified_time\" content=\"2025-06-10T10:52:34+00:00\" \/>\n<meta property=\"og:image\" content=\"https:\/\/medianeeds.es\/wp-content\/uploads\/2025\/03\/2148962980.jpg\" \/>\n\t<meta property=\"og:image:width\" content=\"1000\" \/>\n\t<meta property=\"og:image:height\" content=\"615\" \/>\n\t<meta property=\"og:image:type\" content=\"image\/jpeg\" \/>\n<meta name=\"author\" content=\"Medianeeds\" \/>\n<meta name=\"twitter:label1\" content=\"Escrito por\" \/>\n\t<meta name=\"twitter:data1\" content=\"Medianeeds\" \/>\n\t<meta name=\"twitter:label2\" content=\"Tiempo de lectura\" \/>\n\t<meta name=\"twitter:data2\" content=\"2 minutos\" \/>\n<script type=\"application\/ld+json\" class=\"yoast-schema-graph\">{\"@context\":\"https:\\\/\\\/schema.org\",\"@graph\":[{\"@type\":\"Article\",\"@id\":\"https:\\\/\\\/medianeeds.es\\\/es\\\/sesion-de-contenido-medianeeds\\\/#article\",\"isPartOf\":{\"@id\":\"https:\\\/\\\/medianeeds.es\\\/es\\\/sesion-de-contenido-medianeeds\\\/\"},\"author\":{\"name\":\"Medianeeds\",\"@id\":\"https:\\\/\\\/medianeeds.es\\\/#\\\/schema\\\/person\\\/6a6f2f17f283df3eeb0946feebd2af79\"},\"headline\":\"Sesi\u00f3n de contenido: qu\u00e9 debes tener en cuenta\",\"datePublished\":\"2025-03-31T12:00:06+00:00\",\"dateModified\":\"2025-06-10T10:52:34+00:00\",\"mainEntityOfPage\":{\"@id\":\"https:\\\/\\\/medianeeds.es\\\/es\\\/sesion-de-contenido-medianeeds\\\/\"},\"wordCount\":343,\"publisher\":{\"@id\":\"https:\\\/\\\/medianeeds.es\\\/#organization\"},\"image\":{\"@id\":\"https:\\\/\\\/medianeeds.es\\\/es\\\/sesion-de-contenido-medianeeds\\\/#primaryimage\"},\"thumbnailUrl\":\"https:\\\/\\\/medianeeds.es\\\/wp-content\\\/uploads\\\/2025\\\/03\\\/2148962980.jpg\",\"articleSection\":[\"Blog\",\"Blog @Es\",\"Destacados\",\"Noticias\"],\"inLanguage\":\"es\"},{\"@type\":\"WebPage\",\"@id\":\"https:\\\/\\\/medianeeds.es\\\/es\\\/sesion-de-contenido-medianeeds\\\/\",\"url\":\"https:\\\/\\\/medianeeds.es\\\/es\\\/sesion-de-contenido-medianeeds\\\/\",\"name\":\"Sesi\u00f3n de contenido: qu\u00e9 debes tener en cuenta - M\u00e0rketing Reus | Media Needs Reus | Ag\u00e8ncia de publicitat Reus\",\"isPartOf\":{\"@id\":\"https:\\\/\\\/medianeeds.es\\\/#website\"},\"primaryImageOfPage\":{\"@id\":\"https:\\\/\\\/medianeeds.es\\\/es\\\/sesion-de-contenido-medianeeds\\\/#primaryimage\"},\"image\":{\"@id\":\"https:\\\/\\\/medianeeds.es\\\/es\\\/sesion-de-contenido-medianeeds\\\/#primaryimage\"},\"thumbnailUrl\":\"https:\\\/\\\/medianeeds.es\\\/wp-content\\\/uploads\\\/2025\\\/03\\\/2148962980.jpg\",\"datePublished\":\"2025-03-31T12:00:06+00:00\",\"dateModified\":\"2025-06-10T10:52:34+00:00\",\"description\":\"Una sesi\u00f3n de contenido es mucho m\u00e1s que hacer fotos. Te contamos qu\u00e9 debes tener en cuenta antes de planificarla.\",\"breadcrumb\":{\"@id\":\"https:\\\/\\\/medianeeds.es\\\/es\\\/sesion-de-contenido-medianeeds\\\/#breadcrumb\"},\"inLanguage\":\"es\",\"potentialAction\":[{\"@type\":\"ReadAction\",\"target\":[\"https:\\\/\\\/medianeeds.es\\\/es\\\/sesion-de-contenido-medianeeds\\\/\"]}]},{\"@type\":\"ImageObject\",\"inLanguage\":\"es\",\"@id\":\"https:\\\/\\\/medianeeds.es\\\/es\\\/sesion-de-contenido-medianeeds\\\/#primaryimage\",\"url\":\"https:\\\/\\\/medianeeds.es\\\/wp-content\\\/uploads\\\/2025\\\/03\\\/2148962980.jpg\",\"contentUrl\":\"https:\\\/\\\/medianeeds.es\\\/wp-content\\\/uploads\\\/2025\\\/03\\\/2148962980.jpg\",\"width\":1000,\"height\":615},{\"@type\":\"BreadcrumbList\",\"@id\":\"https:\\\/\\\/medianeeds.es\\\/es\\\/sesion-de-contenido-medianeeds\\\/#breadcrumb\",\"itemListElement\":[{\"@type\":\"ListItem\",\"position\":1,\"name\":\"Portada\",\"item\":\"https:\\\/\\\/medianeeds.es\\\/\"},{\"@type\":\"ListItem\",\"position\":2,\"name\":\"Sesi\u00f3n de contenido: qu\u00e9 debes tener en cuenta\"}]},{\"@type\":\"WebSite\",\"@id\":\"https:\\\/\\\/medianeeds.es\\\/#website\",\"url\":\"https:\\\/\\\/medianeeds.es\\\/\",\"name\":\"M\u00e0rketing Reus | Media Needs Reus | Ag\u00e8ncia de publicitat Reus\",\"description\":\"MediaNeeds \u00e9s una empresa especialitzada en serveis integrals de publicitat, m\u00e0rqueting on-line i community manager a Reus, Tarragona\",\"publisher\":{\"@id\":\"https:\\\/\\\/medianeeds.es\\\/#organization\"},\"alternateName\":\"Media Needs\",\"potentialAction\":[{\"@type\":\"SearchAction\",\"target\":{\"@type\":\"EntryPoint\",\"urlTemplate\":\"https:\\\/\\\/medianeeds.es\\\/?s={search_term_string}\"},\"query-input\":{\"@type\":\"PropertyValueSpecification\",\"valueRequired\":true,\"valueName\":\"search_term_string\"}}],\"inLanguage\":\"es\"},{\"@type\":\"Organization\",\"@id\":\"https:\\\/\\\/medianeeds.es\\\/#organization\",\"name\":\"M\u00e0rketing Reus | Media Needs Reus | Ag\u00e8ncia de publicitat Reus\",\"alternateName\":\"Media Needs\",\"url\":\"https:\\\/\\\/medianeeds.es\\\/\",\"logo\":{\"@type\":\"ImageObject\",\"inLanguage\":\"es\",\"@id\":\"https:\\\/\\\/medianeeds.es\\\/#\\\/schema\\\/logo\\\/image\\\/\",\"url\":\"https:\\\/\\\/medianeeds.es\\\/wp-content\\\/uploads\\\/2024\\\/06\\\/COLOR_Mesa-de-trabajo-1-copia.png\",\"contentUrl\":\"https:\\\/\\\/medianeeds.es\\\/wp-content\\\/uploads\\\/2024\\\/06\\\/COLOR_Mesa-de-trabajo-1-copia.png\",\"width\":470,\"height\":226,\"caption\":\"M\u00e0rketing Reus | Media Needs Reus | Ag\u00e8ncia de publicitat Reus\"},\"image\":{\"@id\":\"https:\\\/\\\/medianeeds.es\\\/#\\\/schema\\\/logo\\\/image\\\/\"},\"sameAs\":[\"https:\\\/\\\/www.facebook.com\\\/medianeeds.es\\\/\",\"https:\\\/\\\/x.com\\\/media_needs\",\"https:\\\/\\\/www.instagram.com\\\/medianeeds\\\/?hl=es\"]},{\"@type\":\"Person\",\"@id\":\"https:\\\/\\\/medianeeds.es\\\/#\\\/schema\\\/person\\\/6a6f2f17f283df3eeb0946feebd2af79\",\"name\":\"Medianeeds\",\"image\":{\"@type\":\"ImageObject\",\"inLanguage\":\"es\",\"@id\":\"https:\\\/\\\/secure.gravatar.com\\\/avatar\\\/442251953f111b43a4668103c7b7c09aa35690e525473fb0bb9db0681ee9c0c3?s=96&d=mm&r=g\",\"url\":\"https:\\\/\\\/secure.gravatar.com\\\/avatar\\\/442251953f111b43a4668103c7b7c09aa35690e525473fb0bb9db0681ee9c0c3?s=96&d=mm&r=g\",\"contentUrl\":\"https:\\\/\\\/secure.gravatar.com\\\/avatar\\\/442251953f111b43a4668103c7b7c09aa35690e525473fb0bb9db0681ee9c0c3?s=96&d=mm&r=g\",\"caption\":\"Medianeeds\"},\"url\":\"https:\\\/\\\/medianeeds.es\\\/es\\\/author\\\/medianeeds\\\/\"}]}<\/script>\n<!-- \/ Yoast SEO plugin. -->","yoast_head_json":{"title":"Sesi\u00f3n de contenido: qu\u00e9 debes tener en cuenta - M\u00e0rketing Reus | Media Needs Reus | Ag\u00e8ncia de publicitat Reus","description":"Una sesi\u00f3n de contenido es mucho m\u00e1s que hacer fotos. Te contamos qu\u00e9 debes tener en cuenta antes de planificarla.","robots":{"index":"index","follow":"follow","max-snippet":"max-snippet:-1","max-image-preview":"max-image-preview:large","max-video-preview":"max-video-preview:-1"},"canonical":"https:\/\/medianeeds.es\/es\/sesion-de-contenido-medianeeds\/","og_locale":"es_ES","og_type":"article","og_title":"Sesi\u00f3n de contenido: qu\u00e9 debes tener en cuenta - M\u00e0rketing Reus | Media Needs Reus | Ag\u00e8ncia de publicitat Reus","og_description":"Una sesi\u00f3n de contenido es mucho m\u00e1s que hacer fotos. Te contamos qu\u00e9 debes tener en cuenta antes de planificarla.","og_url":"https:\/\/medianeeds.es\/es\/sesion-de-contenido-medianeeds\/","og_site_name":"M\u00e0rketing Reus | Media Needs Reus | Ag\u00e8ncia de publicitat Reus","article_publisher":"https:\/\/www.facebook.com\/medianeeds.es\/","article_published_time":"2025-03-31T12:00:06+00:00","article_modified_time":"2025-06-10T10:52:34+00:00","og_image":[{"width":1000,"height":615,"url":"https:\/\/medianeeds.es\/wp-content\/uploads\/2025\/03\/2148962980.jpg","type":"image\/jpeg"}],"author":"Medianeeds","twitter_misc":{"Escrito por":"Medianeeds","Tiempo de lectura":"2 minutos"},"schema":{"@context":"https:\/\/schema.org","@graph":[{"@type":"Article","@id":"https:\/\/medianeeds.es\/es\/sesion-de-contenido-medianeeds\/#article","isPartOf":{"@id":"https:\/\/medianeeds.es\/es\/sesion-de-contenido-medianeeds\/"},"author":{"name":"Medianeeds","@id":"https:\/\/medianeeds.es\/#\/schema\/person\/6a6f2f17f283df3eeb0946feebd2af79"},"headline":"Sesi\u00f3n de contenido: qu\u00e9 debes tener en cuenta","datePublished":"2025-03-31T12:00:06+00:00","dateModified":"2025-06-10T10:52:34+00:00","mainEntityOfPage":{"@id":"https:\/\/medianeeds.es\/es\/sesion-de-contenido-medianeeds\/"},"wordCount":343,"publisher":{"@id":"https:\/\/medianeeds.es\/#organization"},"image":{"@id":"https:\/\/medianeeds.es\/es\/sesion-de-contenido-medianeeds\/#primaryimage"},"thumbnailUrl":"https:\/\/medianeeds.es\/wp-content\/uploads\/2025\/03\/2148962980.jpg","articleSection":["Blog","Blog @Es","Destacados","Noticias"],"inLanguage":"es"},{"@type":"WebPage","@id":"https:\/\/medianeeds.es\/es\/sesion-de-contenido-medianeeds\/","url":"https:\/\/medianeeds.es\/es\/sesion-de-contenido-medianeeds\/","name":"Sesi\u00f3n de contenido: qu\u00e9 debes tener en cuenta - M\u00e0rketing Reus | Media Needs Reus | Ag\u00e8ncia de publicitat Reus","isPartOf":{"@id":"https:\/\/medianeeds.es\/#website"},"primaryImageOfPage":{"@id":"https:\/\/medianeeds.es\/es\/sesion-de-contenido-medianeeds\/#primaryimage"},"image":{"@id":"https:\/\/medianeeds.es\/es\/sesion-de-contenido-medianeeds\/#primaryimage"},"thumbnailUrl":"https:\/\/medianeeds.es\/wp-content\/uploads\/2025\/03\/2148962980.jpg","datePublished":"2025-03-31T12:00:06+00:00","dateModified":"2025-06-10T10:52:34+00:00","description":"Una sesi\u00f3n de contenido es mucho m\u00e1s que hacer fotos. Te contamos qu\u00e9 debes tener en cuenta antes de planificarla.","breadcrumb":{"@id":"https:\/\/medianeeds.es\/es\/sesion-de-contenido-medianeeds\/#breadcrumb"},"inLanguage":"es","potentialAction":[{"@type":"ReadAction","target":["https:\/\/medianeeds.es\/es\/sesion-de-contenido-medianeeds\/"]}]},{"@type":"ImageObject","inLanguage":"es","@id":"https:\/\/medianeeds.es\/es\/sesion-de-contenido-medianeeds\/#primaryimage","url":"https:\/\/medianeeds.es\/wp-content\/uploads\/2025\/03\/2148962980.jpg","contentUrl":"https:\/\/medianeeds.es\/wp-content\/uploads\/2025\/03\/2148962980.jpg","width":1000,"height":615},{"@type":"BreadcrumbList","@id":"https:\/\/medianeeds.es\/es\/sesion-de-contenido-medianeeds\/#breadcrumb","itemListElement":[{"@type":"ListItem","position":1,"name":"Portada","item":"https:\/\/medianeeds.es\/"},{"@type":"ListItem","position":2,"name":"Sesi\u00f3n de contenido: qu\u00e9 debes tener en cuenta"}]},{"@type":"WebSite","@id":"https:\/\/medianeeds.es\/#website","url":"https:\/\/medianeeds.es\/","name":"M\u00e0rketing Reus | Media Needs Reus | Ag\u00e8ncia de publicitat Reus","description":"MediaNeeds \u00e9s una empresa especialitzada en serveis integrals de publicitat, m\u00e0rqueting on-line i community manager a Reus, Tarragona","publisher":{"@id":"https:\/\/medianeeds.es\/#organization"},"alternateName":"Media Needs","potentialAction":[{"@type":"SearchAction","target":{"@type":"EntryPoint","urlTemplate":"https:\/\/medianeeds.es\/?s={search_term_string}"},"query-input":{"@type":"PropertyValueSpecification","valueRequired":true,"valueName":"search_term_string"}}],"inLanguage":"es"},{"@type":"Organization","@id":"https:\/\/medianeeds.es\/#organization","name":"M\u00e0rketing Reus | Media Needs Reus | Ag\u00e8ncia de publicitat Reus","alternateName":"Media Needs","url":"https:\/\/medianeeds.es\/","logo":{"@type":"ImageObject","inLanguage":"es","@id":"https:\/\/medianeeds.es\/#\/schema\/logo\/image\/","url":"https:\/\/medianeeds.es\/wp-content\/uploads\/2024\/06\/COLOR_Mesa-de-trabajo-1-copia.png","contentUrl":"https:\/\/medianeeds.es\/wp-content\/uploads\/2024\/06\/COLOR_Mesa-de-trabajo-1-copia.png","width":470,"height":226,"caption":"M\u00e0rketing Reus | Media Needs Reus | Ag\u00e8ncia de publicitat Reus"},"image":{"@id":"https:\/\/medianeeds.es\/#\/schema\/logo\/image\/"},"sameAs":["https:\/\/www.facebook.com\/medianeeds.es\/","https:\/\/x.com\/media_needs","https:\/\/www.instagram.com\/medianeeds\/?hl=es"]},{"@type":"Person","@id":"https:\/\/medianeeds.es\/#\/schema\/person\/6a6f2f17f283df3eeb0946feebd2af79","name":"Medianeeds","image":{"@type":"ImageObject","inLanguage":"es","@id":"https:\/\/secure.gravatar.com\/avatar\/442251953f111b43a4668103c7b7c09aa35690e525473fb0bb9db0681ee9c0c3?s=96&d=mm&r=g","url":"https:\/\/secure.gravatar.com\/avatar\/442251953f111b43a4668103c7b7c09aa35690e525473fb0bb9db0681ee9c0c3?s=96&d=mm&r=g","contentUrl":"https:\/\/secure.gravatar.com\/avatar\/442251953f111b43a4668103c7b7c09aa35690e525473fb0bb9db0681ee9c0c3?s=96&d=mm&r=g","caption":"Medianeeds"},"url":"https:\/\/medianeeds.es\/es\/author\/medianeeds\/"}]}},"_links":{"self":[{"href":"https:\/\/medianeeds.es\/es\/wp-json\/wp\/v2\/posts\/18262","targetHints":{"allow":["GET"]}}],"collection":[{"href":"https:\/\/medianeeds.es\/es\/wp-json\/wp\/v2\/posts"}],"about":[{"href":"https:\/\/medianeeds.es\/es\/wp-json\/wp\/v2\/types\/post"}],"author":[{"embeddable":true,"href":"https:\/\/medianeeds.es\/es\/wp-json\/wp\/v2\/users\/1"}],"replies":[{"embeddable":true,"href":"https:\/\/medianeeds.es\/es\/wp-json\/wp\/v2\/comments?post=18262"}],"version-history":[{"count":3,"href":"https:\/\/medianeeds.es\/es\/wp-json\/wp\/v2\/posts\/18262\/revisions"}],"predecessor-version":[{"id":18310,"href":"https:\/\/medianeeds.es\/es\/wp-json\/wp\/v2\/posts\/18262\/revisions\/18310"}],"wp:featuredmedia":[{"embeddable":true,"href":"https:\/\/medianeeds.es\/es\/wp-json\/wp\/v2\/media\/18260"}],"wp:attachment":[{"href":"https:\/\/medianeeds.es\/es\/wp-json\/wp\/v2\/media?parent=18262"}],"wp:term":[{"taxonomy":"category","embeddable":true,"href":"https:\/\/medianeeds.es\/es\/wp-json\/wp\/v2\/categories?post=18262"},{"taxonomy":"post_tag","embeddable":true,"href":"https:\/\/medianeeds.es\/es\/wp-json\/wp\/v2\/tags?post=18262"}],"curies":[{"name":"wp","href":"https:\/\/api.w.org\/{rel}","templated":true}]}}