{"id":18213,"date":"2025-01-12T14:00:12","date_gmt":"2025-01-12T14:00:12","guid":{"rendered":"https:\/\/medianeeds.es\/com-impulsar-el-teu-negoci-digital-amb-les-ajudes-del-kit-digital\/"},"modified":"2025-02-25T15:23:40","modified_gmt":"2025-02-25T15:23:40","slug":"negocio-kit-digital","status":"publish","type":"post","link":"https:\/\/medianeeds.es\/es\/negocio-kit-digital\/","title":{"rendered":"C\u00f3mo impulsar tu negocio con el Kit Digital"},"content":{"rendered":"<p data-start=\"0\" data-end=\"404\">En un entorno cada vez m\u00e1s competitivo, las peque\u00f1as y medianas empresas deben adaptarse r\u00e1pidamente a la digitalizaci\u00f3n para no quedarse atr\u00e1s. Por ello, el programa Kit Digital, impulsado por el gobierno, se presenta como una gran oportunidad para las empresas que quieren dar un salto hacia el futuro digital. A continuaci\u00f3n, te explicamos qu\u00e9 es el Kit Digital y c\u00f3mo puede beneficiar a tu negocio.<\/p>\n<p data-start=\"0\" data-end=\"404\">\n<h3 data-start=\"406\" data-end=\"435\">\u00bfQu\u00e9 es el Kit Digital?<\/h3>\n<p data-start=\"437\" data-end=\"798\">El Kit Digital es una iniciativa destinada a subvencionar la digitalizaci\u00f3n de pymes y aut\u00f3nomos con el objetivo de mejorar su competitividad. Las ayudas se clasifican seg\u00fan el tama\u00f1o de la empresa y pueden destinarse a diferentes soluciones digitales, como la creaci\u00f3n de sitios web, el comercio electr\u00f3nico, la gesti\u00f3n de redes sociales y la ciberseguridad.<\/p>\n<p data-start=\"437\" data-end=\"798\">\n<h3 data-start=\"800\" data-end=\"851\">Soluciones disponibles para pymes y aut\u00f3nomos<\/h3>\n<ul data-start=\"853\" data-end=\"1284\">\n<li data-start=\"853\" data-end=\"972\"><strong data-start=\"855\" data-end=\"882\">Web y presencia online:<\/strong> Una p\u00e1gina web profesional es el primer paso para mejorar la visibilidad de tu negocio.<\/li>\n<li data-start=\"973\" data-end=\"1109\"><strong data-start=\"975\" data-end=\"1000\">Comercio electr\u00f3nico:<\/strong> Si quieres vender por internet, esta ayuda te permitir\u00e1 desarrollar una plataforma de e-commerce completa.<\/li>\n<li data-start=\"1110\" data-end=\"1284\"><strong data-start=\"1112\" data-end=\"1141\">Gestor de redes sociales:<\/strong> Las redes sociales son clave para conectar con tu p\u00fablico. Con esta soluci\u00f3n, puedes contar con expertos que gestionen tu presencia digital.<\/li>\n<\/ul>\n<p>&nbsp;<\/p>\n<h3 data-start=\"1286\" data-end=\"1323\">\u00bfC\u00f3mo solicitar el Kit Digital?<\/h3>\n<p data-start=\"1325\" data-end=\"1554\">El primer paso es registrarse en la plataforma oficial de Acelera Pyme y completar el test de autodiagn\u00f3stico. Este test determinar\u00e1 el grado de madurez digital de tu empresa y te ayudar\u00e1 a identificar qu\u00e9 soluciones necesitas.<\/p>\n<p data-start=\"1556\" data-end=\"1709\">Una vez hecho esto, podr\u00e1s elegir los agentes digitalizadores homologados, como <strong data-start=\"1636\" data-end=\"1650\">Medianeeds<\/strong>, que te ayudar\u00e1n a implementar las soluciones escogidas.<\/p>\n<p data-start=\"1556\" data-end=\"1709\">\n<h3 data-start=\"1711\" data-end=\"1755\">No te quedes atr\u00e1s: digital\u00edzate ahora<\/h3>\n<p data-start=\"1757\" data-end=\"2028\" data-is-last-node=\"\" data-is-only-node=\"\">Si quieres que tu negocio siga creciendo, ahora es el momento de aprovechar esta oportunidad. En <strong data-start=\"1854\" data-end=\"1868\">Medianeeds<\/strong> somos agentes digitalizadores oficiales y estamos comprometidos a ayudarte en este proceso. \u00a1Cont\u00e1ctanos y comencemos juntos el camino hacia la digitalizaci\u00f3n!<\/p>\n<span class=\"collapseomatic \" id=\"id69ef40ad78e34\"  tabindex=\"0\" title=\"\"    ><\/span><div id=\"target-id69ef40ad78e34\" class=\"collapseomatic_content \">\n<p><a href=https:\/\/medianeeds.es\/es\/noticies\/><\/a><\/p>\n<p><img alt=kit digital><\/p>\n<\/div>\n","protected":false},"excerpt":{"rendered":"<p>En un entorno cada vez m\u00e1s competitivo, las peque\u00f1as y medianas empresas deben adaptarse r\u00e1pidamente a la digitalizaci\u00f3n para no quedarse atr\u00e1s. Por ello, el programa Kit Digital, impulsado por el gobierno, se presenta como una gran oportunidad para las empresas que quieren dar un salto hacia el futuro digital. A continuaci\u00f3n, te explicamos qu\u00e9 [&hellip;]<\/p>\n","protected":false},"author":1,"featured_media":18212,"comment_status":"closed","ping_status":"closed","sticky":false,"template":"","format":"standard","meta":{"_et_pb_use_builder":"","_et_pb_old_content":"","_et_gb_content_width":"","footnotes":""},"categories":[188,292,301,252,23],"tags":[],"class_list":["post-18213","post","type-post","status-publish","format-standard","has-post-thumbnail","hentry","category-blog-es-4","category-blog-es-3-es","category-blog-es-2-es","category-noticias","category-noticies-es"],"yoast_head":"<!-- This site is optimized with the Yoast SEO plugin v27.4 - https:\/\/yoast.com\/product\/yoast-seo-wordpress\/ -->\n<title>C\u00f3mo impulsar tu negocio con el Kit Digital - M\u00e0rketing Reus | Media Needs Reus | Ag\u00e8ncia de publicitat Reus<\/title>\n<meta name=\"description\" content=\"\u00bfQuieres impulsar tu negocio con el Kit Digital? \u00a1Solic\u00edtalo y aprovecha las ayudas que te conceden! Nosotros te asesoramos sin problema.\" \/>\n<meta name=\"robots\" content=\"index, follow, max-snippet:-1, max-image-preview:large, max-video-preview:-1\" \/>\n<link rel=\"canonical\" href=\"https:\/\/medianeeds.es\/es\/negocio-kit-digital\/\" \/>\n<meta property=\"og:locale\" content=\"es_ES\" \/>\n<meta property=\"og:type\" content=\"article\" \/>\n<meta property=\"og:title\" content=\"C\u00f3mo impulsar tu negocio con el Kit Digital - M\u00e0rketing Reus | Media Needs Reus | Ag\u00e8ncia de publicitat Reus\" \/>\n<meta property=\"og:description\" content=\"\u00bfQuieres impulsar tu negocio con el Kit Digital? \u00a1Solic\u00edtalo y aprovecha las ayudas que te conceden! Nosotros te asesoramos sin problema.\" \/>\n<meta property=\"og:url\" content=\"https:\/\/medianeeds.es\/es\/negocio-kit-digital\/\" \/>\n<meta property=\"og:site_name\" content=\"M\u00e0rketing Reus | Media Needs Reus | Ag\u00e8ncia de publicitat Reus\" \/>\n<meta property=\"article:publisher\" content=\"https:\/\/www.facebook.com\/medianeeds.es\/\" \/>\n<meta property=\"article:published_time\" content=\"2025-01-12T14:00:12+00:00\" \/>\n<meta property=\"article:modified_time\" content=\"2025-02-25T15:23:40+00:00\" \/>\n<meta property=\"og:image\" content=\"https:\/\/medianeeds.es\/wp-content\/uploads\/2025\/01\/man-using-digital-tablet-cafe-scaled.jpg\" \/>\n\t<meta property=\"og:image:width\" content=\"2560\" \/>\n\t<meta property=\"og:image:height\" content=\"1707\" \/>\n\t<meta property=\"og:image:type\" content=\"image\/jpeg\" \/>\n<meta name=\"author\" content=\"Medianeeds\" \/>\n<meta name=\"twitter:label1\" content=\"Escrito por\" \/>\n\t<meta name=\"twitter:data1\" content=\"Medianeeds\" \/>\n\t<meta name=\"twitter:label2\" content=\"Tiempo de lectura\" \/>\n\t<meta name=\"twitter:data2\" content=\"2 minutos\" \/>\n<script type=\"application\/ld+json\" class=\"yoast-schema-graph\">{\"@context\":\"https:\\\/\\\/schema.org\",\"@graph\":[{\"@type\":\"Article\",\"@id\":\"https:\\\/\\\/medianeeds.es\\\/es\\\/negocio-kit-digital\\\/#article\",\"isPartOf\":{\"@id\":\"https:\\\/\\\/medianeeds.es\\\/es\\\/negocio-kit-digital\\\/\"},\"author\":{\"name\":\"Medianeeds\",\"@id\":\"https:\\\/\\\/medianeeds.es\\\/#\\\/schema\\\/person\\\/6a6f2f17f283df3eeb0946feebd2af79\"},\"headline\":\"C\u00f3mo impulsar tu negocio con el Kit Digital\",\"datePublished\":\"2025-01-12T14:00:12+00:00\",\"dateModified\":\"2025-02-25T15:23:40+00:00\",\"mainEntityOfPage\":{\"@id\":\"https:\\\/\\\/medianeeds.es\\\/es\\\/negocio-kit-digital\\\/\"},\"wordCount\":341,\"publisher\":{\"@id\":\"https:\\\/\\\/medianeeds.es\\\/#organization\"},\"image\":{\"@id\":\"https:\\\/\\\/medianeeds.es\\\/es\\\/negocio-kit-digital\\\/#primaryimage\"},\"thumbnailUrl\":\"https:\\\/\\\/medianeeds.es\\\/wp-content\\\/uploads\\\/2025\\\/01\\\/man-using-digital-tablet-cafe-scaled.jpg\",\"articleSection\":[\"Blog\",\"Blog\",\"Blog @Es\",\"Noticias\",\"Not\u00edcies\"],\"inLanguage\":\"es\"},{\"@type\":\"WebPage\",\"@id\":\"https:\\\/\\\/medianeeds.es\\\/es\\\/negocio-kit-digital\\\/\",\"url\":\"https:\\\/\\\/medianeeds.es\\\/es\\\/negocio-kit-digital\\\/\",\"name\":\"C\u00f3mo impulsar tu negocio con el Kit Digital - M\u00e0rketing Reus | Media Needs Reus | Ag\u00e8ncia de publicitat Reus\",\"isPartOf\":{\"@id\":\"https:\\\/\\\/medianeeds.es\\\/#website\"},\"primaryImageOfPage\":{\"@id\":\"https:\\\/\\\/medianeeds.es\\\/es\\\/negocio-kit-digital\\\/#primaryimage\"},\"image\":{\"@id\":\"https:\\\/\\\/medianeeds.es\\\/es\\\/negocio-kit-digital\\\/#primaryimage\"},\"thumbnailUrl\":\"https:\\\/\\\/medianeeds.es\\\/wp-content\\\/uploads\\\/2025\\\/01\\\/man-using-digital-tablet-cafe-scaled.jpg\",\"datePublished\":\"2025-01-12T14:00:12+00:00\",\"dateModified\":\"2025-02-25T15:23:40+00:00\",\"description\":\"\u00bfQuieres impulsar tu negocio con el Kit Digital? \u00a1Solic\u00edtalo y aprovecha las ayudas que te conceden! Nosotros te asesoramos sin problema.\",\"breadcrumb\":{\"@id\":\"https:\\\/\\\/medianeeds.es\\\/es\\\/negocio-kit-digital\\\/#breadcrumb\"},\"inLanguage\":\"es\",\"potentialAction\":[{\"@type\":\"ReadAction\",\"target\":[\"https:\\\/\\\/medianeeds.es\\\/es\\\/negocio-kit-digital\\\/\"]}]},{\"@type\":\"ImageObject\",\"inLanguage\":\"es\",\"@id\":\"https:\\\/\\\/medianeeds.es\\\/es\\\/negocio-kit-digital\\\/#primaryimage\",\"url\":\"https:\\\/\\\/medianeeds.es\\\/wp-content\\\/uploads\\\/2025\\\/01\\\/man-using-digital-tablet-cafe-scaled.jpg\",\"contentUrl\":\"https:\\\/\\\/medianeeds.es\\\/wp-content\\\/uploads\\\/2025\\\/01\\\/man-using-digital-tablet-cafe-scaled.jpg\",\"width\":2560,\"height\":1707,\"caption\":\"Smiling man using digital tablet in cafe\"},{\"@type\":\"BreadcrumbList\",\"@id\":\"https:\\\/\\\/medianeeds.es\\\/es\\\/negocio-kit-digital\\\/#breadcrumb\",\"itemListElement\":[{\"@type\":\"ListItem\",\"position\":1,\"name\":\"Portada\",\"item\":\"https:\\\/\\\/medianeeds.es\\\/\"},{\"@type\":\"ListItem\",\"position\":2,\"name\":\"C\u00f3mo impulsar tu negocio con el Kit Digital\"}]},{\"@type\":\"WebSite\",\"@id\":\"https:\\\/\\\/medianeeds.es\\\/#website\",\"url\":\"https:\\\/\\\/medianeeds.es\\\/\",\"name\":\"M\u00e0rketing Reus | Media Needs Reus | Ag\u00e8ncia de publicitat Reus\",\"description\":\"MediaNeeds \u00e9s una empresa especialitzada en serveis integrals de publicitat, m\u00e0rqueting on-line i community manager a Reus, Tarragona\",\"publisher\":{\"@id\":\"https:\\\/\\\/medianeeds.es\\\/#organization\"},\"alternateName\":\"Media Needs\",\"potentialAction\":[{\"@type\":\"SearchAction\",\"target\":{\"@type\":\"EntryPoint\",\"urlTemplate\":\"https:\\\/\\\/medianeeds.es\\\/?s={search_term_string}\"},\"query-input\":{\"@type\":\"PropertyValueSpecification\",\"valueRequired\":true,\"valueName\":\"search_term_string\"}}],\"inLanguage\":\"es\"},{\"@type\":\"Organization\",\"@id\":\"https:\\\/\\\/medianeeds.es\\\/#organization\",\"name\":\"M\u00e0rketing Reus | Media Needs Reus | Ag\u00e8ncia de publicitat Reus\",\"alternateName\":\"Media Needs\",\"url\":\"https:\\\/\\\/medianeeds.es\\\/\",\"logo\":{\"@type\":\"ImageObject\",\"inLanguage\":\"es\",\"@id\":\"https:\\\/\\\/medianeeds.es\\\/#\\\/schema\\\/logo\\\/image\\\/\",\"url\":\"https:\\\/\\\/medianeeds.es\\\/wp-content\\\/uploads\\\/2024\\\/06\\\/COLOR_Mesa-de-trabajo-1-copia.png\",\"contentUrl\":\"https:\\\/\\\/medianeeds.es\\\/wp-content\\\/uploads\\\/2024\\\/06\\\/COLOR_Mesa-de-trabajo-1-copia.png\",\"width\":470,\"height\":226,\"caption\":\"M\u00e0rketing Reus | Media Needs Reus | Ag\u00e8ncia de publicitat Reus\"},\"image\":{\"@id\":\"https:\\\/\\\/medianeeds.es\\\/#\\\/schema\\\/logo\\\/image\\\/\"},\"sameAs\":[\"https:\\\/\\\/www.facebook.com\\\/medianeeds.es\\\/\",\"https:\\\/\\\/x.com\\\/media_needs\",\"https:\\\/\\\/www.instagram.com\\\/medianeeds\\\/?hl=es\"]},{\"@type\":\"Person\",\"@id\":\"https:\\\/\\\/medianeeds.es\\\/#\\\/schema\\\/person\\\/6a6f2f17f283df3eeb0946feebd2af79\",\"name\":\"Medianeeds\",\"image\":{\"@type\":\"ImageObject\",\"inLanguage\":\"es\",\"@id\":\"https:\\\/\\\/secure.gravatar.com\\\/avatar\\\/442251953f111b43a4668103c7b7c09aa35690e525473fb0bb9db0681ee9c0c3?s=96&d=mm&r=g\",\"url\":\"https:\\\/\\\/secure.gravatar.com\\\/avatar\\\/442251953f111b43a4668103c7b7c09aa35690e525473fb0bb9db0681ee9c0c3?s=96&d=mm&r=g\",\"contentUrl\":\"https:\\\/\\\/secure.gravatar.com\\\/avatar\\\/442251953f111b43a4668103c7b7c09aa35690e525473fb0bb9db0681ee9c0c3?s=96&d=mm&r=g\",\"caption\":\"Medianeeds\"},\"url\":\"https:\\\/\\\/medianeeds.es\\\/es\\\/author\\\/medianeeds\\\/\"}]}<\/script>\n<!-- \/ Yoast SEO plugin. -->","yoast_head_json":{"title":"C\u00f3mo impulsar tu negocio con el Kit Digital - M\u00e0rketing Reus | Media Needs Reus | Ag\u00e8ncia de publicitat Reus","description":"\u00bfQuieres impulsar tu negocio con el Kit Digital? \u00a1Solic\u00edtalo y aprovecha las ayudas que te conceden! Nosotros te asesoramos sin problema.","robots":{"index":"index","follow":"follow","max-snippet":"max-snippet:-1","max-image-preview":"max-image-preview:large","max-video-preview":"max-video-preview:-1"},"canonical":"https:\/\/medianeeds.es\/es\/negocio-kit-digital\/","og_locale":"es_ES","og_type":"article","og_title":"C\u00f3mo impulsar tu negocio con el Kit Digital - M\u00e0rketing Reus | Media Needs Reus | Ag\u00e8ncia de publicitat Reus","og_description":"\u00bfQuieres impulsar tu negocio con el Kit Digital? \u00a1Solic\u00edtalo y aprovecha las ayudas que te conceden! Nosotros te asesoramos sin problema.","og_url":"https:\/\/medianeeds.es\/es\/negocio-kit-digital\/","og_site_name":"M\u00e0rketing Reus | Media Needs Reus | Ag\u00e8ncia de publicitat Reus","article_publisher":"https:\/\/www.facebook.com\/medianeeds.es\/","article_published_time":"2025-01-12T14:00:12+00:00","article_modified_time":"2025-02-25T15:23:40+00:00","og_image":[{"width":2560,"height":1707,"url":"https:\/\/medianeeds.es\/wp-content\/uploads\/2025\/01\/man-using-digital-tablet-cafe-scaled.jpg","type":"image\/jpeg"}],"author":"Medianeeds","twitter_misc":{"Escrito por":"Medianeeds","Tiempo de lectura":"2 minutos"},"schema":{"@context":"https:\/\/schema.org","@graph":[{"@type":"Article","@id":"https:\/\/medianeeds.es\/es\/negocio-kit-digital\/#article","isPartOf":{"@id":"https:\/\/medianeeds.es\/es\/negocio-kit-digital\/"},"author":{"name":"Medianeeds","@id":"https:\/\/medianeeds.es\/#\/schema\/person\/6a6f2f17f283df3eeb0946feebd2af79"},"headline":"C\u00f3mo impulsar tu negocio con el Kit Digital","datePublished":"2025-01-12T14:00:12+00:00","dateModified":"2025-02-25T15:23:40+00:00","mainEntityOfPage":{"@id":"https:\/\/medianeeds.es\/es\/negocio-kit-digital\/"},"wordCount":341,"publisher":{"@id":"https:\/\/medianeeds.es\/#organization"},"image":{"@id":"https:\/\/medianeeds.es\/es\/negocio-kit-digital\/#primaryimage"},"thumbnailUrl":"https:\/\/medianeeds.es\/wp-content\/uploads\/2025\/01\/man-using-digital-tablet-cafe-scaled.jpg","articleSection":["Blog","Blog","Blog @Es","Noticias","Not\u00edcies"],"inLanguage":"es"},{"@type":"WebPage","@id":"https:\/\/medianeeds.es\/es\/negocio-kit-digital\/","url":"https:\/\/medianeeds.es\/es\/negocio-kit-digital\/","name":"C\u00f3mo impulsar tu negocio con el Kit Digital - M\u00e0rketing Reus | Media Needs Reus | Ag\u00e8ncia de publicitat Reus","isPartOf":{"@id":"https:\/\/medianeeds.es\/#website"},"primaryImageOfPage":{"@id":"https:\/\/medianeeds.es\/es\/negocio-kit-digital\/#primaryimage"},"image":{"@id":"https:\/\/medianeeds.es\/es\/negocio-kit-digital\/#primaryimage"},"thumbnailUrl":"https:\/\/medianeeds.es\/wp-content\/uploads\/2025\/01\/man-using-digital-tablet-cafe-scaled.jpg","datePublished":"2025-01-12T14:00:12+00:00","dateModified":"2025-02-25T15:23:40+00:00","description":"\u00bfQuieres impulsar tu negocio con el Kit Digital? \u00a1Solic\u00edtalo y aprovecha las ayudas que te conceden! Nosotros te asesoramos sin problema.","breadcrumb":{"@id":"https:\/\/medianeeds.es\/es\/negocio-kit-digital\/#breadcrumb"},"inLanguage":"es","potentialAction":[{"@type":"ReadAction","target":["https:\/\/medianeeds.es\/es\/negocio-kit-digital\/"]}]},{"@type":"ImageObject","inLanguage":"es","@id":"https:\/\/medianeeds.es\/es\/negocio-kit-digital\/#primaryimage","url":"https:\/\/medianeeds.es\/wp-content\/uploads\/2025\/01\/man-using-digital-tablet-cafe-scaled.jpg","contentUrl":"https:\/\/medianeeds.es\/wp-content\/uploads\/2025\/01\/man-using-digital-tablet-cafe-scaled.jpg","width":2560,"height":1707,"caption":"Smiling man using digital tablet in cafe"},{"@type":"BreadcrumbList","@id":"https:\/\/medianeeds.es\/es\/negocio-kit-digital\/#breadcrumb","itemListElement":[{"@type":"ListItem","position":1,"name":"Portada","item":"https:\/\/medianeeds.es\/"},{"@type":"ListItem","position":2,"name":"C\u00f3mo impulsar tu negocio con el Kit Digital"}]},{"@type":"WebSite","@id":"https:\/\/medianeeds.es\/#website","url":"https:\/\/medianeeds.es\/","name":"M\u00e0rketing Reus | Media Needs Reus | Ag\u00e8ncia de publicitat Reus","description":"MediaNeeds \u00e9s una empresa especialitzada en serveis integrals de publicitat, m\u00e0rqueting on-line i community manager a Reus, Tarragona","publisher":{"@id":"https:\/\/medianeeds.es\/#organization"},"alternateName":"Media Needs","potentialAction":[{"@type":"SearchAction","target":{"@type":"EntryPoint","urlTemplate":"https:\/\/medianeeds.es\/?s={search_term_string}"},"query-input":{"@type":"PropertyValueSpecification","valueRequired":true,"valueName":"search_term_string"}}],"inLanguage":"es"},{"@type":"Organization","@id":"https:\/\/medianeeds.es\/#organization","name":"M\u00e0rketing Reus | Media Needs Reus | Ag\u00e8ncia de publicitat Reus","alternateName":"Media Needs","url":"https:\/\/medianeeds.es\/","logo":{"@type":"ImageObject","inLanguage":"es","@id":"https:\/\/medianeeds.es\/#\/schema\/logo\/image\/","url":"https:\/\/medianeeds.es\/wp-content\/uploads\/2024\/06\/COLOR_Mesa-de-trabajo-1-copia.png","contentUrl":"https:\/\/medianeeds.es\/wp-content\/uploads\/2024\/06\/COLOR_Mesa-de-trabajo-1-copia.png","width":470,"height":226,"caption":"M\u00e0rketing Reus | Media Needs Reus | Ag\u00e8ncia de publicitat Reus"},"image":{"@id":"https:\/\/medianeeds.es\/#\/schema\/logo\/image\/"},"sameAs":["https:\/\/www.facebook.com\/medianeeds.es\/","https:\/\/x.com\/media_needs","https:\/\/www.instagram.com\/medianeeds\/?hl=es"]},{"@type":"Person","@id":"https:\/\/medianeeds.es\/#\/schema\/person\/6a6f2f17f283df3eeb0946feebd2af79","name":"Medianeeds","image":{"@type":"ImageObject","inLanguage":"es","@id":"https:\/\/secure.gravatar.com\/avatar\/442251953f111b43a4668103c7b7c09aa35690e525473fb0bb9db0681ee9c0c3?s=96&d=mm&r=g","url":"https:\/\/secure.gravatar.com\/avatar\/442251953f111b43a4668103c7b7c09aa35690e525473fb0bb9db0681ee9c0c3?s=96&d=mm&r=g","contentUrl":"https:\/\/secure.gravatar.com\/avatar\/442251953f111b43a4668103c7b7c09aa35690e525473fb0bb9db0681ee9c0c3?s=96&d=mm&r=g","caption":"Medianeeds"},"url":"https:\/\/medianeeds.es\/es\/author\/medianeeds\/"}]}},"_links":{"self":[{"href":"https:\/\/medianeeds.es\/es\/wp-json\/wp\/v2\/posts\/18213","targetHints":{"allow":["GET"]}}],"collection":[{"href":"https:\/\/medianeeds.es\/es\/wp-json\/wp\/v2\/posts"}],"about":[{"href":"https:\/\/medianeeds.es\/es\/wp-json\/wp\/v2\/types\/post"}],"author":[{"embeddable":true,"href":"https:\/\/medianeeds.es\/es\/wp-json\/wp\/v2\/users\/1"}],"replies":[{"embeddable":true,"href":"https:\/\/medianeeds.es\/es\/wp-json\/wp\/v2\/comments?post=18213"}],"version-history":[{"count":1,"href":"https:\/\/medianeeds.es\/es\/wp-json\/wp\/v2\/posts\/18213\/revisions"}],"predecessor-version":[{"id":18214,"href":"https:\/\/medianeeds.es\/es\/wp-json\/wp\/v2\/posts\/18213\/revisions\/18214"}],"wp:featuredmedia":[{"embeddable":true,"href":"https:\/\/medianeeds.es\/es\/wp-json\/wp\/v2\/media\/18212"}],"wp:attachment":[{"href":"https:\/\/medianeeds.es\/es\/wp-json\/wp\/v2\/media?parent=18213"}],"wp:term":[{"taxonomy":"category","embeddable":true,"href":"https:\/\/medianeeds.es\/es\/wp-json\/wp\/v2\/categories?post=18213"},{"taxonomy":"post_tag","embeddable":true,"href":"https:\/\/medianeeds.es\/es\/wp-json\/wp\/v2\/tags?post=18213"}],"curies":[{"name":"wp","href":"https:\/\/api.w.org\/{rel}","templated":true}]}}