{"id":18127,"date":"2024-12-24T10:21:15","date_gmt":"2024-12-24T10:21:15","guid":{"rendered":"https:\/\/medianeeds.es\/?p=18127"},"modified":"2024-12-19T10:25:32","modified_gmt":"2024-12-19T10:25:32","slug":"las-redes-sociales-y-el-espiritu-navideno-como-conectar-con-tu-audiencia-estas-fiestas","status":"publish","type":"post","link":"https:\/\/medianeeds.es\/es\/las-redes-sociales-y-el-espiritu-navideno-como-conectar-con-tu-audiencia-estas-fiestas\/","title":{"rendered":"Las redes sociales y el esp\u00edritu navide\u00f1o: C\u00f3mo conectar con tu audiencia estas fiestas"},"content":{"rendered":"<p>Las fiestas de Navidad son una \u00e9poca m\u00e1gica, llena de momentos especiales y emociones compartidas. Para las empresas, es tambi\u00e9n una oportunidad \u00fanica para conectar con su audiencia y transmitir los valores y el esp\u00edritu navide\u00f1o a trav\u00e9s de las redes sociales. En Media Needs, te ayudamos a aprovechar estas fechas para crear contenido que cautive e inspire.<\/p>\n<p>&nbsp;<\/p>\n<h3><strong>La importancia de la estrategia navide\u00f1a en las redes sociales<\/strong><\/h3>\n<p>La Navidad no es solo una \u00e9poca de consumo, sino tambi\u00e9n de conexiones emocionales. Las redes sociales son el canal ideal para acercarte a tus seguidores con mensajes llenos de calidez y creatividad. Una buena estrategia navide\u00f1a puede:<br \/>\n\u2022 Aumentar tu compromiso (engagement): Contenidos tem\u00e1ticos como concursos, encuestas o historias interactivas pueden captar la atenci\u00f3n de tu p\u00fablico.<br \/>\n\u2022 Reforzar la imagen de marca: La Navidad es el momento perfecto para mostrar los valores que te definen, como la solidaridad o la cercan\u00eda.<br \/>\n\u2022 Impulsar las ventas: Promociones especiales u ofertas exclusivas pueden motivar a tu audiencia a realizar compras.<\/p>\n<p>&nbsp;<\/p>\n<h3><strong>Consejos para mantener vivo el esp\u00edritu navide\u00f1o<\/strong><\/h3>\n<p>En Media Needs, sabemos c\u00f3mo hacer que tus redes sociales destaquen durante las fiestas. Aqu\u00ed tienes algunos consejos que te pueden ayudar:<\/p>\n<ol>\n<li><strong>Personaliza tu contenido<\/strong><br \/>\nAdapta el dise\u00f1o de tus publicaciones con colores y elementos navide\u00f1os. Usa tipograf\u00edas festivas e incorpora GIFs o stickers que transmitan alegr\u00eda. Adem\u00e1s, crea mensajes que despierten emociones como la felicidad o la nostalgia.<\/li>\n<li><strong>Organiza campa\u00f1as especiales<\/strong><br \/>\nLos concursos y sorteos navide\u00f1os son una forma efectiva de generar interacci\u00f3n. Por ejemplo, pide a tus seguidores que compartan sus tradiciones navide\u00f1as con el hashtag de tu marca.<\/li>\n<li><strong>Crea historias con valor<\/strong><br \/>\nCuenta historias aut\u00e9nticas que conecten con tu p\u00fablico. Puedes mostrar c\u00f3mo tu equipo celebra la Navidad o hacer un homenaje a una causa solidaria con la que colaboras.<\/li>\n<li><strong>Planifica tu calendario de contenidos<\/strong><br \/>\nEs esencial tener una programaci\u00f3n bien definida para asegurarte de no perder ninguna fecha importante. En Media Needs, te ayudamos a crear un calendario que incluya desde el inicio de la campa\u00f1a hasta los mensajes posteriores a las fiestas.<\/li>\n<li><strong>Ten en cuenta el SEO<\/strong><br \/>\nAseg\u00farate de que tus contenidos est\u00e9n optimizados para ser encontrados en b\u00fasquedas relacionadas con la Navidad. Utiliza palabras clave como \u00abregalos navide\u00f1os\u00bb o \u00abpromociones de Navidad\u00bb para atraer al p\u00fablico correcto.<\/li>\n<\/ol>\n<p>&nbsp;<\/p>\n<h3><strong>\u00bfC\u00f3mo te puede ayudar Media Needs?<\/strong><\/h3>\n<p>En Media Needs somos expertos en crear estrategias personalizadas para redes sociales que maximicen el impacto de tu marca. Con nosotros, podr\u00e1s:<br \/>\n\u2022 Aumentar tu visibilidad: Gracias a contenidos creativos y atractivos.<br \/>\n\u2022 Conectar con tu p\u00fablico: Con campa\u00f1as que reflejan tu autenticidad.<br \/>\n\u2022 Conseguir resultados: Medimos y optimizamos cada acci\u00f3n para garantizar el \u00e9xito.<\/p>\n<p>Este Navidad, no dejes escapar la oportunidad de hacer brillar tu marca en las redes sociales. Con una estrategia bien definida y el apoyo de Media Needs, podr\u00e1s conectar con tu p\u00fablico y hacer que estas fiestas sean inolvidables.<\/p>\n<p>\u00a1Contacta con nosotros y comencemos a trabajar en tu campa\u00f1a navide\u00f1a!<\/p>\n","protected":false},"excerpt":{"rendered":"<p>Las fiestas de Navidad son una \u00e9poca m\u00e1gica, llena de momentos especiales y emociones compartidas. Para las empresas, es tambi\u00e9n una oportunidad \u00fanica para conectar con su audiencia y transmitir los valores y el esp\u00edritu navide\u00f1o a trav\u00e9s de las redes sociales. En Media Needs, te ayudamos a aprovechar estas fechas para crear contenido que [&hellip;]<\/p>\n","protected":false},"author":1,"featured_media":18125,"comment_status":"closed","ping_status":"closed","sticky":false,"template":"","format":"standard","meta":{"_et_pb_use_builder":"","_et_pb_old_content":"","_et_gb_content_width":"","footnotes":""},"categories":[292,301,305,249,280,177,252,307,279,243],"tags":[],"class_list":["post-18127","post","type-post","status-publish","format-standard","has-post-thumbnail","hentry","category-blog-es-3-es","category-blog-es-2-es","category-blog-es-es","category-destacados","category-marketing","category-marqueting-es","category-noticias","category-publicidad-es","category-redes-sociales-3","category-xarxa-social-es-2"],"yoast_head":"<!-- This site is optimized with the Yoast SEO plugin v27.4 - https:\/\/yoast.com\/product\/yoast-seo-wordpress\/ -->\n<title>Las redes sociales y el esp\u00edritu navide\u00f1o: C\u00f3mo conectar con tu audiencia estas fiestas - M\u00e0rketing Reus | Media Needs Reus | Ag\u00e8ncia de publicitat Reus<\/title>\n<meta name=\"description\" content=\"Crea una estrategia navide\u00f1a en redes sociales con Media Needs y conecta con tu audiencia estas fiestas.\" \/>\n<meta name=\"robots\" content=\"index, follow, max-snippet:-1, max-image-preview:large, max-video-preview:-1\" \/>\n<link rel=\"canonical\" href=\"https:\/\/medianeeds.es\/les-xarxes-socials-i-lesperit-nadalenc-com-connectar-amb-la-teva-audiencia-aquestes-festes\/\" \/>\n<meta property=\"og:locale\" content=\"es_ES\" \/>\n<meta property=\"og:type\" content=\"article\" \/>\n<meta property=\"og:title\" content=\"Las redes sociales y el esp\u00edritu navide\u00f1o: C\u00f3mo conectar con tu audiencia estas fiestas - M\u00e0rketing Reus | Media Needs Reus | Ag\u00e8ncia de publicitat Reus\" \/>\n<meta property=\"og:description\" content=\"Crea una estrategia navide\u00f1a en redes sociales con Media Needs y conecta con tu audiencia estas fiestas.\" \/>\n<meta property=\"og:url\" content=\"https:\/\/medianeeds.es\/les-xarxes-socials-i-lesperit-nadalenc-com-connectar-amb-la-teva-audiencia-aquestes-festes\/\" \/>\n<meta property=\"og:site_name\" content=\"M\u00e0rketing Reus | Media Needs Reus | Ag\u00e8ncia de publicitat Reus\" \/>\n<meta property=\"article:publisher\" content=\"https:\/\/www.facebook.com\/medianeeds.es\/\" \/>\n<meta property=\"article:published_time\" content=\"2024-12-24T10:21:15+00:00\" \/>\n<meta property=\"og:image\" content=\"https:\/\/medianeeds.es\/wp-content\/uploads\/2024\/12\/new-normal-christmas-celebration-with-video-call-scaled.jpg\" \/>\n\t<meta property=\"og:image:width\" content=\"2560\" \/>\n\t<meta property=\"og:image:height\" content=\"1725\" \/>\n\t<meta property=\"og:image:type\" content=\"image\/jpeg\" \/>\n<meta name=\"author\" content=\"Medianeeds\" \/>\n<meta name=\"twitter:label1\" content=\"Escrito por\" \/>\n\t<meta name=\"twitter:data1\" content=\"Medianeeds\" \/>\n\t<meta name=\"twitter:label2\" content=\"Tiempo de lectura\" \/>\n\t<meta name=\"twitter:data2\" content=\"3 minutos\" \/>\n<script type=\"application\/ld+json\" class=\"yoast-schema-graph\">{\"@context\":\"https:\\\/\\\/schema.org\",\"@graph\":[{\"@type\":\"Article\",\"@id\":\"https:\\\/\\\/medianeeds.es\\\/les-xarxes-socials-i-lesperit-nadalenc-com-connectar-amb-la-teva-audiencia-aquestes-festes\\\/#article\",\"isPartOf\":{\"@id\":\"https:\\\/\\\/medianeeds.es\\\/les-xarxes-socials-i-lesperit-nadalenc-com-connectar-amb-la-teva-audiencia-aquestes-festes\\\/\"},\"author\":{\"name\":\"Medianeeds\",\"@id\":\"https:\\\/\\\/medianeeds.es\\\/#\\\/schema\\\/person\\\/6a6f2f17f283df3eeb0946feebd2af79\"},\"headline\":\"Las redes sociales y el esp\u00edritu navide\u00f1o: C\u00f3mo conectar con tu audiencia estas fiestas\",\"datePublished\":\"2024-12-24T10:21:15+00:00\",\"mainEntityOfPage\":{\"@id\":\"https:\\\/\\\/medianeeds.es\\\/les-xarxes-socials-i-lesperit-nadalenc-com-connectar-amb-la-teva-audiencia-aquestes-festes\\\/\"},\"wordCount\":546,\"publisher\":{\"@id\":\"https:\\\/\\\/medianeeds.es\\\/#organization\"},\"image\":{\"@id\":\"https:\\\/\\\/medianeeds.es\\\/les-xarxes-socials-i-lesperit-nadalenc-com-connectar-amb-la-teva-audiencia-aquestes-festes\\\/#primaryimage\"},\"thumbnailUrl\":\"https:\\\/\\\/medianeeds.es\\\/wp-content\\\/uploads\\\/2024\\\/12\\\/new-normal-christmas-celebration-with-video-call-scaled.jpg\",\"articleSection\":[\"Blog\",\"Blog @Es\",\"Blog @Es\",\"Destacados\",\"M\u00e1rketing\",\"M\u00e0rqueting\",\"Noticias\",\"Publicidad\",\"Redes Sociales\",\"Xarxa Social\"],\"inLanguage\":\"es\"},{\"@type\":\"WebPage\",\"@id\":\"https:\\\/\\\/medianeeds.es\\\/les-xarxes-socials-i-lesperit-nadalenc-com-connectar-amb-la-teva-audiencia-aquestes-festes\\\/\",\"url\":\"https:\\\/\\\/medianeeds.es\\\/les-xarxes-socials-i-lesperit-nadalenc-com-connectar-amb-la-teva-audiencia-aquestes-festes\\\/\",\"name\":\"Las redes sociales y el esp\u00edritu navide\u00f1o: C\u00f3mo conectar con tu audiencia estas fiestas - M\u00e0rketing Reus | Media Needs Reus | Ag\u00e8ncia de publicitat Reus\",\"isPartOf\":{\"@id\":\"https:\\\/\\\/medianeeds.es\\\/#website\"},\"primaryImageOfPage\":{\"@id\":\"https:\\\/\\\/medianeeds.es\\\/les-xarxes-socials-i-lesperit-nadalenc-com-connectar-amb-la-teva-audiencia-aquestes-festes\\\/#primaryimage\"},\"image\":{\"@id\":\"https:\\\/\\\/medianeeds.es\\\/les-xarxes-socials-i-lesperit-nadalenc-com-connectar-amb-la-teva-audiencia-aquestes-festes\\\/#primaryimage\"},\"thumbnailUrl\":\"https:\\\/\\\/medianeeds.es\\\/wp-content\\\/uploads\\\/2024\\\/12\\\/new-normal-christmas-celebration-with-video-call-scaled.jpg\",\"datePublished\":\"2024-12-24T10:21:15+00:00\",\"description\":\"Crea una estrategia navide\u00f1a en redes sociales con Media Needs y conecta con tu audiencia estas fiestas.\",\"breadcrumb\":{\"@id\":\"https:\\\/\\\/medianeeds.es\\\/les-xarxes-socials-i-lesperit-nadalenc-com-connectar-amb-la-teva-audiencia-aquestes-festes\\\/#breadcrumb\"},\"inLanguage\":\"es\",\"potentialAction\":[{\"@type\":\"ReadAction\",\"target\":[\"https:\\\/\\\/medianeeds.es\\\/les-xarxes-socials-i-lesperit-nadalenc-com-connectar-amb-la-teva-audiencia-aquestes-festes\\\/\"]}]},{\"@type\":\"ImageObject\",\"inLanguage\":\"es\",\"@id\":\"https:\\\/\\\/medianeeds.es\\\/les-xarxes-socials-i-lesperit-nadalenc-com-connectar-amb-la-teva-audiencia-aquestes-festes\\\/#primaryimage\",\"url\":\"https:\\\/\\\/medianeeds.es\\\/wp-content\\\/uploads\\\/2024\\\/12\\\/new-normal-christmas-celebration-with-video-call-scaled.jpg\",\"contentUrl\":\"https:\\\/\\\/medianeeds.es\\\/wp-content\\\/uploads\\\/2024\\\/12\\\/new-normal-christmas-celebration-with-video-call-scaled.jpg\",\"width\":2560,\"height\":1725,\"caption\":\"redes sociales\"},{\"@type\":\"BreadcrumbList\",\"@id\":\"https:\\\/\\\/medianeeds.es\\\/les-xarxes-socials-i-lesperit-nadalenc-com-connectar-amb-la-teva-audiencia-aquestes-festes\\\/#breadcrumb\",\"itemListElement\":[{\"@type\":\"ListItem\",\"position\":1,\"name\":\"Portada\",\"item\":\"https:\\\/\\\/medianeeds.es\\\/\"},{\"@type\":\"ListItem\",\"position\":2,\"name\":\"Las redes sociales y el esp\u00edritu navide\u00f1o: C\u00f3mo conectar con tu audiencia estas fiestas\"}]},{\"@type\":\"WebSite\",\"@id\":\"https:\\\/\\\/medianeeds.es\\\/#website\",\"url\":\"https:\\\/\\\/medianeeds.es\\\/\",\"name\":\"M\u00e0rketing Reus | Media Needs Reus | Ag\u00e8ncia de publicitat Reus\",\"description\":\"MediaNeeds \u00e9s una empresa especialitzada en serveis integrals de publicitat, m\u00e0rqueting on-line i community manager a Reus, Tarragona\",\"publisher\":{\"@id\":\"https:\\\/\\\/medianeeds.es\\\/#organization\"},\"alternateName\":\"Media Needs\",\"potentialAction\":[{\"@type\":\"SearchAction\",\"target\":{\"@type\":\"EntryPoint\",\"urlTemplate\":\"https:\\\/\\\/medianeeds.es\\\/?s={search_term_string}\"},\"query-input\":{\"@type\":\"PropertyValueSpecification\",\"valueRequired\":true,\"valueName\":\"search_term_string\"}}],\"inLanguage\":\"es\"},{\"@type\":\"Organization\",\"@id\":\"https:\\\/\\\/medianeeds.es\\\/#organization\",\"name\":\"M\u00e0rketing Reus | Media Needs Reus | Ag\u00e8ncia de publicitat Reus\",\"alternateName\":\"Media Needs\",\"url\":\"https:\\\/\\\/medianeeds.es\\\/\",\"logo\":{\"@type\":\"ImageObject\",\"inLanguage\":\"es\",\"@id\":\"https:\\\/\\\/medianeeds.es\\\/#\\\/schema\\\/logo\\\/image\\\/\",\"url\":\"https:\\\/\\\/medianeeds.es\\\/wp-content\\\/uploads\\\/2024\\\/06\\\/COLOR_Mesa-de-trabajo-1-copia.png\",\"contentUrl\":\"https:\\\/\\\/medianeeds.es\\\/wp-content\\\/uploads\\\/2024\\\/06\\\/COLOR_Mesa-de-trabajo-1-copia.png\",\"width\":470,\"height\":226,\"caption\":\"M\u00e0rketing Reus | Media Needs Reus | Ag\u00e8ncia de publicitat Reus\"},\"image\":{\"@id\":\"https:\\\/\\\/medianeeds.es\\\/#\\\/schema\\\/logo\\\/image\\\/\"},\"sameAs\":[\"https:\\\/\\\/www.facebook.com\\\/medianeeds.es\\\/\",\"https:\\\/\\\/x.com\\\/media_needs\",\"https:\\\/\\\/www.instagram.com\\\/medianeeds\\\/?hl=es\"]},{\"@type\":\"Person\",\"@id\":\"https:\\\/\\\/medianeeds.es\\\/#\\\/schema\\\/person\\\/6a6f2f17f283df3eeb0946feebd2af79\",\"name\":\"Medianeeds\",\"image\":{\"@type\":\"ImageObject\",\"inLanguage\":\"es\",\"@id\":\"https:\\\/\\\/secure.gravatar.com\\\/avatar\\\/442251953f111b43a4668103c7b7c09aa35690e525473fb0bb9db0681ee9c0c3?s=96&d=mm&r=g\",\"url\":\"https:\\\/\\\/secure.gravatar.com\\\/avatar\\\/442251953f111b43a4668103c7b7c09aa35690e525473fb0bb9db0681ee9c0c3?s=96&d=mm&r=g\",\"contentUrl\":\"https:\\\/\\\/secure.gravatar.com\\\/avatar\\\/442251953f111b43a4668103c7b7c09aa35690e525473fb0bb9db0681ee9c0c3?s=96&d=mm&r=g\",\"caption\":\"Medianeeds\"},\"url\":\"https:\\\/\\\/medianeeds.es\\\/es\\\/author\\\/medianeeds\\\/\"}]}<\/script>\n<!-- \/ Yoast SEO plugin. -->","yoast_head_json":{"title":"Las redes sociales y el esp\u00edritu navide\u00f1o: C\u00f3mo conectar con tu audiencia estas fiestas - M\u00e0rketing Reus | Media Needs Reus | Ag\u00e8ncia de publicitat Reus","description":"Crea una estrategia navide\u00f1a en redes sociales con Media Needs y conecta con tu audiencia estas fiestas.","robots":{"index":"index","follow":"follow","max-snippet":"max-snippet:-1","max-image-preview":"max-image-preview:large","max-video-preview":"max-video-preview:-1"},"canonical":"https:\/\/medianeeds.es\/les-xarxes-socials-i-lesperit-nadalenc-com-connectar-amb-la-teva-audiencia-aquestes-festes\/","og_locale":"es_ES","og_type":"article","og_title":"Las redes sociales y el esp\u00edritu navide\u00f1o: C\u00f3mo conectar con tu audiencia estas fiestas - M\u00e0rketing Reus | Media Needs Reus | Ag\u00e8ncia de publicitat Reus","og_description":"Crea una estrategia navide\u00f1a en redes sociales con Media Needs y conecta con tu audiencia estas fiestas.","og_url":"https:\/\/medianeeds.es\/les-xarxes-socials-i-lesperit-nadalenc-com-connectar-amb-la-teva-audiencia-aquestes-festes\/","og_site_name":"M\u00e0rketing Reus | Media Needs Reus | Ag\u00e8ncia de publicitat Reus","article_publisher":"https:\/\/www.facebook.com\/medianeeds.es\/","article_published_time":"2024-12-24T10:21:15+00:00","og_image":[{"width":2560,"height":1725,"url":"https:\/\/medianeeds.es\/wp-content\/uploads\/2024\/12\/new-normal-christmas-celebration-with-video-call-scaled.jpg","type":"image\/jpeg"}],"author":"Medianeeds","twitter_misc":{"Escrito por":"Medianeeds","Tiempo de lectura":"3 minutos"},"schema":{"@context":"https:\/\/schema.org","@graph":[{"@type":"Article","@id":"https:\/\/medianeeds.es\/les-xarxes-socials-i-lesperit-nadalenc-com-connectar-amb-la-teva-audiencia-aquestes-festes\/#article","isPartOf":{"@id":"https:\/\/medianeeds.es\/les-xarxes-socials-i-lesperit-nadalenc-com-connectar-amb-la-teva-audiencia-aquestes-festes\/"},"author":{"name":"Medianeeds","@id":"https:\/\/medianeeds.es\/#\/schema\/person\/6a6f2f17f283df3eeb0946feebd2af79"},"headline":"Las redes sociales y el esp\u00edritu navide\u00f1o: C\u00f3mo conectar con tu audiencia estas fiestas","datePublished":"2024-12-24T10:21:15+00:00","mainEntityOfPage":{"@id":"https:\/\/medianeeds.es\/les-xarxes-socials-i-lesperit-nadalenc-com-connectar-amb-la-teva-audiencia-aquestes-festes\/"},"wordCount":546,"publisher":{"@id":"https:\/\/medianeeds.es\/#organization"},"image":{"@id":"https:\/\/medianeeds.es\/les-xarxes-socials-i-lesperit-nadalenc-com-connectar-amb-la-teva-audiencia-aquestes-festes\/#primaryimage"},"thumbnailUrl":"https:\/\/medianeeds.es\/wp-content\/uploads\/2024\/12\/new-normal-christmas-celebration-with-video-call-scaled.jpg","articleSection":["Blog","Blog @Es","Blog @Es","Destacados","M\u00e1rketing","M\u00e0rqueting","Noticias","Publicidad","Redes Sociales","Xarxa Social"],"inLanguage":"es"},{"@type":"WebPage","@id":"https:\/\/medianeeds.es\/les-xarxes-socials-i-lesperit-nadalenc-com-connectar-amb-la-teva-audiencia-aquestes-festes\/","url":"https:\/\/medianeeds.es\/les-xarxes-socials-i-lesperit-nadalenc-com-connectar-amb-la-teva-audiencia-aquestes-festes\/","name":"Las redes sociales y el esp\u00edritu navide\u00f1o: C\u00f3mo conectar con tu audiencia estas fiestas - M\u00e0rketing Reus | Media Needs Reus | Ag\u00e8ncia de publicitat Reus","isPartOf":{"@id":"https:\/\/medianeeds.es\/#website"},"primaryImageOfPage":{"@id":"https:\/\/medianeeds.es\/les-xarxes-socials-i-lesperit-nadalenc-com-connectar-amb-la-teva-audiencia-aquestes-festes\/#primaryimage"},"image":{"@id":"https:\/\/medianeeds.es\/les-xarxes-socials-i-lesperit-nadalenc-com-connectar-amb-la-teva-audiencia-aquestes-festes\/#primaryimage"},"thumbnailUrl":"https:\/\/medianeeds.es\/wp-content\/uploads\/2024\/12\/new-normal-christmas-celebration-with-video-call-scaled.jpg","datePublished":"2024-12-24T10:21:15+00:00","description":"Crea una estrategia navide\u00f1a en redes sociales con Media Needs y conecta con tu audiencia estas fiestas.","breadcrumb":{"@id":"https:\/\/medianeeds.es\/les-xarxes-socials-i-lesperit-nadalenc-com-connectar-amb-la-teva-audiencia-aquestes-festes\/#breadcrumb"},"inLanguage":"es","potentialAction":[{"@type":"ReadAction","target":["https:\/\/medianeeds.es\/les-xarxes-socials-i-lesperit-nadalenc-com-connectar-amb-la-teva-audiencia-aquestes-festes\/"]}]},{"@type":"ImageObject","inLanguage":"es","@id":"https:\/\/medianeeds.es\/les-xarxes-socials-i-lesperit-nadalenc-com-connectar-amb-la-teva-audiencia-aquestes-festes\/#primaryimage","url":"https:\/\/medianeeds.es\/wp-content\/uploads\/2024\/12\/new-normal-christmas-celebration-with-video-call-scaled.jpg","contentUrl":"https:\/\/medianeeds.es\/wp-content\/uploads\/2024\/12\/new-normal-christmas-celebration-with-video-call-scaled.jpg","width":2560,"height":1725,"caption":"redes sociales"},{"@type":"BreadcrumbList","@id":"https:\/\/medianeeds.es\/les-xarxes-socials-i-lesperit-nadalenc-com-connectar-amb-la-teva-audiencia-aquestes-festes\/#breadcrumb","itemListElement":[{"@type":"ListItem","position":1,"name":"Portada","item":"https:\/\/medianeeds.es\/"},{"@type":"ListItem","position":2,"name":"Las redes sociales y el esp\u00edritu navide\u00f1o: C\u00f3mo conectar con tu audiencia estas fiestas"}]},{"@type":"WebSite","@id":"https:\/\/medianeeds.es\/#website","url":"https:\/\/medianeeds.es\/","name":"M\u00e0rketing Reus | Media Needs Reus | Ag\u00e8ncia de publicitat Reus","description":"MediaNeeds \u00e9s una empresa especialitzada en serveis integrals de publicitat, m\u00e0rqueting on-line i community manager a Reus, Tarragona","publisher":{"@id":"https:\/\/medianeeds.es\/#organization"},"alternateName":"Media Needs","potentialAction":[{"@type":"SearchAction","target":{"@type":"EntryPoint","urlTemplate":"https:\/\/medianeeds.es\/?s={search_term_string}"},"query-input":{"@type":"PropertyValueSpecification","valueRequired":true,"valueName":"search_term_string"}}],"inLanguage":"es"},{"@type":"Organization","@id":"https:\/\/medianeeds.es\/#organization","name":"M\u00e0rketing Reus | Media Needs Reus | Ag\u00e8ncia de publicitat Reus","alternateName":"Media Needs","url":"https:\/\/medianeeds.es\/","logo":{"@type":"ImageObject","inLanguage":"es","@id":"https:\/\/medianeeds.es\/#\/schema\/logo\/image\/","url":"https:\/\/medianeeds.es\/wp-content\/uploads\/2024\/06\/COLOR_Mesa-de-trabajo-1-copia.png","contentUrl":"https:\/\/medianeeds.es\/wp-content\/uploads\/2024\/06\/COLOR_Mesa-de-trabajo-1-copia.png","width":470,"height":226,"caption":"M\u00e0rketing Reus | Media Needs Reus | Ag\u00e8ncia de publicitat Reus"},"image":{"@id":"https:\/\/medianeeds.es\/#\/schema\/logo\/image\/"},"sameAs":["https:\/\/www.facebook.com\/medianeeds.es\/","https:\/\/x.com\/media_needs","https:\/\/www.instagram.com\/medianeeds\/?hl=es"]},{"@type":"Person","@id":"https:\/\/medianeeds.es\/#\/schema\/person\/6a6f2f17f283df3eeb0946feebd2af79","name":"Medianeeds","image":{"@type":"ImageObject","inLanguage":"es","@id":"https:\/\/secure.gravatar.com\/avatar\/442251953f111b43a4668103c7b7c09aa35690e525473fb0bb9db0681ee9c0c3?s=96&d=mm&r=g","url":"https:\/\/secure.gravatar.com\/avatar\/442251953f111b43a4668103c7b7c09aa35690e525473fb0bb9db0681ee9c0c3?s=96&d=mm&r=g","contentUrl":"https:\/\/secure.gravatar.com\/avatar\/442251953f111b43a4668103c7b7c09aa35690e525473fb0bb9db0681ee9c0c3?s=96&d=mm&r=g","caption":"Medianeeds"},"url":"https:\/\/medianeeds.es\/es\/author\/medianeeds\/"}]}},"_links":{"self":[{"href":"https:\/\/medianeeds.es\/es\/wp-json\/wp\/v2\/posts\/18127","targetHints":{"allow":["GET"]}}],"collection":[{"href":"https:\/\/medianeeds.es\/es\/wp-json\/wp\/v2\/posts"}],"about":[{"href":"https:\/\/medianeeds.es\/es\/wp-json\/wp\/v2\/types\/post"}],"author":[{"embeddable":true,"href":"https:\/\/medianeeds.es\/es\/wp-json\/wp\/v2\/users\/1"}],"replies":[{"embeddable":true,"href":"https:\/\/medianeeds.es\/es\/wp-json\/wp\/v2\/comments?post=18127"}],"version-history":[{"count":1,"href":"https:\/\/medianeeds.es\/es\/wp-json\/wp\/v2\/posts\/18127\/revisions"}],"predecessor-version":[{"id":18128,"href":"https:\/\/medianeeds.es\/es\/wp-json\/wp\/v2\/posts\/18127\/revisions\/18128"}],"wp:featuredmedia":[{"embeddable":true,"href":"https:\/\/medianeeds.es\/es\/wp-json\/wp\/v2\/media\/18125"}],"wp:attachment":[{"href":"https:\/\/medianeeds.es\/es\/wp-json\/wp\/v2\/media?parent=18127"}],"wp:term":[{"taxonomy":"category","embeddable":true,"href":"https:\/\/medianeeds.es\/es\/wp-json\/wp\/v2\/categories?post=18127"},{"taxonomy":"post_tag","embeddable":true,"href":"https:\/\/medianeeds.es\/es\/wp-json\/wp\/v2\/tags?post=18127"}],"curies":[{"name":"wp","href":"https:\/\/api.w.org\/{rel}","templated":true}]}}