{"id":17924,"date":"2024-04-27T10:41:19","date_gmt":"2024-04-27T10:41:19","guid":{"rendered":"https:\/\/medianeeds.es\/dia-mundial-del-disseny\/"},"modified":"2024-05-06T06:49:54","modified_gmt":"2024-05-06T06:49:54","slug":"dia-mundial-del-diseno","status":"publish","type":"post","link":"https:\/\/medianeeds.es\/es\/dia-mundial-del-diseno\/","title":{"rendered":"Un viaje a trav\u00e9s del tiempo: La evoluci\u00f3n del dise\u00f1o gr\u00e1fico"},"content":{"rendered":"<h2><strong>Un viaje a trav\u00e9s del tiempo: La evoluci\u00f3n del dise\u00f1o gr\u00e1fico <\/strong><\/h2>\n<p>&nbsp;<\/p>\n<div class=\"page\" title=\"Page 3\">\n<div class=\"section\">\n<div class=\"layoutArea\">\n<div class=\"column\">\n<p>En Media Needs, reconocemos que el dise\u00f1o es mucho m\u00e1s que una simple est\u00e9tica: es una herramienta que ha moldeado nuestra forma de percibir el mundo y comunicarnos a lo largo de la historia. En el d\u00eda Mundial del Dise\u00f1o es esencial reflexionar sobre la evoluci\u00f3n de esta disciplina, desde sus modestos comienzos hasta su impacto en nuestra vida diaria.<\/p>\n<\/div>\n<\/div>\n<\/div>\n<\/div>\n<p>&nbsp;<\/p>\n<p><strong>Los or\u00edgenes del dise\u00f1o<\/strong><\/p>\n<p>Desde los primeros trazos en las paredes de las cuevas hasta los jerogl\u00edficos grabados en piedra, el ser humano siempre ha buscado formas de comunicarse visualmente. En esta era temprana, el dise\u00f1o se centraba en la representaci\u00f3n de la realidad y la transmisi\u00f3n de informaci\u00f3n b\u00e1sica a trav\u00e9s de im\u00e1genes y s\u00edmbolos.<\/p>\n<p>&nbsp;<\/p>\n<div class=\"page\" title=\"Page 3\">\n<div class=\"section\">\n<div class=\"layoutArea\">\n<div class=\"column\">\n<div class=\"page\" title=\"Page 3\">\n<div class=\"section\">\n<div class=\"layoutArea\">\n<div><\/div>\n<\/div>\n<\/div>\n<\/div>\n<div>\n<p><strong>La revoluci\u00f3n de la Imprenta<\/strong><\/p>\n<p>La invenci\u00f3n de la imprenta por Johannes Gutenberg marc\u00f3 un punto de inflexi\u00f3n en la historia del dise\u00f1o. Por primera vez, el conocimiento y las ideas pod\u00edan ser reproducidos en masa, lo que llev\u00f3 a una explosi\u00f3n de libros, carteles y folletos. La tipograf\u00eda se convirti\u00f3 en una herramienta poderosa para transmitir mensajes de manera efectiva y atractiva.<\/p>\n<p>&nbsp;<\/p>\n<\/div>\n<\/div>\n<p>&nbsp;<\/p>\n<div class=\"column\">\n<div class=\"page\" title=\"Page 3\">\n<div class=\"section\">\n<div class=\"layoutArea\">\n<div class=\"column\">\n<div class=\"page\" title=\"Page 3\">\n<div class=\"section\">\n<div>\n<p><strong>El auge de los movimientos art\u00edsticos<\/strong><\/p>\n<p>El siglo XIX y principios del XX fueron testigos de los movimientos art\u00edsticos que influyeron en el dise\u00f1o, desde el Art Nouveau hasta la Bauhaus. Estos movimientos no solo transformaron la est\u00e9tica visual, sino que tambi\u00e9n sentaron las bases para la integraci\u00f3n de arte y dise\u00f1o en la vida cotidiana.<\/p>\n<p>&nbsp;<\/p>\n<\/div>\n<p>&nbsp;<\/p>\n<div>\n<div class=\"page\" title=\"Page 3\">\n<div class=\"section\">\n<div class=\"layoutArea\">\n<div class=\"column\">\n<div class=\"page\" title=\"Page 3\">\n<div class=\"section\">\n<div class=\"layoutArea\">\n<div class=\"column\">\n<p><strong>La era digital y el dise\u00f1o contempor\u00e1neo<\/strong><\/p>\n<p>Con la llegada de la era digital, el dise\u00f1o experiment\u00f3 una revoluci\u00f3n. Software como Adobe Photoshop e Illustrator facilitaron el proceso de dise\u00f1o, permitiendo a personas de todo el mundo crear y compartir sus propias obras de arte. La aparici\u00f3n de Internet y las redes sociales llev\u00f3 el dise\u00f1o m\u00e1s all\u00e1 de los l\u00edmites f\u00edsicos, creando nuevas oportunidades y desaf\u00edos para los dise\u00f1adores.<\/p>\n<\/div>\n<\/div>\n<p>&nbsp;<\/p>\n<p><strong>Mirando hacia el futuro<\/strong><\/p>\n<div class=\"layoutArea\">\n<div class=\"column\">\n<p>A medida que nos adentramos en el futuro, el dise\u00f1o enfrenta desaf\u00edos urgentes, como la sostenibilidad y la accesibilidad. Los dise\u00f1adores est\u00e1n explorando nuevas formas de crear de manera responsable, utilizando materiales sostenibles y dise\u00f1ando productos y servicios inclusivos para todos. Al mismo tiempo, la tecnolog\u00eda contin\u00faa avanzando a pasos agigantados, abriendo nuevas posibilidades para la creatividad y la innovaci\u00f3n en el dise\u00f1o.<\/p>\n<p>En Media Needs, celebramos la rica historia y el emocionante futuro del dise\u00f1o. En este D\u00eda Mundial del Dise\u00f1o, recordamos el poder de esta disciplina y. nos comprometemos a seguir colaborando y creando un mundo m\u00e1s funcional y significativo a trav\u00e9s del dise\u00f1o.<\/p>\n<p>\u00a1Feliz D\u00eda Mundial del Dise\u00f1o!<\/p>\n<\/div>\n<\/div>\n<\/div>\n<\/div>\n<\/div>\n<\/div>\n<\/div>\n<\/div>\n<\/div>\n<\/div>\n<\/div>\n<\/div>\n<\/div>\n<\/div>\n<\/div>\n<\/div>\n<\/div>\n<\/div>\n<\/div>\n","protected":false},"excerpt":{"rendered":"<p>Un viaje a trav\u00e9s del tiempo: La evoluci\u00f3n del dise\u00f1o gr\u00e1fico &nbsp; En Media Needs, reconocemos que el dise\u00f1o es mucho m\u00e1s que una simple est\u00e9tica: es una herramienta que ha moldeado nuestra forma de percibir el mundo y comunicarnos a lo largo de la historia. En el d\u00eda Mundial del Dise\u00f1o es esencial reflexionar [&hellip;]<\/p>\n","protected":false},"author":1,"featured_media":17921,"comment_status":"closed","ping_status":"closed","sticky":false,"template":"","format":"standard","meta":{"_et_pb_use_builder":"","_et_pb_old_content":"","_et_gb_content_width":"","footnotes":""},"categories":[292,188,301,305,249,291,306,252,23,21],"tags":[],"class_list":["post-17924","post","type-post","status-publish","format-standard","has-post-thumbnail","hentry","category-blog-es-3-es","category-blog-es-4","category-blog-es-2-es","category-blog-es-es","category-destacados","category-destacats-es","category-logotip-es","category-noticias","category-noticies-es","category-sin-categorizar"],"yoast_head":"<!-- This site is optimized with the Yoast SEO plugin v27.4 - https:\/\/yoast.com\/product\/yoast-seo-wordpress\/ -->\n<title>D\u00eda Mundial del Dise\u00f1o - M\u00e0rketing Reus | Media Needs Reus | Ag\u00e8ncia de publicitat Reus<\/title>\n<meta name=\"description\" content=\"D\u00eda Mundial del Dise\u00f1o. El dise\u00f1o es mucho m\u00e1s que una simple est\u00e9tica: nos ha modelado nuestra forma de percibir el mundo y comunicarnos.\" \/>\n<meta name=\"robots\" content=\"index, follow, max-snippet:-1, max-image-preview:large, max-video-preview:-1\" \/>\n<link rel=\"canonical\" href=\"https:\/\/medianeeds.es\/es\/dia-mundial-del-diseno\/\" \/>\n<meta property=\"og:locale\" content=\"es_ES\" \/>\n<meta property=\"og:type\" content=\"article\" \/>\n<meta property=\"og:title\" content=\"D\u00eda Mundial del Dise\u00f1o - M\u00e0rketing Reus | Media Needs Reus | Ag\u00e8ncia de publicitat Reus\" \/>\n<meta property=\"og:description\" content=\"D\u00eda Mundial del Dise\u00f1o. El dise\u00f1o es mucho m\u00e1s que una simple est\u00e9tica: nos ha modelado nuestra forma de percibir el mundo y comunicarnos.\" \/>\n<meta property=\"og:url\" content=\"https:\/\/medianeeds.es\/es\/dia-mundial-del-diseno\/\" \/>\n<meta property=\"og:site_name\" content=\"M\u00e0rketing Reus | Media Needs Reus | Ag\u00e8ncia de publicitat Reus\" \/>\n<meta property=\"article:publisher\" content=\"https:\/\/www.facebook.com\/medianeeds.es\/\" \/>\n<meta property=\"article:published_time\" content=\"2024-04-27T10:41:19+00:00\" \/>\n<meta property=\"article:modified_time\" content=\"2024-05-06T06:49:54+00:00\" \/>\n<meta property=\"og:image\" content=\"https:\/\/medianeeds.es\/wp-content\/uploads\/2024\/05\/young-female-logo-designer-working-graphic-tablet.jpg\" \/>\n\t<meta property=\"og:image:width\" content=\"1500\" \/>\n\t<meta property=\"og:image:height\" content=\"1000\" \/>\n\t<meta property=\"og:image:type\" content=\"image\/jpeg\" \/>\n<meta name=\"author\" content=\"Medianeeds\" \/>\n<meta name=\"twitter:label1\" content=\"Escrito por\" \/>\n\t<meta name=\"twitter:data1\" content=\"Medianeeds\" \/>\n\t<meta name=\"twitter:label2\" content=\"Tiempo de lectura\" \/>\n\t<meta name=\"twitter:data2\" content=\"3 minutos\" \/>\n<script type=\"application\/ld+json\" class=\"yoast-schema-graph\">{\"@context\":\"https:\\\/\\\/schema.org\",\"@graph\":[{\"@type\":\"Article\",\"@id\":\"https:\\\/\\\/medianeeds.es\\\/es\\\/dia-mundial-del-diseno\\\/#article\",\"isPartOf\":{\"@id\":\"https:\\\/\\\/medianeeds.es\\\/es\\\/dia-mundial-del-diseno\\\/\"},\"author\":{\"name\":\"Medianeeds\",\"@id\":\"https:\\\/\\\/medianeeds.es\\\/#\\\/schema\\\/person\\\/6a6f2f17f283df3eeb0946feebd2af79\"},\"headline\":\"Un viaje a trav\u00e9s del tiempo: La evoluci\u00f3n del dise\u00f1o gr\u00e1fico\",\"datePublished\":\"2024-04-27T10:41:19+00:00\",\"dateModified\":\"2024-05-06T06:49:54+00:00\",\"mainEntityOfPage\":{\"@id\":\"https:\\\/\\\/medianeeds.es\\\/es\\\/dia-mundial-del-diseno\\\/\"},\"wordCount\":518,\"publisher\":{\"@id\":\"https:\\\/\\\/medianeeds.es\\\/#organization\"},\"image\":{\"@id\":\"https:\\\/\\\/medianeeds.es\\\/es\\\/dia-mundial-del-diseno\\\/#primaryimage\"},\"thumbnailUrl\":\"https:\\\/\\\/medianeeds.es\\\/wp-content\\\/uploads\\\/2024\\\/05\\\/young-female-logo-designer-working-graphic-tablet.jpg\",\"articleSection\":[\"Blog\",\"Blog\",\"Blog @Es\",\"Blog @Es\",\"Destacados\",\"Destacats\",\"Logotip\",\"Noticias\",\"Not\u00edcies\",\"Sin categorizar\"],\"inLanguage\":\"es\"},{\"@type\":\"WebPage\",\"@id\":\"https:\\\/\\\/medianeeds.es\\\/es\\\/dia-mundial-del-diseno\\\/\",\"url\":\"https:\\\/\\\/medianeeds.es\\\/es\\\/dia-mundial-del-diseno\\\/\",\"name\":\"D\u00eda Mundial del Dise\u00f1o - M\u00e0rketing Reus | Media Needs Reus | Ag\u00e8ncia de publicitat Reus\",\"isPartOf\":{\"@id\":\"https:\\\/\\\/medianeeds.es\\\/#website\"},\"primaryImageOfPage\":{\"@id\":\"https:\\\/\\\/medianeeds.es\\\/es\\\/dia-mundial-del-diseno\\\/#primaryimage\"},\"image\":{\"@id\":\"https:\\\/\\\/medianeeds.es\\\/es\\\/dia-mundial-del-diseno\\\/#primaryimage\"},\"thumbnailUrl\":\"https:\\\/\\\/medianeeds.es\\\/wp-content\\\/uploads\\\/2024\\\/05\\\/young-female-logo-designer-working-graphic-tablet.jpg\",\"datePublished\":\"2024-04-27T10:41:19+00:00\",\"dateModified\":\"2024-05-06T06:49:54+00:00\",\"description\":\"D\u00eda Mundial del Dise\u00f1o. El dise\u00f1o es mucho m\u00e1s que una simple est\u00e9tica: nos ha modelado nuestra forma de percibir el mundo y comunicarnos.\",\"breadcrumb\":{\"@id\":\"https:\\\/\\\/medianeeds.es\\\/es\\\/dia-mundial-del-diseno\\\/#breadcrumb\"},\"inLanguage\":\"es\",\"potentialAction\":[{\"@type\":\"ReadAction\",\"target\":[\"https:\\\/\\\/medianeeds.es\\\/es\\\/dia-mundial-del-diseno\\\/\"]}]},{\"@type\":\"ImageObject\",\"inLanguage\":\"es\",\"@id\":\"https:\\\/\\\/medianeeds.es\\\/es\\\/dia-mundial-del-diseno\\\/#primaryimage\",\"url\":\"https:\\\/\\\/medianeeds.es\\\/wp-content\\\/uploads\\\/2024\\\/05\\\/young-female-logo-designer-working-graphic-tablet.jpg\",\"contentUrl\":\"https:\\\/\\\/medianeeds.es\\\/wp-content\\\/uploads\\\/2024\\\/05\\\/young-female-logo-designer-working-graphic-tablet.jpg\",\"width\":1500,\"height\":1000,\"caption\":\"Dia Mundial del Disseny\"},{\"@type\":\"BreadcrumbList\",\"@id\":\"https:\\\/\\\/medianeeds.es\\\/es\\\/dia-mundial-del-diseno\\\/#breadcrumb\",\"itemListElement\":[{\"@type\":\"ListItem\",\"position\":1,\"name\":\"Portada\",\"item\":\"https:\\\/\\\/medianeeds.es\\\/\"},{\"@type\":\"ListItem\",\"position\":2,\"name\":\"Un viaje a trav\u00e9s del tiempo: La evoluci\u00f3n del dise\u00f1o gr\u00e1fico\"}]},{\"@type\":\"WebSite\",\"@id\":\"https:\\\/\\\/medianeeds.es\\\/#website\",\"url\":\"https:\\\/\\\/medianeeds.es\\\/\",\"name\":\"M\u00e0rketing Reus | Media Needs Reus | Ag\u00e8ncia de publicitat Reus\",\"description\":\"MediaNeeds \u00e9s una empresa especialitzada en serveis integrals de publicitat, m\u00e0rqueting on-line i community manager a Reus, Tarragona\",\"publisher\":{\"@id\":\"https:\\\/\\\/medianeeds.es\\\/#organization\"},\"alternateName\":\"Media Needs\",\"potentialAction\":[{\"@type\":\"SearchAction\",\"target\":{\"@type\":\"EntryPoint\",\"urlTemplate\":\"https:\\\/\\\/medianeeds.es\\\/?s={search_term_string}\"},\"query-input\":{\"@type\":\"PropertyValueSpecification\",\"valueRequired\":true,\"valueName\":\"search_term_string\"}}],\"inLanguage\":\"es\"},{\"@type\":\"Organization\",\"@id\":\"https:\\\/\\\/medianeeds.es\\\/#organization\",\"name\":\"M\u00e0rketing Reus | Media Needs Reus | Ag\u00e8ncia de publicitat Reus\",\"alternateName\":\"Media Needs\",\"url\":\"https:\\\/\\\/medianeeds.es\\\/\",\"logo\":{\"@type\":\"ImageObject\",\"inLanguage\":\"es\",\"@id\":\"https:\\\/\\\/medianeeds.es\\\/#\\\/schema\\\/logo\\\/image\\\/\",\"url\":\"https:\\\/\\\/medianeeds.es\\\/wp-content\\\/uploads\\\/2024\\\/06\\\/COLOR_Mesa-de-trabajo-1-copia.png\",\"contentUrl\":\"https:\\\/\\\/medianeeds.es\\\/wp-content\\\/uploads\\\/2024\\\/06\\\/COLOR_Mesa-de-trabajo-1-copia.png\",\"width\":470,\"height\":226,\"caption\":\"M\u00e0rketing Reus | Media Needs Reus | Ag\u00e8ncia de publicitat Reus\"},\"image\":{\"@id\":\"https:\\\/\\\/medianeeds.es\\\/#\\\/schema\\\/logo\\\/image\\\/\"},\"sameAs\":[\"https:\\\/\\\/www.facebook.com\\\/medianeeds.es\\\/\",\"https:\\\/\\\/x.com\\\/media_needs\",\"https:\\\/\\\/www.instagram.com\\\/medianeeds\\\/?hl=es\"]},{\"@type\":\"Person\",\"@id\":\"https:\\\/\\\/medianeeds.es\\\/#\\\/schema\\\/person\\\/6a6f2f17f283df3eeb0946feebd2af79\",\"name\":\"Medianeeds\",\"image\":{\"@type\":\"ImageObject\",\"inLanguage\":\"es\",\"@id\":\"https:\\\/\\\/secure.gravatar.com\\\/avatar\\\/442251953f111b43a4668103c7b7c09aa35690e525473fb0bb9db0681ee9c0c3?s=96&d=mm&r=g\",\"url\":\"https:\\\/\\\/secure.gravatar.com\\\/avatar\\\/442251953f111b43a4668103c7b7c09aa35690e525473fb0bb9db0681ee9c0c3?s=96&d=mm&r=g\",\"contentUrl\":\"https:\\\/\\\/secure.gravatar.com\\\/avatar\\\/442251953f111b43a4668103c7b7c09aa35690e525473fb0bb9db0681ee9c0c3?s=96&d=mm&r=g\",\"caption\":\"Medianeeds\"},\"url\":\"https:\\\/\\\/medianeeds.es\\\/es\\\/author\\\/medianeeds\\\/\"}]}<\/script>\n<!-- \/ Yoast SEO plugin. -->","yoast_head_json":{"title":"D\u00eda Mundial del Dise\u00f1o - M\u00e0rketing Reus | Media Needs Reus | Ag\u00e8ncia de publicitat Reus","description":"D\u00eda Mundial del Dise\u00f1o. El dise\u00f1o es mucho m\u00e1s que una simple est\u00e9tica: nos ha modelado nuestra forma de percibir el mundo y comunicarnos.","robots":{"index":"index","follow":"follow","max-snippet":"max-snippet:-1","max-image-preview":"max-image-preview:large","max-video-preview":"max-video-preview:-1"},"canonical":"https:\/\/medianeeds.es\/es\/dia-mundial-del-diseno\/","og_locale":"es_ES","og_type":"article","og_title":"D\u00eda Mundial del Dise\u00f1o - M\u00e0rketing Reus | Media Needs Reus | Ag\u00e8ncia de publicitat Reus","og_description":"D\u00eda Mundial del Dise\u00f1o. El dise\u00f1o es mucho m\u00e1s que una simple est\u00e9tica: nos ha modelado nuestra forma de percibir el mundo y comunicarnos.","og_url":"https:\/\/medianeeds.es\/es\/dia-mundial-del-diseno\/","og_site_name":"M\u00e0rketing Reus | Media Needs Reus | Ag\u00e8ncia de publicitat Reus","article_publisher":"https:\/\/www.facebook.com\/medianeeds.es\/","article_published_time":"2024-04-27T10:41:19+00:00","article_modified_time":"2024-05-06T06:49:54+00:00","og_image":[{"width":1500,"height":1000,"url":"https:\/\/medianeeds.es\/wp-content\/uploads\/2024\/05\/young-female-logo-designer-working-graphic-tablet.jpg","type":"image\/jpeg"}],"author":"Medianeeds","twitter_misc":{"Escrito por":"Medianeeds","Tiempo de lectura":"3 minutos"},"schema":{"@context":"https:\/\/schema.org","@graph":[{"@type":"Article","@id":"https:\/\/medianeeds.es\/es\/dia-mundial-del-diseno\/#article","isPartOf":{"@id":"https:\/\/medianeeds.es\/es\/dia-mundial-del-diseno\/"},"author":{"name":"Medianeeds","@id":"https:\/\/medianeeds.es\/#\/schema\/person\/6a6f2f17f283df3eeb0946feebd2af79"},"headline":"Un viaje a trav\u00e9s del tiempo: La evoluci\u00f3n del dise\u00f1o gr\u00e1fico","datePublished":"2024-04-27T10:41:19+00:00","dateModified":"2024-05-06T06:49:54+00:00","mainEntityOfPage":{"@id":"https:\/\/medianeeds.es\/es\/dia-mundial-del-diseno\/"},"wordCount":518,"publisher":{"@id":"https:\/\/medianeeds.es\/#organization"},"image":{"@id":"https:\/\/medianeeds.es\/es\/dia-mundial-del-diseno\/#primaryimage"},"thumbnailUrl":"https:\/\/medianeeds.es\/wp-content\/uploads\/2024\/05\/young-female-logo-designer-working-graphic-tablet.jpg","articleSection":["Blog","Blog","Blog @Es","Blog @Es","Destacados","Destacats","Logotip","Noticias","Not\u00edcies","Sin categorizar"],"inLanguage":"es"},{"@type":"WebPage","@id":"https:\/\/medianeeds.es\/es\/dia-mundial-del-diseno\/","url":"https:\/\/medianeeds.es\/es\/dia-mundial-del-diseno\/","name":"D\u00eda Mundial del Dise\u00f1o - M\u00e0rketing Reus | Media Needs Reus | Ag\u00e8ncia de publicitat Reus","isPartOf":{"@id":"https:\/\/medianeeds.es\/#website"},"primaryImageOfPage":{"@id":"https:\/\/medianeeds.es\/es\/dia-mundial-del-diseno\/#primaryimage"},"image":{"@id":"https:\/\/medianeeds.es\/es\/dia-mundial-del-diseno\/#primaryimage"},"thumbnailUrl":"https:\/\/medianeeds.es\/wp-content\/uploads\/2024\/05\/young-female-logo-designer-working-graphic-tablet.jpg","datePublished":"2024-04-27T10:41:19+00:00","dateModified":"2024-05-06T06:49:54+00:00","description":"D\u00eda Mundial del Dise\u00f1o. El dise\u00f1o es mucho m\u00e1s que una simple est\u00e9tica: nos ha modelado nuestra forma de percibir el mundo y comunicarnos.","breadcrumb":{"@id":"https:\/\/medianeeds.es\/es\/dia-mundial-del-diseno\/#breadcrumb"},"inLanguage":"es","potentialAction":[{"@type":"ReadAction","target":["https:\/\/medianeeds.es\/es\/dia-mundial-del-diseno\/"]}]},{"@type":"ImageObject","inLanguage":"es","@id":"https:\/\/medianeeds.es\/es\/dia-mundial-del-diseno\/#primaryimage","url":"https:\/\/medianeeds.es\/wp-content\/uploads\/2024\/05\/young-female-logo-designer-working-graphic-tablet.jpg","contentUrl":"https:\/\/medianeeds.es\/wp-content\/uploads\/2024\/05\/young-female-logo-designer-working-graphic-tablet.jpg","width":1500,"height":1000,"caption":"Dia Mundial del Disseny"},{"@type":"BreadcrumbList","@id":"https:\/\/medianeeds.es\/es\/dia-mundial-del-diseno\/#breadcrumb","itemListElement":[{"@type":"ListItem","position":1,"name":"Portada","item":"https:\/\/medianeeds.es\/"},{"@type":"ListItem","position":2,"name":"Un viaje a trav\u00e9s del tiempo: La evoluci\u00f3n del dise\u00f1o gr\u00e1fico"}]},{"@type":"WebSite","@id":"https:\/\/medianeeds.es\/#website","url":"https:\/\/medianeeds.es\/","name":"M\u00e0rketing Reus | Media Needs Reus | Ag\u00e8ncia de publicitat Reus","description":"MediaNeeds \u00e9s una empresa especialitzada en serveis integrals de publicitat, m\u00e0rqueting on-line i community manager a Reus, Tarragona","publisher":{"@id":"https:\/\/medianeeds.es\/#organization"},"alternateName":"Media Needs","potentialAction":[{"@type":"SearchAction","target":{"@type":"EntryPoint","urlTemplate":"https:\/\/medianeeds.es\/?s={search_term_string}"},"query-input":{"@type":"PropertyValueSpecification","valueRequired":true,"valueName":"search_term_string"}}],"inLanguage":"es"},{"@type":"Organization","@id":"https:\/\/medianeeds.es\/#organization","name":"M\u00e0rketing Reus | Media Needs Reus | Ag\u00e8ncia de publicitat Reus","alternateName":"Media Needs","url":"https:\/\/medianeeds.es\/","logo":{"@type":"ImageObject","inLanguage":"es","@id":"https:\/\/medianeeds.es\/#\/schema\/logo\/image\/","url":"https:\/\/medianeeds.es\/wp-content\/uploads\/2024\/06\/COLOR_Mesa-de-trabajo-1-copia.png","contentUrl":"https:\/\/medianeeds.es\/wp-content\/uploads\/2024\/06\/COLOR_Mesa-de-trabajo-1-copia.png","width":470,"height":226,"caption":"M\u00e0rketing Reus | Media Needs Reus | Ag\u00e8ncia de publicitat Reus"},"image":{"@id":"https:\/\/medianeeds.es\/#\/schema\/logo\/image\/"},"sameAs":["https:\/\/www.facebook.com\/medianeeds.es\/","https:\/\/x.com\/media_needs","https:\/\/www.instagram.com\/medianeeds\/?hl=es"]},{"@type":"Person","@id":"https:\/\/medianeeds.es\/#\/schema\/person\/6a6f2f17f283df3eeb0946feebd2af79","name":"Medianeeds","image":{"@type":"ImageObject","inLanguage":"es","@id":"https:\/\/secure.gravatar.com\/avatar\/442251953f111b43a4668103c7b7c09aa35690e525473fb0bb9db0681ee9c0c3?s=96&d=mm&r=g","url":"https:\/\/secure.gravatar.com\/avatar\/442251953f111b43a4668103c7b7c09aa35690e525473fb0bb9db0681ee9c0c3?s=96&d=mm&r=g","contentUrl":"https:\/\/secure.gravatar.com\/avatar\/442251953f111b43a4668103c7b7c09aa35690e525473fb0bb9db0681ee9c0c3?s=96&d=mm&r=g","caption":"Medianeeds"},"url":"https:\/\/medianeeds.es\/es\/author\/medianeeds\/"}]}},"_links":{"self":[{"href":"https:\/\/medianeeds.es\/es\/wp-json\/wp\/v2\/posts\/17924","targetHints":{"allow":["GET"]}}],"collection":[{"href":"https:\/\/medianeeds.es\/es\/wp-json\/wp\/v2\/posts"}],"about":[{"href":"https:\/\/medianeeds.es\/es\/wp-json\/wp\/v2\/types\/post"}],"author":[{"embeddable":true,"href":"https:\/\/medianeeds.es\/es\/wp-json\/wp\/v2\/users\/1"}],"replies":[{"embeddable":true,"href":"https:\/\/medianeeds.es\/es\/wp-json\/wp\/v2\/comments?post=17924"}],"version-history":[{"count":2,"href":"https:\/\/medianeeds.es\/es\/wp-json\/wp\/v2\/posts\/17924\/revisions"}],"predecessor-version":[{"id":17926,"href":"https:\/\/medianeeds.es\/es\/wp-json\/wp\/v2\/posts\/17924\/revisions\/17926"}],"wp:featuredmedia":[{"embeddable":true,"href":"https:\/\/medianeeds.es\/es\/wp-json\/wp\/v2\/media\/17921"}],"wp:attachment":[{"href":"https:\/\/medianeeds.es\/es\/wp-json\/wp\/v2\/media?parent=17924"}],"wp:term":[{"taxonomy":"category","embeddable":true,"href":"https:\/\/medianeeds.es\/es\/wp-json\/wp\/v2\/categories?post=17924"},{"taxonomy":"post_tag","embeddable":true,"href":"https:\/\/medianeeds.es\/es\/wp-json\/wp\/v2\/tags?post=17924"}],"curies":[{"name":"wp","href":"https:\/\/api.w.org\/{rel}","templated":true}]}}