{"id":17834,"date":"2024-02-05T09:07:51","date_gmt":"2024-02-05T09:07:51","guid":{"rendered":"https:\/\/medianeeds.es\/?p=17834"},"modified":"2024-02-05T09:53:16","modified_gmt":"2024-02-05T09:53:16","slug":"por-que-e-importante-crear-contenido-visual-impactante","status":"publish","type":"post","link":"https:\/\/medianeeds.es\/es\/por-que-e-importante-crear-contenido-visual-impactante\/","title":{"rendered":"\u00bfPor qu\u00e9 es importante crear contenido visual impactante en redes sociales?"},"content":{"rendered":"<p>\u00bfPor qu\u00e9 es importante crear contenido visual impactante? En el mundo digital actual, la creaci\u00f3n de contenido visual impactante se ha convertido en una estrategia fundamental para cualquier marca o empresa que desee destacarse en las redes sociales.<\/p>\n<p>A continuaci\u00f3n, detallamos la importancia de generar contenido visual atractivo para tus perfiles en redes sociales:<\/p>\n<p>&nbsp;<\/p>\n<h4><strong>Capturar la atenci\u00f3n de los usuarios.<\/strong><\/h4>\n<p>En un entorno donde los usuarios esta\u0301n saturados de informacio\u0301n, el contenido visual impactante destaca y captura la atencio\u0301n de manera mucho ma\u0301s efectiva. Las ima\u0301genes y videos atractivos tienen ma\u0301s probabilidades de llamar la atencio\u0301n a los usuarios mientras navegan por los feeds.<\/p>\n<p>&nbsp;<\/p>\n<h4><strong>Genera engagement y participaci\u00f3n.<\/strong><\/h4>\n<p>El contenido visual y atractivo tiende a generar mayor engagement y participacio\u0301n por parte de la audiencia. Las publicaciones visuales reciben ma\u0301s likes, comentarios y compartidos. Esto ayuda a aumentar la visibilidad de la marca y a construir una comunidad activa en redes sociales.<\/p>\n<p>Para aumentar el engagement, utiliza estrategias interactivas como encuestas, historias interactivas para fomentar la participacio\u0301n.<\/p>\n<p>&nbsp;<\/p>\n<h4><strong>Mejora la retenci\u00f3n de la informaci\u00f3n.<\/strong><\/h4>\n<p>Los estudios han demostrado que las personas tienden a recordar mejor la informacio\u0301n cuando se presenta de manera visual en lugar de textual. El contenido visual aumenta la retencio\u0301n de la informacio\u0301n y deja una buena impresio\u0301n a los usuarios.<\/p>\n<p>Para mejorar la retencio\u0301n, incorporar ima\u0301genes y videos a trave\u0301s de carruseles atractivos que comuniquen el mensaje de manera impactante.<\/p>\n<p>&nbsp;<\/p>\n<h4><strong>Aumenta la credibilidad y percepci\u00f3n de la marca.<\/strong><\/h4>\n<p>El contenido visual de alta calidad transmite profesionalismo y atencio\u0301n al detalle, lo que contribuye a mejorar la percepcio\u0301n de la marca. Este tipo de contenido tiende a ser percibido como ma\u0301s confiable y de mayor calidad.<\/p>\n<p>&nbsp;<\/p>\n<div class=\"page\" title=\"Page 1\">\n<div class=\"layoutArea\">\n<div class=\"column\">\n<p>En resumen, en <a href=\"https:\/\/medianeeds.es\/\">Media Needs<\/a>, reconocemos la importancia de la creacio\u0301n de contenido visual de calidad. Ofrecemos soluciones personalizadas que ayudan a capturar la atencio\u0301n de tu audiencia, aumentar el engagement, mejorar la percepcio\u0301n de tu marca y diferenciarte.<\/p>\n<p>Con nuestra experiencia y creatividad, podemos ayudarte a destacar en redes sociales y alcanzar el e\u0301xito de tus estrategias de marketing digital.<\/p>\n<p>\u00a1<a href=\"https:\/\/www.instagram.com\/medianeeds\/?hl=es\">Contacta<\/a> con nosotros!<\/p>\n<\/div>\n<\/div>\n<\/div>\n<div class=\"page\" title=\"Page 1\">\n<div class=\"layoutArea\">\n<div class=\"column\"><\/div>\n<\/div>\n<\/div>\n<div class=\"page\" title=\"Page 1\">\n<div class=\"layoutArea\">\n<div class=\"column\"><\/div>\n<\/div>\n<\/div>\n<div class=\"page\" title=\"Page 1\">\n<div class=\"layoutArea\">\n<div class=\"column\"><\/div>\n<\/div>\n<\/div>\n<div class=\"page\" title=\"Page 1\">\n<div class=\"layoutArea\">\n<div class=\"column\"><\/div>\n<\/div>\n<\/div>\n","protected":false},"excerpt":{"rendered":"<p>\u00bfPor qu\u00e9 es importante crear contenido visual impactante? En el mundo digital actual, la creaci\u00f3n de contenido visual impactante se ha convertido en una estrategia fundamental para cualquier marca o empresa que desee destacarse en las redes sociales. A continuaci\u00f3n, detallamos la importancia de generar contenido visual atractivo para tus perfiles en redes sociales: &nbsp; [&hellip;]<\/p>\n","protected":false},"author":1,"featured_media":17835,"comment_status":"closed","ping_status":"closed","sticky":false,"template":"","format":"standard","meta":{"_et_pb_use_builder":"","_et_pb_old_content":"","_et_gb_content_width":"","footnotes":""},"categories":[292,301,249,280,252,279],"tags":[],"class_list":["post-17834","post","type-post","status-publish","format-standard","has-post-thumbnail","hentry","category-blog-es-3-es","category-blog-es-2-es","category-destacados","category-marketing","category-noticias","category-redes-sociales-3"],"yoast_head":"<!-- This site is optimized with the Yoast SEO plugin v27.4 - https:\/\/yoast.com\/product\/yoast-seo-wordpress\/ -->\n<title>\u00bfPor qu\u00e9 es importante crear contenido visual impactante?<\/title>\n<meta name=\"description\" content=\"La creaci\u00f3n de contenido visual impactante se ha convertido en una estrategia fundamental para las redes sociales.\" \/>\n<meta name=\"robots\" content=\"index, follow, max-snippet:-1, max-image-preview:large, max-video-preview:-1\" \/>\n<link rel=\"canonical\" href=\"https:\/\/medianeeds.es\/es\/por-que-e-importante-crear-contenido-visual-impactante\/\" \/>\n<meta property=\"og:locale\" content=\"es_ES\" \/>\n<meta property=\"og:type\" content=\"article\" \/>\n<meta property=\"og:title\" content=\"\u00bfPor qu\u00e9 es importante crear contenido visual impactante?\" \/>\n<meta property=\"og:description\" content=\"La creaci\u00f3n de contenido visual impactante se ha convertido en una estrategia fundamental para las redes sociales.\" \/>\n<meta property=\"og:url\" content=\"https:\/\/medianeeds.es\/es\/por-que-e-importante-crear-contenido-visual-impactante\/\" \/>\n<meta property=\"og:site_name\" content=\"M\u00e0rketing Reus | Media Needs Reus | Ag\u00e8ncia de publicitat Reus\" \/>\n<meta property=\"article:publisher\" content=\"https:\/\/www.facebook.com\/medianeeds.es\/\" \/>\n<meta property=\"article:published_time\" content=\"2024-02-05T09:07:51+00:00\" \/>\n<meta property=\"article:modified_time\" content=\"2024-02-05T09:53:16+00:00\" \/>\n<meta property=\"og:image\" content=\"https:\/\/medianeeds.es\/wp-content\/uploads\/2024\/02\/mano-que-sostiene-concepto-redes-sociales-telefonos-inteligentes-scaled.jpg\" \/>\n\t<meta property=\"og:image:width\" content=\"2560\" \/>\n\t<meta property=\"og:image:height\" content=\"1707\" \/>\n\t<meta property=\"og:image:type\" content=\"image\/jpeg\" \/>\n<meta name=\"author\" content=\"Medianeeds\" \/>\n<meta name=\"twitter:label1\" content=\"Escrito por\" \/>\n\t<meta name=\"twitter:data1\" content=\"Medianeeds\" \/>\n\t<meta name=\"twitter:label2\" content=\"Tiempo de lectura\" \/>\n\t<meta name=\"twitter:data2\" content=\"2 minutos\" \/>\n<script type=\"application\/ld+json\" class=\"yoast-schema-graph\">{\"@context\":\"https:\\\/\\\/schema.org\",\"@graph\":[{\"@type\":\"Article\",\"@id\":\"https:\\\/\\\/medianeeds.es\\\/es\\\/por-que-e-importante-crear-contenido-visual-impactante\\\/#article\",\"isPartOf\":{\"@id\":\"https:\\\/\\\/medianeeds.es\\\/es\\\/por-que-e-importante-crear-contenido-visual-impactante\\\/\"},\"author\":{\"name\":\"Medianeeds\",\"@id\":\"https:\\\/\\\/medianeeds.es\\\/#\\\/schema\\\/person\\\/6a6f2f17f283df3eeb0946feebd2af79\"},\"headline\":\"\u00bfPor qu\u00e9 es importante crear contenido visual impactante en redes sociales?\",\"datePublished\":\"2024-02-05T09:07:51+00:00\",\"dateModified\":\"2024-02-05T09:53:16+00:00\",\"mainEntityOfPage\":{\"@id\":\"https:\\\/\\\/medianeeds.es\\\/es\\\/por-que-e-importante-crear-contenido-visual-impactante\\\/\"},\"wordCount\":389,\"publisher\":{\"@id\":\"https:\\\/\\\/medianeeds.es\\\/#organization\"},\"image\":{\"@id\":\"https:\\\/\\\/medianeeds.es\\\/es\\\/por-que-e-importante-crear-contenido-visual-impactante\\\/#primaryimage\"},\"thumbnailUrl\":\"https:\\\/\\\/medianeeds.es\\\/wp-content\\\/uploads\\\/2024\\\/02\\\/mano-que-sostiene-concepto-redes-sociales-telefonos-inteligentes-scaled.jpg\",\"articleSection\":[\"Blog\",\"Blog @Es\",\"Destacados\",\"M\u00e1rketing\",\"Noticias\",\"Redes Sociales\"],\"inLanguage\":\"es\"},{\"@type\":\"WebPage\",\"@id\":\"https:\\\/\\\/medianeeds.es\\\/es\\\/por-que-e-importante-crear-contenido-visual-impactante\\\/\",\"url\":\"https:\\\/\\\/medianeeds.es\\\/es\\\/por-que-e-importante-crear-contenido-visual-impactante\\\/\",\"name\":\"\u00bfPor qu\u00e9 es importante crear contenido visual impactante?\",\"isPartOf\":{\"@id\":\"https:\\\/\\\/medianeeds.es\\\/#website\"},\"primaryImageOfPage\":{\"@id\":\"https:\\\/\\\/medianeeds.es\\\/es\\\/por-que-e-importante-crear-contenido-visual-impactante\\\/#primaryimage\"},\"image\":{\"@id\":\"https:\\\/\\\/medianeeds.es\\\/es\\\/por-que-e-importante-crear-contenido-visual-impactante\\\/#primaryimage\"},\"thumbnailUrl\":\"https:\\\/\\\/medianeeds.es\\\/wp-content\\\/uploads\\\/2024\\\/02\\\/mano-que-sostiene-concepto-redes-sociales-telefonos-inteligentes-scaled.jpg\",\"datePublished\":\"2024-02-05T09:07:51+00:00\",\"dateModified\":\"2024-02-05T09:53:16+00:00\",\"description\":\"La creaci\u00f3n de contenido visual impactante se ha convertido en una estrategia fundamental para las redes sociales.\",\"breadcrumb\":{\"@id\":\"https:\\\/\\\/medianeeds.es\\\/es\\\/por-que-e-importante-crear-contenido-visual-impactante\\\/#breadcrumb\"},\"inLanguage\":\"es\",\"potentialAction\":[{\"@type\":\"ReadAction\",\"target\":[\"https:\\\/\\\/medianeeds.es\\\/es\\\/por-que-e-importante-crear-contenido-visual-impactante\\\/\"]}]},{\"@type\":\"ImageObject\",\"inLanguage\":\"es\",\"@id\":\"https:\\\/\\\/medianeeds.es\\\/es\\\/por-que-e-importante-crear-contenido-visual-impactante\\\/#primaryimage\",\"url\":\"https:\\\/\\\/medianeeds.es\\\/wp-content\\\/uploads\\\/2024\\\/02\\\/mano-que-sostiene-concepto-redes-sociales-telefonos-inteligentes-scaled.jpg\",\"contentUrl\":\"https:\\\/\\\/medianeeds.es\\\/wp-content\\\/uploads\\\/2024\\\/02\\\/mano-que-sostiene-concepto-redes-sociales-telefonos-inteligentes-scaled.jpg\",\"width\":2560,\"height\":1707},{\"@type\":\"BreadcrumbList\",\"@id\":\"https:\\\/\\\/medianeeds.es\\\/es\\\/por-que-e-importante-crear-contenido-visual-impactante\\\/#breadcrumb\",\"itemListElement\":[{\"@type\":\"ListItem\",\"position\":1,\"name\":\"Portada\",\"item\":\"https:\\\/\\\/medianeeds.es\\\/\"},{\"@type\":\"ListItem\",\"position\":2,\"name\":\"\u00bfPor qu\u00e9 es importante crear contenido visual impactante en redes sociales?\"}]},{\"@type\":\"WebSite\",\"@id\":\"https:\\\/\\\/medianeeds.es\\\/#website\",\"url\":\"https:\\\/\\\/medianeeds.es\\\/\",\"name\":\"M\u00e0rketing Reus | Media Needs Reus | Ag\u00e8ncia de publicitat Reus\",\"description\":\"MediaNeeds \u00e9s una empresa especialitzada en serveis integrals de publicitat, m\u00e0rqueting on-line i community manager a Reus, Tarragona\",\"publisher\":{\"@id\":\"https:\\\/\\\/medianeeds.es\\\/#organization\"},\"alternateName\":\"Media Needs\",\"potentialAction\":[{\"@type\":\"SearchAction\",\"target\":{\"@type\":\"EntryPoint\",\"urlTemplate\":\"https:\\\/\\\/medianeeds.es\\\/?s={search_term_string}\"},\"query-input\":{\"@type\":\"PropertyValueSpecification\",\"valueRequired\":true,\"valueName\":\"search_term_string\"}}],\"inLanguage\":\"es\"},{\"@type\":\"Organization\",\"@id\":\"https:\\\/\\\/medianeeds.es\\\/#organization\",\"name\":\"M\u00e0rketing Reus | Media Needs Reus | Ag\u00e8ncia de publicitat Reus\",\"alternateName\":\"Media Needs\",\"url\":\"https:\\\/\\\/medianeeds.es\\\/\",\"logo\":{\"@type\":\"ImageObject\",\"inLanguage\":\"es\",\"@id\":\"https:\\\/\\\/medianeeds.es\\\/#\\\/schema\\\/logo\\\/image\\\/\",\"url\":\"https:\\\/\\\/medianeeds.es\\\/wp-content\\\/uploads\\\/2024\\\/06\\\/COLOR_Mesa-de-trabajo-1-copia.png\",\"contentUrl\":\"https:\\\/\\\/medianeeds.es\\\/wp-content\\\/uploads\\\/2024\\\/06\\\/COLOR_Mesa-de-trabajo-1-copia.png\",\"width\":470,\"height\":226,\"caption\":\"M\u00e0rketing Reus | Media Needs Reus | Ag\u00e8ncia de publicitat Reus\"},\"image\":{\"@id\":\"https:\\\/\\\/medianeeds.es\\\/#\\\/schema\\\/logo\\\/image\\\/\"},\"sameAs\":[\"https:\\\/\\\/www.facebook.com\\\/medianeeds.es\\\/\",\"https:\\\/\\\/x.com\\\/media_needs\",\"https:\\\/\\\/www.instagram.com\\\/medianeeds\\\/?hl=es\"]},{\"@type\":\"Person\",\"@id\":\"https:\\\/\\\/medianeeds.es\\\/#\\\/schema\\\/person\\\/6a6f2f17f283df3eeb0946feebd2af79\",\"name\":\"Medianeeds\",\"image\":{\"@type\":\"ImageObject\",\"inLanguage\":\"es\",\"@id\":\"https:\\\/\\\/secure.gravatar.com\\\/avatar\\\/442251953f111b43a4668103c7b7c09aa35690e525473fb0bb9db0681ee9c0c3?s=96&d=mm&r=g\",\"url\":\"https:\\\/\\\/secure.gravatar.com\\\/avatar\\\/442251953f111b43a4668103c7b7c09aa35690e525473fb0bb9db0681ee9c0c3?s=96&d=mm&r=g\",\"contentUrl\":\"https:\\\/\\\/secure.gravatar.com\\\/avatar\\\/442251953f111b43a4668103c7b7c09aa35690e525473fb0bb9db0681ee9c0c3?s=96&d=mm&r=g\",\"caption\":\"Medianeeds\"},\"url\":\"https:\\\/\\\/medianeeds.es\\\/es\\\/author\\\/medianeeds\\\/\"}]}<\/script>\n<!-- \/ Yoast SEO plugin. -->","yoast_head_json":{"title":"\u00bfPor qu\u00e9 es importante crear contenido visual impactante?","description":"La creaci\u00f3n de contenido visual impactante se ha convertido en una estrategia fundamental para las redes sociales.","robots":{"index":"index","follow":"follow","max-snippet":"max-snippet:-1","max-image-preview":"max-image-preview:large","max-video-preview":"max-video-preview:-1"},"canonical":"https:\/\/medianeeds.es\/es\/por-que-e-importante-crear-contenido-visual-impactante\/","og_locale":"es_ES","og_type":"article","og_title":"\u00bfPor qu\u00e9 es importante crear contenido visual impactante?","og_description":"La creaci\u00f3n de contenido visual impactante se ha convertido en una estrategia fundamental para las redes sociales.","og_url":"https:\/\/medianeeds.es\/es\/por-que-e-importante-crear-contenido-visual-impactante\/","og_site_name":"M\u00e0rketing Reus | Media Needs Reus | Ag\u00e8ncia de publicitat Reus","article_publisher":"https:\/\/www.facebook.com\/medianeeds.es\/","article_published_time":"2024-02-05T09:07:51+00:00","article_modified_time":"2024-02-05T09:53:16+00:00","og_image":[{"width":2560,"height":1707,"url":"https:\/\/medianeeds.es\/wp-content\/uploads\/2024\/02\/mano-que-sostiene-concepto-redes-sociales-telefonos-inteligentes-scaled.jpg","type":"image\/jpeg"}],"author":"Medianeeds","twitter_misc":{"Escrito por":"Medianeeds","Tiempo de lectura":"2 minutos"},"schema":{"@context":"https:\/\/schema.org","@graph":[{"@type":"Article","@id":"https:\/\/medianeeds.es\/es\/por-que-e-importante-crear-contenido-visual-impactante\/#article","isPartOf":{"@id":"https:\/\/medianeeds.es\/es\/por-que-e-importante-crear-contenido-visual-impactante\/"},"author":{"name":"Medianeeds","@id":"https:\/\/medianeeds.es\/#\/schema\/person\/6a6f2f17f283df3eeb0946feebd2af79"},"headline":"\u00bfPor qu\u00e9 es importante crear contenido visual impactante en redes sociales?","datePublished":"2024-02-05T09:07:51+00:00","dateModified":"2024-02-05T09:53:16+00:00","mainEntityOfPage":{"@id":"https:\/\/medianeeds.es\/es\/por-que-e-importante-crear-contenido-visual-impactante\/"},"wordCount":389,"publisher":{"@id":"https:\/\/medianeeds.es\/#organization"},"image":{"@id":"https:\/\/medianeeds.es\/es\/por-que-e-importante-crear-contenido-visual-impactante\/#primaryimage"},"thumbnailUrl":"https:\/\/medianeeds.es\/wp-content\/uploads\/2024\/02\/mano-que-sostiene-concepto-redes-sociales-telefonos-inteligentes-scaled.jpg","articleSection":["Blog","Blog @Es","Destacados","M\u00e1rketing","Noticias","Redes Sociales"],"inLanguage":"es"},{"@type":"WebPage","@id":"https:\/\/medianeeds.es\/es\/por-que-e-importante-crear-contenido-visual-impactante\/","url":"https:\/\/medianeeds.es\/es\/por-que-e-importante-crear-contenido-visual-impactante\/","name":"\u00bfPor qu\u00e9 es importante crear contenido visual impactante?","isPartOf":{"@id":"https:\/\/medianeeds.es\/#website"},"primaryImageOfPage":{"@id":"https:\/\/medianeeds.es\/es\/por-que-e-importante-crear-contenido-visual-impactante\/#primaryimage"},"image":{"@id":"https:\/\/medianeeds.es\/es\/por-que-e-importante-crear-contenido-visual-impactante\/#primaryimage"},"thumbnailUrl":"https:\/\/medianeeds.es\/wp-content\/uploads\/2024\/02\/mano-que-sostiene-concepto-redes-sociales-telefonos-inteligentes-scaled.jpg","datePublished":"2024-02-05T09:07:51+00:00","dateModified":"2024-02-05T09:53:16+00:00","description":"La creaci\u00f3n de contenido visual impactante se ha convertido en una estrategia fundamental para las redes sociales.","breadcrumb":{"@id":"https:\/\/medianeeds.es\/es\/por-que-e-importante-crear-contenido-visual-impactante\/#breadcrumb"},"inLanguage":"es","potentialAction":[{"@type":"ReadAction","target":["https:\/\/medianeeds.es\/es\/por-que-e-importante-crear-contenido-visual-impactante\/"]}]},{"@type":"ImageObject","inLanguage":"es","@id":"https:\/\/medianeeds.es\/es\/por-que-e-importante-crear-contenido-visual-impactante\/#primaryimage","url":"https:\/\/medianeeds.es\/wp-content\/uploads\/2024\/02\/mano-que-sostiene-concepto-redes-sociales-telefonos-inteligentes-scaled.jpg","contentUrl":"https:\/\/medianeeds.es\/wp-content\/uploads\/2024\/02\/mano-que-sostiene-concepto-redes-sociales-telefonos-inteligentes-scaled.jpg","width":2560,"height":1707},{"@type":"BreadcrumbList","@id":"https:\/\/medianeeds.es\/es\/por-que-e-importante-crear-contenido-visual-impactante\/#breadcrumb","itemListElement":[{"@type":"ListItem","position":1,"name":"Portada","item":"https:\/\/medianeeds.es\/"},{"@type":"ListItem","position":2,"name":"\u00bfPor qu\u00e9 es importante crear contenido visual impactante en redes sociales?"}]},{"@type":"WebSite","@id":"https:\/\/medianeeds.es\/#website","url":"https:\/\/medianeeds.es\/","name":"M\u00e0rketing Reus | Media Needs Reus | Ag\u00e8ncia de publicitat Reus","description":"MediaNeeds \u00e9s una empresa especialitzada en serveis integrals de publicitat, m\u00e0rqueting on-line i community manager a Reus, Tarragona","publisher":{"@id":"https:\/\/medianeeds.es\/#organization"},"alternateName":"Media Needs","potentialAction":[{"@type":"SearchAction","target":{"@type":"EntryPoint","urlTemplate":"https:\/\/medianeeds.es\/?s={search_term_string}"},"query-input":{"@type":"PropertyValueSpecification","valueRequired":true,"valueName":"search_term_string"}}],"inLanguage":"es"},{"@type":"Organization","@id":"https:\/\/medianeeds.es\/#organization","name":"M\u00e0rketing Reus | Media Needs Reus | Ag\u00e8ncia de publicitat Reus","alternateName":"Media Needs","url":"https:\/\/medianeeds.es\/","logo":{"@type":"ImageObject","inLanguage":"es","@id":"https:\/\/medianeeds.es\/#\/schema\/logo\/image\/","url":"https:\/\/medianeeds.es\/wp-content\/uploads\/2024\/06\/COLOR_Mesa-de-trabajo-1-copia.png","contentUrl":"https:\/\/medianeeds.es\/wp-content\/uploads\/2024\/06\/COLOR_Mesa-de-trabajo-1-copia.png","width":470,"height":226,"caption":"M\u00e0rketing Reus | Media Needs Reus | Ag\u00e8ncia de publicitat Reus"},"image":{"@id":"https:\/\/medianeeds.es\/#\/schema\/logo\/image\/"},"sameAs":["https:\/\/www.facebook.com\/medianeeds.es\/","https:\/\/x.com\/media_needs","https:\/\/www.instagram.com\/medianeeds\/?hl=es"]},{"@type":"Person","@id":"https:\/\/medianeeds.es\/#\/schema\/person\/6a6f2f17f283df3eeb0946feebd2af79","name":"Medianeeds","image":{"@type":"ImageObject","inLanguage":"es","@id":"https:\/\/secure.gravatar.com\/avatar\/442251953f111b43a4668103c7b7c09aa35690e525473fb0bb9db0681ee9c0c3?s=96&d=mm&r=g","url":"https:\/\/secure.gravatar.com\/avatar\/442251953f111b43a4668103c7b7c09aa35690e525473fb0bb9db0681ee9c0c3?s=96&d=mm&r=g","contentUrl":"https:\/\/secure.gravatar.com\/avatar\/442251953f111b43a4668103c7b7c09aa35690e525473fb0bb9db0681ee9c0c3?s=96&d=mm&r=g","caption":"Medianeeds"},"url":"https:\/\/medianeeds.es\/es\/author\/medianeeds\/"}]}},"_links":{"self":[{"href":"https:\/\/medianeeds.es\/es\/wp-json\/wp\/v2\/posts\/17834","targetHints":{"allow":["GET"]}}],"collection":[{"href":"https:\/\/medianeeds.es\/es\/wp-json\/wp\/v2\/posts"}],"about":[{"href":"https:\/\/medianeeds.es\/es\/wp-json\/wp\/v2\/types\/post"}],"author":[{"embeddable":true,"href":"https:\/\/medianeeds.es\/es\/wp-json\/wp\/v2\/users\/1"}],"replies":[{"embeddable":true,"href":"https:\/\/medianeeds.es\/es\/wp-json\/wp\/v2\/comments?post=17834"}],"version-history":[{"count":3,"href":"https:\/\/medianeeds.es\/es\/wp-json\/wp\/v2\/posts\/17834\/revisions"}],"predecessor-version":[{"id":17839,"href":"https:\/\/medianeeds.es\/es\/wp-json\/wp\/v2\/posts\/17834\/revisions\/17839"}],"wp:featuredmedia":[{"embeddable":true,"href":"https:\/\/medianeeds.es\/es\/wp-json\/wp\/v2\/media\/17835"}],"wp:attachment":[{"href":"https:\/\/medianeeds.es\/es\/wp-json\/wp\/v2\/media?parent=17834"}],"wp:term":[{"taxonomy":"category","embeddable":true,"href":"https:\/\/medianeeds.es\/es\/wp-json\/wp\/v2\/categories?post=17834"},{"taxonomy":"post_tag","embeddable":true,"href":"https:\/\/medianeeds.es\/es\/wp-json\/wp\/v2\/tags?post=17834"}],"curies":[{"name":"wp","href":"https:\/\/api.w.org\/{rel}","templated":true}]}}