{"id":17794,"date":"2023-11-21T15:32:41","date_gmt":"2023-11-21T15:32:41","guid":{"rendered":"https:\/\/medianeeds.es\/?p=17794"},"modified":"2023-11-21T15:32:41","modified_gmt":"2023-11-21T15:32:41","slug":"dia-mundial-de-la-television","status":"publish","type":"post","link":"https:\/\/medianeeds.es\/es\/dia-mundial-de-la-television\/","title":{"rendered":"D\u00eda Mundial de la Televisi\u00f3n"},"content":{"rendered":"<h3><strong>Hoy, d\u00eda 21 de noviembre, se celebra el D\u00eda Mundial de la Televisi\u00f3n. Por eso, desde Media Needs pensamos que es un buen momento para recordar c\u00f3mo esta revolucion\u00f3 la publicidad.<\/strong><\/h3>\n<p>Ciertamente, para descubrir las primeras formas de promoci\u00f3n, nos tenemos que remontar en la \u00e9poca antigua cuando el anuncio de los productos y servicios a los mercados se hac\u00eda de viva voz. Tambi\u00e9n tenemos que trasladarnos en la \u00e9poca de los esclavos o de las luchas de gladiadores, cuando los anuncios pasaron a ser en manuscritos de papiro.\u00a0De hecho, como hemos dejado entrever, los cambios tecnol\u00f3gicos y la evoluci\u00f3n de los medios de comunicaci\u00f3n han transformado la publicidad:<\/p>\n<p>&nbsp;<\/p>\n<ul>\n<li>Con el invento de la imprenta el 1439, se empezaron a producir en masa carteles originales para captar clientes.<\/li>\n<li>Con la era industrial y la llegada de la prensa en el siglo XVII, adem\u00e1s, los fabricantes ya produc\u00edan prospectos y tarjetas comerciales.<\/li>\n<li>Se observa el mismo fen\u00f3meno m\u00e1s tarde, si nos dirigimos hacia principios del siglo XX. Con el desarrollo de la publicidad radiof\u00f3nica, las emisoras comerciales se convirtieron en el principal medio publicitario para los anunciantes.<\/li>\n<\/ul>\n<p>&nbsp;<\/p>\n<h4><strong>La televisi\u00f3n revoluciona la publicidad<\/strong><\/h4>\n<p>Igualmente, alrededor de los a\u00f1os cuarenta, la televisi\u00f3n apareci\u00f3 en escena y signific\u00f3 un cambio sustancial en los h\u00e1bitos de la gente, convirti\u00e9ndose en el principal medio de promoci\u00f3n. Concretamente, haciendo este recorrido hist\u00f3rico a ra\u00edz de la celebraci\u00f3n del D\u00eda Mundial de la Televisi\u00f3n, nos podemos parar en el primer anuncio audiovisual (un video que hac\u00eda publicitado de un reloj Bulova y que duraba tan solo diez segundos), que se emiti\u00f3 el 1 de julio de 1941.<\/p>\n<p>En este punto hay que remarcar, por un lado, que en sesenta y ochenta se consideran la \u00e9poca dorada de la publicidad porque, ya con grandes presupuestos, esta empez\u00f3 a tener en cuenta la psicolog\u00eda y el big data. Esto supuso un cambio de paradigma y el audiovisual lo llen\u00f3 todo de im\u00e1genes, de jingles y de esl\u00f3ganes. Por el otro, hay que recordar que con el auge de Internet, la televisi\u00f3n se encuentra en una situaci\u00f3n comprometida. El consumo de contenidos ha cambiado con la aparici\u00f3n de nuevos dispositivos y plataformas digitales y el tiempo que dedicamos a ver la televisi\u00f3n desciende.<\/p>\n<p>Aun as\u00ed, nada es definitivo ni tampoco est\u00e1tico. Por eso, el equipo de profesionales de\u00a0Media\u00a0Needs\u00a0estamos preparados para adaptarnos a los cambios y poder as\u00ed ayudarte a sacar provecho de la publicidad.<\/p>\n<p><a href=\"https:\/\/medianeeds.es\/es\/contacte\/\">Contacta con nosotros<\/a>! Te estamos esperando!<\/p>\n","protected":false},"excerpt":{"rendered":"<p>Hoy, d\u00eda 21 de noviembre, se celebra el D\u00eda Mundial de la Televisi\u00f3n. Por eso, desde Media Needs pensamos que es un buen momento para recordar c\u00f3mo esta revolucion\u00f3 la publicidad. Ciertamente, para descubrir las primeras formas de promoci\u00f3n, nos tenemos que remontar en la \u00e9poca antigua cuando el anuncio de los productos y servicios [&hellip;]<\/p>\n","protected":false},"author":1,"featured_media":17792,"comment_status":"closed","ping_status":"closed","sticky":false,"template":"","format":"standard","meta":{"_et_pb_use_builder":"","_et_pb_old_content":"","_et_gb_content_width":"","footnotes":""},"categories":[188,301,249,280,252],"tags":[],"class_list":["post-17794","post","type-post","status-publish","format-standard","has-post-thumbnail","hentry","category-blog-es-4","category-blog-es-2-es","category-destacados","category-marketing","category-noticias"],"yoast_head":"<!-- This site is optimized with the Yoast SEO plugin v27.4 - https:\/\/yoast.com\/product\/yoast-seo-wordpress\/ -->\n<title>D\u00eda Mundial de la Televisi\u00f3n<\/title>\n<meta name=\"description\" content=\"Hoy, d\u00eda 21 de noviembre,D\u00eda Mundial de la Televisi\u00f3n, es un buen decir para recordar c\u00f3mo esta revolucion\u00f3 la publicidad.\" \/>\n<meta name=\"robots\" content=\"index, follow, max-snippet:-1, max-image-preview:large, max-video-preview:-1\" \/>\n<link rel=\"canonical\" href=\"https:\/\/medianeeds.es\/es\/dia-mundial-de-la-television\/\" \/>\n<meta property=\"og:locale\" content=\"es_ES\" \/>\n<meta property=\"og:type\" content=\"article\" \/>\n<meta property=\"og:title\" content=\"D\u00eda Mundial de la Televisi\u00f3n\" \/>\n<meta property=\"og:description\" content=\"Hoy, d\u00eda 21 de noviembre,D\u00eda Mundial de la Televisi\u00f3n, es un buen decir para recordar c\u00f3mo esta revolucion\u00f3 la publicidad.\" \/>\n<meta property=\"og:url\" content=\"https:\/\/medianeeds.es\/es\/dia-mundial-de-la-television\/\" \/>\n<meta property=\"og:site_name\" content=\"M\u00e0rketing Reus | Media Needs Reus | Ag\u00e8ncia de publicitat Reus\" \/>\n<meta property=\"article:publisher\" content=\"https:\/\/www.facebook.com\/medianeeds.es\/\" \/>\n<meta property=\"article:published_time\" content=\"2023-11-21T15:32:41+00:00\" \/>\n<meta property=\"og:image\" content=\"https:\/\/medianeeds.es\/wp-content\/uploads\/2023\/11\/primer-plano-hombre-sosteniendo-televisor-removebg-preview.png\" \/>\n\t<meta property=\"og:image:width\" content=\"538\" \/>\n\t<meta property=\"og:image:height\" content=\"464\" \/>\n\t<meta property=\"og:image:type\" content=\"image\/png\" \/>\n<meta name=\"author\" content=\"Medianeeds\" \/>\n<meta name=\"twitter:label1\" content=\"Escrito por\" \/>\n\t<meta name=\"twitter:data1\" content=\"Medianeeds\" \/>\n\t<meta name=\"twitter:label2\" content=\"Tiempo de lectura\" \/>\n\t<meta name=\"twitter:data2\" content=\"2 minutos\" \/>\n<script type=\"application\/ld+json\" class=\"yoast-schema-graph\">{\"@context\":\"https:\\\/\\\/schema.org\",\"@graph\":[{\"@type\":\"Article\",\"@id\":\"https:\\\/\\\/medianeeds.es\\\/es\\\/dia-mundial-de-la-television\\\/#article\",\"isPartOf\":{\"@id\":\"https:\\\/\\\/medianeeds.es\\\/es\\\/dia-mundial-de-la-television\\\/\"},\"author\":{\"name\":\"Medianeeds\",\"@id\":\"https:\\\/\\\/medianeeds.es\\\/#\\\/schema\\\/person\\\/6a6f2f17f283df3eeb0946feebd2af79\"},\"headline\":\"D\u00eda Mundial de la Televisi\u00f3n\",\"datePublished\":\"2023-11-21T15:32:41+00:00\",\"mainEntityOfPage\":{\"@id\":\"https:\\\/\\\/medianeeds.es\\\/es\\\/dia-mundial-de-la-television\\\/\"},\"wordCount\":453,\"publisher\":{\"@id\":\"https:\\\/\\\/medianeeds.es\\\/#organization\"},\"image\":{\"@id\":\"https:\\\/\\\/medianeeds.es\\\/es\\\/dia-mundial-de-la-television\\\/#primaryimage\"},\"thumbnailUrl\":\"https:\\\/\\\/medianeeds.es\\\/wp-content\\\/uploads\\\/2023\\\/11\\\/primer-plano-hombre-sosteniendo-televisor-removebg-preview.png\",\"articleSection\":[\"Blog\",\"Blog @Es\",\"Destacados\",\"M\u00e1rketing\",\"Noticias\"],\"inLanguage\":\"es\"},{\"@type\":\"WebPage\",\"@id\":\"https:\\\/\\\/medianeeds.es\\\/es\\\/dia-mundial-de-la-television\\\/\",\"url\":\"https:\\\/\\\/medianeeds.es\\\/es\\\/dia-mundial-de-la-television\\\/\",\"name\":\"D\u00eda Mundial de la Televisi\u00f3n\",\"isPartOf\":{\"@id\":\"https:\\\/\\\/medianeeds.es\\\/#website\"},\"primaryImageOfPage\":{\"@id\":\"https:\\\/\\\/medianeeds.es\\\/es\\\/dia-mundial-de-la-television\\\/#primaryimage\"},\"image\":{\"@id\":\"https:\\\/\\\/medianeeds.es\\\/es\\\/dia-mundial-de-la-television\\\/#primaryimage\"},\"thumbnailUrl\":\"https:\\\/\\\/medianeeds.es\\\/wp-content\\\/uploads\\\/2023\\\/11\\\/primer-plano-hombre-sosteniendo-televisor-removebg-preview.png\",\"datePublished\":\"2023-11-21T15:32:41+00:00\",\"description\":\"Hoy, d\u00eda 21 de noviembre,D\u00eda Mundial de la Televisi\u00f3n, es un buen decir para recordar c\u00f3mo esta revolucion\u00f3 la publicidad.\",\"breadcrumb\":{\"@id\":\"https:\\\/\\\/medianeeds.es\\\/es\\\/dia-mundial-de-la-television\\\/#breadcrumb\"},\"inLanguage\":\"es\",\"potentialAction\":[{\"@type\":\"ReadAction\",\"target\":[\"https:\\\/\\\/medianeeds.es\\\/es\\\/dia-mundial-de-la-television\\\/\"]}]},{\"@type\":\"ImageObject\",\"inLanguage\":\"es\",\"@id\":\"https:\\\/\\\/medianeeds.es\\\/es\\\/dia-mundial-de-la-television\\\/#primaryimage\",\"url\":\"https:\\\/\\\/medianeeds.es\\\/wp-content\\\/uploads\\\/2023\\\/11\\\/primer-plano-hombre-sosteniendo-televisor-removebg-preview.png\",\"contentUrl\":\"https:\\\/\\\/medianeeds.es\\\/wp-content\\\/uploads\\\/2023\\\/11\\\/primer-plano-hombre-sosteniendo-televisor-removebg-preview.png\",\"width\":538,\"height\":464,\"caption\":\"televisi\u00f3\"},{\"@type\":\"BreadcrumbList\",\"@id\":\"https:\\\/\\\/medianeeds.es\\\/es\\\/dia-mundial-de-la-television\\\/#breadcrumb\",\"itemListElement\":[{\"@type\":\"ListItem\",\"position\":1,\"name\":\"Portada\",\"item\":\"https:\\\/\\\/medianeeds.es\\\/\"},{\"@type\":\"ListItem\",\"position\":2,\"name\":\"D\u00eda Mundial de la Televisi\u00f3n\"}]},{\"@type\":\"WebSite\",\"@id\":\"https:\\\/\\\/medianeeds.es\\\/#website\",\"url\":\"https:\\\/\\\/medianeeds.es\\\/\",\"name\":\"M\u00e0rketing Reus | Media Needs Reus | Ag\u00e8ncia de publicitat Reus\",\"description\":\"MediaNeeds \u00e9s una empresa especialitzada en serveis integrals de publicitat, m\u00e0rqueting on-line i community manager a Reus, Tarragona\",\"publisher\":{\"@id\":\"https:\\\/\\\/medianeeds.es\\\/#organization\"},\"alternateName\":\"Media Needs\",\"potentialAction\":[{\"@type\":\"SearchAction\",\"target\":{\"@type\":\"EntryPoint\",\"urlTemplate\":\"https:\\\/\\\/medianeeds.es\\\/?s={search_term_string}\"},\"query-input\":{\"@type\":\"PropertyValueSpecification\",\"valueRequired\":true,\"valueName\":\"search_term_string\"}}],\"inLanguage\":\"es\"},{\"@type\":\"Organization\",\"@id\":\"https:\\\/\\\/medianeeds.es\\\/#organization\",\"name\":\"M\u00e0rketing Reus | Media Needs Reus | Ag\u00e8ncia de publicitat Reus\",\"alternateName\":\"Media Needs\",\"url\":\"https:\\\/\\\/medianeeds.es\\\/\",\"logo\":{\"@type\":\"ImageObject\",\"inLanguage\":\"es\",\"@id\":\"https:\\\/\\\/medianeeds.es\\\/#\\\/schema\\\/logo\\\/image\\\/\",\"url\":\"https:\\\/\\\/medianeeds.es\\\/wp-content\\\/uploads\\\/2024\\\/06\\\/COLOR_Mesa-de-trabajo-1-copia.png\",\"contentUrl\":\"https:\\\/\\\/medianeeds.es\\\/wp-content\\\/uploads\\\/2024\\\/06\\\/COLOR_Mesa-de-trabajo-1-copia.png\",\"width\":470,\"height\":226,\"caption\":\"M\u00e0rketing Reus | Media Needs Reus | Ag\u00e8ncia de publicitat Reus\"},\"image\":{\"@id\":\"https:\\\/\\\/medianeeds.es\\\/#\\\/schema\\\/logo\\\/image\\\/\"},\"sameAs\":[\"https:\\\/\\\/www.facebook.com\\\/medianeeds.es\\\/\",\"https:\\\/\\\/x.com\\\/media_needs\",\"https:\\\/\\\/www.instagram.com\\\/medianeeds\\\/?hl=es\"]},{\"@type\":\"Person\",\"@id\":\"https:\\\/\\\/medianeeds.es\\\/#\\\/schema\\\/person\\\/6a6f2f17f283df3eeb0946feebd2af79\",\"name\":\"Medianeeds\",\"image\":{\"@type\":\"ImageObject\",\"inLanguage\":\"es\",\"@id\":\"https:\\\/\\\/secure.gravatar.com\\\/avatar\\\/442251953f111b43a4668103c7b7c09aa35690e525473fb0bb9db0681ee9c0c3?s=96&d=mm&r=g\",\"url\":\"https:\\\/\\\/secure.gravatar.com\\\/avatar\\\/442251953f111b43a4668103c7b7c09aa35690e525473fb0bb9db0681ee9c0c3?s=96&d=mm&r=g\",\"contentUrl\":\"https:\\\/\\\/secure.gravatar.com\\\/avatar\\\/442251953f111b43a4668103c7b7c09aa35690e525473fb0bb9db0681ee9c0c3?s=96&d=mm&r=g\",\"caption\":\"Medianeeds\"},\"url\":\"https:\\\/\\\/medianeeds.es\\\/es\\\/author\\\/medianeeds\\\/\"}]}<\/script>\n<!-- \/ Yoast SEO plugin. -->","yoast_head_json":{"title":"D\u00eda Mundial de la Televisi\u00f3n","description":"Hoy, d\u00eda 21 de noviembre,D\u00eda Mundial de la Televisi\u00f3n, es un buen decir para recordar c\u00f3mo esta revolucion\u00f3 la publicidad.","robots":{"index":"index","follow":"follow","max-snippet":"max-snippet:-1","max-image-preview":"max-image-preview:large","max-video-preview":"max-video-preview:-1"},"canonical":"https:\/\/medianeeds.es\/es\/dia-mundial-de-la-television\/","og_locale":"es_ES","og_type":"article","og_title":"D\u00eda Mundial de la Televisi\u00f3n","og_description":"Hoy, d\u00eda 21 de noviembre,D\u00eda Mundial de la Televisi\u00f3n, es un buen decir para recordar c\u00f3mo esta revolucion\u00f3 la publicidad.","og_url":"https:\/\/medianeeds.es\/es\/dia-mundial-de-la-television\/","og_site_name":"M\u00e0rketing Reus | Media Needs Reus | Ag\u00e8ncia de publicitat Reus","article_publisher":"https:\/\/www.facebook.com\/medianeeds.es\/","article_published_time":"2023-11-21T15:32:41+00:00","og_image":[{"width":538,"height":464,"url":"https:\/\/medianeeds.es\/wp-content\/uploads\/2023\/11\/primer-plano-hombre-sosteniendo-televisor-removebg-preview.png","type":"image\/png"}],"author":"Medianeeds","twitter_misc":{"Escrito por":"Medianeeds","Tiempo de lectura":"2 minutos"},"schema":{"@context":"https:\/\/schema.org","@graph":[{"@type":"Article","@id":"https:\/\/medianeeds.es\/es\/dia-mundial-de-la-television\/#article","isPartOf":{"@id":"https:\/\/medianeeds.es\/es\/dia-mundial-de-la-television\/"},"author":{"name":"Medianeeds","@id":"https:\/\/medianeeds.es\/#\/schema\/person\/6a6f2f17f283df3eeb0946feebd2af79"},"headline":"D\u00eda Mundial de la Televisi\u00f3n","datePublished":"2023-11-21T15:32:41+00:00","mainEntityOfPage":{"@id":"https:\/\/medianeeds.es\/es\/dia-mundial-de-la-television\/"},"wordCount":453,"publisher":{"@id":"https:\/\/medianeeds.es\/#organization"},"image":{"@id":"https:\/\/medianeeds.es\/es\/dia-mundial-de-la-television\/#primaryimage"},"thumbnailUrl":"https:\/\/medianeeds.es\/wp-content\/uploads\/2023\/11\/primer-plano-hombre-sosteniendo-televisor-removebg-preview.png","articleSection":["Blog","Blog @Es","Destacados","M\u00e1rketing","Noticias"],"inLanguage":"es"},{"@type":"WebPage","@id":"https:\/\/medianeeds.es\/es\/dia-mundial-de-la-television\/","url":"https:\/\/medianeeds.es\/es\/dia-mundial-de-la-television\/","name":"D\u00eda Mundial de la Televisi\u00f3n","isPartOf":{"@id":"https:\/\/medianeeds.es\/#website"},"primaryImageOfPage":{"@id":"https:\/\/medianeeds.es\/es\/dia-mundial-de-la-television\/#primaryimage"},"image":{"@id":"https:\/\/medianeeds.es\/es\/dia-mundial-de-la-television\/#primaryimage"},"thumbnailUrl":"https:\/\/medianeeds.es\/wp-content\/uploads\/2023\/11\/primer-plano-hombre-sosteniendo-televisor-removebg-preview.png","datePublished":"2023-11-21T15:32:41+00:00","description":"Hoy, d\u00eda 21 de noviembre,D\u00eda Mundial de la Televisi\u00f3n, es un buen decir para recordar c\u00f3mo esta revolucion\u00f3 la publicidad.","breadcrumb":{"@id":"https:\/\/medianeeds.es\/es\/dia-mundial-de-la-television\/#breadcrumb"},"inLanguage":"es","potentialAction":[{"@type":"ReadAction","target":["https:\/\/medianeeds.es\/es\/dia-mundial-de-la-television\/"]}]},{"@type":"ImageObject","inLanguage":"es","@id":"https:\/\/medianeeds.es\/es\/dia-mundial-de-la-television\/#primaryimage","url":"https:\/\/medianeeds.es\/wp-content\/uploads\/2023\/11\/primer-plano-hombre-sosteniendo-televisor-removebg-preview.png","contentUrl":"https:\/\/medianeeds.es\/wp-content\/uploads\/2023\/11\/primer-plano-hombre-sosteniendo-televisor-removebg-preview.png","width":538,"height":464,"caption":"televisi\u00f3"},{"@type":"BreadcrumbList","@id":"https:\/\/medianeeds.es\/es\/dia-mundial-de-la-television\/#breadcrumb","itemListElement":[{"@type":"ListItem","position":1,"name":"Portada","item":"https:\/\/medianeeds.es\/"},{"@type":"ListItem","position":2,"name":"D\u00eda Mundial de la Televisi\u00f3n"}]},{"@type":"WebSite","@id":"https:\/\/medianeeds.es\/#website","url":"https:\/\/medianeeds.es\/","name":"M\u00e0rketing Reus | Media Needs Reus | Ag\u00e8ncia de publicitat Reus","description":"MediaNeeds \u00e9s una empresa especialitzada en serveis integrals de publicitat, m\u00e0rqueting on-line i community manager a Reus, Tarragona","publisher":{"@id":"https:\/\/medianeeds.es\/#organization"},"alternateName":"Media Needs","potentialAction":[{"@type":"SearchAction","target":{"@type":"EntryPoint","urlTemplate":"https:\/\/medianeeds.es\/?s={search_term_string}"},"query-input":{"@type":"PropertyValueSpecification","valueRequired":true,"valueName":"search_term_string"}}],"inLanguage":"es"},{"@type":"Organization","@id":"https:\/\/medianeeds.es\/#organization","name":"M\u00e0rketing Reus | Media Needs Reus | Ag\u00e8ncia de publicitat Reus","alternateName":"Media Needs","url":"https:\/\/medianeeds.es\/","logo":{"@type":"ImageObject","inLanguage":"es","@id":"https:\/\/medianeeds.es\/#\/schema\/logo\/image\/","url":"https:\/\/medianeeds.es\/wp-content\/uploads\/2024\/06\/COLOR_Mesa-de-trabajo-1-copia.png","contentUrl":"https:\/\/medianeeds.es\/wp-content\/uploads\/2024\/06\/COLOR_Mesa-de-trabajo-1-copia.png","width":470,"height":226,"caption":"M\u00e0rketing Reus | Media Needs Reus | Ag\u00e8ncia de publicitat Reus"},"image":{"@id":"https:\/\/medianeeds.es\/#\/schema\/logo\/image\/"},"sameAs":["https:\/\/www.facebook.com\/medianeeds.es\/","https:\/\/x.com\/media_needs","https:\/\/www.instagram.com\/medianeeds\/?hl=es"]},{"@type":"Person","@id":"https:\/\/medianeeds.es\/#\/schema\/person\/6a6f2f17f283df3eeb0946feebd2af79","name":"Medianeeds","image":{"@type":"ImageObject","inLanguage":"es","@id":"https:\/\/secure.gravatar.com\/avatar\/442251953f111b43a4668103c7b7c09aa35690e525473fb0bb9db0681ee9c0c3?s=96&d=mm&r=g","url":"https:\/\/secure.gravatar.com\/avatar\/442251953f111b43a4668103c7b7c09aa35690e525473fb0bb9db0681ee9c0c3?s=96&d=mm&r=g","contentUrl":"https:\/\/secure.gravatar.com\/avatar\/442251953f111b43a4668103c7b7c09aa35690e525473fb0bb9db0681ee9c0c3?s=96&d=mm&r=g","caption":"Medianeeds"},"url":"https:\/\/medianeeds.es\/es\/author\/medianeeds\/"}]}},"_links":{"self":[{"href":"https:\/\/medianeeds.es\/es\/wp-json\/wp\/v2\/posts\/17794","targetHints":{"allow":["GET"]}}],"collection":[{"href":"https:\/\/medianeeds.es\/es\/wp-json\/wp\/v2\/posts"}],"about":[{"href":"https:\/\/medianeeds.es\/es\/wp-json\/wp\/v2\/types\/post"}],"author":[{"embeddable":true,"href":"https:\/\/medianeeds.es\/es\/wp-json\/wp\/v2\/users\/1"}],"replies":[{"embeddable":true,"href":"https:\/\/medianeeds.es\/es\/wp-json\/wp\/v2\/comments?post=17794"}],"version-history":[{"count":1,"href":"https:\/\/medianeeds.es\/es\/wp-json\/wp\/v2\/posts\/17794\/revisions"}],"predecessor-version":[{"id":17795,"href":"https:\/\/medianeeds.es\/es\/wp-json\/wp\/v2\/posts\/17794\/revisions\/17795"}],"wp:featuredmedia":[{"embeddable":true,"href":"https:\/\/medianeeds.es\/es\/wp-json\/wp\/v2\/media\/17792"}],"wp:attachment":[{"href":"https:\/\/medianeeds.es\/es\/wp-json\/wp\/v2\/media?parent=17794"}],"wp:term":[{"taxonomy":"category","embeddable":true,"href":"https:\/\/medianeeds.es\/es\/wp-json\/wp\/v2\/categories?post=17794"},{"taxonomy":"post_tag","embeddable":true,"href":"https:\/\/medianeeds.es\/es\/wp-json\/wp\/v2\/tags?post=17794"}],"curies":[{"name":"wp","href":"https:\/\/api.w.org\/{rel}","templated":true}]}}