{"id":17754,"date":"2023-10-26T09:24:54","date_gmt":"2023-10-26T09:24:54","guid":{"rendered":"https:\/\/medianeeds.es\/?p=17754"},"modified":"2023-11-10T08:31:13","modified_gmt":"2023-11-10T08:31:13","slug":"las-nuevas-suscripciones-sin-anuncios-de-facebook-e-instagram","status":"publish","type":"post","link":"https:\/\/medianeeds.es\/es\/las-nuevas-suscripciones-sin-anuncios-de-facebook-e-instagram\/","title":{"rendered":"Las nuevas suscripciones sin anuncios de Facebook e Instagram"},"content":{"rendered":"<h3><strong>Meta lanza suscripciones sin anuncios en Facebook e Instagram: Un nuevo cap\u00edtulo para los usuarios europeos. As\u00ed que si tienes dudas, no te preocupes, a <a href=\"https:\/\/medianeeds.es\/es\/\">Media Needs<\/a> te explicamos todo el que sabemos.<\/strong><\/h3>\n<p><a href=\"https:\/\/about.meta.com\/es\/\">Meta<\/a>, la empresa detr\u00e1s de Facebook e instagram, ha oficializado sus planes de lanzar suscripciones sin publicidad a Europa. Este anuncio llega despu\u00e9s de especulaciones y rumores que circulaban desde principios de octubre sobre la introducci\u00f3n de un nuevo modelo de suscripci\u00f3n. Este nuevo modelo suscripci\u00f3n requerir\u00eda a los usuarios pagar para acceder a versiones sin anuncios personalizados en estas dos plataformas l\u00edderes.<\/p>\n<p>Por lo tanto, la iniciativa tiene como objetivo principal ajustarse a los requisitos establecidos por la Ley de Servicios Digitales (DSA), vigente desde agosto. Estos, proh\u00edben la presentaci\u00f3n de anuncios basados en el uso de datos personales. Sin embargo, surge la pregunta clave: los usuarios de pa\u00edses como Espa\u00f1a tendr\u00e1n que abrir sus carteras para continuar utilizando estas aplicaciones?<\/p>\n<p>Segons un comunicat oficial de Meta, a partir de novembre, els usuaris tindran l&#8217;opci\u00f3 de continuar fent servir Facebook i Instagram de manera gratu\u00efta. Encara aix\u00ed aquest t\u00e9 un per\u00f2, i es que amb la contrapartida de l&#8217;aparici\u00f3 de publicitat en les seves feeds. Aquells que desitgin prescindir d&#8217;anuncis podran subscriure&#8217;s als nous plans de pagament de la Big Tech.<\/p>\n<p>&nbsp;<\/p>\n<h4><strong>Cu\u00e1nto costar\u00e1n estas suscripciones?<\/strong><\/h4>\n<p>Los precios son claros: la suscripci\u00f3n web tendr\u00e1 un coste de 9,99 euros en el mes, mientras que la versi\u00f3n para\u00a0iOS\u00a0y Android ser\u00e1 de 12,99 euros mensuales. Es importante destacar que la tarifa inicial cubrir\u00e1 todas las cuentas vinculadas en el Centro de cuentas. Sin embargo, a partir del 1 de marzo de 2024, se aplicar\u00e1 una tarifa adicional de seis euros en el mes en la versi\u00f3n web y ocho euros en el mes en la versi\u00f3n para\u00a0iOS\u00a0y Android por cada cuenta adicional agregada.<\/p>\n<p>Adem\u00e1s, es esencial mencionar que estas suscripciones sin anuncios estar\u00e1n disponibles solo para usuarios mayores de 18 a\u00f1os. Meta ha manifestado su compromiso continuo con la exploraci\u00f3n de como ofrecer a los adolescentes una experiencia publicitaria \u00fatil y responsable, teniendo en cuenta el entorno regulador en constante evoluci\u00f3n.<\/p>\n<p>&nbsp;<\/p>\n<h4><strong>Qu\u00e9 obtienen los usuarios con estas suscripciones de pago?<\/strong><\/h4>\n<p>Meta ofrece la posibilidad de disfrutar de Facebook e instagram sin anuncios personalizados ni publicidad relevante. Sin embargo, aquellos que opten por no pagar no experimentar\u00e1n cambios significativos en su experiencia de uso, puesto que los anunciantes continuar\u00e1n ejecutando campa\u00f1as publicitarias personalizadas.<\/p>\n<p>En consecuencia, este paso de Meta marca un nuevo cap\u00edtulo en la relaci\u00f3n entre las redes sociales y sus usuarios a Europa, desafiando la tradicional gratuidad de estas plataformas con la introducci\u00f3n de opciones de suscripci\u00f3n. A medida que la compa\u00f1\u00eda se adapta a las demandas reguladoras, los usuarios se enfrentan a la decisi\u00f3n de continuar con la experiencia gratuita con anuncios o hacer el salto a una experiencia sin interrupciones, a un coste mensual. Sin duda, la evoluci\u00f3n digital contin\u00faa generando cambios significativos en el panorama de las redes sociales.<\/p>\n","protected":false},"excerpt":{"rendered":"<p>Meta lanza suscripciones sin anuncios en Facebook e Instagram: Un nuevo cap\u00edtulo para los usuarios europeos. As\u00ed que si tienes dudas, no te preocupes, a Media Needs te explicamos todo el que sabemos. Meta, la empresa detr\u00e1s de Facebook e instagram, ha oficializado sus planes de lanzar suscripciones sin publicidad a Europa. Este anuncio llega [&hellip;]<\/p>\n","protected":false},"author":1,"featured_media":17752,"comment_status":"closed","ping_status":"closed","sticky":false,"template":"","format":"standard","meta":{"_et_pb_use_builder":"","_et_pb_old_content":"","_et_gb_content_width":"","footnotes":""},"categories":[292,188,301,249,280,252,279],"tags":[],"class_list":["post-17754","post","type-post","status-publish","format-standard","has-post-thumbnail","hentry","category-blog-es-3-es","category-blog-es-4","category-blog-es-2-es","category-destacados","category-marketing","category-noticias","category-redes-sociales-3"],"yoast_head":"<!-- This site is optimized with the Yoast SEO plugin v27.4 - https:\/\/yoast.com\/product\/yoast-seo-wordpress\/ -->\n<title>Las nuevas suscripciones sin anuncios de Facebook e Instagram<\/title>\n<meta name=\"description\" content=\"Meta, la empresa detr\u00e1s de Facebook e instagram, ha oficializado sus planes de lanzar suscripciones sin publicidad a Europa.\" \/>\n<meta name=\"robots\" content=\"index, follow, max-snippet:-1, max-image-preview:large, max-video-preview:-1\" \/>\n<link rel=\"canonical\" href=\"https:\/\/medianeeds.es\/es\/las-nuevas-suscripciones-sin-anuncios-de-facebook-e-instagram\/\" \/>\n<meta property=\"og:locale\" content=\"es_ES\" \/>\n<meta property=\"og:type\" content=\"article\" \/>\n<meta property=\"og:title\" content=\"Las nuevas suscripciones sin anuncios de Facebook e Instagram\" \/>\n<meta property=\"og:description\" content=\"Meta, la empresa detr\u00e1s de Facebook e instagram, ha oficializado sus planes de lanzar suscripciones sin publicidad a Europa.\" \/>\n<meta property=\"og:url\" content=\"https:\/\/medianeeds.es\/es\/las-nuevas-suscripciones-sin-anuncios-de-facebook-e-instagram\/\" \/>\n<meta property=\"og:site_name\" content=\"M\u00e0rketing Reus | Media Needs Reus | Ag\u00e8ncia de publicitat Reus\" \/>\n<meta property=\"article:publisher\" content=\"https:\/\/www.facebook.com\/medianeeds.es\/\" \/>\n<meta property=\"article:published_time\" content=\"2023-10-26T09:24:54+00:00\" \/>\n<meta property=\"article:modified_time\" content=\"2023-11-10T08:31:13+00:00\" \/>\n<meta property=\"og:image\" content=\"https:\/\/medianeeds.es\/wp-content\/uploads\/2023\/11\/mano-presionando-pantalla-facebook-smartphone-scaled.jpg\" \/>\n\t<meta property=\"og:image:width\" content=\"2560\" \/>\n\t<meta property=\"og:image:height\" content=\"1363\" \/>\n\t<meta property=\"og:image:type\" content=\"image\/jpeg\" \/>\n<meta name=\"author\" content=\"Medianeeds\" \/>\n<meta name=\"twitter:label1\" content=\"Escrito por\" \/>\n\t<meta name=\"twitter:data1\" content=\"Medianeeds\" \/>\n\t<meta name=\"twitter:label2\" content=\"Tiempo de lectura\" \/>\n\t<meta name=\"twitter:data2\" content=\"3 minutos\" \/>\n<script type=\"application\/ld+json\" class=\"yoast-schema-graph\">{\"@context\":\"https:\\\/\\\/schema.org\",\"@graph\":[{\"@type\":\"Article\",\"@id\":\"https:\\\/\\\/medianeeds.es\\\/es\\\/las-nuevas-suscripciones-sin-anuncios-de-facebook-e-instagram\\\/#article\",\"isPartOf\":{\"@id\":\"https:\\\/\\\/medianeeds.es\\\/es\\\/las-nuevas-suscripciones-sin-anuncios-de-facebook-e-instagram\\\/\"},\"author\":{\"name\":\"Medianeeds\",\"@id\":\"https:\\\/\\\/medianeeds.es\\\/#\\\/schema\\\/person\\\/6a6f2f17f283df3eeb0946feebd2af79\"},\"headline\":\"Las nuevas suscripciones sin anuncios de Facebook e Instagram\",\"datePublished\":\"2023-10-26T09:24:54+00:00\",\"dateModified\":\"2023-11-10T08:31:13+00:00\",\"mainEntityOfPage\":{\"@id\":\"https:\\\/\\\/medianeeds.es\\\/es\\\/las-nuevas-suscripciones-sin-anuncios-de-facebook-e-instagram\\\/\"},\"wordCount\":544,\"publisher\":{\"@id\":\"https:\\\/\\\/medianeeds.es\\\/#organization\"},\"image\":{\"@id\":\"https:\\\/\\\/medianeeds.es\\\/es\\\/las-nuevas-suscripciones-sin-anuncios-de-facebook-e-instagram\\\/#primaryimage\"},\"thumbnailUrl\":\"https:\\\/\\\/medianeeds.es\\\/wp-content\\\/uploads\\\/2023\\\/11\\\/mano-presionando-pantalla-facebook-smartphone-scaled.jpg\",\"articleSection\":[\"Blog\",\"Blog\",\"Blog @Es\",\"Destacados\",\"M\u00e1rketing\",\"Noticias\",\"Redes Sociales\"],\"inLanguage\":\"es\"},{\"@type\":\"WebPage\",\"@id\":\"https:\\\/\\\/medianeeds.es\\\/es\\\/las-nuevas-suscripciones-sin-anuncios-de-facebook-e-instagram\\\/\",\"url\":\"https:\\\/\\\/medianeeds.es\\\/es\\\/las-nuevas-suscripciones-sin-anuncios-de-facebook-e-instagram\\\/\",\"name\":\"Las nuevas suscripciones sin anuncios de Facebook e Instagram\",\"isPartOf\":{\"@id\":\"https:\\\/\\\/medianeeds.es\\\/#website\"},\"primaryImageOfPage\":{\"@id\":\"https:\\\/\\\/medianeeds.es\\\/es\\\/las-nuevas-suscripciones-sin-anuncios-de-facebook-e-instagram\\\/#primaryimage\"},\"image\":{\"@id\":\"https:\\\/\\\/medianeeds.es\\\/es\\\/las-nuevas-suscripciones-sin-anuncios-de-facebook-e-instagram\\\/#primaryimage\"},\"thumbnailUrl\":\"https:\\\/\\\/medianeeds.es\\\/wp-content\\\/uploads\\\/2023\\\/11\\\/mano-presionando-pantalla-facebook-smartphone-scaled.jpg\",\"datePublished\":\"2023-10-26T09:24:54+00:00\",\"dateModified\":\"2023-11-10T08:31:13+00:00\",\"description\":\"Meta, la empresa detr\u00e1s de Facebook e instagram, ha oficializado sus planes de lanzar suscripciones sin publicidad a Europa.\",\"breadcrumb\":{\"@id\":\"https:\\\/\\\/medianeeds.es\\\/es\\\/las-nuevas-suscripciones-sin-anuncios-de-facebook-e-instagram\\\/#breadcrumb\"},\"inLanguage\":\"es\",\"potentialAction\":[{\"@type\":\"ReadAction\",\"target\":[\"https:\\\/\\\/medianeeds.es\\\/es\\\/las-nuevas-suscripciones-sin-anuncios-de-facebook-e-instagram\\\/\"]}]},{\"@type\":\"ImageObject\",\"inLanguage\":\"es\",\"@id\":\"https:\\\/\\\/medianeeds.es\\\/es\\\/las-nuevas-suscripciones-sin-anuncios-de-facebook-e-instagram\\\/#primaryimage\",\"url\":\"https:\\\/\\\/medianeeds.es\\\/wp-content\\\/uploads\\\/2023\\\/11\\\/mano-presionando-pantalla-facebook-smartphone-scaled.jpg\",\"contentUrl\":\"https:\\\/\\\/medianeeds.es\\\/wp-content\\\/uploads\\\/2023\\\/11\\\/mano-presionando-pantalla-facebook-smartphone-scaled.jpg\",\"width\":2560,\"height\":1363,\"caption\":\"Bangkok, Thailand - September 23, 2020 : Hand is pressing the Facebook screen on apple iphone 11, Social media are using for information sharing and networking.\"},{\"@type\":\"BreadcrumbList\",\"@id\":\"https:\\\/\\\/medianeeds.es\\\/es\\\/las-nuevas-suscripciones-sin-anuncios-de-facebook-e-instagram\\\/#breadcrumb\",\"itemListElement\":[{\"@type\":\"ListItem\",\"position\":1,\"name\":\"Portada\",\"item\":\"https:\\\/\\\/medianeeds.es\\\/\"},{\"@type\":\"ListItem\",\"position\":2,\"name\":\"Las nuevas suscripciones sin anuncios de Facebook e Instagram\"}]},{\"@type\":\"WebSite\",\"@id\":\"https:\\\/\\\/medianeeds.es\\\/#website\",\"url\":\"https:\\\/\\\/medianeeds.es\\\/\",\"name\":\"M\u00e0rketing Reus | Media Needs Reus | Ag\u00e8ncia de publicitat Reus\",\"description\":\"MediaNeeds \u00e9s una empresa especialitzada en serveis integrals de publicitat, m\u00e0rqueting on-line i community manager a Reus, Tarragona\",\"publisher\":{\"@id\":\"https:\\\/\\\/medianeeds.es\\\/#organization\"},\"alternateName\":\"Media Needs\",\"potentialAction\":[{\"@type\":\"SearchAction\",\"target\":{\"@type\":\"EntryPoint\",\"urlTemplate\":\"https:\\\/\\\/medianeeds.es\\\/?s={search_term_string}\"},\"query-input\":{\"@type\":\"PropertyValueSpecification\",\"valueRequired\":true,\"valueName\":\"search_term_string\"}}],\"inLanguage\":\"es\"},{\"@type\":\"Organization\",\"@id\":\"https:\\\/\\\/medianeeds.es\\\/#organization\",\"name\":\"M\u00e0rketing Reus | Media Needs Reus | Ag\u00e8ncia de publicitat Reus\",\"alternateName\":\"Media Needs\",\"url\":\"https:\\\/\\\/medianeeds.es\\\/\",\"logo\":{\"@type\":\"ImageObject\",\"inLanguage\":\"es\",\"@id\":\"https:\\\/\\\/medianeeds.es\\\/#\\\/schema\\\/logo\\\/image\\\/\",\"url\":\"https:\\\/\\\/medianeeds.es\\\/wp-content\\\/uploads\\\/2024\\\/06\\\/COLOR_Mesa-de-trabajo-1-copia.png\",\"contentUrl\":\"https:\\\/\\\/medianeeds.es\\\/wp-content\\\/uploads\\\/2024\\\/06\\\/COLOR_Mesa-de-trabajo-1-copia.png\",\"width\":470,\"height\":226,\"caption\":\"M\u00e0rketing Reus | Media Needs Reus | Ag\u00e8ncia de publicitat Reus\"},\"image\":{\"@id\":\"https:\\\/\\\/medianeeds.es\\\/#\\\/schema\\\/logo\\\/image\\\/\"},\"sameAs\":[\"https:\\\/\\\/www.facebook.com\\\/medianeeds.es\\\/\",\"https:\\\/\\\/x.com\\\/media_needs\",\"https:\\\/\\\/www.instagram.com\\\/medianeeds\\\/?hl=es\"]},{\"@type\":\"Person\",\"@id\":\"https:\\\/\\\/medianeeds.es\\\/#\\\/schema\\\/person\\\/6a6f2f17f283df3eeb0946feebd2af79\",\"name\":\"Medianeeds\",\"image\":{\"@type\":\"ImageObject\",\"inLanguage\":\"es\",\"@id\":\"https:\\\/\\\/secure.gravatar.com\\\/avatar\\\/442251953f111b43a4668103c7b7c09aa35690e525473fb0bb9db0681ee9c0c3?s=96&d=mm&r=g\",\"url\":\"https:\\\/\\\/secure.gravatar.com\\\/avatar\\\/442251953f111b43a4668103c7b7c09aa35690e525473fb0bb9db0681ee9c0c3?s=96&d=mm&r=g\",\"contentUrl\":\"https:\\\/\\\/secure.gravatar.com\\\/avatar\\\/442251953f111b43a4668103c7b7c09aa35690e525473fb0bb9db0681ee9c0c3?s=96&d=mm&r=g\",\"caption\":\"Medianeeds\"},\"url\":\"https:\\\/\\\/medianeeds.es\\\/es\\\/author\\\/medianeeds\\\/\"}]}<\/script>\n<!-- \/ Yoast SEO plugin. -->","yoast_head_json":{"title":"Las nuevas suscripciones sin anuncios de Facebook e Instagram","description":"Meta, la empresa detr\u00e1s de Facebook e instagram, ha oficializado sus planes de lanzar suscripciones sin publicidad a Europa.","robots":{"index":"index","follow":"follow","max-snippet":"max-snippet:-1","max-image-preview":"max-image-preview:large","max-video-preview":"max-video-preview:-1"},"canonical":"https:\/\/medianeeds.es\/es\/las-nuevas-suscripciones-sin-anuncios-de-facebook-e-instagram\/","og_locale":"es_ES","og_type":"article","og_title":"Las nuevas suscripciones sin anuncios de Facebook e Instagram","og_description":"Meta, la empresa detr\u00e1s de Facebook e instagram, ha oficializado sus planes de lanzar suscripciones sin publicidad a Europa.","og_url":"https:\/\/medianeeds.es\/es\/las-nuevas-suscripciones-sin-anuncios-de-facebook-e-instagram\/","og_site_name":"M\u00e0rketing Reus | Media Needs Reus | Ag\u00e8ncia de publicitat Reus","article_publisher":"https:\/\/www.facebook.com\/medianeeds.es\/","article_published_time":"2023-10-26T09:24:54+00:00","article_modified_time":"2023-11-10T08:31:13+00:00","og_image":[{"width":2560,"height":1363,"url":"https:\/\/medianeeds.es\/wp-content\/uploads\/2023\/11\/mano-presionando-pantalla-facebook-smartphone-scaled.jpg","type":"image\/jpeg"}],"author":"Medianeeds","twitter_misc":{"Escrito por":"Medianeeds","Tiempo de lectura":"3 minutos"},"schema":{"@context":"https:\/\/schema.org","@graph":[{"@type":"Article","@id":"https:\/\/medianeeds.es\/es\/las-nuevas-suscripciones-sin-anuncios-de-facebook-e-instagram\/#article","isPartOf":{"@id":"https:\/\/medianeeds.es\/es\/las-nuevas-suscripciones-sin-anuncios-de-facebook-e-instagram\/"},"author":{"name":"Medianeeds","@id":"https:\/\/medianeeds.es\/#\/schema\/person\/6a6f2f17f283df3eeb0946feebd2af79"},"headline":"Las nuevas suscripciones sin anuncios de Facebook e Instagram","datePublished":"2023-10-26T09:24:54+00:00","dateModified":"2023-11-10T08:31:13+00:00","mainEntityOfPage":{"@id":"https:\/\/medianeeds.es\/es\/las-nuevas-suscripciones-sin-anuncios-de-facebook-e-instagram\/"},"wordCount":544,"publisher":{"@id":"https:\/\/medianeeds.es\/#organization"},"image":{"@id":"https:\/\/medianeeds.es\/es\/las-nuevas-suscripciones-sin-anuncios-de-facebook-e-instagram\/#primaryimage"},"thumbnailUrl":"https:\/\/medianeeds.es\/wp-content\/uploads\/2023\/11\/mano-presionando-pantalla-facebook-smartphone-scaled.jpg","articleSection":["Blog","Blog","Blog @Es","Destacados","M\u00e1rketing","Noticias","Redes Sociales"],"inLanguage":"es"},{"@type":"WebPage","@id":"https:\/\/medianeeds.es\/es\/las-nuevas-suscripciones-sin-anuncios-de-facebook-e-instagram\/","url":"https:\/\/medianeeds.es\/es\/las-nuevas-suscripciones-sin-anuncios-de-facebook-e-instagram\/","name":"Las nuevas suscripciones sin anuncios de Facebook e Instagram","isPartOf":{"@id":"https:\/\/medianeeds.es\/#website"},"primaryImageOfPage":{"@id":"https:\/\/medianeeds.es\/es\/las-nuevas-suscripciones-sin-anuncios-de-facebook-e-instagram\/#primaryimage"},"image":{"@id":"https:\/\/medianeeds.es\/es\/las-nuevas-suscripciones-sin-anuncios-de-facebook-e-instagram\/#primaryimage"},"thumbnailUrl":"https:\/\/medianeeds.es\/wp-content\/uploads\/2023\/11\/mano-presionando-pantalla-facebook-smartphone-scaled.jpg","datePublished":"2023-10-26T09:24:54+00:00","dateModified":"2023-11-10T08:31:13+00:00","description":"Meta, la empresa detr\u00e1s de Facebook e instagram, ha oficializado sus planes de lanzar suscripciones sin publicidad a Europa.","breadcrumb":{"@id":"https:\/\/medianeeds.es\/es\/las-nuevas-suscripciones-sin-anuncios-de-facebook-e-instagram\/#breadcrumb"},"inLanguage":"es","potentialAction":[{"@type":"ReadAction","target":["https:\/\/medianeeds.es\/es\/las-nuevas-suscripciones-sin-anuncios-de-facebook-e-instagram\/"]}]},{"@type":"ImageObject","inLanguage":"es","@id":"https:\/\/medianeeds.es\/es\/las-nuevas-suscripciones-sin-anuncios-de-facebook-e-instagram\/#primaryimage","url":"https:\/\/medianeeds.es\/wp-content\/uploads\/2023\/11\/mano-presionando-pantalla-facebook-smartphone-scaled.jpg","contentUrl":"https:\/\/medianeeds.es\/wp-content\/uploads\/2023\/11\/mano-presionando-pantalla-facebook-smartphone-scaled.jpg","width":2560,"height":1363,"caption":"Bangkok, Thailand - September 23, 2020 : Hand is pressing the Facebook screen on apple iphone 11, Social media are using for information sharing and networking."},{"@type":"BreadcrumbList","@id":"https:\/\/medianeeds.es\/es\/las-nuevas-suscripciones-sin-anuncios-de-facebook-e-instagram\/#breadcrumb","itemListElement":[{"@type":"ListItem","position":1,"name":"Portada","item":"https:\/\/medianeeds.es\/"},{"@type":"ListItem","position":2,"name":"Las nuevas suscripciones sin anuncios de Facebook e Instagram"}]},{"@type":"WebSite","@id":"https:\/\/medianeeds.es\/#website","url":"https:\/\/medianeeds.es\/","name":"M\u00e0rketing Reus | Media Needs Reus | Ag\u00e8ncia de publicitat Reus","description":"MediaNeeds \u00e9s una empresa especialitzada en serveis integrals de publicitat, m\u00e0rqueting on-line i community manager a Reus, Tarragona","publisher":{"@id":"https:\/\/medianeeds.es\/#organization"},"alternateName":"Media Needs","potentialAction":[{"@type":"SearchAction","target":{"@type":"EntryPoint","urlTemplate":"https:\/\/medianeeds.es\/?s={search_term_string}"},"query-input":{"@type":"PropertyValueSpecification","valueRequired":true,"valueName":"search_term_string"}}],"inLanguage":"es"},{"@type":"Organization","@id":"https:\/\/medianeeds.es\/#organization","name":"M\u00e0rketing Reus | Media Needs Reus | Ag\u00e8ncia de publicitat Reus","alternateName":"Media Needs","url":"https:\/\/medianeeds.es\/","logo":{"@type":"ImageObject","inLanguage":"es","@id":"https:\/\/medianeeds.es\/#\/schema\/logo\/image\/","url":"https:\/\/medianeeds.es\/wp-content\/uploads\/2024\/06\/COLOR_Mesa-de-trabajo-1-copia.png","contentUrl":"https:\/\/medianeeds.es\/wp-content\/uploads\/2024\/06\/COLOR_Mesa-de-trabajo-1-copia.png","width":470,"height":226,"caption":"M\u00e0rketing Reus | Media Needs Reus | Ag\u00e8ncia de publicitat Reus"},"image":{"@id":"https:\/\/medianeeds.es\/#\/schema\/logo\/image\/"},"sameAs":["https:\/\/www.facebook.com\/medianeeds.es\/","https:\/\/x.com\/media_needs","https:\/\/www.instagram.com\/medianeeds\/?hl=es"]},{"@type":"Person","@id":"https:\/\/medianeeds.es\/#\/schema\/person\/6a6f2f17f283df3eeb0946feebd2af79","name":"Medianeeds","image":{"@type":"ImageObject","inLanguage":"es","@id":"https:\/\/secure.gravatar.com\/avatar\/442251953f111b43a4668103c7b7c09aa35690e525473fb0bb9db0681ee9c0c3?s=96&d=mm&r=g","url":"https:\/\/secure.gravatar.com\/avatar\/442251953f111b43a4668103c7b7c09aa35690e525473fb0bb9db0681ee9c0c3?s=96&d=mm&r=g","contentUrl":"https:\/\/secure.gravatar.com\/avatar\/442251953f111b43a4668103c7b7c09aa35690e525473fb0bb9db0681ee9c0c3?s=96&d=mm&r=g","caption":"Medianeeds"},"url":"https:\/\/medianeeds.es\/es\/author\/medianeeds\/"}]}},"_links":{"self":[{"href":"https:\/\/medianeeds.es\/es\/wp-json\/wp\/v2\/posts\/17754","targetHints":{"allow":["GET"]}}],"collection":[{"href":"https:\/\/medianeeds.es\/es\/wp-json\/wp\/v2\/posts"}],"about":[{"href":"https:\/\/medianeeds.es\/es\/wp-json\/wp\/v2\/types\/post"}],"author":[{"embeddable":true,"href":"https:\/\/medianeeds.es\/es\/wp-json\/wp\/v2\/users\/1"}],"replies":[{"embeddable":true,"href":"https:\/\/medianeeds.es\/es\/wp-json\/wp\/v2\/comments?post=17754"}],"version-history":[{"count":1,"href":"https:\/\/medianeeds.es\/es\/wp-json\/wp\/v2\/posts\/17754\/revisions"}],"predecessor-version":[{"id":17755,"href":"https:\/\/medianeeds.es\/es\/wp-json\/wp\/v2\/posts\/17754\/revisions\/17755"}],"wp:featuredmedia":[{"embeddable":true,"href":"https:\/\/medianeeds.es\/es\/wp-json\/wp\/v2\/media\/17752"}],"wp:attachment":[{"href":"https:\/\/medianeeds.es\/es\/wp-json\/wp\/v2\/media?parent=17754"}],"wp:term":[{"taxonomy":"category","embeddable":true,"href":"https:\/\/medianeeds.es\/es\/wp-json\/wp\/v2\/categories?post=17754"},{"taxonomy":"post_tag","embeddable":true,"href":"https:\/\/medianeeds.es\/es\/wp-json\/wp\/v2\/tags?post=17754"}],"curies":[{"name":"wp","href":"https:\/\/api.w.org\/{rel}","templated":true}]}}