{"id":17746,"date":"2023-10-09T08:21:51","date_gmt":"2023-10-09T08:21:51","guid":{"rendered":"https:\/\/medianeeds.es\/?p=17746"},"modified":"2023-11-14T15:45:50","modified_gmt":"2023-11-14T15:45:50","slug":"tips-para-estimular-nuestro-pensamiento-creativo","status":"publish","type":"post","link":"https:\/\/medianeeds.es\/es\/tips-para-estimular-nuestro-pensamiento-creativo\/","title":{"rendered":"\u00bfC\u00d3MO ESTIMULAR NUESTRO PENSAMIENTO CREATIVO A LA HORA DE GENERAR CONTENIDO?"},"content":{"rendered":"<h5><strong>Estimular el pensamiento creativo es clave a la hora de generar contenido. Potenciar nuestra creatividad va a facilitar nuestro trabajo a la hora de crear im\u00e1genes corporativas, realizar sesiones de fotograf\u00eda o v\u00eddeo e idear spots publicitarios.<\/strong><\/h5>\n<p>Pensamiento creativo. Por eso, en la publicaci\u00f3n de hoy, vamos a hablar de ello para analizar c\u00f3mo podemos aplicarlo a nuestras estrategias de comunicaci\u00f3n y social media para que se diferencien de la competencia.<\/p>\n<p>Para empezar, cambiar nuestras rutinas va a contribuir a acrecentar nuestra curiosidad y aumentar, as\u00ed, nuestra originalidad e innovaci\u00f3n.<\/p>\n<p><strong>Tu visi\u00f3n art\u00edstica va a crecer si incorporas a tu d\u00eda a d\u00eda nuevos h\u00e1bitos.<\/strong> Consumir arte inspira. Escuchar m\u00fasica (e incluso mover el cuerpo a su ritmo) puede servirnos para desarrollar nuestra capacidad creativa. Visitar galer\u00edas o museos enriquece. Leyendo descubrimos diferentes maneras de narrar y aprendemos palabras nuevas.<\/p>\n<p><strong>Desconectar va ayudarte a reconectar. <\/strong>Despu\u00e9s de momentos de desconexi\u00f3n (o de cambiar lo que estamos haciendo) es m\u00e1s f\u00e1cil trabajar desde otro punto de vista. Asimismo, practicar alg\u00fan deporte o hacer ejercicio va ayudar a liberar tu mente y a darle espacio a nuevas ideas.<\/p>\n<p><strong>D\u00e9jate influir por el entorno. <\/strong>Observar nuestro ambiente o contexto alimenta nuestra capacidad de crear. Las ideas, a menudo, surgen cuando no las estas buscando. Anotarlas en una libreta o en la aplicaci\u00f3n de notas de tu m\u00f3vil va a favorecer que no se pierdan.<\/p>\n<h4><strong>Aprovecha las infinitas posibilidades de internet. <\/strong><\/h4>\n<p>Seguir blogs o podcasts que traten sobre temas de tu inter\u00e9s o tantear nuevas apps o herramientas va a agrandar tu conocimiento y, por lo tanto, va a impulsar tu imaginaci\u00f3n.<\/p>\n<p>Entonces, ya podr\u00e1s aplicarlo en el \u00e1mbito profesional. Para producir contenidos frescos y originales, el <strong>brainstorming o lluvia de ideas<\/strong> es un m\u00e9todo muy valioso que fomenta la participaci\u00f3n y colaboraci\u00f3n entre profesionales. Se basa en la aportaci\u00f3n de sugerencias y la escucha activa de diferentes posiciones. Las ideas surgen y prosperan gracias a la suma de puntos de vista. Del mismo modo, con el <strong>m\u00e9todo SCAMPER<\/strong>, vas a encontrar respuestas a los problemas y retos sustituyendo o combinando sus elementos, modific\u00e1ndolos o elimin\u00e1ndolos y proponiendo otros usos. De esta manera, vas a encontrar alternativas de soluci\u00f3n.<\/p>\n<p>En <a href=\"https:\/\/medianeeds.es\/serveis-media-needs\/\">Media Needs<\/a> nos aplicamos el cuento y siempre buscamos ejercitar nuestra inventiva. Si t\u00fa tambi\u00e9n quieres hacerlo, nosotros podemos ayudarte para que tu negocio se muestre al mundo de otra manera.<\/p>\n","protected":false},"excerpt":{"rendered":"<p>Estimular el pensamiento creativo es clave a la hora de generar contenido. Potenciar nuestra creatividad va a facilitar nuestro trabajo a la hora de crear im\u00e1genes corporativas, realizar sesiones de fotograf\u00eda o v\u00eddeo e idear spots publicitarios. Pensamiento creativo. Por eso, en la publicaci\u00f3n de hoy, vamos a hablar de ello para analizar c\u00f3mo podemos [&hellip;]<\/p>\n","protected":false},"author":1,"featured_media":17744,"comment_status":"closed","ping_status":"closed","sticky":false,"template":"","format":"standard","meta":{"_et_pb_use_builder":"","_et_pb_old_content":"","_et_gb_content_width":"","footnotes":""},"categories":[188,292,291,252,11],"tags":[],"class_list":["post-17746","post","type-post","status-publish","format-standard","has-post-thumbnail","hentry","category-blog-es-4","category-blog-es-3-es","category-destacats-es","category-noticias","category-noticies"],"yoast_head":"<!-- This site is optimized with the Yoast SEO plugin v27.4 - https:\/\/yoast.com\/product\/yoast-seo-wordpress\/ -->\n<title>TIPS para estimular nuestro pensamiento creativo<\/title>\n<meta name=\"description\" content=\"Estimular el pensamiento creativo es clave a la hora de generar contenido. Potenciar nuestra creatividad va a facilitar nuestro trabajo.\" \/>\n<meta name=\"robots\" content=\"index, follow, max-snippet:-1, max-image-preview:large, max-video-preview:-1\" \/>\n<link rel=\"canonical\" href=\"https:\/\/medianeeds.es\/com-estimular-el-nostre-pensament-creatiu-a-lhora-de-generar-contingut\/\" \/>\n<meta property=\"og:locale\" content=\"es_ES\" \/>\n<meta property=\"og:type\" content=\"article\" \/>\n<meta property=\"og:title\" content=\"TIPS para estimular nuestro pensamiento creativo\" \/>\n<meta property=\"og:description\" content=\"Estimular el pensamiento creativo es clave a la hora de generar contenido. Potenciar nuestra creatividad va a facilitar nuestro trabajo.\" \/>\n<meta property=\"og:url\" content=\"https:\/\/medianeeds.es\/com-estimular-el-nostre-pensament-creatiu-a-lhora-de-generar-contingut\/\" \/>\n<meta property=\"og:site_name\" content=\"M\u00e0rketing Reus | Media Needs Reus | Ag\u00e8ncia de publicitat Reus\" \/>\n<meta property=\"article:publisher\" content=\"https:\/\/www.facebook.com\/medianeeds.es\/\" \/>\n<meta property=\"article:published_time\" content=\"2023-10-09T08:21:51+00:00\" \/>\n<meta property=\"article:modified_time\" content=\"2023-11-14T15:45:50+00:00\" \/>\n<meta property=\"og:image\" content=\"https:\/\/medianeeds.es\/wp-content\/uploads\/2023\/11\/primer-plano-persona-que-toca-dedo-bombilla-dibujada-sobre-nota-adhesiva-scaled.jpg\" \/>\n\t<meta property=\"og:image:width\" content=\"2560\" \/>\n\t<meta property=\"og:image:height\" content=\"1707\" \/>\n\t<meta property=\"og:image:type\" content=\"image\/jpeg\" \/>\n<meta name=\"author\" content=\"Medianeeds\" \/>\n<meta name=\"twitter:label1\" content=\"Escrito por\" \/>\n\t<meta name=\"twitter:data1\" content=\"Medianeeds\" \/>\n\t<meta name=\"twitter:label2\" content=\"Tiempo de lectura\" \/>\n\t<meta name=\"twitter:data2\" content=\"2 minutos\" \/>\n<script type=\"application\/ld+json\" class=\"yoast-schema-graph\">{\"@context\":\"https:\\\/\\\/schema.org\",\"@graph\":[{\"@type\":\"Article\",\"@id\":\"https:\\\/\\\/medianeeds.es\\\/com-estimular-el-nostre-pensament-creatiu-a-lhora-de-generar-contingut\\\/#article\",\"isPartOf\":{\"@id\":\"https:\\\/\\\/medianeeds.es\\\/com-estimular-el-nostre-pensament-creatiu-a-lhora-de-generar-contingut\\\/\"},\"author\":{\"name\":\"Medianeeds\",\"@id\":\"https:\\\/\\\/medianeeds.es\\\/#\\\/schema\\\/person\\\/6a6f2f17f283df3eeb0946feebd2af79\"},\"headline\":\"\u00bfC\u00d3MO ESTIMULAR NUESTRO PENSAMIENTO CREATIVO A LA HORA DE GENERAR CONTENIDO?\",\"datePublished\":\"2023-10-09T08:21:51+00:00\",\"dateModified\":\"2023-11-14T15:45:50+00:00\",\"mainEntityOfPage\":{\"@id\":\"https:\\\/\\\/medianeeds.es\\\/com-estimular-el-nostre-pensament-creatiu-a-lhora-de-generar-contingut\\\/\"},\"wordCount\":443,\"publisher\":{\"@id\":\"https:\\\/\\\/medianeeds.es\\\/#organization\"},\"image\":{\"@id\":\"https:\\\/\\\/medianeeds.es\\\/com-estimular-el-nostre-pensament-creatiu-a-lhora-de-generar-contingut\\\/#primaryimage\"},\"thumbnailUrl\":\"https:\\\/\\\/medianeeds.es\\\/wp-content\\\/uploads\\\/2023\\\/11\\\/primer-plano-persona-que-toca-dedo-bombilla-dibujada-sobre-nota-adhesiva-scaled.jpg\",\"articleSection\":[\"Blog\",\"Blog\",\"Destacats\",\"Noticias\",\"Not\u00edcies\"],\"inLanguage\":\"es\"},{\"@type\":\"WebPage\",\"@id\":\"https:\\\/\\\/medianeeds.es\\\/com-estimular-el-nostre-pensament-creatiu-a-lhora-de-generar-contingut\\\/\",\"url\":\"https:\\\/\\\/medianeeds.es\\\/com-estimular-el-nostre-pensament-creatiu-a-lhora-de-generar-contingut\\\/\",\"name\":\"TIPS para estimular nuestro pensamiento creativo\",\"isPartOf\":{\"@id\":\"https:\\\/\\\/medianeeds.es\\\/#website\"},\"primaryImageOfPage\":{\"@id\":\"https:\\\/\\\/medianeeds.es\\\/com-estimular-el-nostre-pensament-creatiu-a-lhora-de-generar-contingut\\\/#primaryimage\"},\"image\":{\"@id\":\"https:\\\/\\\/medianeeds.es\\\/com-estimular-el-nostre-pensament-creatiu-a-lhora-de-generar-contingut\\\/#primaryimage\"},\"thumbnailUrl\":\"https:\\\/\\\/medianeeds.es\\\/wp-content\\\/uploads\\\/2023\\\/11\\\/primer-plano-persona-que-toca-dedo-bombilla-dibujada-sobre-nota-adhesiva-scaled.jpg\",\"datePublished\":\"2023-10-09T08:21:51+00:00\",\"dateModified\":\"2023-11-14T15:45:50+00:00\",\"description\":\"Estimular el pensamiento creativo es clave a la hora de generar contenido. Potenciar nuestra creatividad va a facilitar nuestro trabajo.\",\"breadcrumb\":{\"@id\":\"https:\\\/\\\/medianeeds.es\\\/com-estimular-el-nostre-pensament-creatiu-a-lhora-de-generar-contingut\\\/#breadcrumb\"},\"inLanguage\":\"es\",\"potentialAction\":[{\"@type\":\"ReadAction\",\"target\":[\"https:\\\/\\\/medianeeds.es\\\/com-estimular-el-nostre-pensament-creatiu-a-lhora-de-generar-contingut\\\/\"]}]},{\"@type\":\"ImageObject\",\"inLanguage\":\"es\",\"@id\":\"https:\\\/\\\/medianeeds.es\\\/com-estimular-el-nostre-pensament-creatiu-a-lhora-de-generar-contingut\\\/#primaryimage\",\"url\":\"https:\\\/\\\/medianeeds.es\\\/wp-content\\\/uploads\\\/2023\\\/11\\\/primer-plano-persona-que-toca-dedo-bombilla-dibujada-sobre-nota-adhesiva-scaled.jpg\",\"contentUrl\":\"https:\\\/\\\/medianeeds.es\\\/wp-content\\\/uploads\\\/2023\\\/11\\\/primer-plano-persona-que-toca-dedo-bombilla-dibujada-sobre-nota-adhesiva-scaled.jpg\",\"width\":2560,\"height\":1707,\"caption\":\"pensament creatiu\"},{\"@type\":\"BreadcrumbList\",\"@id\":\"https:\\\/\\\/medianeeds.es\\\/com-estimular-el-nostre-pensament-creatiu-a-lhora-de-generar-contingut\\\/#breadcrumb\",\"itemListElement\":[{\"@type\":\"ListItem\",\"position\":1,\"name\":\"Portada\",\"item\":\"https:\\\/\\\/medianeeds.es\\\/\"},{\"@type\":\"ListItem\",\"position\":2,\"name\":\"\u00bfC\u00d3MO ESTIMULAR NUESTRO PENSAMIENTO CREATIVO A LA HORA DE GENERAR CONTENIDO?\"}]},{\"@type\":\"WebSite\",\"@id\":\"https:\\\/\\\/medianeeds.es\\\/#website\",\"url\":\"https:\\\/\\\/medianeeds.es\\\/\",\"name\":\"M\u00e0rketing Reus | Media Needs Reus | Ag\u00e8ncia de publicitat Reus\",\"description\":\"MediaNeeds \u00e9s una empresa especialitzada en serveis integrals de publicitat, m\u00e0rqueting on-line i community manager a Reus, Tarragona\",\"publisher\":{\"@id\":\"https:\\\/\\\/medianeeds.es\\\/#organization\"},\"alternateName\":\"Media Needs\",\"potentialAction\":[{\"@type\":\"SearchAction\",\"target\":{\"@type\":\"EntryPoint\",\"urlTemplate\":\"https:\\\/\\\/medianeeds.es\\\/?s={search_term_string}\"},\"query-input\":{\"@type\":\"PropertyValueSpecification\",\"valueRequired\":true,\"valueName\":\"search_term_string\"}}],\"inLanguage\":\"es\"},{\"@type\":\"Organization\",\"@id\":\"https:\\\/\\\/medianeeds.es\\\/#organization\",\"name\":\"M\u00e0rketing Reus | Media Needs Reus | Ag\u00e8ncia de publicitat Reus\",\"alternateName\":\"Media Needs\",\"url\":\"https:\\\/\\\/medianeeds.es\\\/\",\"logo\":{\"@type\":\"ImageObject\",\"inLanguage\":\"es\",\"@id\":\"https:\\\/\\\/medianeeds.es\\\/#\\\/schema\\\/logo\\\/image\\\/\",\"url\":\"https:\\\/\\\/medianeeds.es\\\/wp-content\\\/uploads\\\/2024\\\/06\\\/COLOR_Mesa-de-trabajo-1-copia.png\",\"contentUrl\":\"https:\\\/\\\/medianeeds.es\\\/wp-content\\\/uploads\\\/2024\\\/06\\\/COLOR_Mesa-de-trabajo-1-copia.png\",\"width\":470,\"height\":226,\"caption\":\"M\u00e0rketing Reus | Media Needs Reus | Ag\u00e8ncia de publicitat Reus\"},\"image\":{\"@id\":\"https:\\\/\\\/medianeeds.es\\\/#\\\/schema\\\/logo\\\/image\\\/\"},\"sameAs\":[\"https:\\\/\\\/www.facebook.com\\\/medianeeds.es\\\/\",\"https:\\\/\\\/x.com\\\/media_needs\",\"https:\\\/\\\/www.instagram.com\\\/medianeeds\\\/?hl=es\"]},{\"@type\":\"Person\",\"@id\":\"https:\\\/\\\/medianeeds.es\\\/#\\\/schema\\\/person\\\/6a6f2f17f283df3eeb0946feebd2af79\",\"name\":\"Medianeeds\",\"image\":{\"@type\":\"ImageObject\",\"inLanguage\":\"es\",\"@id\":\"https:\\\/\\\/secure.gravatar.com\\\/avatar\\\/442251953f111b43a4668103c7b7c09aa35690e525473fb0bb9db0681ee9c0c3?s=96&d=mm&r=g\",\"url\":\"https:\\\/\\\/secure.gravatar.com\\\/avatar\\\/442251953f111b43a4668103c7b7c09aa35690e525473fb0bb9db0681ee9c0c3?s=96&d=mm&r=g\",\"contentUrl\":\"https:\\\/\\\/secure.gravatar.com\\\/avatar\\\/442251953f111b43a4668103c7b7c09aa35690e525473fb0bb9db0681ee9c0c3?s=96&d=mm&r=g\",\"caption\":\"Medianeeds\"},\"url\":\"https:\\\/\\\/medianeeds.es\\\/es\\\/author\\\/medianeeds\\\/\"}]}<\/script>\n<!-- \/ Yoast SEO plugin. -->","yoast_head_json":{"title":"TIPS para estimular nuestro pensamiento creativo","description":"Estimular el pensamiento creativo es clave a la hora de generar contenido. Potenciar nuestra creatividad va a facilitar nuestro trabajo.","robots":{"index":"index","follow":"follow","max-snippet":"max-snippet:-1","max-image-preview":"max-image-preview:large","max-video-preview":"max-video-preview:-1"},"canonical":"https:\/\/medianeeds.es\/com-estimular-el-nostre-pensament-creatiu-a-lhora-de-generar-contingut\/","og_locale":"es_ES","og_type":"article","og_title":"TIPS para estimular nuestro pensamiento creativo","og_description":"Estimular el pensamiento creativo es clave a la hora de generar contenido. Potenciar nuestra creatividad va a facilitar nuestro trabajo.","og_url":"https:\/\/medianeeds.es\/com-estimular-el-nostre-pensament-creatiu-a-lhora-de-generar-contingut\/","og_site_name":"M\u00e0rketing Reus | Media Needs Reus | Ag\u00e8ncia de publicitat Reus","article_publisher":"https:\/\/www.facebook.com\/medianeeds.es\/","article_published_time":"2023-10-09T08:21:51+00:00","article_modified_time":"2023-11-14T15:45:50+00:00","og_image":[{"width":2560,"height":1707,"url":"https:\/\/medianeeds.es\/wp-content\/uploads\/2023\/11\/primer-plano-persona-que-toca-dedo-bombilla-dibujada-sobre-nota-adhesiva-scaled.jpg","type":"image\/jpeg"}],"author":"Medianeeds","twitter_misc":{"Escrito por":"Medianeeds","Tiempo de lectura":"2 minutos"},"schema":{"@context":"https:\/\/schema.org","@graph":[{"@type":"Article","@id":"https:\/\/medianeeds.es\/com-estimular-el-nostre-pensament-creatiu-a-lhora-de-generar-contingut\/#article","isPartOf":{"@id":"https:\/\/medianeeds.es\/com-estimular-el-nostre-pensament-creatiu-a-lhora-de-generar-contingut\/"},"author":{"name":"Medianeeds","@id":"https:\/\/medianeeds.es\/#\/schema\/person\/6a6f2f17f283df3eeb0946feebd2af79"},"headline":"\u00bfC\u00d3MO ESTIMULAR NUESTRO PENSAMIENTO CREATIVO A LA HORA DE GENERAR CONTENIDO?","datePublished":"2023-10-09T08:21:51+00:00","dateModified":"2023-11-14T15:45:50+00:00","mainEntityOfPage":{"@id":"https:\/\/medianeeds.es\/com-estimular-el-nostre-pensament-creatiu-a-lhora-de-generar-contingut\/"},"wordCount":443,"publisher":{"@id":"https:\/\/medianeeds.es\/#organization"},"image":{"@id":"https:\/\/medianeeds.es\/com-estimular-el-nostre-pensament-creatiu-a-lhora-de-generar-contingut\/#primaryimage"},"thumbnailUrl":"https:\/\/medianeeds.es\/wp-content\/uploads\/2023\/11\/primer-plano-persona-que-toca-dedo-bombilla-dibujada-sobre-nota-adhesiva-scaled.jpg","articleSection":["Blog","Blog","Destacats","Noticias","Not\u00edcies"],"inLanguage":"es"},{"@type":"WebPage","@id":"https:\/\/medianeeds.es\/com-estimular-el-nostre-pensament-creatiu-a-lhora-de-generar-contingut\/","url":"https:\/\/medianeeds.es\/com-estimular-el-nostre-pensament-creatiu-a-lhora-de-generar-contingut\/","name":"TIPS para estimular nuestro pensamiento creativo","isPartOf":{"@id":"https:\/\/medianeeds.es\/#website"},"primaryImageOfPage":{"@id":"https:\/\/medianeeds.es\/com-estimular-el-nostre-pensament-creatiu-a-lhora-de-generar-contingut\/#primaryimage"},"image":{"@id":"https:\/\/medianeeds.es\/com-estimular-el-nostre-pensament-creatiu-a-lhora-de-generar-contingut\/#primaryimage"},"thumbnailUrl":"https:\/\/medianeeds.es\/wp-content\/uploads\/2023\/11\/primer-plano-persona-que-toca-dedo-bombilla-dibujada-sobre-nota-adhesiva-scaled.jpg","datePublished":"2023-10-09T08:21:51+00:00","dateModified":"2023-11-14T15:45:50+00:00","description":"Estimular el pensamiento creativo es clave a la hora de generar contenido. Potenciar nuestra creatividad va a facilitar nuestro trabajo.","breadcrumb":{"@id":"https:\/\/medianeeds.es\/com-estimular-el-nostre-pensament-creatiu-a-lhora-de-generar-contingut\/#breadcrumb"},"inLanguage":"es","potentialAction":[{"@type":"ReadAction","target":["https:\/\/medianeeds.es\/com-estimular-el-nostre-pensament-creatiu-a-lhora-de-generar-contingut\/"]}]},{"@type":"ImageObject","inLanguage":"es","@id":"https:\/\/medianeeds.es\/com-estimular-el-nostre-pensament-creatiu-a-lhora-de-generar-contingut\/#primaryimage","url":"https:\/\/medianeeds.es\/wp-content\/uploads\/2023\/11\/primer-plano-persona-que-toca-dedo-bombilla-dibujada-sobre-nota-adhesiva-scaled.jpg","contentUrl":"https:\/\/medianeeds.es\/wp-content\/uploads\/2023\/11\/primer-plano-persona-que-toca-dedo-bombilla-dibujada-sobre-nota-adhesiva-scaled.jpg","width":2560,"height":1707,"caption":"pensament creatiu"},{"@type":"BreadcrumbList","@id":"https:\/\/medianeeds.es\/com-estimular-el-nostre-pensament-creatiu-a-lhora-de-generar-contingut\/#breadcrumb","itemListElement":[{"@type":"ListItem","position":1,"name":"Portada","item":"https:\/\/medianeeds.es\/"},{"@type":"ListItem","position":2,"name":"\u00bfC\u00d3MO ESTIMULAR NUESTRO PENSAMIENTO CREATIVO A LA HORA DE GENERAR CONTENIDO?"}]},{"@type":"WebSite","@id":"https:\/\/medianeeds.es\/#website","url":"https:\/\/medianeeds.es\/","name":"M\u00e0rketing Reus | Media Needs Reus | Ag\u00e8ncia de publicitat Reus","description":"MediaNeeds \u00e9s una empresa especialitzada en serveis integrals de publicitat, m\u00e0rqueting on-line i community manager a Reus, Tarragona","publisher":{"@id":"https:\/\/medianeeds.es\/#organization"},"alternateName":"Media Needs","potentialAction":[{"@type":"SearchAction","target":{"@type":"EntryPoint","urlTemplate":"https:\/\/medianeeds.es\/?s={search_term_string}"},"query-input":{"@type":"PropertyValueSpecification","valueRequired":true,"valueName":"search_term_string"}}],"inLanguage":"es"},{"@type":"Organization","@id":"https:\/\/medianeeds.es\/#organization","name":"M\u00e0rketing Reus | Media Needs Reus | Ag\u00e8ncia de publicitat Reus","alternateName":"Media Needs","url":"https:\/\/medianeeds.es\/","logo":{"@type":"ImageObject","inLanguage":"es","@id":"https:\/\/medianeeds.es\/#\/schema\/logo\/image\/","url":"https:\/\/medianeeds.es\/wp-content\/uploads\/2024\/06\/COLOR_Mesa-de-trabajo-1-copia.png","contentUrl":"https:\/\/medianeeds.es\/wp-content\/uploads\/2024\/06\/COLOR_Mesa-de-trabajo-1-copia.png","width":470,"height":226,"caption":"M\u00e0rketing Reus | Media Needs Reus | Ag\u00e8ncia de publicitat Reus"},"image":{"@id":"https:\/\/medianeeds.es\/#\/schema\/logo\/image\/"},"sameAs":["https:\/\/www.facebook.com\/medianeeds.es\/","https:\/\/x.com\/media_needs","https:\/\/www.instagram.com\/medianeeds\/?hl=es"]},{"@type":"Person","@id":"https:\/\/medianeeds.es\/#\/schema\/person\/6a6f2f17f283df3eeb0946feebd2af79","name":"Medianeeds","image":{"@type":"ImageObject","inLanguage":"es","@id":"https:\/\/secure.gravatar.com\/avatar\/442251953f111b43a4668103c7b7c09aa35690e525473fb0bb9db0681ee9c0c3?s=96&d=mm&r=g","url":"https:\/\/secure.gravatar.com\/avatar\/442251953f111b43a4668103c7b7c09aa35690e525473fb0bb9db0681ee9c0c3?s=96&d=mm&r=g","contentUrl":"https:\/\/secure.gravatar.com\/avatar\/442251953f111b43a4668103c7b7c09aa35690e525473fb0bb9db0681ee9c0c3?s=96&d=mm&r=g","caption":"Medianeeds"},"url":"https:\/\/medianeeds.es\/es\/author\/medianeeds\/"}]}},"_links":{"self":[{"href":"https:\/\/medianeeds.es\/es\/wp-json\/wp\/v2\/posts\/17746","targetHints":{"allow":["GET"]}}],"collection":[{"href":"https:\/\/medianeeds.es\/es\/wp-json\/wp\/v2\/posts"}],"about":[{"href":"https:\/\/medianeeds.es\/es\/wp-json\/wp\/v2\/types\/post"}],"author":[{"embeddable":true,"href":"https:\/\/medianeeds.es\/es\/wp-json\/wp\/v2\/users\/1"}],"replies":[{"embeddable":true,"href":"https:\/\/medianeeds.es\/es\/wp-json\/wp\/v2\/comments?post=17746"}],"version-history":[{"count":1,"href":"https:\/\/medianeeds.es\/es\/wp-json\/wp\/v2\/posts\/17746\/revisions"}],"predecessor-version":[{"id":17747,"href":"https:\/\/medianeeds.es\/es\/wp-json\/wp\/v2\/posts\/17746\/revisions\/17747"}],"wp:featuredmedia":[{"embeddable":true,"href":"https:\/\/medianeeds.es\/es\/wp-json\/wp\/v2\/media\/17744"}],"wp:attachment":[{"href":"https:\/\/medianeeds.es\/es\/wp-json\/wp\/v2\/media?parent=17746"}],"wp:term":[{"taxonomy":"category","embeddable":true,"href":"https:\/\/medianeeds.es\/es\/wp-json\/wp\/v2\/categories?post=17746"},{"taxonomy":"post_tag","embeddable":true,"href":"https:\/\/medianeeds.es\/es\/wp-json\/wp\/v2\/tags?post=17746"}],"curies":[{"name":"wp","href":"https:\/\/api.w.org\/{rel}","templated":true}]}}