{"id":17707,"date":"2023-08-12T14:22:02","date_gmt":"2023-08-12T14:22:02","guid":{"rendered":"https:\/\/medianeeds.es\/?p=17707"},"modified":"2023-10-04T14:28:20","modified_gmt":"2023-10-04T14:28:20","slug":"explorando-el-boom-de-los-podcasts-por-que-estan-de-moda-2","status":"publish","type":"post","link":"https:\/\/medianeeds.es\/es\/explorando-el-boom-de-los-podcasts-por-que-estan-de-moda-2\/","title":{"rendered":"Explorando el Boom de los Podcasts: Por qu\u00e9 Est\u00e1n de Moda?"},"content":{"rendered":"<h3><strong>En la era digital, los podcasts han emergido como una forma poderosa y atractiva de consumir contenido. Des de charlas informales hasta subleves profundas, los podcasts alcanzan una variedad de temes y estilos, capturando la atenci\u00f3n auditiva de todo el mundo. Explorando el Boom de los Podcasts<\/strong><\/h3>\n<h5>En este blog, en <a href=\"https:\/\/medianeeds.es\/es\/noticies\/\">Media Needs<\/a> exploraremos los razones detr\u00e1s del auge de los podcasts y por qu\u00e9 se han convertido en una tendencia dominante en el mundo de los medios de comunicaci\u00f3n.<\/h5>\n<p>&nbsp;<\/p>\n<ul>\n<li>\n<h4><strong>La Conveniencia de Consumo a Demanda<\/strong><\/h4>\n<\/li>\n<\/ul>\n<p>Una de las razones principales detr\u00e1s del \u00e9xito de los podcasts es la conveniencia que ofrecen. Los oyentes pueden elegir cuando y donde escuchar, ya sea en su camino al trabajo, mientras hacen ejercicio o simplemente relaj\u00e1ndose a casa. Esta flexibilidad se adapta perfectamente a los estilos de vida ocupados de hoy en d\u00eda, permitiendo a las personas consumir contenido de manera adaptable.<\/p>\n<ul>\n<li>\n<h4><strong>Diversidad de Contenido y Voces<\/strong><\/h4>\n<\/li>\n<\/ul>\n<p>Los podcasts alcanzan una amplia gama de temas, desde noticias y ciencia hasta comedia y consejos de vida. Esta diversidad de contenido atrae a audiencias diversas con intereses variados. Adem\u00e1s, los podcasts permiten a voces menos representadas en los medios tradicionales encontrar una plataforma para compartir sus perspectivas y experiencias, lo cual puerta en una mayor inclusi\u00f3n y representaci\u00f3n.<\/p>\n<ul>\n<li>\n<h4><strong>Una Experiencia Personal y Aut\u00e9ntica<\/strong><\/h4>\n<\/li>\n<\/ul>\n<p>A diferencia de la radio o la televisi\u00f3n, los podcasts a menudo se presentan en uno formateo m\u00e1s \u00edntimo y personal. Los oyentes pueden conectarse cono los anfitriones y los invitados de una manera que se siente aut\u00e9ntica y cercana. Esta conexi\u00f3n emocional contribuye a una experiencia m\u00e1s significativa y duradera para los oyentes.<\/p>\n<ul>\n<li>\n<h4><strong>Coste de Entrada Bajo para Creadores<\/strong><\/h4>\n<\/li>\n<\/ul>\n<p>Crear un podcast es relativamente accesible en t\u00e9rminos de costes. No se necesita un equipo de producci\u00f3n costoso ni un estudio de grabaci\u00f3n de alta gama para empezar. Esto ha abierto las puertas a una gran cantidad de creadores independientes y expertos en diferentes campos que pueden compartir su conocimiento y pasi\u00f3n con el mundo.<\/p>\n<ul>\n<li>\n<h4><strong>El Poder de la Narraci\u00f3n<\/strong><\/h4>\n<\/li>\n<\/ul>\n<p>Los podcasts a menudo se basan en la narraci\u00f3n de historias efectiva. Ya sea a trav\u00e9s de la narraci\u00f3n de cuentos, entrevistas intrigantes o exploraciones en profundidad de temas complejos, los podcasts aprovechan el poder de la narraci\u00f3n para mantener a los oyentes comprometidos y emocionados.<\/p>\n<p>&nbsp;<\/p>\n<p>En conclusi\u00f3n, los podcasts han conquistado el mundo de los medios de comunicaci\u00f3n gracias a su conveniencia, diversidad de contenido, autenticidad y f\u00e1cil accesibilidad. Su auge representa una respuesta a las cambiantes preferencias de consumo de contenido en la era digital. A medida que la tecnolog\u00eda contin\u00faa evolucionando, los podcasts est\u00e1n en una posici\u00f3n \u00fanica para continuar influyendo y entreteniendo a audiencias de todo el mundo, manteniendo su lugar en la cumbre de la ola medi\u00e1tica.<\/p>\n<p>Los podcasts no son solo una moda pasajera, sino una forma de comunicaci\u00f3n y entretenimiento que ha llegado para quedarse.<\/p>\n<p>&nbsp;<\/p>\n","protected":false},"excerpt":{"rendered":"<p>En la era digital, los podcasts han emergido como una forma poderosa y atractiva de consumir contenido. Des de charlas informales hasta subleves profundas, los podcasts alcanzan una variedad de temes y estilos, capturando la atenci\u00f3n auditiva de todo el mundo. Explorando el Boom de los Podcasts En este blog, en Media Needs exploraremos los [&hellip;]<\/p>\n","protected":false},"author":1,"featured_media":17686,"comment_status":"closed","ping_status":"closed","sticky":false,"template":"","format":"standard","meta":{"_et_pb_use_builder":"","_et_pb_old_content":"","_et_gb_content_width":"","footnotes":""},"categories":[188,292,301,249,291,280,189,252,23],"tags":[],"class_list":["post-17707","post","type-post","status-publish","format-standard","has-post-thumbnail","hentry","category-blog-es-4","category-blog-es-3-es","category-blog-es-2-es","category-destacados","category-destacats-es","category-marketing","category-marqueting-es-2","category-noticias","category-noticies-es"],"yoast_head":"<!-- This site is optimized with the Yoast SEO plugin v27.4 - https:\/\/yoast.com\/product\/yoast-seo-wordpress\/ -->\n<title>Explorando el Boom de los Podcasts: Por qu\u00e9 Est\u00e1n de Moda? - M\u00e0rketing Reus | Media Needs Reus | Ag\u00e8ncia de publicitat Reus<\/title>\n<meta name=\"description\" content=\"Explorando el Boom de los Podcasts una variedad de temas y estilos, capturando la atenci\u00f3n auditiva de todo el mundo.\" \/>\n<meta name=\"robots\" content=\"index, follow, max-snippet:-1, max-image-preview:large, max-video-preview:-1\" \/>\n<link rel=\"canonical\" href=\"https:\/\/medianeeds.es\/es\/explorando-el-boom-de-los-podcasts-por-que-estan-de-moda-2\/\" \/>\n<meta property=\"og:locale\" content=\"es_ES\" \/>\n<meta property=\"og:type\" content=\"article\" \/>\n<meta property=\"og:title\" content=\"Explorando el Boom de los Podcasts: Por qu\u00e9 Est\u00e1n de Moda? - M\u00e0rketing Reus | Media Needs Reus | Ag\u00e8ncia de publicitat Reus\" \/>\n<meta property=\"og:description\" content=\"Explorando el Boom de los Podcasts una variedad de temas y estilos, capturando la atenci\u00f3n auditiva de todo el mundo.\" \/>\n<meta property=\"og:url\" content=\"https:\/\/medianeeds.es\/es\/explorando-el-boom-de-los-podcasts-por-que-estan-de-moda-2\/\" \/>\n<meta property=\"og:site_name\" content=\"M\u00e0rketing Reus | Media Needs Reus | Ag\u00e8ncia de publicitat Reus\" \/>\n<meta property=\"article:publisher\" content=\"https:\/\/www.facebook.com\/medianeeds.es\/\" \/>\n<meta property=\"article:published_time\" content=\"2023-08-12T14:22:02+00:00\" \/>\n<meta property=\"article:modified_time\" content=\"2023-10-04T14:28:20+00:00\" \/>\n<meta property=\"og:image\" content=\"https:\/\/medianeeds.es\/wp-content\/uploads\/2023\/08\/retro-microfono-aislado-fondo-color-1-scaled.jpg\" \/>\n\t<meta property=\"og:image:width\" content=\"2560\" \/>\n\t<meta property=\"og:image:height\" content=\"1707\" \/>\n\t<meta property=\"og:image:type\" content=\"image\/jpeg\" \/>\n<meta name=\"author\" content=\"Medianeeds\" \/>\n<meta name=\"twitter:label1\" content=\"Escrito por\" \/>\n\t<meta name=\"twitter:data1\" content=\"Medianeeds\" \/>\n\t<meta name=\"twitter:label2\" content=\"Tiempo de lectura\" \/>\n\t<meta name=\"twitter:data2\" content=\"3 minutos\" \/>\n<script type=\"application\/ld+json\" class=\"yoast-schema-graph\">{\"@context\":\"https:\\\/\\\/schema.org\",\"@graph\":[{\"@type\":\"Article\",\"@id\":\"https:\\\/\\\/medianeeds.es\\\/es\\\/explorando-el-boom-de-los-podcasts-por-que-estan-de-moda-2\\\/#article\",\"isPartOf\":{\"@id\":\"https:\\\/\\\/medianeeds.es\\\/es\\\/explorando-el-boom-de-los-podcasts-por-que-estan-de-moda-2\\\/\"},\"author\":{\"name\":\"Medianeeds\",\"@id\":\"https:\\\/\\\/medianeeds.es\\\/#\\\/schema\\\/person\\\/6a6f2f17f283df3eeb0946feebd2af79\"},\"headline\":\"Explorando el Boom de los Podcasts: Por qu\u00e9 Est\u00e1n de Moda?\",\"datePublished\":\"2023-08-12T14:22:02+00:00\",\"dateModified\":\"2023-10-04T14:28:20+00:00\",\"mainEntityOfPage\":{\"@id\":\"https:\\\/\\\/medianeeds.es\\\/es\\\/explorando-el-boom-de-los-podcasts-por-que-estan-de-moda-2\\\/\"},\"wordCount\":528,\"publisher\":{\"@id\":\"https:\\\/\\\/medianeeds.es\\\/#organization\"},\"image\":{\"@id\":\"https:\\\/\\\/medianeeds.es\\\/es\\\/explorando-el-boom-de-los-podcasts-por-que-estan-de-moda-2\\\/#primaryimage\"},\"thumbnailUrl\":\"https:\\\/\\\/medianeeds.es\\\/wp-content\\\/uploads\\\/2023\\\/08\\\/retro-microfono-aislado-fondo-color-1-scaled.jpg\",\"articleSection\":[\"Blog\",\"Blog\",\"Blog @Es\",\"Destacados\",\"Destacats\",\"M\u00e1rketing\",\"M\u00e0rqueting\",\"Noticias\",\"Not\u00edcies\"],\"inLanguage\":\"es\"},{\"@type\":\"WebPage\",\"@id\":\"https:\\\/\\\/medianeeds.es\\\/es\\\/explorando-el-boom-de-los-podcasts-por-que-estan-de-moda-2\\\/\",\"url\":\"https:\\\/\\\/medianeeds.es\\\/es\\\/explorando-el-boom-de-los-podcasts-por-que-estan-de-moda-2\\\/\",\"name\":\"Explorando el Boom de los Podcasts: Por qu\u00e9 Est\u00e1n de Moda? - M\u00e0rketing Reus | Media Needs Reus | Ag\u00e8ncia de publicitat Reus\",\"isPartOf\":{\"@id\":\"https:\\\/\\\/medianeeds.es\\\/#website\"},\"primaryImageOfPage\":{\"@id\":\"https:\\\/\\\/medianeeds.es\\\/es\\\/explorando-el-boom-de-los-podcasts-por-que-estan-de-moda-2\\\/#primaryimage\"},\"image\":{\"@id\":\"https:\\\/\\\/medianeeds.es\\\/es\\\/explorando-el-boom-de-los-podcasts-por-que-estan-de-moda-2\\\/#primaryimage\"},\"thumbnailUrl\":\"https:\\\/\\\/medianeeds.es\\\/wp-content\\\/uploads\\\/2023\\\/08\\\/retro-microfono-aislado-fondo-color-1-scaled.jpg\",\"datePublished\":\"2023-08-12T14:22:02+00:00\",\"dateModified\":\"2023-10-04T14:28:20+00:00\",\"description\":\"Explorando el Boom de los Podcasts una variedad de temas y estilos, capturando la atenci\u00f3n auditiva de todo el mundo.\",\"breadcrumb\":{\"@id\":\"https:\\\/\\\/medianeeds.es\\\/es\\\/explorando-el-boom-de-los-podcasts-por-que-estan-de-moda-2\\\/#breadcrumb\"},\"inLanguage\":\"es\",\"potentialAction\":[{\"@type\":\"ReadAction\",\"target\":[\"https:\\\/\\\/medianeeds.es\\\/es\\\/explorando-el-boom-de-los-podcasts-por-que-estan-de-moda-2\\\/\"]}]},{\"@type\":\"ImageObject\",\"inLanguage\":\"es\",\"@id\":\"https:\\\/\\\/medianeeds.es\\\/es\\\/explorando-el-boom-de-los-podcasts-por-que-estan-de-moda-2\\\/#primaryimage\",\"url\":\"https:\\\/\\\/medianeeds.es\\\/wp-content\\\/uploads\\\/2023\\\/08\\\/retro-microfono-aislado-fondo-color-1-scaled.jpg\",\"contentUrl\":\"https:\\\/\\\/medianeeds.es\\\/wp-content\\\/uploads\\\/2023\\\/08\\\/retro-microfono-aislado-fondo-color-1-scaled.jpg\",\"width\":2560,\"height\":1707,\"caption\":\"retro microphone isolated on color background\"},{\"@type\":\"BreadcrumbList\",\"@id\":\"https:\\\/\\\/medianeeds.es\\\/es\\\/explorando-el-boom-de-los-podcasts-por-que-estan-de-moda-2\\\/#breadcrumb\",\"itemListElement\":[{\"@type\":\"ListItem\",\"position\":1,\"name\":\"Portada\",\"item\":\"https:\\\/\\\/medianeeds.es\\\/\"},{\"@type\":\"ListItem\",\"position\":2,\"name\":\"Explorando el Boom de los Podcasts: Por qu\u00e9 Est\u00e1n de Moda?\"}]},{\"@type\":\"WebSite\",\"@id\":\"https:\\\/\\\/medianeeds.es\\\/#website\",\"url\":\"https:\\\/\\\/medianeeds.es\\\/\",\"name\":\"M\u00e0rketing Reus | Media Needs Reus | Ag\u00e8ncia de publicitat Reus\",\"description\":\"MediaNeeds \u00e9s una empresa especialitzada en serveis integrals de publicitat, m\u00e0rqueting on-line i community manager a Reus, Tarragona\",\"publisher\":{\"@id\":\"https:\\\/\\\/medianeeds.es\\\/#organization\"},\"alternateName\":\"Media Needs\",\"potentialAction\":[{\"@type\":\"SearchAction\",\"target\":{\"@type\":\"EntryPoint\",\"urlTemplate\":\"https:\\\/\\\/medianeeds.es\\\/?s={search_term_string}\"},\"query-input\":{\"@type\":\"PropertyValueSpecification\",\"valueRequired\":true,\"valueName\":\"search_term_string\"}}],\"inLanguage\":\"es\"},{\"@type\":\"Organization\",\"@id\":\"https:\\\/\\\/medianeeds.es\\\/#organization\",\"name\":\"M\u00e0rketing Reus | Media Needs Reus | Ag\u00e8ncia de publicitat Reus\",\"alternateName\":\"Media Needs\",\"url\":\"https:\\\/\\\/medianeeds.es\\\/\",\"logo\":{\"@type\":\"ImageObject\",\"inLanguage\":\"es\",\"@id\":\"https:\\\/\\\/medianeeds.es\\\/#\\\/schema\\\/logo\\\/image\\\/\",\"url\":\"https:\\\/\\\/medianeeds.es\\\/wp-content\\\/uploads\\\/2024\\\/06\\\/COLOR_Mesa-de-trabajo-1-copia.png\",\"contentUrl\":\"https:\\\/\\\/medianeeds.es\\\/wp-content\\\/uploads\\\/2024\\\/06\\\/COLOR_Mesa-de-trabajo-1-copia.png\",\"width\":470,\"height\":226,\"caption\":\"M\u00e0rketing Reus | Media Needs Reus | Ag\u00e8ncia de publicitat Reus\"},\"image\":{\"@id\":\"https:\\\/\\\/medianeeds.es\\\/#\\\/schema\\\/logo\\\/image\\\/\"},\"sameAs\":[\"https:\\\/\\\/www.facebook.com\\\/medianeeds.es\\\/\",\"https:\\\/\\\/x.com\\\/media_needs\",\"https:\\\/\\\/www.instagram.com\\\/medianeeds\\\/?hl=es\"]},{\"@type\":\"Person\",\"@id\":\"https:\\\/\\\/medianeeds.es\\\/#\\\/schema\\\/person\\\/6a6f2f17f283df3eeb0946feebd2af79\",\"name\":\"Medianeeds\",\"image\":{\"@type\":\"ImageObject\",\"inLanguage\":\"es\",\"@id\":\"https:\\\/\\\/secure.gravatar.com\\\/avatar\\\/442251953f111b43a4668103c7b7c09aa35690e525473fb0bb9db0681ee9c0c3?s=96&d=mm&r=g\",\"url\":\"https:\\\/\\\/secure.gravatar.com\\\/avatar\\\/442251953f111b43a4668103c7b7c09aa35690e525473fb0bb9db0681ee9c0c3?s=96&d=mm&r=g\",\"contentUrl\":\"https:\\\/\\\/secure.gravatar.com\\\/avatar\\\/442251953f111b43a4668103c7b7c09aa35690e525473fb0bb9db0681ee9c0c3?s=96&d=mm&r=g\",\"caption\":\"Medianeeds\"},\"url\":\"https:\\\/\\\/medianeeds.es\\\/es\\\/author\\\/medianeeds\\\/\"}]}<\/script>\n<!-- \/ Yoast SEO plugin. -->","yoast_head_json":{"title":"Explorando el Boom de los Podcasts: Por qu\u00e9 Est\u00e1n de Moda? - M\u00e0rketing Reus | Media Needs Reus | Ag\u00e8ncia de publicitat Reus","description":"Explorando el Boom de los Podcasts una variedad de temas y estilos, capturando la atenci\u00f3n auditiva de todo el mundo.","robots":{"index":"index","follow":"follow","max-snippet":"max-snippet:-1","max-image-preview":"max-image-preview:large","max-video-preview":"max-video-preview:-1"},"canonical":"https:\/\/medianeeds.es\/es\/explorando-el-boom-de-los-podcasts-por-que-estan-de-moda-2\/","og_locale":"es_ES","og_type":"article","og_title":"Explorando el Boom de los Podcasts: Por qu\u00e9 Est\u00e1n de Moda? - M\u00e0rketing Reus | Media Needs Reus | Ag\u00e8ncia de publicitat Reus","og_description":"Explorando el Boom de los Podcasts una variedad de temas y estilos, capturando la atenci\u00f3n auditiva de todo el mundo.","og_url":"https:\/\/medianeeds.es\/es\/explorando-el-boom-de-los-podcasts-por-que-estan-de-moda-2\/","og_site_name":"M\u00e0rketing Reus | Media Needs Reus | Ag\u00e8ncia de publicitat Reus","article_publisher":"https:\/\/www.facebook.com\/medianeeds.es\/","article_published_time":"2023-08-12T14:22:02+00:00","article_modified_time":"2023-10-04T14:28:20+00:00","og_image":[{"width":2560,"height":1707,"url":"https:\/\/medianeeds.es\/wp-content\/uploads\/2023\/08\/retro-microfono-aislado-fondo-color-1-scaled.jpg","type":"image\/jpeg"}],"author":"Medianeeds","twitter_misc":{"Escrito por":"Medianeeds","Tiempo de lectura":"3 minutos"},"schema":{"@context":"https:\/\/schema.org","@graph":[{"@type":"Article","@id":"https:\/\/medianeeds.es\/es\/explorando-el-boom-de-los-podcasts-por-que-estan-de-moda-2\/#article","isPartOf":{"@id":"https:\/\/medianeeds.es\/es\/explorando-el-boom-de-los-podcasts-por-que-estan-de-moda-2\/"},"author":{"name":"Medianeeds","@id":"https:\/\/medianeeds.es\/#\/schema\/person\/6a6f2f17f283df3eeb0946feebd2af79"},"headline":"Explorando el Boom de los Podcasts: Por qu\u00e9 Est\u00e1n de Moda?","datePublished":"2023-08-12T14:22:02+00:00","dateModified":"2023-10-04T14:28:20+00:00","mainEntityOfPage":{"@id":"https:\/\/medianeeds.es\/es\/explorando-el-boom-de-los-podcasts-por-que-estan-de-moda-2\/"},"wordCount":528,"publisher":{"@id":"https:\/\/medianeeds.es\/#organization"},"image":{"@id":"https:\/\/medianeeds.es\/es\/explorando-el-boom-de-los-podcasts-por-que-estan-de-moda-2\/#primaryimage"},"thumbnailUrl":"https:\/\/medianeeds.es\/wp-content\/uploads\/2023\/08\/retro-microfono-aislado-fondo-color-1-scaled.jpg","articleSection":["Blog","Blog","Blog @Es","Destacados","Destacats","M\u00e1rketing","M\u00e0rqueting","Noticias","Not\u00edcies"],"inLanguage":"es"},{"@type":"WebPage","@id":"https:\/\/medianeeds.es\/es\/explorando-el-boom-de-los-podcasts-por-que-estan-de-moda-2\/","url":"https:\/\/medianeeds.es\/es\/explorando-el-boom-de-los-podcasts-por-que-estan-de-moda-2\/","name":"Explorando el Boom de los Podcasts: Por qu\u00e9 Est\u00e1n de Moda? - M\u00e0rketing Reus | Media Needs Reus | Ag\u00e8ncia de publicitat Reus","isPartOf":{"@id":"https:\/\/medianeeds.es\/#website"},"primaryImageOfPage":{"@id":"https:\/\/medianeeds.es\/es\/explorando-el-boom-de-los-podcasts-por-que-estan-de-moda-2\/#primaryimage"},"image":{"@id":"https:\/\/medianeeds.es\/es\/explorando-el-boom-de-los-podcasts-por-que-estan-de-moda-2\/#primaryimage"},"thumbnailUrl":"https:\/\/medianeeds.es\/wp-content\/uploads\/2023\/08\/retro-microfono-aislado-fondo-color-1-scaled.jpg","datePublished":"2023-08-12T14:22:02+00:00","dateModified":"2023-10-04T14:28:20+00:00","description":"Explorando el Boom de los Podcasts una variedad de temas y estilos, capturando la atenci\u00f3n auditiva de todo el mundo.","breadcrumb":{"@id":"https:\/\/medianeeds.es\/es\/explorando-el-boom-de-los-podcasts-por-que-estan-de-moda-2\/#breadcrumb"},"inLanguage":"es","potentialAction":[{"@type":"ReadAction","target":["https:\/\/medianeeds.es\/es\/explorando-el-boom-de-los-podcasts-por-que-estan-de-moda-2\/"]}]},{"@type":"ImageObject","inLanguage":"es","@id":"https:\/\/medianeeds.es\/es\/explorando-el-boom-de-los-podcasts-por-que-estan-de-moda-2\/#primaryimage","url":"https:\/\/medianeeds.es\/wp-content\/uploads\/2023\/08\/retro-microfono-aislado-fondo-color-1-scaled.jpg","contentUrl":"https:\/\/medianeeds.es\/wp-content\/uploads\/2023\/08\/retro-microfono-aislado-fondo-color-1-scaled.jpg","width":2560,"height":1707,"caption":"retro microphone isolated on color background"},{"@type":"BreadcrumbList","@id":"https:\/\/medianeeds.es\/es\/explorando-el-boom-de-los-podcasts-por-que-estan-de-moda-2\/#breadcrumb","itemListElement":[{"@type":"ListItem","position":1,"name":"Portada","item":"https:\/\/medianeeds.es\/"},{"@type":"ListItem","position":2,"name":"Explorando el Boom de los Podcasts: Por qu\u00e9 Est\u00e1n de Moda?"}]},{"@type":"WebSite","@id":"https:\/\/medianeeds.es\/#website","url":"https:\/\/medianeeds.es\/","name":"M\u00e0rketing Reus | Media Needs Reus | Ag\u00e8ncia de publicitat Reus","description":"MediaNeeds \u00e9s una empresa especialitzada en serveis integrals de publicitat, m\u00e0rqueting on-line i community manager a Reus, Tarragona","publisher":{"@id":"https:\/\/medianeeds.es\/#organization"},"alternateName":"Media Needs","potentialAction":[{"@type":"SearchAction","target":{"@type":"EntryPoint","urlTemplate":"https:\/\/medianeeds.es\/?s={search_term_string}"},"query-input":{"@type":"PropertyValueSpecification","valueRequired":true,"valueName":"search_term_string"}}],"inLanguage":"es"},{"@type":"Organization","@id":"https:\/\/medianeeds.es\/#organization","name":"M\u00e0rketing Reus | Media Needs Reus | Ag\u00e8ncia de publicitat Reus","alternateName":"Media Needs","url":"https:\/\/medianeeds.es\/","logo":{"@type":"ImageObject","inLanguage":"es","@id":"https:\/\/medianeeds.es\/#\/schema\/logo\/image\/","url":"https:\/\/medianeeds.es\/wp-content\/uploads\/2024\/06\/COLOR_Mesa-de-trabajo-1-copia.png","contentUrl":"https:\/\/medianeeds.es\/wp-content\/uploads\/2024\/06\/COLOR_Mesa-de-trabajo-1-copia.png","width":470,"height":226,"caption":"M\u00e0rketing Reus | Media Needs Reus | Ag\u00e8ncia de publicitat Reus"},"image":{"@id":"https:\/\/medianeeds.es\/#\/schema\/logo\/image\/"},"sameAs":["https:\/\/www.facebook.com\/medianeeds.es\/","https:\/\/x.com\/media_needs","https:\/\/www.instagram.com\/medianeeds\/?hl=es"]},{"@type":"Person","@id":"https:\/\/medianeeds.es\/#\/schema\/person\/6a6f2f17f283df3eeb0946feebd2af79","name":"Medianeeds","image":{"@type":"ImageObject","inLanguage":"es","@id":"https:\/\/secure.gravatar.com\/avatar\/442251953f111b43a4668103c7b7c09aa35690e525473fb0bb9db0681ee9c0c3?s=96&d=mm&r=g","url":"https:\/\/secure.gravatar.com\/avatar\/442251953f111b43a4668103c7b7c09aa35690e525473fb0bb9db0681ee9c0c3?s=96&d=mm&r=g","contentUrl":"https:\/\/secure.gravatar.com\/avatar\/442251953f111b43a4668103c7b7c09aa35690e525473fb0bb9db0681ee9c0c3?s=96&d=mm&r=g","caption":"Medianeeds"},"url":"https:\/\/medianeeds.es\/es\/author\/medianeeds\/"}]}},"_links":{"self":[{"href":"https:\/\/medianeeds.es\/es\/wp-json\/wp\/v2\/posts\/17707","targetHints":{"allow":["GET"]}}],"collection":[{"href":"https:\/\/medianeeds.es\/es\/wp-json\/wp\/v2\/posts"}],"about":[{"href":"https:\/\/medianeeds.es\/es\/wp-json\/wp\/v2\/types\/post"}],"author":[{"embeddable":true,"href":"https:\/\/medianeeds.es\/es\/wp-json\/wp\/v2\/users\/1"}],"replies":[{"embeddable":true,"href":"https:\/\/medianeeds.es\/es\/wp-json\/wp\/v2\/comments?post=17707"}],"version-history":[{"count":1,"href":"https:\/\/medianeeds.es\/es\/wp-json\/wp\/v2\/posts\/17707\/revisions"}],"predecessor-version":[{"id":17708,"href":"https:\/\/medianeeds.es\/es\/wp-json\/wp\/v2\/posts\/17707\/revisions\/17708"}],"wp:featuredmedia":[{"embeddable":true,"href":"https:\/\/medianeeds.es\/es\/wp-json\/wp\/v2\/media\/17686"}],"wp:attachment":[{"href":"https:\/\/medianeeds.es\/es\/wp-json\/wp\/v2\/media?parent=17707"}],"wp:term":[{"taxonomy":"category","embeddable":true,"href":"https:\/\/medianeeds.es\/es\/wp-json\/wp\/v2\/categories?post=17707"},{"taxonomy":"post_tag","embeddable":true,"href":"https:\/\/medianeeds.es\/es\/wp-json\/wp\/v2\/tags?post=17707"}],"curies":[{"name":"wp","href":"https:\/\/api.w.org\/{rel}","templated":true}]}}