{"id":17693,"date":"2023-08-24T06:55:27","date_gmt":"2023-08-24T06:55:27","guid":{"rendered":"https:\/\/medianeeds.es\/?p=17693"},"modified":"2023-10-04T14:44:24","modified_gmt":"2023-10-04T14:44:24","slug":"snapchat-del-boom-al-declive","status":"publish","type":"post","link":"https:\/\/medianeeds.es\/es\/snapchat-del-boom-al-declive\/","title":{"rendered":"Snapchat: Del Boom al Declive."},"content":{"rendered":"<h4><strong>El Ascenso y Descenso de Snapchat: Del Boom al Declive.<\/strong><\/h4>\n<h5>En la era de la informaci\u00f3n y las redes sociales, la aplicaci\u00f3n Snapchat irrumpi\u00f3 en escena como un fen\u00f3meno revolucionario. As\u00ed pues, cambi\u00f3 la forma en que compartimos momentos y nos comunicamos. Sin embargo, su trayectoria ha sido una monta\u00f1a rusa de \u00e9xito y declive.<\/h5>\n<p>En este art\u00edculo, a <a href=\"https:\/\/medianeeds.es\/es\/\">Media Needs<\/a> exploraremos como Snapchat se convirti\u00f3 en un boom en Espa\u00f1a y en todo el mundo. Adem\u00e1s, su posterior p\u00e9rdida de protagonismo y su situaci\u00f3n actual en diferentes pa\u00edses.<\/p>\n<p>&nbsp;<\/p>\n<h5><strong>El Boom Inicial de<a href=\"https:\/\/www.snapchat.com\/es\"> Snapchat<\/a> en Espa\u00f1a y el Mundo<\/strong><\/h5>\n<p>En su lanzamiento en 2011, Snapchat introdujo la nueva idea de enviar im\u00e1genes y videos ef\u00edmeros, conocidos como \u00absnaps\u00bb. Esta caracter\u00edstica fue un im\u00e1n para el p\u00fablico joven que buscaba una forma r\u00e1pida y divertida de compartir momentos sin la presi\u00f3n de mantener un registro permanente en l\u00ednea.<\/p>\n<p>Adem\u00e9s, Snapchat tambi\u00e9n populariz\u00f3 las \u00abhistorias\u00bb, permitiendo a los usuarios crear secuencias de snaps que desaparec\u00edan despu\u00e9s de 24 horas. Esta funci\u00f3n fue adoptada por otras plataformas posteriormente. La combinaci\u00f3n de mensajes ef\u00edmeros y la sensaci\u00f3n de autenticidad atrajo a una gran base de usuarios y catapult\u00f3 a Snapchat a la cumbre de la popularidad.<\/p>\n<p>&nbsp;<\/p>\n<h5><strong>El Declive Gradual y Cambio de Din\u00e1mica<\/strong><\/h5>\n<p>Mientras que Snapchat ganaba terreno, otras plataformas de redes sociales empezaron a imitar sus caracter\u00edsticas m\u00e1s populares. Diluyendo su singularidad, a casua de Instagram, que introdujo \u00abInstagram Stories\u00bb, una funci\u00f3n casi id\u00e9ntica en las Historias de Snapchat. Esto condujo a una competencia directa entre las dos plataformas y result\u00f3 en la p\u00e9rdida de una parte de la base de usuarios de Snapchat.<\/p>\n<p>Adem\u00e1s, la interfaz de Snapchat, que inicialmente era poco intuitiva para algunos usuarios m\u00e1s mayores, tambi\u00e9n limit\u00f3 su alcance. A medida que las preferencias del p\u00fablico evolucionaron, la aplicaci\u00f3n se enfrent\u00f3 a dificultades para mantenerse relevante y atractiva para una audiencia cada vez m\u00e1s diversa.<\/p>\n<p>&nbsp;<\/p>\n<h5><strong>Situaci\u00f3n Actual de Snapchat en Diferentes Pa\u00edses<\/strong><\/h5>\n<p>Aunque Snapchat ha perdido parte de su protagonismo en Espa\u00f1a y en algunos mercados clave, todav\u00eda mantiene cierta presencia en todo el mundo. los Estados Unidos, el Reino Unido, Canad\u00e1 y Australia son algunos de los pa\u00edses donde la aplicaci\u00f3n contin\u00faa siendo utilizada, especialmente por usuarios j\u00f3venes. As\u00ed pues, en estos pa\u00edses, Snapchat ha encontrado un nicho como plataforma de mensajer\u00eda visual y espacio para la expresi\u00f3n creativa. Los filtros de realidad aumentada y las lentes contin\u00faan siendo caracter\u00edsticas distintivas que atraen a los usuarios m\u00e1s j\u00f3venes. Adem\u00e1s, algunos influencers y celebridades locales todav\u00eda utilizan Snapchat, para interactuar con sus seguidores de manera m\u00e1s personal e informal.<\/p>\n<p>&nbsp;<\/p>\n<p>En conclusi\u00f3n, el ascenso y ca\u00edda de Snapchat es un recordatorio de la volatilidad de la industria de las redes sociales. Aunque perdi\u00f3 parte de su prominencia a causa de la competencia y la evoluci\u00f3n de las preferencias de los usuarios, contin\u00faa siendo una plataforma relevante en ciertos pa\u00edses y entre ciertos grupos demogr\u00e1ficos. Su historia ofrece lecciones sobre la importancia de la innovaci\u00f3n constante, y la adaptaci\u00f3n para mantenerse en la cumbre en un mundo digital en constante cambio.<\/p>\n","protected":false},"excerpt":{"rendered":"<p>El Ascenso y Descenso de Snapchat: Del Boom al Declive. En la era de la informaci\u00f3n y las redes sociales, la aplicaci\u00f3n Snapchat irrumpi\u00f3 en escena como un fen\u00f3meno revolucionario. As\u00ed pues, cambi\u00f3 la forma en que compartimos momentos y nos comunicamos. Sin embargo, su trayectoria ha sido una monta\u00f1a rusa de \u00e9xito y declive. [&hellip;]<\/p>\n","protected":false},"author":1,"featured_media":17691,"comment_status":"closed","ping_status":"closed","sticky":false,"template":"","format":"standard","meta":{"_et_pb_use_builder":"","_et_pb_old_content":"","_et_gb_content_width":"","footnotes":""},"categories":[292,188,280,189,252,23],"tags":[],"class_list":["post-17693","post","type-post","status-publish","format-standard","has-post-thumbnail","hentry","category-blog-es-3-es","category-blog-es-4","category-marketing","category-marqueting-es-2","category-noticias","category-noticies-es"],"yoast_head":"<!-- This site is optimized with the Yoast SEO plugin v27.5 - https:\/\/yoast.com\/product\/yoast-seo-wordpress\/ -->\n<title>Snapchat: Del Boom al Declive.<\/title>\n<meta name=\"description\" content=\"El Ascenso y Descenso de Snapchat: Del Boom al Declive. En la era de la informaci\u00f3n y las redes sociales, la aplicaci\u00f3n Snapchat irrumpi\u00f3 en escena.\" \/>\n<meta name=\"robots\" content=\"index, follow, max-snippet:-1, max-image-preview:large, max-video-preview:-1\" \/>\n<link rel=\"canonical\" href=\"https:\/\/medianeeds.es\/es\/snapchat-del-boom-al-declive\/\" \/>\n<meta property=\"og:locale\" content=\"es_ES\" \/>\n<meta property=\"og:type\" content=\"article\" \/>\n<meta property=\"og:title\" content=\"Snapchat: Del Boom al Declive.\" \/>\n<meta property=\"og:description\" content=\"El Ascenso y Descenso de Snapchat: Del Boom al Declive. En la era de la informaci\u00f3n y las redes sociales, la aplicaci\u00f3n Snapchat irrumpi\u00f3 en escena.\" \/>\n<meta property=\"og:url\" content=\"https:\/\/medianeeds.es\/es\/snapchat-del-boom-al-declive\/\" \/>\n<meta property=\"og:site_name\" content=\"M\u00e0rketing Reus | Media Needs Reus | Ag\u00e8ncia de publicitat Reus\" \/>\n<meta property=\"article:publisher\" content=\"https:\/\/www.facebook.com\/medianeeds.es\/\" \/>\n<meta property=\"article:published_time\" content=\"2023-08-24T06:55:27+00:00\" \/>\n<meta property=\"article:modified_time\" content=\"2023-10-04T14:44:24+00:00\" \/>\n<meta property=\"og:image\" content=\"https:\/\/medianeeds.es\/wp-content\/uploads\/2023\/08\/pexels-thought-catalog-2228569-scaled.jpg\" \/>\n\t<meta property=\"og:image:width\" content=\"2560\" \/>\n\t<meta property=\"og:image:height\" content=\"1707\" \/>\n\t<meta property=\"og:image:type\" content=\"image\/jpeg\" \/>\n<meta name=\"author\" content=\"Medianeeds\" \/>\n<meta name=\"twitter:label1\" content=\"Escrito por\" \/>\n\t<meta name=\"twitter:data1\" content=\"Medianeeds\" \/>\n\t<meta name=\"twitter:label2\" content=\"Tiempo de lectura\" \/>\n\t<meta name=\"twitter:data2\" content=\"3 minutos\" \/>\n<script type=\"application\/ld+json\" class=\"yoast-schema-graph\">{\"@context\":\"https:\\\/\\\/schema.org\",\"@graph\":[{\"@type\":\"Article\",\"@id\":\"https:\\\/\\\/medianeeds.es\\\/es\\\/snapchat-del-boom-al-declive\\\/#article\",\"isPartOf\":{\"@id\":\"https:\\\/\\\/medianeeds.es\\\/es\\\/snapchat-del-boom-al-declive\\\/\"},\"author\":{\"name\":\"Medianeeds\",\"@id\":\"https:\\\/\\\/medianeeds.es\\\/#\\\/schema\\\/person\\\/6a6f2f17f283df3eeb0946feebd2af79\"},\"headline\":\"Snapchat: Del Boom al Declive.\",\"datePublished\":\"2023-08-24T06:55:27+00:00\",\"dateModified\":\"2023-10-04T14:44:24+00:00\",\"mainEntityOfPage\":{\"@id\":\"https:\\\/\\\/medianeeds.es\\\/es\\\/snapchat-del-boom-al-declive\\\/\"},\"wordCount\":582,\"publisher\":{\"@id\":\"https:\\\/\\\/medianeeds.es\\\/#organization\"},\"image\":{\"@id\":\"https:\\\/\\\/medianeeds.es\\\/es\\\/snapchat-del-boom-al-declive\\\/#primaryimage\"},\"thumbnailUrl\":\"https:\\\/\\\/medianeeds.es\\\/wp-content\\\/uploads\\\/2023\\\/08\\\/pexels-thought-catalog-2228569-scaled.jpg\",\"articleSection\":[\"Blog\",\"Blog\",\"M\u00e1rketing\",\"M\u00e0rqueting\",\"Noticias\",\"Not\u00edcies\"],\"inLanguage\":\"es\"},{\"@type\":\"WebPage\",\"@id\":\"https:\\\/\\\/medianeeds.es\\\/es\\\/snapchat-del-boom-al-declive\\\/\",\"url\":\"https:\\\/\\\/medianeeds.es\\\/es\\\/snapchat-del-boom-al-declive\\\/\",\"name\":\"Snapchat: Del Boom al Declive.\",\"isPartOf\":{\"@id\":\"https:\\\/\\\/medianeeds.es\\\/#website\"},\"primaryImageOfPage\":{\"@id\":\"https:\\\/\\\/medianeeds.es\\\/es\\\/snapchat-del-boom-al-declive\\\/#primaryimage\"},\"image\":{\"@id\":\"https:\\\/\\\/medianeeds.es\\\/es\\\/snapchat-del-boom-al-declive\\\/#primaryimage\"},\"thumbnailUrl\":\"https:\\\/\\\/medianeeds.es\\\/wp-content\\\/uploads\\\/2023\\\/08\\\/pexels-thought-catalog-2228569-scaled.jpg\",\"datePublished\":\"2023-08-24T06:55:27+00:00\",\"dateModified\":\"2023-10-04T14:44:24+00:00\",\"description\":\"El Ascenso y Descenso de Snapchat: Del Boom al Declive. En la era de la informaci\u00f3n y las redes sociales, la aplicaci\u00f3n Snapchat irrumpi\u00f3 en escena.\",\"breadcrumb\":{\"@id\":\"https:\\\/\\\/medianeeds.es\\\/es\\\/snapchat-del-boom-al-declive\\\/#breadcrumb\"},\"inLanguage\":\"es\",\"potentialAction\":[{\"@type\":\"ReadAction\",\"target\":[\"https:\\\/\\\/medianeeds.es\\\/es\\\/snapchat-del-boom-al-declive\\\/\"]}]},{\"@type\":\"ImageObject\",\"inLanguage\":\"es\",\"@id\":\"https:\\\/\\\/medianeeds.es\\\/es\\\/snapchat-del-boom-al-declive\\\/#primaryimage\",\"url\":\"https:\\\/\\\/medianeeds.es\\\/wp-content\\\/uploads\\\/2023\\\/08\\\/pexels-thought-catalog-2228569-scaled.jpg\",\"contentUrl\":\"https:\\\/\\\/medianeeds.es\\\/wp-content\\\/uploads\\\/2023\\\/08\\\/pexels-thought-catalog-2228569-scaled.jpg\",\"width\":2560,\"height\":1707},{\"@type\":\"BreadcrumbList\",\"@id\":\"https:\\\/\\\/medianeeds.es\\\/es\\\/snapchat-del-boom-al-declive\\\/#breadcrumb\",\"itemListElement\":[{\"@type\":\"ListItem\",\"position\":1,\"name\":\"Portada\",\"item\":\"https:\\\/\\\/medianeeds.es\\\/\"},{\"@type\":\"ListItem\",\"position\":2,\"name\":\"Snapchat: Del Boom al Declive.\"}]},{\"@type\":\"WebSite\",\"@id\":\"https:\\\/\\\/medianeeds.es\\\/#website\",\"url\":\"https:\\\/\\\/medianeeds.es\\\/\",\"name\":\"M\u00e0rketing Reus | Media Needs Reus | Ag\u00e8ncia de publicitat Reus\",\"description\":\"MediaNeeds \u00e9s una empresa especialitzada en serveis integrals de publicitat, m\u00e0rqueting on-line i community manager a Reus, Tarragona\",\"publisher\":{\"@id\":\"https:\\\/\\\/medianeeds.es\\\/#organization\"},\"alternateName\":\"Media Needs\",\"potentialAction\":[{\"@type\":\"SearchAction\",\"target\":{\"@type\":\"EntryPoint\",\"urlTemplate\":\"https:\\\/\\\/medianeeds.es\\\/?s={search_term_string}\"},\"query-input\":{\"@type\":\"PropertyValueSpecification\",\"valueRequired\":true,\"valueName\":\"search_term_string\"}}],\"inLanguage\":\"es\"},{\"@type\":\"Organization\",\"@id\":\"https:\\\/\\\/medianeeds.es\\\/#organization\",\"name\":\"M\u00e0rketing Reus | Media Needs Reus | Ag\u00e8ncia de publicitat Reus\",\"alternateName\":\"Media Needs\",\"url\":\"https:\\\/\\\/medianeeds.es\\\/\",\"logo\":{\"@type\":\"ImageObject\",\"inLanguage\":\"es\",\"@id\":\"https:\\\/\\\/medianeeds.es\\\/#\\\/schema\\\/logo\\\/image\\\/\",\"url\":\"https:\\\/\\\/medianeeds.es\\\/wp-content\\\/uploads\\\/2024\\\/06\\\/COLOR_Mesa-de-trabajo-1-copia.png\",\"contentUrl\":\"https:\\\/\\\/medianeeds.es\\\/wp-content\\\/uploads\\\/2024\\\/06\\\/COLOR_Mesa-de-trabajo-1-copia.png\",\"width\":470,\"height\":226,\"caption\":\"M\u00e0rketing Reus | Media Needs Reus | Ag\u00e8ncia de publicitat Reus\"},\"image\":{\"@id\":\"https:\\\/\\\/medianeeds.es\\\/#\\\/schema\\\/logo\\\/image\\\/\"},\"sameAs\":[\"https:\\\/\\\/www.facebook.com\\\/medianeeds.es\\\/\",\"https:\\\/\\\/x.com\\\/media_needs\",\"https:\\\/\\\/www.instagram.com\\\/medianeeds\\\/?hl=es\"]},{\"@type\":\"Person\",\"@id\":\"https:\\\/\\\/medianeeds.es\\\/#\\\/schema\\\/person\\\/6a6f2f17f283df3eeb0946feebd2af79\",\"name\":\"Medianeeds\",\"image\":{\"@type\":\"ImageObject\",\"inLanguage\":\"es\",\"@id\":\"https:\\\/\\\/secure.gravatar.com\\\/avatar\\\/442251953f111b43a4668103c7b7c09aa35690e525473fb0bb9db0681ee9c0c3?s=96&d=mm&r=g\",\"url\":\"https:\\\/\\\/secure.gravatar.com\\\/avatar\\\/442251953f111b43a4668103c7b7c09aa35690e525473fb0bb9db0681ee9c0c3?s=96&d=mm&r=g\",\"contentUrl\":\"https:\\\/\\\/secure.gravatar.com\\\/avatar\\\/442251953f111b43a4668103c7b7c09aa35690e525473fb0bb9db0681ee9c0c3?s=96&d=mm&r=g\",\"caption\":\"Medianeeds\"},\"url\":\"https:\\\/\\\/medianeeds.es\\\/es\\\/author\\\/medianeeds\\\/\"}]}<\/script>\n<!-- \/ Yoast SEO plugin. -->","yoast_head_json":{"title":"Snapchat: Del Boom al Declive.","description":"El Ascenso y Descenso de Snapchat: Del Boom al Declive. En la era de la informaci\u00f3n y las redes sociales, la aplicaci\u00f3n Snapchat irrumpi\u00f3 en escena.","robots":{"index":"index","follow":"follow","max-snippet":"max-snippet:-1","max-image-preview":"max-image-preview:large","max-video-preview":"max-video-preview:-1"},"canonical":"https:\/\/medianeeds.es\/es\/snapchat-del-boom-al-declive\/","og_locale":"es_ES","og_type":"article","og_title":"Snapchat: Del Boom al Declive.","og_description":"El Ascenso y Descenso de Snapchat: Del Boom al Declive. En la era de la informaci\u00f3n y las redes sociales, la aplicaci\u00f3n Snapchat irrumpi\u00f3 en escena.","og_url":"https:\/\/medianeeds.es\/es\/snapchat-del-boom-al-declive\/","og_site_name":"M\u00e0rketing Reus | Media Needs Reus | Ag\u00e8ncia de publicitat Reus","article_publisher":"https:\/\/www.facebook.com\/medianeeds.es\/","article_published_time":"2023-08-24T06:55:27+00:00","article_modified_time":"2023-10-04T14:44:24+00:00","og_image":[{"width":2560,"height":1707,"url":"https:\/\/medianeeds.es\/wp-content\/uploads\/2023\/08\/pexels-thought-catalog-2228569-scaled.jpg","type":"image\/jpeg"}],"author":"Medianeeds","twitter_misc":{"Escrito por":"Medianeeds","Tiempo de lectura":"3 minutos"},"schema":{"@context":"https:\/\/schema.org","@graph":[{"@type":"Article","@id":"https:\/\/medianeeds.es\/es\/snapchat-del-boom-al-declive\/#article","isPartOf":{"@id":"https:\/\/medianeeds.es\/es\/snapchat-del-boom-al-declive\/"},"author":{"name":"Medianeeds","@id":"https:\/\/medianeeds.es\/#\/schema\/person\/6a6f2f17f283df3eeb0946feebd2af79"},"headline":"Snapchat: Del Boom al Declive.","datePublished":"2023-08-24T06:55:27+00:00","dateModified":"2023-10-04T14:44:24+00:00","mainEntityOfPage":{"@id":"https:\/\/medianeeds.es\/es\/snapchat-del-boom-al-declive\/"},"wordCount":582,"publisher":{"@id":"https:\/\/medianeeds.es\/#organization"},"image":{"@id":"https:\/\/medianeeds.es\/es\/snapchat-del-boom-al-declive\/#primaryimage"},"thumbnailUrl":"https:\/\/medianeeds.es\/wp-content\/uploads\/2023\/08\/pexels-thought-catalog-2228569-scaled.jpg","articleSection":["Blog","Blog","M\u00e1rketing","M\u00e0rqueting","Noticias","Not\u00edcies"],"inLanguage":"es"},{"@type":"WebPage","@id":"https:\/\/medianeeds.es\/es\/snapchat-del-boom-al-declive\/","url":"https:\/\/medianeeds.es\/es\/snapchat-del-boom-al-declive\/","name":"Snapchat: Del Boom al Declive.","isPartOf":{"@id":"https:\/\/medianeeds.es\/#website"},"primaryImageOfPage":{"@id":"https:\/\/medianeeds.es\/es\/snapchat-del-boom-al-declive\/#primaryimage"},"image":{"@id":"https:\/\/medianeeds.es\/es\/snapchat-del-boom-al-declive\/#primaryimage"},"thumbnailUrl":"https:\/\/medianeeds.es\/wp-content\/uploads\/2023\/08\/pexels-thought-catalog-2228569-scaled.jpg","datePublished":"2023-08-24T06:55:27+00:00","dateModified":"2023-10-04T14:44:24+00:00","description":"El Ascenso y Descenso de Snapchat: Del Boom al Declive. En la era de la informaci\u00f3n y las redes sociales, la aplicaci\u00f3n Snapchat irrumpi\u00f3 en escena.","breadcrumb":{"@id":"https:\/\/medianeeds.es\/es\/snapchat-del-boom-al-declive\/#breadcrumb"},"inLanguage":"es","potentialAction":[{"@type":"ReadAction","target":["https:\/\/medianeeds.es\/es\/snapchat-del-boom-al-declive\/"]}]},{"@type":"ImageObject","inLanguage":"es","@id":"https:\/\/medianeeds.es\/es\/snapchat-del-boom-al-declive\/#primaryimage","url":"https:\/\/medianeeds.es\/wp-content\/uploads\/2023\/08\/pexels-thought-catalog-2228569-scaled.jpg","contentUrl":"https:\/\/medianeeds.es\/wp-content\/uploads\/2023\/08\/pexels-thought-catalog-2228569-scaled.jpg","width":2560,"height":1707},{"@type":"BreadcrumbList","@id":"https:\/\/medianeeds.es\/es\/snapchat-del-boom-al-declive\/#breadcrumb","itemListElement":[{"@type":"ListItem","position":1,"name":"Portada","item":"https:\/\/medianeeds.es\/"},{"@type":"ListItem","position":2,"name":"Snapchat: Del Boom al Declive."}]},{"@type":"WebSite","@id":"https:\/\/medianeeds.es\/#website","url":"https:\/\/medianeeds.es\/","name":"M\u00e0rketing Reus | Media Needs Reus | Ag\u00e8ncia de publicitat Reus","description":"MediaNeeds \u00e9s una empresa especialitzada en serveis integrals de publicitat, m\u00e0rqueting on-line i community manager a Reus, Tarragona","publisher":{"@id":"https:\/\/medianeeds.es\/#organization"},"alternateName":"Media Needs","potentialAction":[{"@type":"SearchAction","target":{"@type":"EntryPoint","urlTemplate":"https:\/\/medianeeds.es\/?s={search_term_string}"},"query-input":{"@type":"PropertyValueSpecification","valueRequired":true,"valueName":"search_term_string"}}],"inLanguage":"es"},{"@type":"Organization","@id":"https:\/\/medianeeds.es\/#organization","name":"M\u00e0rketing Reus | Media Needs Reus | Ag\u00e8ncia de publicitat Reus","alternateName":"Media Needs","url":"https:\/\/medianeeds.es\/","logo":{"@type":"ImageObject","inLanguage":"es","@id":"https:\/\/medianeeds.es\/#\/schema\/logo\/image\/","url":"https:\/\/medianeeds.es\/wp-content\/uploads\/2024\/06\/COLOR_Mesa-de-trabajo-1-copia.png","contentUrl":"https:\/\/medianeeds.es\/wp-content\/uploads\/2024\/06\/COLOR_Mesa-de-trabajo-1-copia.png","width":470,"height":226,"caption":"M\u00e0rketing Reus | Media Needs Reus | Ag\u00e8ncia de publicitat Reus"},"image":{"@id":"https:\/\/medianeeds.es\/#\/schema\/logo\/image\/"},"sameAs":["https:\/\/www.facebook.com\/medianeeds.es\/","https:\/\/x.com\/media_needs","https:\/\/www.instagram.com\/medianeeds\/?hl=es"]},{"@type":"Person","@id":"https:\/\/medianeeds.es\/#\/schema\/person\/6a6f2f17f283df3eeb0946feebd2af79","name":"Medianeeds","image":{"@type":"ImageObject","inLanguage":"es","@id":"https:\/\/secure.gravatar.com\/avatar\/442251953f111b43a4668103c7b7c09aa35690e525473fb0bb9db0681ee9c0c3?s=96&d=mm&r=g","url":"https:\/\/secure.gravatar.com\/avatar\/442251953f111b43a4668103c7b7c09aa35690e525473fb0bb9db0681ee9c0c3?s=96&d=mm&r=g","contentUrl":"https:\/\/secure.gravatar.com\/avatar\/442251953f111b43a4668103c7b7c09aa35690e525473fb0bb9db0681ee9c0c3?s=96&d=mm&r=g","caption":"Medianeeds"},"url":"https:\/\/medianeeds.es\/es\/author\/medianeeds\/"}]}},"_links":{"self":[{"href":"https:\/\/medianeeds.es\/es\/wp-json\/wp\/v2\/posts\/17693","targetHints":{"allow":["GET"]}}],"collection":[{"href":"https:\/\/medianeeds.es\/es\/wp-json\/wp\/v2\/posts"}],"about":[{"href":"https:\/\/medianeeds.es\/es\/wp-json\/wp\/v2\/types\/post"}],"author":[{"embeddable":true,"href":"https:\/\/medianeeds.es\/es\/wp-json\/wp\/v2\/users\/1"}],"replies":[{"embeddable":true,"href":"https:\/\/medianeeds.es\/es\/wp-json\/wp\/v2\/comments?post=17693"}],"version-history":[{"count":1,"href":"https:\/\/medianeeds.es\/es\/wp-json\/wp\/v2\/posts\/17693\/revisions"}],"predecessor-version":[{"id":17694,"href":"https:\/\/medianeeds.es\/es\/wp-json\/wp\/v2\/posts\/17693\/revisions\/17694"}],"wp:featuredmedia":[{"embeddable":true,"href":"https:\/\/medianeeds.es\/es\/wp-json\/wp\/v2\/media\/17691"}],"wp:attachment":[{"href":"https:\/\/medianeeds.es\/es\/wp-json\/wp\/v2\/media?parent=17693"}],"wp:term":[{"taxonomy":"category","embeddable":true,"href":"https:\/\/medianeeds.es\/es\/wp-json\/wp\/v2\/categories?post=17693"},{"taxonomy":"post_tag","embeddable":true,"href":"https:\/\/medianeeds.es\/es\/wp-json\/wp\/v2\/tags?post=17693"}],"curies":[{"name":"wp","href":"https:\/\/api.w.org\/{rel}","templated":true}]}}