{"id":17656,"date":"2023-07-07T10:05:51","date_gmt":"2023-07-07T10:05:51","guid":{"rendered":"https:\/\/medianeeds.es\/?p=17656"},"modified":"2023-10-04T14:12:29","modified_gmt":"2023-10-04T14:12:29","slug":"threads-la-red-social-que-revoluciona-el-microblogging","status":"publish","type":"post","link":"https:\/\/medianeeds.es\/es\/threads-la-red-social-que-revoluciona-el-microblogging\/","title":{"rendered":"Threads: la Red Social que revoluciona el Microblogging."},"content":{"rendered":"<h4>En el mundo de las redes sociales, siempre hay espacio para la innovaci\u00f3n y la evoluci\u00f3n. En este sentido, Meta, la empresa detr\u00e1s de Facebook, WhatsApp e instagram, ha lanzado su \u00faltima creaci\u00f3n: <strong>Threads la Red Social que revoluciona el Microblogging.<\/strong><\/h4>\n<p>Esta emocionante plataforma se perfila como una alternativa directa en Twitter, aprovechando la base de usuarios existente en Instagram para posicionarse en el mercado. Cono uno enfoco en el microblogging, Threads promete combinar el mejor de <a href=\"https:\/\/twitter.com\/home\">Twitter<\/a> y Mastodon para ofrecer una experiencia \u00fanica a sus usuario ya que consta de una\u00a0Red Social que revoluciona el Microblogging.<\/p>\n<h4><strong>Desarrollada miedo lo equipo de Instagram, Threads ha sido lanzada cono grande \u00e9xito el 6 de julio del 2023, consiguiendo la impresionante cifra de 10 millones de usuarios en tan solo 7 horas.<\/strong><\/h4>\n<p>Este logro notable se ha visto impulsado tanto miedo la necesidad de un nuevo jugador en lo campo de las redes sociales, como miedo la s\u00f3lida base de usuarios de Instagram. Cono m\u00e1s de mil millones de usuarios en Instagram, el potencial de crecimiento de Threads se enorme, lo cual se viene todav\u00eda m\u00e1s fortalecido miedo la presencia de numerosas celebridades y marcas que ya sue\u00f1o parte de la comunidad de Instagram. Esta sinergia entre las dos plataformas se un factor clavo para atraer a nuevos usuarios a Threads.<\/p>\n<p><strong>Una de las caracter\u00edsticas m\u00e1s interesantes de Threads es:<\/strong><br \/>\nsu integraci\u00f3n cono lo concepto del \u00abFediverso\u00bb. Esto significa que los usuarios de Threads tendr\u00e1n la capacidad de interactuar cono usuarios de Mastodon y otras redes similares. Esta apertura al interconexionado cono diferentes plataformas ampl\u00eda las posibilidades de socializaci\u00f3n y ofrece a los usuarios una experiencia m\u00e1s diversa y enriquecedora.<\/p>\n<h4><strong>En esencia, Threads se presenta como la alternativa en Twitter desarrollada para Instagram. Pero va mucho m\u00e1s all\u00e1 al fusionar las mejores calidades otras redes sociales populares.<\/strong><\/h4>\n<p>Su enfoque en el microblogging<strong>, c<\/strong>ombinado cono su s\u00f3lida base de usuarios y la promesa de formar parte del Fediverso, hacen de Threads una opci\u00f3n emocionante para aquellos que buscan una nueva forma de expresi\u00f3n y conexi\u00f3n en el mundo digital.<\/p>\n<p>No t\u00e9 pierdas la oportunidad de unirte a la revoluci\u00f3n de Threads y descubrir todo el que esta emocionante red social tiene para ofrecer! Sigue a <a href=\"https:\/\/medianeeds.es\/noticies\/\">Media Needs<\/a> en todas nuestras redes para estar actaulitzat de todas las novedades.<\/p>\n","protected":false},"excerpt":{"rendered":"<p>En el mundo de las redes sociales, siempre hay espacio para la innovaci\u00f3n y la evoluci\u00f3n. En este sentido, Meta, la empresa detr\u00e1s de Facebook, WhatsApp e instagram, ha lanzado su \u00faltima creaci\u00f3n: Threads la Red Social que revoluciona el Microblogging. Esta emocionante plataforma se perfila como una alternativa directa en Twitter, aprovechando la base [&hellip;]<\/p>\n","protected":false},"author":1,"featured_media":17647,"comment_status":"closed","ping_status":"closed","sticky":false,"template":"","format":"standard","meta":{"_et_pb_use_builder":"","_et_pb_old_content":"","_et_gb_content_width":"","footnotes":""},"categories":[292,188,249,291,252,23,21],"tags":[],"class_list":["post-17656","post","type-post","status-publish","format-standard","has-post-thumbnail","hentry","category-blog-es-3-es","category-blog-es-4","category-destacados","category-destacats-es","category-noticias","category-noticies-es","category-sin-categorizar"],"yoast_head":"<!-- This site is optimized with the Yoast SEO plugin v27.5 - https:\/\/yoast.com\/product\/yoast-seo-wordpress\/ -->\n<title>La Red Social que revoluciona el Microblogging.<\/title>\n<meta name=\"description\" content=\"Threads la revoluci\u00f3n del Microblogging, es una nueva red social con un enofocamiento que promete combinar lo mejor de Twitter\" \/>\n<meta name=\"robots\" content=\"index, follow, max-snippet:-1, max-image-preview:large, max-video-preview:-1\" \/>\n<link rel=\"canonical\" href=\"https:\/\/medianeeds.es\/es\/threads-la-red-social-que-revoluciona-el-microblogging\/\" \/>\n<meta property=\"og:locale\" content=\"es_ES\" \/>\n<meta property=\"og:type\" content=\"article\" \/>\n<meta property=\"og:title\" content=\"La Red Social que revoluciona el Microblogging.\" \/>\n<meta property=\"og:description\" content=\"Threads la revoluci\u00f3n del Microblogging, es una nueva red social con un enofocamiento que promete combinar lo mejor de Twitter\" \/>\n<meta property=\"og:url\" content=\"https:\/\/medianeeds.es\/es\/threads-la-red-social-que-revoluciona-el-microblogging\/\" \/>\n<meta property=\"og:site_name\" content=\"M\u00e0rketing Reus | Media Needs Reus | Ag\u00e8ncia de publicitat Reus\" \/>\n<meta property=\"article:publisher\" content=\"https:\/\/www.facebook.com\/medianeeds.es\/\" \/>\n<meta property=\"article:published_time\" content=\"2023-07-07T10:05:51+00:00\" \/>\n<meta property=\"article:modified_time\" content=\"2023-10-04T14:12:29+00:00\" \/>\n<meta property=\"og:image\" content=\"https:\/\/medianeeds.es\/wp-content\/uploads\/2023\/07\/juliol_1c.webp\" \/>\n\t<meta property=\"og:image:width\" content=\"1200\" \/>\n\t<meta property=\"og:image:height\" content=\"773\" \/>\n\t<meta property=\"og:image:type\" content=\"image\/webp\" \/>\n<meta name=\"author\" content=\"Medianeeds\" \/>\n<meta name=\"twitter:label1\" content=\"Escrito por\" \/>\n\t<meta name=\"twitter:data1\" content=\"Medianeeds\" \/>\n\t<meta name=\"twitter:label2\" content=\"Tiempo de lectura\" \/>\n\t<meta name=\"twitter:data2\" content=\"2 minutos\" \/>\n<script type=\"application\/ld+json\" class=\"yoast-schema-graph\">{\"@context\":\"https:\\\/\\\/schema.org\",\"@graph\":[{\"@type\":\"Article\",\"@id\":\"https:\\\/\\\/medianeeds.es\\\/es\\\/threads-la-red-social-que-revoluciona-el-microblogging\\\/#article\",\"isPartOf\":{\"@id\":\"https:\\\/\\\/medianeeds.es\\\/es\\\/threads-la-red-social-que-revoluciona-el-microblogging\\\/\"},\"author\":{\"name\":\"Medianeeds\",\"@id\":\"https:\\\/\\\/medianeeds.es\\\/#\\\/schema\\\/person\\\/6a6f2f17f283df3eeb0946feebd2af79\"},\"headline\":\"Threads: la Red Social que revoluciona el Microblogging.\",\"datePublished\":\"2023-07-07T10:05:51+00:00\",\"dateModified\":\"2023-10-04T14:12:29+00:00\",\"mainEntityOfPage\":{\"@id\":\"https:\\\/\\\/medianeeds.es\\\/es\\\/threads-la-red-social-que-revoluciona-el-microblogging\\\/\"},\"wordCount\":413,\"publisher\":{\"@id\":\"https:\\\/\\\/medianeeds.es\\\/#organization\"},\"image\":{\"@id\":\"https:\\\/\\\/medianeeds.es\\\/es\\\/threads-la-red-social-que-revoluciona-el-microblogging\\\/#primaryimage\"},\"thumbnailUrl\":\"https:\\\/\\\/medianeeds.es\\\/wp-content\\\/uploads\\\/2023\\\/07\\\/juliol_1c.webp\",\"articleSection\":[\"Blog\",\"Blog\",\"Destacados\",\"Destacats\",\"Noticias\",\"Not\u00edcies\",\"Sin categorizar\"],\"inLanguage\":\"es\"},{\"@type\":\"WebPage\",\"@id\":\"https:\\\/\\\/medianeeds.es\\\/es\\\/threads-la-red-social-que-revoluciona-el-microblogging\\\/\",\"url\":\"https:\\\/\\\/medianeeds.es\\\/es\\\/threads-la-red-social-que-revoluciona-el-microblogging\\\/\",\"name\":\"La Red Social que revoluciona el Microblogging.\",\"isPartOf\":{\"@id\":\"https:\\\/\\\/medianeeds.es\\\/#website\"},\"primaryImageOfPage\":{\"@id\":\"https:\\\/\\\/medianeeds.es\\\/es\\\/threads-la-red-social-que-revoluciona-el-microblogging\\\/#primaryimage\"},\"image\":{\"@id\":\"https:\\\/\\\/medianeeds.es\\\/es\\\/threads-la-red-social-que-revoluciona-el-microblogging\\\/#primaryimage\"},\"thumbnailUrl\":\"https:\\\/\\\/medianeeds.es\\\/wp-content\\\/uploads\\\/2023\\\/07\\\/juliol_1c.webp\",\"datePublished\":\"2023-07-07T10:05:51+00:00\",\"dateModified\":\"2023-10-04T14:12:29+00:00\",\"description\":\"Threads la revoluci\u00f3n del Microblogging, es una nueva red social con un enofocamiento que promete combinar lo mejor de Twitter\",\"breadcrumb\":{\"@id\":\"https:\\\/\\\/medianeeds.es\\\/es\\\/threads-la-red-social-que-revoluciona-el-microblogging\\\/#breadcrumb\"},\"inLanguage\":\"es\",\"potentialAction\":[{\"@type\":\"ReadAction\",\"target\":[\"https:\\\/\\\/medianeeds.es\\\/es\\\/threads-la-red-social-que-revoluciona-el-microblogging\\\/\"]}]},{\"@type\":\"ImageObject\",\"inLanguage\":\"es\",\"@id\":\"https:\\\/\\\/medianeeds.es\\\/es\\\/threads-la-red-social-que-revoluciona-el-microblogging\\\/#primaryimage\",\"url\":\"https:\\\/\\\/medianeeds.es\\\/wp-content\\\/uploads\\\/2023\\\/07\\\/juliol_1c.webp\",\"contentUrl\":\"https:\\\/\\\/medianeeds.es\\\/wp-content\\\/uploads\\\/2023\\\/07\\\/juliol_1c.webp\",\"width\":1200,\"height\":773,\"caption\":\"a Red Social que revoluciona el Microblogging.\"},{\"@type\":\"BreadcrumbList\",\"@id\":\"https:\\\/\\\/medianeeds.es\\\/es\\\/threads-la-red-social-que-revoluciona-el-microblogging\\\/#breadcrumb\",\"itemListElement\":[{\"@type\":\"ListItem\",\"position\":1,\"name\":\"Portada\",\"item\":\"https:\\\/\\\/medianeeds.es\\\/\"},{\"@type\":\"ListItem\",\"position\":2,\"name\":\"Threads: la Red Social que revoluciona el Microblogging.\"}]},{\"@type\":\"WebSite\",\"@id\":\"https:\\\/\\\/medianeeds.es\\\/#website\",\"url\":\"https:\\\/\\\/medianeeds.es\\\/\",\"name\":\"M\u00e0rketing Reus | Media Needs Reus | Ag\u00e8ncia de publicitat Reus\",\"description\":\"MediaNeeds \u00e9s una empresa especialitzada en serveis integrals de publicitat, m\u00e0rqueting on-line i community manager a Reus, Tarragona\",\"publisher\":{\"@id\":\"https:\\\/\\\/medianeeds.es\\\/#organization\"},\"alternateName\":\"Media Needs\",\"potentialAction\":[{\"@type\":\"SearchAction\",\"target\":{\"@type\":\"EntryPoint\",\"urlTemplate\":\"https:\\\/\\\/medianeeds.es\\\/?s={search_term_string}\"},\"query-input\":{\"@type\":\"PropertyValueSpecification\",\"valueRequired\":true,\"valueName\":\"search_term_string\"}}],\"inLanguage\":\"es\"},{\"@type\":\"Organization\",\"@id\":\"https:\\\/\\\/medianeeds.es\\\/#organization\",\"name\":\"M\u00e0rketing Reus | Media Needs Reus | Ag\u00e8ncia de publicitat Reus\",\"alternateName\":\"Media Needs\",\"url\":\"https:\\\/\\\/medianeeds.es\\\/\",\"logo\":{\"@type\":\"ImageObject\",\"inLanguage\":\"es\",\"@id\":\"https:\\\/\\\/medianeeds.es\\\/#\\\/schema\\\/logo\\\/image\\\/\",\"url\":\"https:\\\/\\\/medianeeds.es\\\/wp-content\\\/uploads\\\/2024\\\/06\\\/COLOR_Mesa-de-trabajo-1-copia.png\",\"contentUrl\":\"https:\\\/\\\/medianeeds.es\\\/wp-content\\\/uploads\\\/2024\\\/06\\\/COLOR_Mesa-de-trabajo-1-copia.png\",\"width\":470,\"height\":226,\"caption\":\"M\u00e0rketing Reus | Media Needs Reus | Ag\u00e8ncia de publicitat Reus\"},\"image\":{\"@id\":\"https:\\\/\\\/medianeeds.es\\\/#\\\/schema\\\/logo\\\/image\\\/\"},\"sameAs\":[\"https:\\\/\\\/www.facebook.com\\\/medianeeds.es\\\/\",\"https:\\\/\\\/x.com\\\/media_needs\",\"https:\\\/\\\/www.instagram.com\\\/medianeeds\\\/?hl=es\"]},{\"@type\":\"Person\",\"@id\":\"https:\\\/\\\/medianeeds.es\\\/#\\\/schema\\\/person\\\/6a6f2f17f283df3eeb0946feebd2af79\",\"name\":\"Medianeeds\",\"image\":{\"@type\":\"ImageObject\",\"inLanguage\":\"es\",\"@id\":\"https:\\\/\\\/secure.gravatar.com\\\/avatar\\\/442251953f111b43a4668103c7b7c09aa35690e525473fb0bb9db0681ee9c0c3?s=96&d=mm&r=g\",\"url\":\"https:\\\/\\\/secure.gravatar.com\\\/avatar\\\/442251953f111b43a4668103c7b7c09aa35690e525473fb0bb9db0681ee9c0c3?s=96&d=mm&r=g\",\"contentUrl\":\"https:\\\/\\\/secure.gravatar.com\\\/avatar\\\/442251953f111b43a4668103c7b7c09aa35690e525473fb0bb9db0681ee9c0c3?s=96&d=mm&r=g\",\"caption\":\"Medianeeds\"},\"url\":\"https:\\\/\\\/medianeeds.es\\\/es\\\/author\\\/medianeeds\\\/\"}]}<\/script>\n<!-- \/ Yoast SEO plugin. -->","yoast_head_json":{"title":"La Red Social que revoluciona el Microblogging.","description":"Threads la revoluci\u00f3n del Microblogging, es una nueva red social con un enofocamiento que promete combinar lo mejor de Twitter","robots":{"index":"index","follow":"follow","max-snippet":"max-snippet:-1","max-image-preview":"max-image-preview:large","max-video-preview":"max-video-preview:-1"},"canonical":"https:\/\/medianeeds.es\/es\/threads-la-red-social-que-revoluciona-el-microblogging\/","og_locale":"es_ES","og_type":"article","og_title":"La Red Social que revoluciona el Microblogging.","og_description":"Threads la revoluci\u00f3n del Microblogging, es una nueva red social con un enofocamiento que promete combinar lo mejor de Twitter","og_url":"https:\/\/medianeeds.es\/es\/threads-la-red-social-que-revoluciona-el-microblogging\/","og_site_name":"M\u00e0rketing Reus | Media Needs Reus | Ag\u00e8ncia de publicitat Reus","article_publisher":"https:\/\/www.facebook.com\/medianeeds.es\/","article_published_time":"2023-07-07T10:05:51+00:00","article_modified_time":"2023-10-04T14:12:29+00:00","og_image":[{"width":1200,"height":773,"url":"https:\/\/medianeeds.es\/wp-content\/uploads\/2023\/07\/juliol_1c.webp","type":"image\/webp"}],"author":"Medianeeds","twitter_misc":{"Escrito por":"Medianeeds","Tiempo de lectura":"2 minutos"},"schema":{"@context":"https:\/\/schema.org","@graph":[{"@type":"Article","@id":"https:\/\/medianeeds.es\/es\/threads-la-red-social-que-revoluciona-el-microblogging\/#article","isPartOf":{"@id":"https:\/\/medianeeds.es\/es\/threads-la-red-social-que-revoluciona-el-microblogging\/"},"author":{"name":"Medianeeds","@id":"https:\/\/medianeeds.es\/#\/schema\/person\/6a6f2f17f283df3eeb0946feebd2af79"},"headline":"Threads: la Red Social que revoluciona el Microblogging.","datePublished":"2023-07-07T10:05:51+00:00","dateModified":"2023-10-04T14:12:29+00:00","mainEntityOfPage":{"@id":"https:\/\/medianeeds.es\/es\/threads-la-red-social-que-revoluciona-el-microblogging\/"},"wordCount":413,"publisher":{"@id":"https:\/\/medianeeds.es\/#organization"},"image":{"@id":"https:\/\/medianeeds.es\/es\/threads-la-red-social-que-revoluciona-el-microblogging\/#primaryimage"},"thumbnailUrl":"https:\/\/medianeeds.es\/wp-content\/uploads\/2023\/07\/juliol_1c.webp","articleSection":["Blog","Blog","Destacados","Destacats","Noticias","Not\u00edcies","Sin categorizar"],"inLanguage":"es"},{"@type":"WebPage","@id":"https:\/\/medianeeds.es\/es\/threads-la-red-social-que-revoluciona-el-microblogging\/","url":"https:\/\/medianeeds.es\/es\/threads-la-red-social-que-revoluciona-el-microblogging\/","name":"La Red Social que revoluciona el Microblogging.","isPartOf":{"@id":"https:\/\/medianeeds.es\/#website"},"primaryImageOfPage":{"@id":"https:\/\/medianeeds.es\/es\/threads-la-red-social-que-revoluciona-el-microblogging\/#primaryimage"},"image":{"@id":"https:\/\/medianeeds.es\/es\/threads-la-red-social-que-revoluciona-el-microblogging\/#primaryimage"},"thumbnailUrl":"https:\/\/medianeeds.es\/wp-content\/uploads\/2023\/07\/juliol_1c.webp","datePublished":"2023-07-07T10:05:51+00:00","dateModified":"2023-10-04T14:12:29+00:00","description":"Threads la revoluci\u00f3n del Microblogging, es una nueva red social con un enofocamiento que promete combinar lo mejor de Twitter","breadcrumb":{"@id":"https:\/\/medianeeds.es\/es\/threads-la-red-social-que-revoluciona-el-microblogging\/#breadcrumb"},"inLanguage":"es","potentialAction":[{"@type":"ReadAction","target":["https:\/\/medianeeds.es\/es\/threads-la-red-social-que-revoluciona-el-microblogging\/"]}]},{"@type":"ImageObject","inLanguage":"es","@id":"https:\/\/medianeeds.es\/es\/threads-la-red-social-que-revoluciona-el-microblogging\/#primaryimage","url":"https:\/\/medianeeds.es\/wp-content\/uploads\/2023\/07\/juliol_1c.webp","contentUrl":"https:\/\/medianeeds.es\/wp-content\/uploads\/2023\/07\/juliol_1c.webp","width":1200,"height":773,"caption":"a Red Social que revoluciona el Microblogging."},{"@type":"BreadcrumbList","@id":"https:\/\/medianeeds.es\/es\/threads-la-red-social-que-revoluciona-el-microblogging\/#breadcrumb","itemListElement":[{"@type":"ListItem","position":1,"name":"Portada","item":"https:\/\/medianeeds.es\/"},{"@type":"ListItem","position":2,"name":"Threads: la Red Social que revoluciona el Microblogging."}]},{"@type":"WebSite","@id":"https:\/\/medianeeds.es\/#website","url":"https:\/\/medianeeds.es\/","name":"M\u00e0rketing Reus | Media Needs Reus | Ag\u00e8ncia de publicitat Reus","description":"MediaNeeds \u00e9s una empresa especialitzada en serveis integrals de publicitat, m\u00e0rqueting on-line i community manager a Reus, Tarragona","publisher":{"@id":"https:\/\/medianeeds.es\/#organization"},"alternateName":"Media Needs","potentialAction":[{"@type":"SearchAction","target":{"@type":"EntryPoint","urlTemplate":"https:\/\/medianeeds.es\/?s={search_term_string}"},"query-input":{"@type":"PropertyValueSpecification","valueRequired":true,"valueName":"search_term_string"}}],"inLanguage":"es"},{"@type":"Organization","@id":"https:\/\/medianeeds.es\/#organization","name":"M\u00e0rketing Reus | Media Needs Reus | Ag\u00e8ncia de publicitat Reus","alternateName":"Media Needs","url":"https:\/\/medianeeds.es\/","logo":{"@type":"ImageObject","inLanguage":"es","@id":"https:\/\/medianeeds.es\/#\/schema\/logo\/image\/","url":"https:\/\/medianeeds.es\/wp-content\/uploads\/2024\/06\/COLOR_Mesa-de-trabajo-1-copia.png","contentUrl":"https:\/\/medianeeds.es\/wp-content\/uploads\/2024\/06\/COLOR_Mesa-de-trabajo-1-copia.png","width":470,"height":226,"caption":"M\u00e0rketing Reus | Media Needs Reus | Ag\u00e8ncia de publicitat Reus"},"image":{"@id":"https:\/\/medianeeds.es\/#\/schema\/logo\/image\/"},"sameAs":["https:\/\/www.facebook.com\/medianeeds.es\/","https:\/\/x.com\/media_needs","https:\/\/www.instagram.com\/medianeeds\/?hl=es"]},{"@type":"Person","@id":"https:\/\/medianeeds.es\/#\/schema\/person\/6a6f2f17f283df3eeb0946feebd2af79","name":"Medianeeds","image":{"@type":"ImageObject","inLanguage":"es","@id":"https:\/\/secure.gravatar.com\/avatar\/442251953f111b43a4668103c7b7c09aa35690e525473fb0bb9db0681ee9c0c3?s=96&d=mm&r=g","url":"https:\/\/secure.gravatar.com\/avatar\/442251953f111b43a4668103c7b7c09aa35690e525473fb0bb9db0681ee9c0c3?s=96&d=mm&r=g","contentUrl":"https:\/\/secure.gravatar.com\/avatar\/442251953f111b43a4668103c7b7c09aa35690e525473fb0bb9db0681ee9c0c3?s=96&d=mm&r=g","caption":"Medianeeds"},"url":"https:\/\/medianeeds.es\/es\/author\/medianeeds\/"}]}},"_links":{"self":[{"href":"https:\/\/medianeeds.es\/es\/wp-json\/wp\/v2\/posts\/17656","targetHints":{"allow":["GET"]}}],"collection":[{"href":"https:\/\/medianeeds.es\/es\/wp-json\/wp\/v2\/posts"}],"about":[{"href":"https:\/\/medianeeds.es\/es\/wp-json\/wp\/v2\/types\/post"}],"author":[{"embeddable":true,"href":"https:\/\/medianeeds.es\/es\/wp-json\/wp\/v2\/users\/1"}],"replies":[{"embeddable":true,"href":"https:\/\/medianeeds.es\/es\/wp-json\/wp\/v2\/comments?post=17656"}],"version-history":[{"count":2,"href":"https:\/\/medianeeds.es\/es\/wp-json\/wp\/v2\/posts\/17656\/revisions"}],"predecessor-version":[{"id":17705,"href":"https:\/\/medianeeds.es\/es\/wp-json\/wp\/v2\/posts\/17656\/revisions\/17705"}],"wp:featuredmedia":[{"embeddable":true,"href":"https:\/\/medianeeds.es\/es\/wp-json\/wp\/v2\/media\/17647"}],"wp:attachment":[{"href":"https:\/\/medianeeds.es\/es\/wp-json\/wp\/v2\/media?parent=17656"}],"wp:term":[{"taxonomy":"category","embeddable":true,"href":"https:\/\/medianeeds.es\/es\/wp-json\/wp\/v2\/categories?post=17656"},{"taxonomy":"post_tag","embeddable":true,"href":"https:\/\/medianeeds.es\/es\/wp-json\/wp\/v2\/tags?post=17656"}],"curies":[{"name":"wp","href":"https:\/\/api.w.org\/{rel}","templated":true}]}}