{"id":17546,"date":"2023-05-17T07:53:27","date_gmt":"2023-05-17T07:53:27","guid":{"rendered":"https:\/\/medianeeds.es\/?p=17546"},"modified":"2023-05-17T07:58:30","modified_gmt":"2023-05-17T07:58:30","slug":"el-dia-mundial-del-internet-como-internet-revoluciona-nuestro-trabajo","status":"publish","type":"post","link":"https:\/\/medianeeds.es\/es\/el-dia-mundial-del-internet-como-internet-revoluciona-nuestro-trabajo\/","title":{"rendered":"El D\u00eda Mundial del Internet: C\u00f3mo Internet revoluciona nuestro trabajo"},"content":{"rendered":"<h3>Cada 17 de mayo, celebramos el D\u00eda Mundial del Internet para reconocer la importancia de esta poderosa herramienta en nuestras vidas.<\/h3>\n<p>En el \u00e1mbito laboral, el Internet ha revolucionado la forma en que trabajamos, brind\u00e1ndonos numerosos beneficios y oportunidades para la comunicaci\u00f3n, el marketing y la publicidad.<\/p>\n<p>Por lo tanto, en este art\u00edculo, exploraremos c\u00f3mo Internet ha transformado nuestra manera de trabajar y c\u00f3mo podemos aprovechar al m\u00e1ximo sus ventajas en el \u00e1mbito profesional.<\/p>\n<h6><strong>Las ventajas:<\/strong><\/h6>\n<p><strong>1. Comunicaci\u00f3n instant\u00e1nea y colaboraci\u00f3n<\/strong>: La posibilidad de una comunicaci\u00f3n instant\u00e1nea y una colaboraci\u00f3n eficiente. Plataformas de mensajer\u00eda instant\u00e1nea c\u00f3mo WhatsApp nos permiten conectarnos y comunicarnos en tiempo real.<\/p>\n<p><strong>2. Acceso a informaci\u00f3n y recursos:<\/strong> Acceso a una cantidad infinita de informaci\u00f3n y recursos. Podemos realizar b\u00fasquedas r\u00e1pidas para obtener datos, investigar tendencias y mantenernos actualizados en nuestras respectivas industrias.<\/p>\n<p><strong>3. Marketing digital y publicidad:<\/strong> Internet ha revolucionado la forma en que las empresas realizan su marketing y publicidad. A trav\u00e9s de las redes sociales, los motores de b\u00fasqueda y los sitios web, las marcas pueden llegar a un p\u00fablico objetivo de manera m\u00e1s precisa y efectiva.<\/p>\n<p><strong>4. Flexibilidad y trabajo remoto:<\/strong> Mayor flexibilidad en nuestro trabajo. El concepto de trabajo remoto se ha vuelto cada vez m\u00e1s popular, permiti\u00e9ndonos colaborar con equipos internacionales, establecer nuestras propias rutinas y conciliar la vida laboral y personal de una manera m\u00e1s equilibrada.<\/p>\n<p><strong>5. Innovaci\u00f3n constante:<\/strong> Internet es una fuente inagotable de innovaci\u00f3n y nuevas oportunidades. Por ello, surgen constantemente nuevas herramientas, plataformas y aplicaciones que mejoran nuestra productividad y eficiencia en el trabajo.<\/p>\n<p>&nbsp;<\/p>\n<p>En el <a href=\"https:\/\/www.diadeinternet.org\/\">D\u00eda Mundial del Internet<\/a>, celebramos el impacto transformador que esta herramienta ha tenido en nuestro trabajo. Desde la comunicaci\u00f3n instant\u00e1nea y la colaboraci\u00f3n eficiente hasta el acceso a informaci\u00f3n, el Internet ha revolucionado la forma en que llevamos a cabo nuestras tareas laborales.<\/p>\n<p>Por lo tanto, debemos aprovechar al m\u00e1ximo los beneficios que el Internet nos ofrece. Nos permite ser m\u00e1s eficientes, productivos y competitivos en el mundo laboral en constante evoluci\u00f3n.<\/p>\n<p>\u00a1Des de <a href=\"https:\/\/medianeeds.es\/es\/\">Media Needs<\/a> queremos desearte un muy Feliz D\u00eda Mundial del Internet y que sigas aprovechando al m\u00e1ximo las oportunidades que nos brinda esta poderosa herramienta en tu trabajo!<\/p>\n","protected":false},"excerpt":{"rendered":"<p>Cada 17 de mayo, celebramos el D\u00eda Mundial del Internet para reconocer la importancia de esta poderosa herramienta en nuestras vidas. En el \u00e1mbito laboral, el Internet ha revolucionado la forma en que trabajamos, brind\u00e1ndonos numerosos beneficios y oportunidades para la comunicaci\u00f3n, el marketing y la publicidad. Por lo tanto, en este art\u00edculo, exploraremos c\u00f3mo [&hellip;]<\/p>\n","protected":false},"author":1,"featured_media":17550,"comment_status":"closed","ping_status":"closed","sticky":false,"template":"","format":"standard","meta":{"_et_pb_use_builder":"","_et_pb_old_content":"","_et_gb_content_width":"","footnotes":""},"categories":[292,188,249,291,252,23],"tags":[],"class_list":["post-17546","post","type-post","status-publish","format-standard","has-post-thumbnail","hentry","category-blog-es-3-es","category-blog-es-4","category-destacados","category-destacats-es","category-noticias","category-noticies-es"],"yoast_head":"<!-- This site is optimized with the Yoast SEO plugin v27.4 - https:\/\/yoast.com\/product\/yoast-seo-wordpress\/ -->\n<title>D\u00eda Mundial del Internet<\/title>\n<meta name=\"description\" content=\"Cada 17 de mayo, celebramos el D\u00eda Mundial del Internet para reconocer la importancia de esta poderosa herramienta en nuestras vidas.\" \/>\n<meta name=\"robots\" content=\"index, follow, max-snippet:-1, max-image-preview:large, max-video-preview:-1\" \/>\n<link rel=\"canonical\" href=\"https:\/\/medianeeds.es\/es\/el-dia-mundial-del-internet-como-internet-revoluciona-nuestro-trabajo\/\" \/>\n<meta property=\"og:locale\" content=\"es_ES\" \/>\n<meta property=\"og:type\" content=\"article\" \/>\n<meta property=\"og:title\" content=\"D\u00eda Mundial del Internet\" \/>\n<meta property=\"og:description\" content=\"Cada 17 de mayo, celebramos el D\u00eda Mundial del Internet para reconocer la importancia de esta poderosa herramienta en nuestras vidas.\" \/>\n<meta property=\"og:url\" content=\"https:\/\/medianeeds.es\/es\/el-dia-mundial-del-internet-como-internet-revoluciona-nuestro-trabajo\/\" \/>\n<meta property=\"og:site_name\" content=\"M\u00e0rketing Reus | Media Needs Reus | Ag\u00e8ncia de publicitat Reus\" \/>\n<meta property=\"article:publisher\" content=\"https:\/\/www.facebook.com\/medianeeds.es\/\" \/>\n<meta property=\"article:published_time\" content=\"2023-05-17T07:53:27+00:00\" \/>\n<meta property=\"article:modified_time\" content=\"2023-05-17T07:58:30+00:00\" \/>\n<meta property=\"og:image\" content=\"https:\/\/medianeeds.es\/wp-content\/uploads\/2023\/05\/mujer-feliz-telefono-scaled.jpg\" \/>\n\t<meta property=\"og:image:width\" content=\"2560\" \/>\n\t<meta property=\"og:image:height\" content=\"1782\" \/>\n\t<meta property=\"og:image:type\" content=\"image\/jpeg\" \/>\n<meta name=\"author\" content=\"Medianeeds\" \/>\n<meta name=\"twitter:label1\" content=\"Escrito por\" \/>\n\t<meta name=\"twitter:data1\" content=\"Medianeeds\" \/>\n\t<meta name=\"twitter:label2\" content=\"Tiempo de lectura\" \/>\n\t<meta name=\"twitter:data2\" content=\"2 minutos\" \/>\n<script type=\"application\/ld+json\" class=\"yoast-schema-graph\">{\"@context\":\"https:\\\/\\\/schema.org\",\"@graph\":[{\"@type\":\"Article\",\"@id\":\"https:\\\/\\\/medianeeds.es\\\/es\\\/el-dia-mundial-del-internet-como-internet-revoluciona-nuestro-trabajo\\\/#article\",\"isPartOf\":{\"@id\":\"https:\\\/\\\/medianeeds.es\\\/es\\\/el-dia-mundial-del-internet-como-internet-revoluciona-nuestro-trabajo\\\/\"},\"author\":{\"name\":\"Medianeeds\",\"@id\":\"https:\\\/\\\/medianeeds.es\\\/#\\\/schema\\\/person\\\/6a6f2f17f283df3eeb0946feebd2af79\"},\"headline\":\"El D\u00eda Mundial del Internet: C\u00f3mo Internet revoluciona nuestro trabajo\",\"datePublished\":\"2023-05-17T07:53:27+00:00\",\"dateModified\":\"2023-05-17T07:58:30+00:00\",\"mainEntityOfPage\":{\"@id\":\"https:\\\/\\\/medianeeds.es\\\/es\\\/el-dia-mundial-del-internet-como-internet-revoluciona-nuestro-trabajo\\\/\"},\"wordCount\":407,\"publisher\":{\"@id\":\"https:\\\/\\\/medianeeds.es\\\/#organization\"},\"image\":{\"@id\":\"https:\\\/\\\/medianeeds.es\\\/es\\\/el-dia-mundial-del-internet-como-internet-revoluciona-nuestro-trabajo\\\/#primaryimage\"},\"thumbnailUrl\":\"https:\\\/\\\/medianeeds.es\\\/wp-content\\\/uploads\\\/2023\\\/05\\\/mujer-feliz-telefono-scaled.jpg\",\"articleSection\":[\"Blog\",\"Blog\",\"Destacados\",\"Destacats\",\"Noticias\",\"Not\u00edcies\"],\"inLanguage\":\"es\"},{\"@type\":\"WebPage\",\"@id\":\"https:\\\/\\\/medianeeds.es\\\/es\\\/el-dia-mundial-del-internet-como-internet-revoluciona-nuestro-trabajo\\\/\",\"url\":\"https:\\\/\\\/medianeeds.es\\\/es\\\/el-dia-mundial-del-internet-como-internet-revoluciona-nuestro-trabajo\\\/\",\"name\":\"D\u00eda Mundial del Internet\",\"isPartOf\":{\"@id\":\"https:\\\/\\\/medianeeds.es\\\/#website\"},\"primaryImageOfPage\":{\"@id\":\"https:\\\/\\\/medianeeds.es\\\/es\\\/el-dia-mundial-del-internet-como-internet-revoluciona-nuestro-trabajo\\\/#primaryimage\"},\"image\":{\"@id\":\"https:\\\/\\\/medianeeds.es\\\/es\\\/el-dia-mundial-del-internet-como-internet-revoluciona-nuestro-trabajo\\\/#primaryimage\"},\"thumbnailUrl\":\"https:\\\/\\\/medianeeds.es\\\/wp-content\\\/uploads\\\/2023\\\/05\\\/mujer-feliz-telefono-scaled.jpg\",\"datePublished\":\"2023-05-17T07:53:27+00:00\",\"dateModified\":\"2023-05-17T07:58:30+00:00\",\"description\":\"Cada 17 de mayo, celebramos el D\u00eda Mundial del Internet para reconocer la importancia de esta poderosa herramienta en nuestras vidas.\",\"breadcrumb\":{\"@id\":\"https:\\\/\\\/medianeeds.es\\\/es\\\/el-dia-mundial-del-internet-como-internet-revoluciona-nuestro-trabajo\\\/#breadcrumb\"},\"inLanguage\":\"es\",\"potentialAction\":[{\"@type\":\"ReadAction\",\"target\":[\"https:\\\/\\\/medianeeds.es\\\/es\\\/el-dia-mundial-del-internet-como-internet-revoluciona-nuestro-trabajo\\\/\"]}]},{\"@type\":\"ImageObject\",\"inLanguage\":\"es\",\"@id\":\"https:\\\/\\\/medianeeds.es\\\/es\\\/el-dia-mundial-del-internet-como-internet-revoluciona-nuestro-trabajo\\\/#primaryimage\",\"url\":\"https:\\\/\\\/medianeeds.es\\\/wp-content\\\/uploads\\\/2023\\\/05\\\/mujer-feliz-telefono-scaled.jpg\",\"contentUrl\":\"https:\\\/\\\/medianeeds.es\\\/wp-content\\\/uploads\\\/2023\\\/05\\\/mujer-feliz-telefono-scaled.jpg\",\"width\":2560,\"height\":1782,\"caption\":\"Smiling woman texting on her phone\"},{\"@type\":\"BreadcrumbList\",\"@id\":\"https:\\\/\\\/medianeeds.es\\\/es\\\/el-dia-mundial-del-internet-como-internet-revoluciona-nuestro-trabajo\\\/#breadcrumb\",\"itemListElement\":[{\"@type\":\"ListItem\",\"position\":1,\"name\":\"Portada\",\"item\":\"https:\\\/\\\/medianeeds.es\\\/\"},{\"@type\":\"ListItem\",\"position\":2,\"name\":\"El D\u00eda Mundial del Internet: C\u00f3mo Internet revoluciona nuestro trabajo\"}]},{\"@type\":\"WebSite\",\"@id\":\"https:\\\/\\\/medianeeds.es\\\/#website\",\"url\":\"https:\\\/\\\/medianeeds.es\\\/\",\"name\":\"M\u00e0rketing Reus | Media Needs Reus | Ag\u00e8ncia de publicitat Reus\",\"description\":\"MediaNeeds \u00e9s una empresa especialitzada en serveis integrals de publicitat, m\u00e0rqueting on-line i community manager a Reus, Tarragona\",\"publisher\":{\"@id\":\"https:\\\/\\\/medianeeds.es\\\/#organization\"},\"alternateName\":\"Media Needs\",\"potentialAction\":[{\"@type\":\"SearchAction\",\"target\":{\"@type\":\"EntryPoint\",\"urlTemplate\":\"https:\\\/\\\/medianeeds.es\\\/?s={search_term_string}\"},\"query-input\":{\"@type\":\"PropertyValueSpecification\",\"valueRequired\":true,\"valueName\":\"search_term_string\"}}],\"inLanguage\":\"es\"},{\"@type\":\"Organization\",\"@id\":\"https:\\\/\\\/medianeeds.es\\\/#organization\",\"name\":\"M\u00e0rketing Reus | Media Needs Reus | Ag\u00e8ncia de publicitat Reus\",\"alternateName\":\"Media Needs\",\"url\":\"https:\\\/\\\/medianeeds.es\\\/\",\"logo\":{\"@type\":\"ImageObject\",\"inLanguage\":\"es\",\"@id\":\"https:\\\/\\\/medianeeds.es\\\/#\\\/schema\\\/logo\\\/image\\\/\",\"url\":\"https:\\\/\\\/medianeeds.es\\\/wp-content\\\/uploads\\\/2024\\\/06\\\/COLOR_Mesa-de-trabajo-1-copia.png\",\"contentUrl\":\"https:\\\/\\\/medianeeds.es\\\/wp-content\\\/uploads\\\/2024\\\/06\\\/COLOR_Mesa-de-trabajo-1-copia.png\",\"width\":470,\"height\":226,\"caption\":\"M\u00e0rketing Reus | Media Needs Reus | Ag\u00e8ncia de publicitat Reus\"},\"image\":{\"@id\":\"https:\\\/\\\/medianeeds.es\\\/#\\\/schema\\\/logo\\\/image\\\/\"},\"sameAs\":[\"https:\\\/\\\/www.facebook.com\\\/medianeeds.es\\\/\",\"https:\\\/\\\/x.com\\\/media_needs\",\"https:\\\/\\\/www.instagram.com\\\/medianeeds\\\/?hl=es\"]},{\"@type\":\"Person\",\"@id\":\"https:\\\/\\\/medianeeds.es\\\/#\\\/schema\\\/person\\\/6a6f2f17f283df3eeb0946feebd2af79\",\"name\":\"Medianeeds\",\"image\":{\"@type\":\"ImageObject\",\"inLanguage\":\"es\",\"@id\":\"https:\\\/\\\/secure.gravatar.com\\\/avatar\\\/442251953f111b43a4668103c7b7c09aa35690e525473fb0bb9db0681ee9c0c3?s=96&d=mm&r=g\",\"url\":\"https:\\\/\\\/secure.gravatar.com\\\/avatar\\\/442251953f111b43a4668103c7b7c09aa35690e525473fb0bb9db0681ee9c0c3?s=96&d=mm&r=g\",\"contentUrl\":\"https:\\\/\\\/secure.gravatar.com\\\/avatar\\\/442251953f111b43a4668103c7b7c09aa35690e525473fb0bb9db0681ee9c0c3?s=96&d=mm&r=g\",\"caption\":\"Medianeeds\"},\"url\":\"https:\\\/\\\/medianeeds.es\\\/es\\\/author\\\/medianeeds\\\/\"}]}<\/script>\n<!-- \/ Yoast SEO plugin. -->","yoast_head_json":{"title":"D\u00eda Mundial del Internet","description":"Cada 17 de mayo, celebramos el D\u00eda Mundial del Internet para reconocer la importancia de esta poderosa herramienta en nuestras vidas.","robots":{"index":"index","follow":"follow","max-snippet":"max-snippet:-1","max-image-preview":"max-image-preview:large","max-video-preview":"max-video-preview:-1"},"canonical":"https:\/\/medianeeds.es\/es\/el-dia-mundial-del-internet-como-internet-revoluciona-nuestro-trabajo\/","og_locale":"es_ES","og_type":"article","og_title":"D\u00eda Mundial del Internet","og_description":"Cada 17 de mayo, celebramos el D\u00eda Mundial del Internet para reconocer la importancia de esta poderosa herramienta en nuestras vidas.","og_url":"https:\/\/medianeeds.es\/es\/el-dia-mundial-del-internet-como-internet-revoluciona-nuestro-trabajo\/","og_site_name":"M\u00e0rketing Reus | Media Needs Reus | Ag\u00e8ncia de publicitat Reus","article_publisher":"https:\/\/www.facebook.com\/medianeeds.es\/","article_published_time":"2023-05-17T07:53:27+00:00","article_modified_time":"2023-05-17T07:58:30+00:00","og_image":[{"width":2560,"height":1782,"url":"https:\/\/medianeeds.es\/wp-content\/uploads\/2023\/05\/mujer-feliz-telefono-scaled.jpg","type":"image\/jpeg"}],"author":"Medianeeds","twitter_misc":{"Escrito por":"Medianeeds","Tiempo de lectura":"2 minutos"},"schema":{"@context":"https:\/\/schema.org","@graph":[{"@type":"Article","@id":"https:\/\/medianeeds.es\/es\/el-dia-mundial-del-internet-como-internet-revoluciona-nuestro-trabajo\/#article","isPartOf":{"@id":"https:\/\/medianeeds.es\/es\/el-dia-mundial-del-internet-como-internet-revoluciona-nuestro-trabajo\/"},"author":{"name":"Medianeeds","@id":"https:\/\/medianeeds.es\/#\/schema\/person\/6a6f2f17f283df3eeb0946feebd2af79"},"headline":"El D\u00eda Mundial del Internet: C\u00f3mo Internet revoluciona nuestro trabajo","datePublished":"2023-05-17T07:53:27+00:00","dateModified":"2023-05-17T07:58:30+00:00","mainEntityOfPage":{"@id":"https:\/\/medianeeds.es\/es\/el-dia-mundial-del-internet-como-internet-revoluciona-nuestro-trabajo\/"},"wordCount":407,"publisher":{"@id":"https:\/\/medianeeds.es\/#organization"},"image":{"@id":"https:\/\/medianeeds.es\/es\/el-dia-mundial-del-internet-como-internet-revoluciona-nuestro-trabajo\/#primaryimage"},"thumbnailUrl":"https:\/\/medianeeds.es\/wp-content\/uploads\/2023\/05\/mujer-feliz-telefono-scaled.jpg","articleSection":["Blog","Blog","Destacados","Destacats","Noticias","Not\u00edcies"],"inLanguage":"es"},{"@type":"WebPage","@id":"https:\/\/medianeeds.es\/es\/el-dia-mundial-del-internet-como-internet-revoluciona-nuestro-trabajo\/","url":"https:\/\/medianeeds.es\/es\/el-dia-mundial-del-internet-como-internet-revoluciona-nuestro-trabajo\/","name":"D\u00eda Mundial del Internet","isPartOf":{"@id":"https:\/\/medianeeds.es\/#website"},"primaryImageOfPage":{"@id":"https:\/\/medianeeds.es\/es\/el-dia-mundial-del-internet-como-internet-revoluciona-nuestro-trabajo\/#primaryimage"},"image":{"@id":"https:\/\/medianeeds.es\/es\/el-dia-mundial-del-internet-como-internet-revoluciona-nuestro-trabajo\/#primaryimage"},"thumbnailUrl":"https:\/\/medianeeds.es\/wp-content\/uploads\/2023\/05\/mujer-feliz-telefono-scaled.jpg","datePublished":"2023-05-17T07:53:27+00:00","dateModified":"2023-05-17T07:58:30+00:00","description":"Cada 17 de mayo, celebramos el D\u00eda Mundial del Internet para reconocer la importancia de esta poderosa herramienta en nuestras vidas.","breadcrumb":{"@id":"https:\/\/medianeeds.es\/es\/el-dia-mundial-del-internet-como-internet-revoluciona-nuestro-trabajo\/#breadcrumb"},"inLanguage":"es","potentialAction":[{"@type":"ReadAction","target":["https:\/\/medianeeds.es\/es\/el-dia-mundial-del-internet-como-internet-revoluciona-nuestro-trabajo\/"]}]},{"@type":"ImageObject","inLanguage":"es","@id":"https:\/\/medianeeds.es\/es\/el-dia-mundial-del-internet-como-internet-revoluciona-nuestro-trabajo\/#primaryimage","url":"https:\/\/medianeeds.es\/wp-content\/uploads\/2023\/05\/mujer-feliz-telefono-scaled.jpg","contentUrl":"https:\/\/medianeeds.es\/wp-content\/uploads\/2023\/05\/mujer-feliz-telefono-scaled.jpg","width":2560,"height":1782,"caption":"Smiling woman texting on her phone"},{"@type":"BreadcrumbList","@id":"https:\/\/medianeeds.es\/es\/el-dia-mundial-del-internet-como-internet-revoluciona-nuestro-trabajo\/#breadcrumb","itemListElement":[{"@type":"ListItem","position":1,"name":"Portada","item":"https:\/\/medianeeds.es\/"},{"@type":"ListItem","position":2,"name":"El D\u00eda Mundial del Internet: C\u00f3mo Internet revoluciona nuestro trabajo"}]},{"@type":"WebSite","@id":"https:\/\/medianeeds.es\/#website","url":"https:\/\/medianeeds.es\/","name":"M\u00e0rketing Reus | Media Needs Reus | Ag\u00e8ncia de publicitat Reus","description":"MediaNeeds \u00e9s una empresa especialitzada en serveis integrals de publicitat, m\u00e0rqueting on-line i community manager a Reus, Tarragona","publisher":{"@id":"https:\/\/medianeeds.es\/#organization"},"alternateName":"Media Needs","potentialAction":[{"@type":"SearchAction","target":{"@type":"EntryPoint","urlTemplate":"https:\/\/medianeeds.es\/?s={search_term_string}"},"query-input":{"@type":"PropertyValueSpecification","valueRequired":true,"valueName":"search_term_string"}}],"inLanguage":"es"},{"@type":"Organization","@id":"https:\/\/medianeeds.es\/#organization","name":"M\u00e0rketing Reus | Media Needs Reus | Ag\u00e8ncia de publicitat Reus","alternateName":"Media Needs","url":"https:\/\/medianeeds.es\/","logo":{"@type":"ImageObject","inLanguage":"es","@id":"https:\/\/medianeeds.es\/#\/schema\/logo\/image\/","url":"https:\/\/medianeeds.es\/wp-content\/uploads\/2024\/06\/COLOR_Mesa-de-trabajo-1-copia.png","contentUrl":"https:\/\/medianeeds.es\/wp-content\/uploads\/2024\/06\/COLOR_Mesa-de-trabajo-1-copia.png","width":470,"height":226,"caption":"M\u00e0rketing Reus | Media Needs Reus | Ag\u00e8ncia de publicitat Reus"},"image":{"@id":"https:\/\/medianeeds.es\/#\/schema\/logo\/image\/"},"sameAs":["https:\/\/www.facebook.com\/medianeeds.es\/","https:\/\/x.com\/media_needs","https:\/\/www.instagram.com\/medianeeds\/?hl=es"]},{"@type":"Person","@id":"https:\/\/medianeeds.es\/#\/schema\/person\/6a6f2f17f283df3eeb0946feebd2af79","name":"Medianeeds","image":{"@type":"ImageObject","inLanguage":"es","@id":"https:\/\/secure.gravatar.com\/avatar\/442251953f111b43a4668103c7b7c09aa35690e525473fb0bb9db0681ee9c0c3?s=96&d=mm&r=g","url":"https:\/\/secure.gravatar.com\/avatar\/442251953f111b43a4668103c7b7c09aa35690e525473fb0bb9db0681ee9c0c3?s=96&d=mm&r=g","contentUrl":"https:\/\/secure.gravatar.com\/avatar\/442251953f111b43a4668103c7b7c09aa35690e525473fb0bb9db0681ee9c0c3?s=96&d=mm&r=g","caption":"Medianeeds"},"url":"https:\/\/medianeeds.es\/es\/author\/medianeeds\/"}]}},"_links":{"self":[{"href":"https:\/\/medianeeds.es\/es\/wp-json\/wp\/v2\/posts\/17546","targetHints":{"allow":["GET"]}}],"collection":[{"href":"https:\/\/medianeeds.es\/es\/wp-json\/wp\/v2\/posts"}],"about":[{"href":"https:\/\/medianeeds.es\/es\/wp-json\/wp\/v2\/types\/post"}],"author":[{"embeddable":true,"href":"https:\/\/medianeeds.es\/es\/wp-json\/wp\/v2\/users\/1"}],"replies":[{"embeddable":true,"href":"https:\/\/medianeeds.es\/es\/wp-json\/wp\/v2\/comments?post=17546"}],"version-history":[{"count":1,"href":"https:\/\/medianeeds.es\/es\/wp-json\/wp\/v2\/posts\/17546\/revisions"}],"predecessor-version":[{"id":17549,"href":"https:\/\/medianeeds.es\/es\/wp-json\/wp\/v2\/posts\/17546\/revisions\/17549"}],"wp:featuredmedia":[{"embeddable":true,"href":"https:\/\/medianeeds.es\/es\/wp-json\/wp\/v2\/media\/17550"}],"wp:attachment":[{"href":"https:\/\/medianeeds.es\/es\/wp-json\/wp\/v2\/media?parent=17546"}],"wp:term":[{"taxonomy":"category","embeddable":true,"href":"https:\/\/medianeeds.es\/es\/wp-json\/wp\/v2\/categories?post=17546"},{"taxonomy":"post_tag","embeddable":true,"href":"https:\/\/medianeeds.es\/es\/wp-json\/wp\/v2\/tags?post=17546"}],"curies":[{"name":"wp","href":"https:\/\/api.w.org\/{rel}","templated":true}]}}