{"id":17512,"date":"2023-03-02T10:04:57","date_gmt":"2023-03-02T10:04:57","guid":{"rendered":"https:\/\/medianeeds.es\/les-xarxes-socials-com-aparador-dun-negoci\/"},"modified":"2023-03-02T12:08:30","modified_gmt":"2023-03-02T12:08:30","slug":"las-redes-sociales-como-escaparate-de-un-negocio","status":"publish","type":"post","link":"https:\/\/medianeeds.es\/es\/las-redes-sociales-como-escaparate-de-un-negocio\/","title":{"rendered":"Las redes sociales como escaparate de un negocio"},"content":{"rendered":"<p><span style=\"font-weight: 400;\">Decimos que utilizamos las redes sociales como escaparate de un negocio puesto que han cambiado nuestra manera de comunicarnos. Su inmediatez y el lenguaje pr\u00f3ximo, las convierte en uno de los principales canales de informaci\u00f3n de cualquier negocio y, cada vez m\u00e1s, la v\u00eda f\u00e1cil de atenci\u00f3n al cliente.<\/span><\/p>\n<p><span style=\"font-weight: 400;\">Aun as\u00ed, no es suficiente con tener perfiles en las diferentes plataformas. Una constante muestra activa en ellas ser\u00e1 lo que m\u00e1s inter\u00e9s cause a los seguidores. Estar presente en internet y en las redes sociales mayoritarias es, casi, una obligaci\u00f3n si quieres exprimir tu negocio al m\u00e1ximo.<\/span><\/p>\n<p><span style=\"font-weight: 400;\">Las redes sociales te permiten dar visibilidad a tu negocio, llevar tus productos o servicios a cualquier parte del mundo y conocer de primera mano qu\u00e9 son las necesidades de tus clientes. Es por eso que las plataformas sociales est\u00e1n destacando como uno de los mejores escaparates para los negocios, puesto que no solo permiten mostrar r\u00e1pidamente los productos o servicios, sino tambi\u00e9n comunicar la filosof\u00eda de la empresa de una forma eficaz.<\/span><\/p>\n<p><span style=\"font-weight: 400;\">Adem\u00e1s, las redes sociales te dan la posibilidad de:<\/span><\/p>\n<ul>\n<li style=\"font-weight: 400;\" aria-level=\"1\"><span style=\"font-weight: 400;\">Entrar en contacto directo con tu p\u00fablico objetivo<\/span><\/li>\n<li style=\"font-weight: 400;\" aria-level=\"1\"><span style=\"font-weight: 400;\">Lanzar campa\u00f1as de bajo coste<\/span><\/li>\n<li style=\"font-weight: 400;\" aria-level=\"1\"><span style=\"font-weight: 400;\">Segmentar tus publicaciones seg\u00fan tu audiencia<\/span><\/li>\n<li style=\"font-weight: 400;\" aria-level=\"1\"><span style=\"font-weight: 400;\">Dirigir as\u00ed tus mensajes hacia los rangos de p\u00fablico que son destinatarios objetivos<\/span><\/li>\n<li style=\"font-weight: 400;\" aria-level=\"1\"><span style=\"font-weight: 400;\">Todo gracias a que econ\u00f3micamente son asequibles y est\u00e1n al alcance de todos<\/span><\/li>\n<\/ul>\n<p><span style=\"font-weight: 400;\">Si quieres hacer crecer tu negocio utilizando las redes sociales y usar las redes sociales como escaparate te recomendamos el servicio de <a href=\"https:\/\/medianeeds.es\/\">Media Needs<\/a> del <a href=\"https:\/\/www.acelerapyme.gob.es\/ca\/kit-digital\">KIT DIGITAL<\/a>. Este kit tiene como objetivo promover la digitalizaci\u00f3n de las pymes, microempresas y aut\u00f3nomos y contribuir as\u00ed a la modernizaci\u00f3n del tejido productivo espa\u00f1ol. \u00bfTe animas?<\/span><\/p>\n<span class=\"collapseomatic \" id=\"id69ee66d9dd53a\"  tabindex=\"0\" title=\"\"    ><\/span><div id=\"target-id69ee66d9dd53a\" class=\"collapseomatic_content \"> xarxes socials com aparador d&#8217;un negoci<br \/>\n<\/div>\n","protected":false},"excerpt":{"rendered":"<p>Decimos que utilizamos las redes sociales como escaparate de un negocio puesto que han cambiado nuestra manera de comunicarnos. Su inmediatez y el lenguaje pr\u00f3ximo, las convierte en uno de los principales canales de informaci\u00f3n de cualquier negocio y, cada vez m\u00e1s, la v\u00eda f\u00e1cil de atenci\u00f3n al cliente. Aun as\u00ed, no es suficiente con [&hellip;]<\/p>\n","protected":false},"author":1,"featured_media":17507,"comment_status":"closed","ping_status":"closed","sticky":false,"template":"","format":"standard","meta":{"_et_pb_use_builder":"","_et_pb_old_content":"","_et_gb_content_width":"","footnotes":""},"categories":[188,249,291,252,23],"tags":[],"class_list":["post-17512","post","type-post","status-publish","format-standard","has-post-thumbnail","hentry","category-blog-es-4","category-destacados","category-destacats-es","category-noticias","category-noticies-es"],"yoast_head":"<!-- This site is optimized with the Yoast SEO plugin v27.4 - https:\/\/yoast.com\/product\/yoast-seo-wordpress\/ -->\n<title>redes sociales como escaparate<\/title>\n<meta name=\"description\" content=\"Las redes sociales te permiten dar visibilidad a tu negocio, por eso est\u00e1n destacando como uno de los mejores escaparates para los negocios.\" \/>\n<meta name=\"robots\" content=\"index, follow, max-snippet:-1, max-image-preview:large, max-video-preview:-1\" \/>\n<link rel=\"canonical\" href=\"https:\/\/medianeeds.es\/es\/las-redes-sociales-como-escaparate-de-un-negocio\/\" \/>\n<meta property=\"og:locale\" content=\"es_ES\" \/>\n<meta property=\"og:type\" content=\"article\" \/>\n<meta property=\"og:title\" content=\"redes sociales como escaparate\" \/>\n<meta property=\"og:description\" content=\"Las redes sociales te permiten dar visibilidad a tu negocio, por eso est\u00e1n destacando como uno de los mejores escaparates para los negocios.\" \/>\n<meta property=\"og:url\" content=\"https:\/\/medianeeds.es\/es\/las-redes-sociales-como-escaparate-de-un-negocio\/\" \/>\n<meta property=\"og:site_name\" content=\"M\u00e0rketing Reus | Media Needs Reus | Ag\u00e8ncia de publicitat Reus\" \/>\n<meta property=\"article:publisher\" content=\"https:\/\/www.facebook.com\/medianeeds.es\/\" \/>\n<meta property=\"article:published_time\" content=\"2023-03-02T10:04:57+00:00\" \/>\n<meta property=\"article:modified_time\" content=\"2023-03-02T12:08:30+00:00\" \/>\n<meta property=\"og:image\" content=\"https:\/\/medianeeds.es\/wp-content\/uploads\/2023\/03\/431-scaled.jpg\" \/>\n\t<meta property=\"og:image:width\" content=\"2560\" \/>\n\t<meta property=\"og:image:height\" content=\"1556\" \/>\n\t<meta property=\"og:image:type\" content=\"image\/jpeg\" \/>\n<meta name=\"author\" content=\"Medianeeds\" \/>\n<meta name=\"twitter:label1\" content=\"Escrito por\" \/>\n\t<meta name=\"twitter:data1\" content=\"Medianeeds\" \/>\n\t<meta name=\"twitter:label2\" content=\"Tiempo de lectura\" \/>\n\t<meta name=\"twitter:data2\" content=\"2 minutos\" \/>\n<script type=\"application\/ld+json\" class=\"yoast-schema-graph\">{\"@context\":\"https:\\\/\\\/schema.org\",\"@graph\":[{\"@type\":\"Article\",\"@id\":\"https:\\\/\\\/medianeeds.es\\\/es\\\/las-redes-sociales-como-escaparate-de-un-negocio\\\/#article\",\"isPartOf\":{\"@id\":\"https:\\\/\\\/medianeeds.es\\\/es\\\/las-redes-sociales-como-escaparate-de-un-negocio\\\/\"},\"author\":{\"name\":\"Medianeeds\",\"@id\":\"https:\\\/\\\/medianeeds.es\\\/#\\\/schema\\\/person\\\/6a6f2f17f283df3eeb0946feebd2af79\"},\"headline\":\"Las redes sociales como escaparate de un negocio\",\"datePublished\":\"2023-03-02T10:04:57+00:00\",\"dateModified\":\"2023-03-02T12:08:30+00:00\",\"mainEntityOfPage\":{\"@id\":\"https:\\\/\\\/medianeeds.es\\\/es\\\/las-redes-sociales-como-escaparate-de-un-negocio\\\/\"},\"wordCount\":320,\"publisher\":{\"@id\":\"https:\\\/\\\/medianeeds.es\\\/#organization\"},\"image\":{\"@id\":\"https:\\\/\\\/medianeeds.es\\\/es\\\/las-redes-sociales-como-escaparate-de-un-negocio\\\/#primaryimage\"},\"thumbnailUrl\":\"https:\\\/\\\/medianeeds.es\\\/wp-content\\\/uploads\\\/2023\\\/03\\\/431-scaled.jpg\",\"articleSection\":[\"Blog\",\"Destacados\",\"Destacats\",\"Noticias\",\"Not\u00edcies\"],\"inLanguage\":\"es\"},{\"@type\":\"WebPage\",\"@id\":\"https:\\\/\\\/medianeeds.es\\\/es\\\/las-redes-sociales-como-escaparate-de-un-negocio\\\/\",\"url\":\"https:\\\/\\\/medianeeds.es\\\/es\\\/las-redes-sociales-como-escaparate-de-un-negocio\\\/\",\"name\":\"redes sociales como escaparate\",\"isPartOf\":{\"@id\":\"https:\\\/\\\/medianeeds.es\\\/#website\"},\"primaryImageOfPage\":{\"@id\":\"https:\\\/\\\/medianeeds.es\\\/es\\\/las-redes-sociales-como-escaparate-de-un-negocio\\\/#primaryimage\"},\"image\":{\"@id\":\"https:\\\/\\\/medianeeds.es\\\/es\\\/las-redes-sociales-como-escaparate-de-un-negocio\\\/#primaryimage\"},\"thumbnailUrl\":\"https:\\\/\\\/medianeeds.es\\\/wp-content\\\/uploads\\\/2023\\\/03\\\/431-scaled.jpg\",\"datePublished\":\"2023-03-02T10:04:57+00:00\",\"dateModified\":\"2023-03-02T12:08:30+00:00\",\"description\":\"Las redes sociales te permiten dar visibilidad a tu negocio, por eso est\u00e1n destacando como uno de los mejores escaparates para los negocios.\",\"breadcrumb\":{\"@id\":\"https:\\\/\\\/medianeeds.es\\\/es\\\/las-redes-sociales-como-escaparate-de-un-negocio\\\/#breadcrumb\"},\"inLanguage\":\"es\",\"potentialAction\":[{\"@type\":\"ReadAction\",\"target\":[\"https:\\\/\\\/medianeeds.es\\\/es\\\/las-redes-sociales-como-escaparate-de-un-negocio\\\/\"]}]},{\"@type\":\"ImageObject\",\"inLanguage\":\"es\",\"@id\":\"https:\\\/\\\/medianeeds.es\\\/es\\\/las-redes-sociales-como-escaparate-de-un-negocio\\\/#primaryimage\",\"url\":\"https:\\\/\\\/medianeeds.es\\\/wp-content\\\/uploads\\\/2023\\\/03\\\/431-scaled.jpg\",\"contentUrl\":\"https:\\\/\\\/medianeeds.es\\\/wp-content\\\/uploads\\\/2023\\\/03\\\/431-scaled.jpg\",\"width\":2560,\"height\":1556,\"caption\":\"Xarxes socials com aparador d'un negoci\"},{\"@type\":\"BreadcrumbList\",\"@id\":\"https:\\\/\\\/medianeeds.es\\\/es\\\/las-redes-sociales-como-escaparate-de-un-negocio\\\/#breadcrumb\",\"itemListElement\":[{\"@type\":\"ListItem\",\"position\":1,\"name\":\"Portada\",\"item\":\"https:\\\/\\\/medianeeds.es\\\/\"},{\"@type\":\"ListItem\",\"position\":2,\"name\":\"Las redes sociales como escaparate de un negocio\"}]},{\"@type\":\"WebSite\",\"@id\":\"https:\\\/\\\/medianeeds.es\\\/#website\",\"url\":\"https:\\\/\\\/medianeeds.es\\\/\",\"name\":\"M\u00e0rketing Reus | Media Needs Reus | Ag\u00e8ncia de publicitat Reus\",\"description\":\"MediaNeeds \u00e9s una empresa especialitzada en serveis integrals de publicitat, m\u00e0rqueting on-line i community manager a Reus, Tarragona\",\"publisher\":{\"@id\":\"https:\\\/\\\/medianeeds.es\\\/#organization\"},\"alternateName\":\"Media Needs\",\"potentialAction\":[{\"@type\":\"SearchAction\",\"target\":{\"@type\":\"EntryPoint\",\"urlTemplate\":\"https:\\\/\\\/medianeeds.es\\\/?s={search_term_string}\"},\"query-input\":{\"@type\":\"PropertyValueSpecification\",\"valueRequired\":true,\"valueName\":\"search_term_string\"}}],\"inLanguage\":\"es\"},{\"@type\":\"Organization\",\"@id\":\"https:\\\/\\\/medianeeds.es\\\/#organization\",\"name\":\"M\u00e0rketing Reus | Media Needs Reus | Ag\u00e8ncia de publicitat Reus\",\"alternateName\":\"Media Needs\",\"url\":\"https:\\\/\\\/medianeeds.es\\\/\",\"logo\":{\"@type\":\"ImageObject\",\"inLanguage\":\"es\",\"@id\":\"https:\\\/\\\/medianeeds.es\\\/#\\\/schema\\\/logo\\\/image\\\/\",\"url\":\"https:\\\/\\\/medianeeds.es\\\/wp-content\\\/uploads\\\/2024\\\/06\\\/COLOR_Mesa-de-trabajo-1-copia.png\",\"contentUrl\":\"https:\\\/\\\/medianeeds.es\\\/wp-content\\\/uploads\\\/2024\\\/06\\\/COLOR_Mesa-de-trabajo-1-copia.png\",\"width\":470,\"height\":226,\"caption\":\"M\u00e0rketing Reus | Media Needs Reus | Ag\u00e8ncia de publicitat Reus\"},\"image\":{\"@id\":\"https:\\\/\\\/medianeeds.es\\\/#\\\/schema\\\/logo\\\/image\\\/\"},\"sameAs\":[\"https:\\\/\\\/www.facebook.com\\\/medianeeds.es\\\/\",\"https:\\\/\\\/x.com\\\/media_needs\",\"https:\\\/\\\/www.instagram.com\\\/medianeeds\\\/?hl=es\"]},{\"@type\":\"Person\",\"@id\":\"https:\\\/\\\/medianeeds.es\\\/#\\\/schema\\\/person\\\/6a6f2f17f283df3eeb0946feebd2af79\",\"name\":\"Medianeeds\",\"image\":{\"@type\":\"ImageObject\",\"inLanguage\":\"es\",\"@id\":\"https:\\\/\\\/secure.gravatar.com\\\/avatar\\\/442251953f111b43a4668103c7b7c09aa35690e525473fb0bb9db0681ee9c0c3?s=96&d=mm&r=g\",\"url\":\"https:\\\/\\\/secure.gravatar.com\\\/avatar\\\/442251953f111b43a4668103c7b7c09aa35690e525473fb0bb9db0681ee9c0c3?s=96&d=mm&r=g\",\"contentUrl\":\"https:\\\/\\\/secure.gravatar.com\\\/avatar\\\/442251953f111b43a4668103c7b7c09aa35690e525473fb0bb9db0681ee9c0c3?s=96&d=mm&r=g\",\"caption\":\"Medianeeds\"},\"url\":\"https:\\\/\\\/medianeeds.es\\\/es\\\/author\\\/medianeeds\\\/\"}]}<\/script>\n<!-- \/ Yoast SEO plugin. -->","yoast_head_json":{"title":"redes sociales como escaparate","description":"Las redes sociales te permiten dar visibilidad a tu negocio, por eso est\u00e1n destacando como uno de los mejores escaparates para los negocios.","robots":{"index":"index","follow":"follow","max-snippet":"max-snippet:-1","max-image-preview":"max-image-preview:large","max-video-preview":"max-video-preview:-1"},"canonical":"https:\/\/medianeeds.es\/es\/las-redes-sociales-como-escaparate-de-un-negocio\/","og_locale":"es_ES","og_type":"article","og_title":"redes sociales como escaparate","og_description":"Las redes sociales te permiten dar visibilidad a tu negocio, por eso est\u00e1n destacando como uno de los mejores escaparates para los negocios.","og_url":"https:\/\/medianeeds.es\/es\/las-redes-sociales-como-escaparate-de-un-negocio\/","og_site_name":"M\u00e0rketing Reus | Media Needs Reus | Ag\u00e8ncia de publicitat Reus","article_publisher":"https:\/\/www.facebook.com\/medianeeds.es\/","article_published_time":"2023-03-02T10:04:57+00:00","article_modified_time":"2023-03-02T12:08:30+00:00","og_image":[{"width":2560,"height":1556,"url":"https:\/\/medianeeds.es\/wp-content\/uploads\/2023\/03\/431-scaled.jpg","type":"image\/jpeg"}],"author":"Medianeeds","twitter_misc":{"Escrito por":"Medianeeds","Tiempo de lectura":"2 minutos"},"schema":{"@context":"https:\/\/schema.org","@graph":[{"@type":"Article","@id":"https:\/\/medianeeds.es\/es\/las-redes-sociales-como-escaparate-de-un-negocio\/#article","isPartOf":{"@id":"https:\/\/medianeeds.es\/es\/las-redes-sociales-como-escaparate-de-un-negocio\/"},"author":{"name":"Medianeeds","@id":"https:\/\/medianeeds.es\/#\/schema\/person\/6a6f2f17f283df3eeb0946feebd2af79"},"headline":"Las redes sociales como escaparate de un negocio","datePublished":"2023-03-02T10:04:57+00:00","dateModified":"2023-03-02T12:08:30+00:00","mainEntityOfPage":{"@id":"https:\/\/medianeeds.es\/es\/las-redes-sociales-como-escaparate-de-un-negocio\/"},"wordCount":320,"publisher":{"@id":"https:\/\/medianeeds.es\/#organization"},"image":{"@id":"https:\/\/medianeeds.es\/es\/las-redes-sociales-como-escaparate-de-un-negocio\/#primaryimage"},"thumbnailUrl":"https:\/\/medianeeds.es\/wp-content\/uploads\/2023\/03\/431-scaled.jpg","articleSection":["Blog","Destacados","Destacats","Noticias","Not\u00edcies"],"inLanguage":"es"},{"@type":"WebPage","@id":"https:\/\/medianeeds.es\/es\/las-redes-sociales-como-escaparate-de-un-negocio\/","url":"https:\/\/medianeeds.es\/es\/las-redes-sociales-como-escaparate-de-un-negocio\/","name":"redes sociales como escaparate","isPartOf":{"@id":"https:\/\/medianeeds.es\/#website"},"primaryImageOfPage":{"@id":"https:\/\/medianeeds.es\/es\/las-redes-sociales-como-escaparate-de-un-negocio\/#primaryimage"},"image":{"@id":"https:\/\/medianeeds.es\/es\/las-redes-sociales-como-escaparate-de-un-negocio\/#primaryimage"},"thumbnailUrl":"https:\/\/medianeeds.es\/wp-content\/uploads\/2023\/03\/431-scaled.jpg","datePublished":"2023-03-02T10:04:57+00:00","dateModified":"2023-03-02T12:08:30+00:00","description":"Las redes sociales te permiten dar visibilidad a tu negocio, por eso est\u00e1n destacando como uno de los mejores escaparates para los negocios.","breadcrumb":{"@id":"https:\/\/medianeeds.es\/es\/las-redes-sociales-como-escaparate-de-un-negocio\/#breadcrumb"},"inLanguage":"es","potentialAction":[{"@type":"ReadAction","target":["https:\/\/medianeeds.es\/es\/las-redes-sociales-como-escaparate-de-un-negocio\/"]}]},{"@type":"ImageObject","inLanguage":"es","@id":"https:\/\/medianeeds.es\/es\/las-redes-sociales-como-escaparate-de-un-negocio\/#primaryimage","url":"https:\/\/medianeeds.es\/wp-content\/uploads\/2023\/03\/431-scaled.jpg","contentUrl":"https:\/\/medianeeds.es\/wp-content\/uploads\/2023\/03\/431-scaled.jpg","width":2560,"height":1556,"caption":"Xarxes socials com aparador d'un negoci"},{"@type":"BreadcrumbList","@id":"https:\/\/medianeeds.es\/es\/las-redes-sociales-como-escaparate-de-un-negocio\/#breadcrumb","itemListElement":[{"@type":"ListItem","position":1,"name":"Portada","item":"https:\/\/medianeeds.es\/"},{"@type":"ListItem","position":2,"name":"Las redes sociales como escaparate de un negocio"}]},{"@type":"WebSite","@id":"https:\/\/medianeeds.es\/#website","url":"https:\/\/medianeeds.es\/","name":"M\u00e0rketing Reus | Media Needs Reus | Ag\u00e8ncia de publicitat Reus","description":"MediaNeeds \u00e9s una empresa especialitzada en serveis integrals de publicitat, m\u00e0rqueting on-line i community manager a Reus, Tarragona","publisher":{"@id":"https:\/\/medianeeds.es\/#organization"},"alternateName":"Media Needs","potentialAction":[{"@type":"SearchAction","target":{"@type":"EntryPoint","urlTemplate":"https:\/\/medianeeds.es\/?s={search_term_string}"},"query-input":{"@type":"PropertyValueSpecification","valueRequired":true,"valueName":"search_term_string"}}],"inLanguage":"es"},{"@type":"Organization","@id":"https:\/\/medianeeds.es\/#organization","name":"M\u00e0rketing Reus | Media Needs Reus | Ag\u00e8ncia de publicitat Reus","alternateName":"Media Needs","url":"https:\/\/medianeeds.es\/","logo":{"@type":"ImageObject","inLanguage":"es","@id":"https:\/\/medianeeds.es\/#\/schema\/logo\/image\/","url":"https:\/\/medianeeds.es\/wp-content\/uploads\/2024\/06\/COLOR_Mesa-de-trabajo-1-copia.png","contentUrl":"https:\/\/medianeeds.es\/wp-content\/uploads\/2024\/06\/COLOR_Mesa-de-trabajo-1-copia.png","width":470,"height":226,"caption":"M\u00e0rketing Reus | Media Needs Reus | Ag\u00e8ncia de publicitat Reus"},"image":{"@id":"https:\/\/medianeeds.es\/#\/schema\/logo\/image\/"},"sameAs":["https:\/\/www.facebook.com\/medianeeds.es\/","https:\/\/x.com\/media_needs","https:\/\/www.instagram.com\/medianeeds\/?hl=es"]},{"@type":"Person","@id":"https:\/\/medianeeds.es\/#\/schema\/person\/6a6f2f17f283df3eeb0946feebd2af79","name":"Medianeeds","image":{"@type":"ImageObject","inLanguage":"es","@id":"https:\/\/secure.gravatar.com\/avatar\/442251953f111b43a4668103c7b7c09aa35690e525473fb0bb9db0681ee9c0c3?s=96&d=mm&r=g","url":"https:\/\/secure.gravatar.com\/avatar\/442251953f111b43a4668103c7b7c09aa35690e525473fb0bb9db0681ee9c0c3?s=96&d=mm&r=g","contentUrl":"https:\/\/secure.gravatar.com\/avatar\/442251953f111b43a4668103c7b7c09aa35690e525473fb0bb9db0681ee9c0c3?s=96&d=mm&r=g","caption":"Medianeeds"},"url":"https:\/\/medianeeds.es\/es\/author\/medianeeds\/"}]}},"_links":{"self":[{"href":"https:\/\/medianeeds.es\/es\/wp-json\/wp\/v2\/posts\/17512","targetHints":{"allow":["GET"]}}],"collection":[{"href":"https:\/\/medianeeds.es\/es\/wp-json\/wp\/v2\/posts"}],"about":[{"href":"https:\/\/medianeeds.es\/es\/wp-json\/wp\/v2\/types\/post"}],"author":[{"embeddable":true,"href":"https:\/\/medianeeds.es\/es\/wp-json\/wp\/v2\/users\/1"}],"replies":[{"embeddable":true,"href":"https:\/\/medianeeds.es\/es\/wp-json\/wp\/v2\/comments?post=17512"}],"version-history":[{"count":2,"href":"https:\/\/medianeeds.es\/es\/wp-json\/wp\/v2\/posts\/17512\/revisions"}],"predecessor-version":[{"id":17514,"href":"https:\/\/medianeeds.es\/es\/wp-json\/wp\/v2\/posts\/17512\/revisions\/17514"}],"wp:featuredmedia":[{"embeddable":true,"href":"https:\/\/medianeeds.es\/es\/wp-json\/wp\/v2\/media\/17507"}],"wp:attachment":[{"href":"https:\/\/medianeeds.es\/es\/wp-json\/wp\/v2\/media?parent=17512"}],"wp:term":[{"taxonomy":"category","embeddable":true,"href":"https:\/\/medianeeds.es\/es\/wp-json\/wp\/v2\/categories?post=17512"},{"taxonomy":"post_tag","embeddable":true,"href":"https:\/\/medianeeds.es\/es\/wp-json\/wp\/v2\/tags?post=17512"}],"curies":[{"name":"wp","href":"https:\/\/api.w.org\/{rel}","templated":true}]}}