{"id":17404,"date":"2022-11-11T10:57:28","date_gmt":"2022-11-11T10:57:28","guid":{"rendered":"https:\/\/medianeeds.es\/?p=17404"},"modified":"2022-11-15T11:07:02","modified_gmt":"2022-11-15T11:07:02","slug":"tips-para-conectar-con-tu-audiencia-en-redes-sociales","status":"publish","type":"post","link":"https:\/\/medianeeds.es\/es\/tips-para-conectar-con-tu-audiencia-en-redes-sociales\/","title":{"rendered":"Tips para conectar con tu audiencia en redes sociales"},"content":{"rendered":"<span class=\"collapseomatic \" id=\"id69ee1b4e07ea6\"  tabindex=\"0\" title=\"\"    ><\/span><div id=\"target-id69ee1b4e07ea6\" class=\"collapseomatic_content \">\u00a0<strong> conectar con tu audiencia en redes sociales<\/strong>\u00a0<\/div>\n<p>Las <a href=\"https:\/\/www.instagram.com\/medianeeds\/\" target=\"_blank\" rel=\"noopener\"><strong>redes sociales<\/strong><\/a> actualmente son la herramienta m\u00e1s poderosa que tiene una marca para darse a conocer, para conectar con su p\u00fablico objetivo y lograr alcanzar la m\u00e1xima visibilidad.<\/p>\n<p>Para que una marca consiga sus objetivos en redes sociales es fundamental que desarrolle las estrategias adecuadas, que elija los mejores canales para su marca, que tenga claro el mensaje que pretende transmitir y a qu\u00e9 p\u00fablico pretende atraer.<\/p>\n<p>&nbsp;<\/p>\n<p>Todos estos procesos de elegir las herramientas, los canales y las t\u00e1cticas son esenciales para conseguir el \u00e9xito de la marca, pero con tantos avances nos estamos olvidando de la clave para que la conexi\u00f3n entre la marca y el usuario exista y funcione:<br \/>\nNos estamos olvidando de <strong>escuchar al usuario<\/strong>. Como marca debes entender cu\u00e1les son las necesidades reales de los consumidores y darles lo que piden. Debes conocer los aspectos emocionales que impulsan al usuario a conectar con tu marca y seguirte.<\/p>\n<p>&nbsp;<\/p>\n<p>&nbsp;<\/p>\n<h6>Te contamos algunos trucos para que conectes con tu comunidad a trav\u00e9s de las redes sociales.<\/h6>\n<p>Desde\u00a0Medianeeds\u00a0queremos ayudarte a crear un v\u00ednculo con los usuarios que te permita acercarte a ellos. A continuaci\u00f3n, te damos algunos consejos para conectar con tu audiencia:<\/p>\n<p>&nbsp;<\/p>\n<ul>\n<li>El\u00a0usuario\u00a0cada vez busca un contenido m\u00e1s humanista, trata de implantar el\u00a0<a href=\"https:\/\/medianeeds.es\/es\/del-storytelling-al-storydoing\/\" target=\"_blank\" rel=\"noopener\"><strong>storydoing<\/strong><\/a>\u00a0para que los usuarios se involucren y vivan una experiencia de marca. El\u00a0storydoing\u00a0est\u00e1 a la orden del d\u00eda y se centra \u00fanicamente en la marca y en sus clientes, les da el valor que ellos necesitan para sentirse parte de la empresa.<\/li>\n<\/ul>\n<p>&nbsp;<\/p>\n<ul>\n<li>La <strong>empat\u00eda y el humor<\/strong> ser\u00e1n tu mejor baza a la hora de tocar la fibra sensible del consumidor, ya que las emociones son las que nos empujan a tomar decisiones. Si el contenido de tu marca consigue sacar una sonrisa o una l\u00e1grima a un seguidor, significa que conoces en profundidad a tu p\u00fablico. Deja el formalismo a un lado y entret\u00e9n a los usuarios.<\/li>\n<\/ul>\n<p>&nbsp;<\/p>\n<ul>\n<li>Buscar la<strong> interacci\u00f3n con el usuari<\/strong>o te ayudar\u00e1 a crear una comunidad. Hazles preguntas, inter\u00e9sate por sus gustos, su experiencia con la marca o el producto, esto te permitir\u00e1 conocer las fortalezas y debilidades de tu marca, adem\u00e1s, podr\u00e1s conocer c\u00f3mo es percibida tu marca por el p\u00fablico.<\/li>\n<\/ul>\n<p>&nbsp;<\/p>\n<ul>\n<li>Finalmente, debes sorprender al usuario para <strong>diferenciarte de la competencia<\/strong>. Los contenidos que se suben a redes son repetitivos, haz algo original, que impacte al consumidor y que te permita hacerte un hueco en su mente.<\/li>\n<\/ul>\n<p>&nbsp;<\/p>\n<p>No es sencillo hacer crecer tu comunidad digital, trata de implementar estos consejos y cu\u00e9ntanos tu experiencia. \u00a1Nos interesa!<\/p>\n<span class=\"collapseomatic \" id=\"id69ee1b4e07f63\"  tabindex=\"0\" title=\"\"    ><\/span><div id=\"target-id69ee1b4e07f63\" class=\"collapseomatic_content \">\u00a0 conectar con tu audiencia en redes sociales\u00a0<\/div>\n","protected":false},"excerpt":{"rendered":"<p>Las redes sociales actualmente son la herramienta m\u00e1s poderosa que tiene una marca para darse a conocer, para conectar con su p\u00fablico objetivo y lograr alcanzar la m\u00e1xima visibilidad. Para que una marca consiga sus objetivos en redes sociales es fundamental que desarrolle las estrategias adecuadas, que elija los mejores canales para su marca, que [&hellip;]<\/p>\n","protected":false},"author":1,"featured_media":17405,"comment_status":"closed","ping_status":"closed","sticky":false,"template":"","format":"standard","meta":{"_et_pb_use_builder":"","_et_pb_old_content":"","_et_gb_content_width":"","footnotes":""},"categories":[292,249,252],"tags":[],"class_list":["post-17404","post","type-post","status-publish","format-standard","has-post-thumbnail","hentry","category-blog-es-3-es","category-destacados","category-noticias"],"yoast_head":"<!-- This site is optimized with the Yoast SEO plugin v27.4 - https:\/\/yoast.com\/product\/yoast-seo-wordpress\/ -->\n<title>Tips para conectar con tu audiencia en redes sociales - M\u00e0rketing Reus | Media Needs Reus | Ag\u00e8ncia de publicitat Reus<\/title>\n<meta name=\"description\" content=\"Desde\u00a0Medianeeds\u00a0queremos darte algunos consejos para ayudarte a conectar con tu audiencia en redes sociales.\" \/>\n<meta name=\"robots\" content=\"index, follow, max-snippet:-1, max-image-preview:large, max-video-preview:-1\" \/>\n<link rel=\"canonical\" href=\"https:\/\/medianeeds.es\/es\/tips-para-conectar-con-tu-audiencia-en-redes-sociales\/\" \/>\n<meta property=\"og:locale\" content=\"es_ES\" \/>\n<meta property=\"og:type\" content=\"article\" \/>\n<meta property=\"og:title\" content=\"Tips para conectar con tu audiencia en redes sociales - M\u00e0rketing Reus | Media Needs Reus | Ag\u00e8ncia de publicitat Reus\" \/>\n<meta property=\"og:description\" content=\"Desde\u00a0Medianeeds\u00a0queremos darte algunos consejos para ayudarte a conectar con tu audiencia en redes sociales.\" \/>\n<meta property=\"og:url\" content=\"https:\/\/medianeeds.es\/es\/tips-para-conectar-con-tu-audiencia-en-redes-sociales\/\" \/>\n<meta property=\"og:site_name\" content=\"M\u00e0rketing Reus | Media Needs Reus | Ag\u00e8ncia de publicitat Reus\" \/>\n<meta property=\"article:publisher\" content=\"https:\/\/www.facebook.com\/medianeeds.es\/\" \/>\n<meta property=\"article:published_time\" content=\"2022-11-11T10:57:28+00:00\" \/>\n<meta property=\"article:modified_time\" content=\"2022-11-15T11:07:02+00:00\" \/>\n<meta property=\"og:image\" content=\"https:\/\/medianeeds.es\/wp-content\/uploads\/2022\/11\/capcelera-blog1.jpg\" \/>\n\t<meta property=\"og:image:width\" content=\"1080\" \/>\n\t<meta property=\"og:image:height\" content=\"675\" \/>\n\t<meta property=\"og:image:type\" content=\"image\/jpeg\" \/>\n<meta name=\"author\" content=\"Medianeeds\" \/>\n<meta name=\"twitter:label1\" content=\"Escrito por\" \/>\n\t<meta name=\"twitter:data1\" content=\"Medianeeds\" \/>\n\t<meta name=\"twitter:label2\" content=\"Tiempo de lectura\" \/>\n\t<meta name=\"twitter:data2\" content=\"3 minutos\" \/>\n<script type=\"application\/ld+json\" class=\"yoast-schema-graph\">{\"@context\":\"https:\\\/\\\/schema.org\",\"@graph\":[{\"@type\":\"Article\",\"@id\":\"https:\\\/\\\/medianeeds.es\\\/es\\\/tips-para-conectar-con-tu-audiencia-en-redes-sociales\\\/#article\",\"isPartOf\":{\"@id\":\"https:\\\/\\\/medianeeds.es\\\/es\\\/tips-para-conectar-con-tu-audiencia-en-redes-sociales\\\/\"},\"author\":{\"name\":\"Medianeeds\",\"@id\":\"https:\\\/\\\/medianeeds.es\\\/#\\\/schema\\\/person\\\/6a6f2f17f283df3eeb0946feebd2af79\"},\"headline\":\"Tips para conectar con tu audiencia en redes sociales\",\"datePublished\":\"2022-11-11T10:57:28+00:00\",\"dateModified\":\"2022-11-15T11:07:02+00:00\",\"mainEntityOfPage\":{\"@id\":\"https:\\\/\\\/medianeeds.es\\\/es\\\/tips-para-conectar-con-tu-audiencia-en-redes-sociales\\\/\"},\"wordCount\":484,\"publisher\":{\"@id\":\"https:\\\/\\\/medianeeds.es\\\/#organization\"},\"image\":{\"@id\":\"https:\\\/\\\/medianeeds.es\\\/es\\\/tips-para-conectar-con-tu-audiencia-en-redes-sociales\\\/#primaryimage\"},\"thumbnailUrl\":\"https:\\\/\\\/medianeeds.es\\\/wp-content\\\/uploads\\\/2022\\\/11\\\/capcelera-blog1.jpg\",\"articleSection\":[\"Blog\",\"Destacados\",\"Noticias\"],\"inLanguage\":\"es\"},{\"@type\":\"WebPage\",\"@id\":\"https:\\\/\\\/medianeeds.es\\\/es\\\/tips-para-conectar-con-tu-audiencia-en-redes-sociales\\\/\",\"url\":\"https:\\\/\\\/medianeeds.es\\\/es\\\/tips-para-conectar-con-tu-audiencia-en-redes-sociales\\\/\",\"name\":\"Tips para conectar con tu audiencia en redes sociales - M\u00e0rketing Reus | Media Needs Reus | Ag\u00e8ncia de publicitat Reus\",\"isPartOf\":{\"@id\":\"https:\\\/\\\/medianeeds.es\\\/#website\"},\"primaryImageOfPage\":{\"@id\":\"https:\\\/\\\/medianeeds.es\\\/es\\\/tips-para-conectar-con-tu-audiencia-en-redes-sociales\\\/#primaryimage\"},\"image\":{\"@id\":\"https:\\\/\\\/medianeeds.es\\\/es\\\/tips-para-conectar-con-tu-audiencia-en-redes-sociales\\\/#primaryimage\"},\"thumbnailUrl\":\"https:\\\/\\\/medianeeds.es\\\/wp-content\\\/uploads\\\/2022\\\/11\\\/capcelera-blog1.jpg\",\"datePublished\":\"2022-11-11T10:57:28+00:00\",\"dateModified\":\"2022-11-15T11:07:02+00:00\",\"description\":\"Desde\u00a0Medianeeds\u00a0queremos darte algunos consejos para ayudarte a conectar con tu audiencia en redes sociales.\",\"breadcrumb\":{\"@id\":\"https:\\\/\\\/medianeeds.es\\\/es\\\/tips-para-conectar-con-tu-audiencia-en-redes-sociales\\\/#breadcrumb\"},\"inLanguage\":\"es\",\"potentialAction\":[{\"@type\":\"ReadAction\",\"target\":[\"https:\\\/\\\/medianeeds.es\\\/es\\\/tips-para-conectar-con-tu-audiencia-en-redes-sociales\\\/\"]}]},{\"@type\":\"ImageObject\",\"inLanguage\":\"es\",\"@id\":\"https:\\\/\\\/medianeeds.es\\\/es\\\/tips-para-conectar-con-tu-audiencia-en-redes-sociales\\\/#primaryimage\",\"url\":\"https:\\\/\\\/medianeeds.es\\\/wp-content\\\/uploads\\\/2022\\\/11\\\/capcelera-blog1.jpg\",\"contentUrl\":\"https:\\\/\\\/medianeeds.es\\\/wp-content\\\/uploads\\\/2022\\\/11\\\/capcelera-blog1.jpg\",\"width\":1080,\"height\":675,\"caption\":\"conectar con tu audiencia en redes sociales\"},{\"@type\":\"BreadcrumbList\",\"@id\":\"https:\\\/\\\/medianeeds.es\\\/es\\\/tips-para-conectar-con-tu-audiencia-en-redes-sociales\\\/#breadcrumb\",\"itemListElement\":[{\"@type\":\"ListItem\",\"position\":1,\"name\":\"Portada\",\"item\":\"https:\\\/\\\/medianeeds.es\\\/\"},{\"@type\":\"ListItem\",\"position\":2,\"name\":\"Tips para conectar con tu audiencia en redes sociales\"}]},{\"@type\":\"WebSite\",\"@id\":\"https:\\\/\\\/medianeeds.es\\\/#website\",\"url\":\"https:\\\/\\\/medianeeds.es\\\/\",\"name\":\"M\u00e0rketing Reus | Media Needs Reus | Ag\u00e8ncia de publicitat Reus\",\"description\":\"MediaNeeds \u00e9s una empresa especialitzada en serveis integrals de publicitat, m\u00e0rqueting on-line i community manager a Reus, Tarragona\",\"publisher\":{\"@id\":\"https:\\\/\\\/medianeeds.es\\\/#organization\"},\"alternateName\":\"Media Needs\",\"potentialAction\":[{\"@type\":\"SearchAction\",\"target\":{\"@type\":\"EntryPoint\",\"urlTemplate\":\"https:\\\/\\\/medianeeds.es\\\/?s={search_term_string}\"},\"query-input\":{\"@type\":\"PropertyValueSpecification\",\"valueRequired\":true,\"valueName\":\"search_term_string\"}}],\"inLanguage\":\"es\"},{\"@type\":\"Organization\",\"@id\":\"https:\\\/\\\/medianeeds.es\\\/#organization\",\"name\":\"M\u00e0rketing Reus | Media Needs Reus | Ag\u00e8ncia de publicitat Reus\",\"alternateName\":\"Media Needs\",\"url\":\"https:\\\/\\\/medianeeds.es\\\/\",\"logo\":{\"@type\":\"ImageObject\",\"inLanguage\":\"es\",\"@id\":\"https:\\\/\\\/medianeeds.es\\\/#\\\/schema\\\/logo\\\/image\\\/\",\"url\":\"https:\\\/\\\/medianeeds.es\\\/wp-content\\\/uploads\\\/2024\\\/06\\\/COLOR_Mesa-de-trabajo-1-copia.png\",\"contentUrl\":\"https:\\\/\\\/medianeeds.es\\\/wp-content\\\/uploads\\\/2024\\\/06\\\/COLOR_Mesa-de-trabajo-1-copia.png\",\"width\":470,\"height\":226,\"caption\":\"M\u00e0rketing Reus | Media Needs Reus | Ag\u00e8ncia de publicitat Reus\"},\"image\":{\"@id\":\"https:\\\/\\\/medianeeds.es\\\/#\\\/schema\\\/logo\\\/image\\\/\"},\"sameAs\":[\"https:\\\/\\\/www.facebook.com\\\/medianeeds.es\\\/\",\"https:\\\/\\\/x.com\\\/media_needs\",\"https:\\\/\\\/www.instagram.com\\\/medianeeds\\\/?hl=es\"]},{\"@type\":\"Person\",\"@id\":\"https:\\\/\\\/medianeeds.es\\\/#\\\/schema\\\/person\\\/6a6f2f17f283df3eeb0946feebd2af79\",\"name\":\"Medianeeds\",\"image\":{\"@type\":\"ImageObject\",\"inLanguage\":\"es\",\"@id\":\"https:\\\/\\\/secure.gravatar.com\\\/avatar\\\/442251953f111b43a4668103c7b7c09aa35690e525473fb0bb9db0681ee9c0c3?s=96&d=mm&r=g\",\"url\":\"https:\\\/\\\/secure.gravatar.com\\\/avatar\\\/442251953f111b43a4668103c7b7c09aa35690e525473fb0bb9db0681ee9c0c3?s=96&d=mm&r=g\",\"contentUrl\":\"https:\\\/\\\/secure.gravatar.com\\\/avatar\\\/442251953f111b43a4668103c7b7c09aa35690e525473fb0bb9db0681ee9c0c3?s=96&d=mm&r=g\",\"caption\":\"Medianeeds\"},\"url\":\"https:\\\/\\\/medianeeds.es\\\/es\\\/author\\\/medianeeds\\\/\"}]}<\/script>\n<!-- \/ Yoast SEO plugin. -->","yoast_head_json":{"title":"Tips para conectar con tu audiencia en redes sociales - M\u00e0rketing Reus | Media Needs Reus | Ag\u00e8ncia de publicitat Reus","description":"Desde\u00a0Medianeeds\u00a0queremos darte algunos consejos para ayudarte a conectar con tu audiencia en redes sociales.","robots":{"index":"index","follow":"follow","max-snippet":"max-snippet:-1","max-image-preview":"max-image-preview:large","max-video-preview":"max-video-preview:-1"},"canonical":"https:\/\/medianeeds.es\/es\/tips-para-conectar-con-tu-audiencia-en-redes-sociales\/","og_locale":"es_ES","og_type":"article","og_title":"Tips para conectar con tu audiencia en redes sociales - M\u00e0rketing Reus | Media Needs Reus | Ag\u00e8ncia de publicitat Reus","og_description":"Desde\u00a0Medianeeds\u00a0queremos darte algunos consejos para ayudarte a conectar con tu audiencia en redes sociales.","og_url":"https:\/\/medianeeds.es\/es\/tips-para-conectar-con-tu-audiencia-en-redes-sociales\/","og_site_name":"M\u00e0rketing Reus | Media Needs Reus | Ag\u00e8ncia de publicitat Reus","article_publisher":"https:\/\/www.facebook.com\/medianeeds.es\/","article_published_time":"2022-11-11T10:57:28+00:00","article_modified_time":"2022-11-15T11:07:02+00:00","og_image":[{"width":1080,"height":675,"url":"https:\/\/medianeeds.es\/wp-content\/uploads\/2022\/11\/capcelera-blog1.jpg","type":"image\/jpeg"}],"author":"Medianeeds","twitter_misc":{"Escrito por":"Medianeeds","Tiempo de lectura":"3 minutos"},"schema":{"@context":"https:\/\/schema.org","@graph":[{"@type":"Article","@id":"https:\/\/medianeeds.es\/es\/tips-para-conectar-con-tu-audiencia-en-redes-sociales\/#article","isPartOf":{"@id":"https:\/\/medianeeds.es\/es\/tips-para-conectar-con-tu-audiencia-en-redes-sociales\/"},"author":{"name":"Medianeeds","@id":"https:\/\/medianeeds.es\/#\/schema\/person\/6a6f2f17f283df3eeb0946feebd2af79"},"headline":"Tips para conectar con tu audiencia en redes sociales","datePublished":"2022-11-11T10:57:28+00:00","dateModified":"2022-11-15T11:07:02+00:00","mainEntityOfPage":{"@id":"https:\/\/medianeeds.es\/es\/tips-para-conectar-con-tu-audiencia-en-redes-sociales\/"},"wordCount":484,"publisher":{"@id":"https:\/\/medianeeds.es\/#organization"},"image":{"@id":"https:\/\/medianeeds.es\/es\/tips-para-conectar-con-tu-audiencia-en-redes-sociales\/#primaryimage"},"thumbnailUrl":"https:\/\/medianeeds.es\/wp-content\/uploads\/2022\/11\/capcelera-blog1.jpg","articleSection":["Blog","Destacados","Noticias"],"inLanguage":"es"},{"@type":"WebPage","@id":"https:\/\/medianeeds.es\/es\/tips-para-conectar-con-tu-audiencia-en-redes-sociales\/","url":"https:\/\/medianeeds.es\/es\/tips-para-conectar-con-tu-audiencia-en-redes-sociales\/","name":"Tips para conectar con tu audiencia en redes sociales - M\u00e0rketing Reus | Media Needs Reus | Ag\u00e8ncia de publicitat Reus","isPartOf":{"@id":"https:\/\/medianeeds.es\/#website"},"primaryImageOfPage":{"@id":"https:\/\/medianeeds.es\/es\/tips-para-conectar-con-tu-audiencia-en-redes-sociales\/#primaryimage"},"image":{"@id":"https:\/\/medianeeds.es\/es\/tips-para-conectar-con-tu-audiencia-en-redes-sociales\/#primaryimage"},"thumbnailUrl":"https:\/\/medianeeds.es\/wp-content\/uploads\/2022\/11\/capcelera-blog1.jpg","datePublished":"2022-11-11T10:57:28+00:00","dateModified":"2022-11-15T11:07:02+00:00","description":"Desde\u00a0Medianeeds\u00a0queremos darte algunos consejos para ayudarte a conectar con tu audiencia en redes sociales.","breadcrumb":{"@id":"https:\/\/medianeeds.es\/es\/tips-para-conectar-con-tu-audiencia-en-redes-sociales\/#breadcrumb"},"inLanguage":"es","potentialAction":[{"@type":"ReadAction","target":["https:\/\/medianeeds.es\/es\/tips-para-conectar-con-tu-audiencia-en-redes-sociales\/"]}]},{"@type":"ImageObject","inLanguage":"es","@id":"https:\/\/medianeeds.es\/es\/tips-para-conectar-con-tu-audiencia-en-redes-sociales\/#primaryimage","url":"https:\/\/medianeeds.es\/wp-content\/uploads\/2022\/11\/capcelera-blog1.jpg","contentUrl":"https:\/\/medianeeds.es\/wp-content\/uploads\/2022\/11\/capcelera-blog1.jpg","width":1080,"height":675,"caption":"conectar con tu audiencia en redes sociales"},{"@type":"BreadcrumbList","@id":"https:\/\/medianeeds.es\/es\/tips-para-conectar-con-tu-audiencia-en-redes-sociales\/#breadcrumb","itemListElement":[{"@type":"ListItem","position":1,"name":"Portada","item":"https:\/\/medianeeds.es\/"},{"@type":"ListItem","position":2,"name":"Tips para conectar con tu audiencia en redes sociales"}]},{"@type":"WebSite","@id":"https:\/\/medianeeds.es\/#website","url":"https:\/\/medianeeds.es\/","name":"M\u00e0rketing Reus | Media Needs Reus | Ag\u00e8ncia de publicitat Reus","description":"MediaNeeds \u00e9s una empresa especialitzada en serveis integrals de publicitat, m\u00e0rqueting on-line i community manager a Reus, Tarragona","publisher":{"@id":"https:\/\/medianeeds.es\/#organization"},"alternateName":"Media Needs","potentialAction":[{"@type":"SearchAction","target":{"@type":"EntryPoint","urlTemplate":"https:\/\/medianeeds.es\/?s={search_term_string}"},"query-input":{"@type":"PropertyValueSpecification","valueRequired":true,"valueName":"search_term_string"}}],"inLanguage":"es"},{"@type":"Organization","@id":"https:\/\/medianeeds.es\/#organization","name":"M\u00e0rketing Reus | Media Needs Reus | Ag\u00e8ncia de publicitat Reus","alternateName":"Media Needs","url":"https:\/\/medianeeds.es\/","logo":{"@type":"ImageObject","inLanguage":"es","@id":"https:\/\/medianeeds.es\/#\/schema\/logo\/image\/","url":"https:\/\/medianeeds.es\/wp-content\/uploads\/2024\/06\/COLOR_Mesa-de-trabajo-1-copia.png","contentUrl":"https:\/\/medianeeds.es\/wp-content\/uploads\/2024\/06\/COLOR_Mesa-de-trabajo-1-copia.png","width":470,"height":226,"caption":"M\u00e0rketing Reus | Media Needs Reus | Ag\u00e8ncia de publicitat Reus"},"image":{"@id":"https:\/\/medianeeds.es\/#\/schema\/logo\/image\/"},"sameAs":["https:\/\/www.facebook.com\/medianeeds.es\/","https:\/\/x.com\/media_needs","https:\/\/www.instagram.com\/medianeeds\/?hl=es"]},{"@type":"Person","@id":"https:\/\/medianeeds.es\/#\/schema\/person\/6a6f2f17f283df3eeb0946feebd2af79","name":"Medianeeds","image":{"@type":"ImageObject","inLanguage":"es","@id":"https:\/\/secure.gravatar.com\/avatar\/442251953f111b43a4668103c7b7c09aa35690e525473fb0bb9db0681ee9c0c3?s=96&d=mm&r=g","url":"https:\/\/secure.gravatar.com\/avatar\/442251953f111b43a4668103c7b7c09aa35690e525473fb0bb9db0681ee9c0c3?s=96&d=mm&r=g","contentUrl":"https:\/\/secure.gravatar.com\/avatar\/442251953f111b43a4668103c7b7c09aa35690e525473fb0bb9db0681ee9c0c3?s=96&d=mm&r=g","caption":"Medianeeds"},"url":"https:\/\/medianeeds.es\/es\/author\/medianeeds\/"}]}},"_links":{"self":[{"href":"https:\/\/medianeeds.es\/es\/wp-json\/wp\/v2\/posts\/17404","targetHints":{"allow":["GET"]}}],"collection":[{"href":"https:\/\/medianeeds.es\/es\/wp-json\/wp\/v2\/posts"}],"about":[{"href":"https:\/\/medianeeds.es\/es\/wp-json\/wp\/v2\/types\/post"}],"author":[{"embeddable":true,"href":"https:\/\/medianeeds.es\/es\/wp-json\/wp\/v2\/users\/1"}],"replies":[{"embeddable":true,"href":"https:\/\/medianeeds.es\/es\/wp-json\/wp\/v2\/comments?post=17404"}],"version-history":[{"count":4,"href":"https:\/\/medianeeds.es\/es\/wp-json\/wp\/v2\/posts\/17404\/revisions"}],"predecessor-version":[{"id":17410,"href":"https:\/\/medianeeds.es\/es\/wp-json\/wp\/v2\/posts\/17404\/revisions\/17410"}],"wp:featuredmedia":[{"embeddable":true,"href":"https:\/\/medianeeds.es\/es\/wp-json\/wp\/v2\/media\/17405"}],"wp:attachment":[{"href":"https:\/\/medianeeds.es\/es\/wp-json\/wp\/v2\/media?parent=17404"}],"wp:term":[{"taxonomy":"category","embeddable":true,"href":"https:\/\/medianeeds.es\/es\/wp-json\/wp\/v2\/categories?post=17404"},{"taxonomy":"post_tag","embeddable":true,"href":"https:\/\/medianeeds.es\/es\/wp-json\/wp\/v2\/tags?post=17404"}],"curies":[{"name":"wp","href":"https:\/\/api.w.org\/{rel}","templated":true}]}}