{"id":17384,"date":"2022-10-21T07:56:53","date_gmt":"2022-10-21T07:56:53","guid":{"rendered":"https:\/\/medianeeds.es\/?p=17384"},"modified":"2022-10-21T07:56:53","modified_gmt":"2022-10-21T07:56:53","slug":"contratar-agencia-de-marketing","status":"publish","type":"post","link":"https:\/\/medianeeds.es\/es\/contratar-agencia-de-marketing\/","title":{"rendered":"\u00bfPor qu\u00e9 contratar una agencia de marketing?"},"content":{"rendered":"<p>El <strong>marketing digital est\u00e1 en constante desarrollo<\/strong> y es imprescindible que las empresas sigan su evoluci\u00f3n y se mantengan actualizadas de los \u00faltimos avances.<\/p>\n<p>&nbsp;<\/p>\n<p>Para ello hay dos opciones: puedes tratar de dise\u00f1ar y ejecutar un plan de marketing online por ti mismo, o bien puedes contactar con expertos del sector. Las empresas de marketing conocen el mercado y est\u00e1n al corriente de las transformaciones de este. Ser\u00e1n los mejores consejeros para hacer triunfar tu negocio y sabr\u00e1n encontrar el mejor camino para alcanzar el \u00e9xito.<\/p>\n<p>&nbsp;<\/p>\n<h6>Beneficios de contratar los servicios de una agencia de marketing especializada.<\/h6>\n<p>&nbsp;<\/p>\n<p>Tu negocio necesita profesionalidad, as\u00ed que la mejor opci\u00f3n es dejarlo en manos de profesionales que dedican todos sus esfuerzos a este trabajo. Si quieres <strong>diferenciarte de la competencia<\/strong> debes contactar con expertos en marketing para gestionar la producci\u00f3n de contenidos, la publicidad o el SEO, estos factores aportar\u00e1n calidad, que es lo que busca el consumidor.<\/p>\n<p>&nbsp;<\/p>\n<p>La empresa de marketing estudiar\u00e1 con detenimiento el mercado al que quieres dirigirte y plantear\u00e1 la estrategia ideal para llegar a \u00e9l explotando todas las herramientas que est\u00e1n a su disposici\u00f3n. Una buena planificaci\u00f3n es esencial para alcanzar los objetivos.<\/p>\n<p>&nbsp;<\/p>\n<p>Los <strong>profesionales del marketing digital<\/strong> est\u00e1n al corriente de las tendencias de internet, adem\u00e1s, las agencias acostumbran a tener acceso a las principales herramientas que necesitas para desarrollar el conjunto de tecnolog\u00edas de marketing en tu negocio.<\/p>\n<p>Las herramientas de medici\u00f3n de resultados, por ejemplo, son complejas y es importante un buen an\u00e1lisis para saber cu\u00e1les son los puntos fuertes del negocio y cu\u00e1les son sus carencias. Para tener el control a lo largo del desarrollo de la estrategia previamente preparada es importante identificar lo realmente relevante de los datos obtenidos y saber c\u00f3mo gestionar estos resultados.<\/p>\n<p>&nbsp;<\/p>\n<p>Ahora que conoces todas las ventajas de contratar una agencia de marketing, te invitamos a que conozcas m\u00e1s sobre nosotros en <a href=\"https:\/\/medianeeds.es\/es\/\"><strong>nuestra p\u00e1gina web<\/strong><\/a>.<\/p>\n<p>&nbsp;<\/p>\n<p><a href=\"https:\/\/www.instagram.com\/medianeeds\/\" target=\"_blank\" rel=\"noopener\">Cont\u00e1ctanos<\/a> ahora y pide tu presupuesto.<\/p>\n","protected":false},"excerpt":{"rendered":"<p>El marketing digital est\u00e1 en constante desarrollo y es imprescindible que las empresas sigan su evoluci\u00f3n y se mantengan actualizadas de los \u00faltimos avances. &nbsp; Para ello hay dos opciones: puedes tratar de dise\u00f1ar y ejecutar un plan de marketing online por ti mismo, o bien puedes contactar con expertos del sector. Las empresas de [&hellip;]<\/p>\n","protected":false},"author":1,"featured_media":17382,"comment_status":"closed","ping_status":"closed","sticky":false,"template":"","format":"standard","meta":{"_et_pb_use_builder":"","_et_pb_old_content":"","_et_gb_content_width":"","footnotes":""},"categories":[292,249,252],"tags":[],"class_list":["post-17384","post","type-post","status-publish","format-standard","has-post-thumbnail","hentry","category-blog-es-3-es","category-destacados","category-noticias"],"yoast_head":"<!-- This site is optimized with the Yoast SEO plugin v27.4 - https:\/\/yoast.com\/product\/yoast-seo-wordpress\/ -->\n<title>\u00bfPor qu\u00e9 contratar una agencia de marketing? - M\u00e0rketing Reus | Media Needs Reus | Ag\u00e8ncia de publicitat Reus<\/title>\n<meta name=\"description\" content=\"Si tu negocio necesita profesionalidad y digitalizaci\u00f3n, contacta con una agencia de marketing especializada en el \u00e1mbito digital.\" \/>\n<meta name=\"robots\" content=\"index, follow, max-snippet:-1, max-image-preview:large, max-video-preview:-1\" \/>\n<link rel=\"canonical\" href=\"https:\/\/medianeeds.es\/es\/contratar-agencia-de-marketing\/\" \/>\n<meta property=\"og:locale\" content=\"es_ES\" \/>\n<meta property=\"og:type\" content=\"article\" \/>\n<meta property=\"og:title\" content=\"\u00bfPor qu\u00e9 contratar una agencia de marketing? - M\u00e0rketing Reus | Media Needs Reus | Ag\u00e8ncia de publicitat Reus\" \/>\n<meta property=\"og:description\" content=\"Si tu negocio necesita profesionalidad y digitalizaci\u00f3n, contacta con una agencia de marketing especializada en el \u00e1mbito digital.\" \/>\n<meta property=\"og:url\" content=\"https:\/\/medianeeds.es\/es\/contratar-agencia-de-marketing\/\" \/>\n<meta property=\"og:site_name\" content=\"M\u00e0rketing Reus | Media Needs Reus | Ag\u00e8ncia de publicitat Reus\" \/>\n<meta property=\"article:publisher\" content=\"https:\/\/www.facebook.com\/medianeeds.es\/\" \/>\n<meta property=\"article:published_time\" content=\"2022-10-21T07:56:53+00:00\" \/>\n<meta property=\"og:image\" content=\"https:\/\/medianeeds.es\/wp-content\/uploads\/2022\/10\/mk1.jpg\" \/>\n\t<meta property=\"og:image:width\" content=\"1080\" \/>\n\t<meta property=\"og:image:height\" content=\"675\" \/>\n\t<meta property=\"og:image:type\" content=\"image\/jpeg\" \/>\n<meta name=\"author\" content=\"Medianeeds\" \/>\n<meta name=\"twitter:label1\" content=\"Escrito por\" \/>\n\t<meta name=\"twitter:data1\" content=\"Medianeeds\" \/>\n\t<meta name=\"twitter:label2\" content=\"Tiempo de lectura\" \/>\n\t<meta name=\"twitter:data2\" content=\"2 minutos\" \/>\n<script type=\"application\/ld+json\" class=\"yoast-schema-graph\">{\"@context\":\"https:\\\/\\\/schema.org\",\"@graph\":[{\"@type\":\"Article\",\"@id\":\"https:\\\/\\\/medianeeds.es\\\/es\\\/contratar-agencia-de-marketing\\\/#article\",\"isPartOf\":{\"@id\":\"https:\\\/\\\/medianeeds.es\\\/es\\\/contratar-agencia-de-marketing\\\/\"},\"author\":{\"name\":\"Medianeeds\",\"@id\":\"https:\\\/\\\/medianeeds.es\\\/#\\\/schema\\\/person\\\/6a6f2f17f283df3eeb0946feebd2af79\"},\"headline\":\"\u00bfPor qu\u00e9 contratar una agencia de marketing?\",\"datePublished\":\"2022-10-21T07:56:53+00:00\",\"mainEntityOfPage\":{\"@id\":\"https:\\\/\\\/medianeeds.es\\\/es\\\/contratar-agencia-de-marketing\\\/\"},\"wordCount\":357,\"publisher\":{\"@id\":\"https:\\\/\\\/medianeeds.es\\\/#organization\"},\"image\":{\"@id\":\"https:\\\/\\\/medianeeds.es\\\/es\\\/contratar-agencia-de-marketing\\\/#primaryimage\"},\"thumbnailUrl\":\"https:\\\/\\\/medianeeds.es\\\/wp-content\\\/uploads\\\/2022\\\/10\\\/mk1.jpg\",\"articleSection\":[\"Blog\",\"Destacados\",\"Noticias\"],\"inLanguage\":\"es\"},{\"@type\":\"WebPage\",\"@id\":\"https:\\\/\\\/medianeeds.es\\\/es\\\/contratar-agencia-de-marketing\\\/\",\"url\":\"https:\\\/\\\/medianeeds.es\\\/es\\\/contratar-agencia-de-marketing\\\/\",\"name\":\"\u00bfPor qu\u00e9 contratar una agencia de marketing? - M\u00e0rketing Reus | Media Needs Reus | Ag\u00e8ncia de publicitat Reus\",\"isPartOf\":{\"@id\":\"https:\\\/\\\/medianeeds.es\\\/#website\"},\"primaryImageOfPage\":{\"@id\":\"https:\\\/\\\/medianeeds.es\\\/es\\\/contratar-agencia-de-marketing\\\/#primaryimage\"},\"image\":{\"@id\":\"https:\\\/\\\/medianeeds.es\\\/es\\\/contratar-agencia-de-marketing\\\/#primaryimage\"},\"thumbnailUrl\":\"https:\\\/\\\/medianeeds.es\\\/wp-content\\\/uploads\\\/2022\\\/10\\\/mk1.jpg\",\"datePublished\":\"2022-10-21T07:56:53+00:00\",\"description\":\"Si tu negocio necesita profesionalidad y digitalizaci\u00f3n, contacta con una agencia de marketing especializada en el \u00e1mbito digital.\",\"breadcrumb\":{\"@id\":\"https:\\\/\\\/medianeeds.es\\\/es\\\/contratar-agencia-de-marketing\\\/#breadcrumb\"},\"inLanguage\":\"es\",\"potentialAction\":[{\"@type\":\"ReadAction\",\"target\":[\"https:\\\/\\\/medianeeds.es\\\/es\\\/contratar-agencia-de-marketing\\\/\"]}]},{\"@type\":\"ImageObject\",\"inLanguage\":\"es\",\"@id\":\"https:\\\/\\\/medianeeds.es\\\/es\\\/contratar-agencia-de-marketing\\\/#primaryimage\",\"url\":\"https:\\\/\\\/medianeeds.es\\\/wp-content\\\/uploads\\\/2022\\\/10\\\/mk1.jpg\",\"contentUrl\":\"https:\\\/\\\/medianeeds.es\\\/wp-content\\\/uploads\\\/2022\\\/10\\\/mk1.jpg\",\"width\":1080,\"height\":675,\"caption\":\"agencia de marketing\"},{\"@type\":\"BreadcrumbList\",\"@id\":\"https:\\\/\\\/medianeeds.es\\\/es\\\/contratar-agencia-de-marketing\\\/#breadcrumb\",\"itemListElement\":[{\"@type\":\"ListItem\",\"position\":1,\"name\":\"Portada\",\"item\":\"https:\\\/\\\/medianeeds.es\\\/\"},{\"@type\":\"ListItem\",\"position\":2,\"name\":\"\u00bfPor qu\u00e9 contratar una agencia de marketing?\"}]},{\"@type\":\"WebSite\",\"@id\":\"https:\\\/\\\/medianeeds.es\\\/#website\",\"url\":\"https:\\\/\\\/medianeeds.es\\\/\",\"name\":\"M\u00e0rketing Reus | Media Needs Reus | Ag\u00e8ncia de publicitat Reus\",\"description\":\"MediaNeeds \u00e9s una empresa especialitzada en serveis integrals de publicitat, m\u00e0rqueting on-line i community manager a Reus, Tarragona\",\"publisher\":{\"@id\":\"https:\\\/\\\/medianeeds.es\\\/#organization\"},\"alternateName\":\"Media Needs\",\"potentialAction\":[{\"@type\":\"SearchAction\",\"target\":{\"@type\":\"EntryPoint\",\"urlTemplate\":\"https:\\\/\\\/medianeeds.es\\\/?s={search_term_string}\"},\"query-input\":{\"@type\":\"PropertyValueSpecification\",\"valueRequired\":true,\"valueName\":\"search_term_string\"}}],\"inLanguage\":\"es\"},{\"@type\":\"Organization\",\"@id\":\"https:\\\/\\\/medianeeds.es\\\/#organization\",\"name\":\"M\u00e0rketing Reus | Media Needs Reus | Ag\u00e8ncia de publicitat Reus\",\"alternateName\":\"Media Needs\",\"url\":\"https:\\\/\\\/medianeeds.es\\\/\",\"logo\":{\"@type\":\"ImageObject\",\"inLanguage\":\"es\",\"@id\":\"https:\\\/\\\/medianeeds.es\\\/#\\\/schema\\\/logo\\\/image\\\/\",\"url\":\"https:\\\/\\\/medianeeds.es\\\/wp-content\\\/uploads\\\/2024\\\/06\\\/COLOR_Mesa-de-trabajo-1-copia.png\",\"contentUrl\":\"https:\\\/\\\/medianeeds.es\\\/wp-content\\\/uploads\\\/2024\\\/06\\\/COLOR_Mesa-de-trabajo-1-copia.png\",\"width\":470,\"height\":226,\"caption\":\"M\u00e0rketing Reus | Media Needs Reus | Ag\u00e8ncia de publicitat Reus\"},\"image\":{\"@id\":\"https:\\\/\\\/medianeeds.es\\\/#\\\/schema\\\/logo\\\/image\\\/\"},\"sameAs\":[\"https:\\\/\\\/www.facebook.com\\\/medianeeds.es\\\/\",\"https:\\\/\\\/x.com\\\/media_needs\",\"https:\\\/\\\/www.instagram.com\\\/medianeeds\\\/?hl=es\"]},{\"@type\":\"Person\",\"@id\":\"https:\\\/\\\/medianeeds.es\\\/#\\\/schema\\\/person\\\/6a6f2f17f283df3eeb0946feebd2af79\",\"name\":\"Medianeeds\",\"image\":{\"@type\":\"ImageObject\",\"inLanguage\":\"es\",\"@id\":\"https:\\\/\\\/secure.gravatar.com\\\/avatar\\\/442251953f111b43a4668103c7b7c09aa35690e525473fb0bb9db0681ee9c0c3?s=96&d=mm&r=g\",\"url\":\"https:\\\/\\\/secure.gravatar.com\\\/avatar\\\/442251953f111b43a4668103c7b7c09aa35690e525473fb0bb9db0681ee9c0c3?s=96&d=mm&r=g\",\"contentUrl\":\"https:\\\/\\\/secure.gravatar.com\\\/avatar\\\/442251953f111b43a4668103c7b7c09aa35690e525473fb0bb9db0681ee9c0c3?s=96&d=mm&r=g\",\"caption\":\"Medianeeds\"},\"url\":\"https:\\\/\\\/medianeeds.es\\\/es\\\/author\\\/medianeeds\\\/\"}]}<\/script>\n<!-- \/ Yoast SEO plugin. -->","yoast_head_json":{"title":"\u00bfPor qu\u00e9 contratar una agencia de marketing? - M\u00e0rketing Reus | Media Needs Reus | Ag\u00e8ncia de publicitat Reus","description":"Si tu negocio necesita profesionalidad y digitalizaci\u00f3n, contacta con una agencia de marketing especializada en el \u00e1mbito digital.","robots":{"index":"index","follow":"follow","max-snippet":"max-snippet:-1","max-image-preview":"max-image-preview:large","max-video-preview":"max-video-preview:-1"},"canonical":"https:\/\/medianeeds.es\/es\/contratar-agencia-de-marketing\/","og_locale":"es_ES","og_type":"article","og_title":"\u00bfPor qu\u00e9 contratar una agencia de marketing? - M\u00e0rketing Reus | Media Needs Reus | Ag\u00e8ncia de publicitat Reus","og_description":"Si tu negocio necesita profesionalidad y digitalizaci\u00f3n, contacta con una agencia de marketing especializada en el \u00e1mbito digital.","og_url":"https:\/\/medianeeds.es\/es\/contratar-agencia-de-marketing\/","og_site_name":"M\u00e0rketing Reus | Media Needs Reus | Ag\u00e8ncia de publicitat Reus","article_publisher":"https:\/\/www.facebook.com\/medianeeds.es\/","article_published_time":"2022-10-21T07:56:53+00:00","og_image":[{"width":1080,"height":675,"url":"https:\/\/medianeeds.es\/wp-content\/uploads\/2022\/10\/mk1.jpg","type":"image\/jpeg"}],"author":"Medianeeds","twitter_misc":{"Escrito por":"Medianeeds","Tiempo de lectura":"2 minutos"},"schema":{"@context":"https:\/\/schema.org","@graph":[{"@type":"Article","@id":"https:\/\/medianeeds.es\/es\/contratar-agencia-de-marketing\/#article","isPartOf":{"@id":"https:\/\/medianeeds.es\/es\/contratar-agencia-de-marketing\/"},"author":{"name":"Medianeeds","@id":"https:\/\/medianeeds.es\/#\/schema\/person\/6a6f2f17f283df3eeb0946feebd2af79"},"headline":"\u00bfPor qu\u00e9 contratar una agencia de marketing?","datePublished":"2022-10-21T07:56:53+00:00","mainEntityOfPage":{"@id":"https:\/\/medianeeds.es\/es\/contratar-agencia-de-marketing\/"},"wordCount":357,"publisher":{"@id":"https:\/\/medianeeds.es\/#organization"},"image":{"@id":"https:\/\/medianeeds.es\/es\/contratar-agencia-de-marketing\/#primaryimage"},"thumbnailUrl":"https:\/\/medianeeds.es\/wp-content\/uploads\/2022\/10\/mk1.jpg","articleSection":["Blog","Destacados","Noticias"],"inLanguage":"es"},{"@type":"WebPage","@id":"https:\/\/medianeeds.es\/es\/contratar-agencia-de-marketing\/","url":"https:\/\/medianeeds.es\/es\/contratar-agencia-de-marketing\/","name":"\u00bfPor qu\u00e9 contratar una agencia de marketing? - M\u00e0rketing Reus | Media Needs Reus | Ag\u00e8ncia de publicitat Reus","isPartOf":{"@id":"https:\/\/medianeeds.es\/#website"},"primaryImageOfPage":{"@id":"https:\/\/medianeeds.es\/es\/contratar-agencia-de-marketing\/#primaryimage"},"image":{"@id":"https:\/\/medianeeds.es\/es\/contratar-agencia-de-marketing\/#primaryimage"},"thumbnailUrl":"https:\/\/medianeeds.es\/wp-content\/uploads\/2022\/10\/mk1.jpg","datePublished":"2022-10-21T07:56:53+00:00","description":"Si tu negocio necesita profesionalidad y digitalizaci\u00f3n, contacta con una agencia de marketing especializada en el \u00e1mbito digital.","breadcrumb":{"@id":"https:\/\/medianeeds.es\/es\/contratar-agencia-de-marketing\/#breadcrumb"},"inLanguage":"es","potentialAction":[{"@type":"ReadAction","target":["https:\/\/medianeeds.es\/es\/contratar-agencia-de-marketing\/"]}]},{"@type":"ImageObject","inLanguage":"es","@id":"https:\/\/medianeeds.es\/es\/contratar-agencia-de-marketing\/#primaryimage","url":"https:\/\/medianeeds.es\/wp-content\/uploads\/2022\/10\/mk1.jpg","contentUrl":"https:\/\/medianeeds.es\/wp-content\/uploads\/2022\/10\/mk1.jpg","width":1080,"height":675,"caption":"agencia de marketing"},{"@type":"BreadcrumbList","@id":"https:\/\/medianeeds.es\/es\/contratar-agencia-de-marketing\/#breadcrumb","itemListElement":[{"@type":"ListItem","position":1,"name":"Portada","item":"https:\/\/medianeeds.es\/"},{"@type":"ListItem","position":2,"name":"\u00bfPor qu\u00e9 contratar una agencia de marketing?"}]},{"@type":"WebSite","@id":"https:\/\/medianeeds.es\/#website","url":"https:\/\/medianeeds.es\/","name":"M\u00e0rketing Reus | Media Needs Reus | Ag\u00e8ncia de publicitat Reus","description":"MediaNeeds \u00e9s una empresa especialitzada en serveis integrals de publicitat, m\u00e0rqueting on-line i community manager a Reus, Tarragona","publisher":{"@id":"https:\/\/medianeeds.es\/#organization"},"alternateName":"Media Needs","potentialAction":[{"@type":"SearchAction","target":{"@type":"EntryPoint","urlTemplate":"https:\/\/medianeeds.es\/?s={search_term_string}"},"query-input":{"@type":"PropertyValueSpecification","valueRequired":true,"valueName":"search_term_string"}}],"inLanguage":"es"},{"@type":"Organization","@id":"https:\/\/medianeeds.es\/#organization","name":"M\u00e0rketing Reus | Media Needs Reus | Ag\u00e8ncia de publicitat Reus","alternateName":"Media Needs","url":"https:\/\/medianeeds.es\/","logo":{"@type":"ImageObject","inLanguage":"es","@id":"https:\/\/medianeeds.es\/#\/schema\/logo\/image\/","url":"https:\/\/medianeeds.es\/wp-content\/uploads\/2024\/06\/COLOR_Mesa-de-trabajo-1-copia.png","contentUrl":"https:\/\/medianeeds.es\/wp-content\/uploads\/2024\/06\/COLOR_Mesa-de-trabajo-1-copia.png","width":470,"height":226,"caption":"M\u00e0rketing Reus | Media Needs Reus | Ag\u00e8ncia de publicitat Reus"},"image":{"@id":"https:\/\/medianeeds.es\/#\/schema\/logo\/image\/"},"sameAs":["https:\/\/www.facebook.com\/medianeeds.es\/","https:\/\/x.com\/media_needs","https:\/\/www.instagram.com\/medianeeds\/?hl=es"]},{"@type":"Person","@id":"https:\/\/medianeeds.es\/#\/schema\/person\/6a6f2f17f283df3eeb0946feebd2af79","name":"Medianeeds","image":{"@type":"ImageObject","inLanguage":"es","@id":"https:\/\/secure.gravatar.com\/avatar\/442251953f111b43a4668103c7b7c09aa35690e525473fb0bb9db0681ee9c0c3?s=96&d=mm&r=g","url":"https:\/\/secure.gravatar.com\/avatar\/442251953f111b43a4668103c7b7c09aa35690e525473fb0bb9db0681ee9c0c3?s=96&d=mm&r=g","contentUrl":"https:\/\/secure.gravatar.com\/avatar\/442251953f111b43a4668103c7b7c09aa35690e525473fb0bb9db0681ee9c0c3?s=96&d=mm&r=g","caption":"Medianeeds"},"url":"https:\/\/medianeeds.es\/es\/author\/medianeeds\/"}]}},"_links":{"self":[{"href":"https:\/\/medianeeds.es\/es\/wp-json\/wp\/v2\/posts\/17384","targetHints":{"allow":["GET"]}}],"collection":[{"href":"https:\/\/medianeeds.es\/es\/wp-json\/wp\/v2\/posts"}],"about":[{"href":"https:\/\/medianeeds.es\/es\/wp-json\/wp\/v2\/types\/post"}],"author":[{"embeddable":true,"href":"https:\/\/medianeeds.es\/es\/wp-json\/wp\/v2\/users\/1"}],"replies":[{"embeddable":true,"href":"https:\/\/medianeeds.es\/es\/wp-json\/wp\/v2\/comments?post=17384"}],"version-history":[{"count":2,"href":"https:\/\/medianeeds.es\/es\/wp-json\/wp\/v2\/posts\/17384\/revisions"}],"predecessor-version":[{"id":17387,"href":"https:\/\/medianeeds.es\/es\/wp-json\/wp\/v2\/posts\/17384\/revisions\/17387"}],"wp:featuredmedia":[{"embeddable":true,"href":"https:\/\/medianeeds.es\/es\/wp-json\/wp\/v2\/media\/17382"}],"wp:attachment":[{"href":"https:\/\/medianeeds.es\/es\/wp-json\/wp\/v2\/media?parent=17384"}],"wp:term":[{"taxonomy":"category","embeddable":true,"href":"https:\/\/medianeeds.es\/es\/wp-json\/wp\/v2\/categories?post=17384"},{"taxonomy":"post_tag","embeddable":true,"href":"https:\/\/medianeeds.es\/es\/wp-json\/wp\/v2\/tags?post=17384"}],"curies":[{"name":"wp","href":"https:\/\/api.w.org\/{rel}","templated":true}]}}