{"id":16899,"date":"2022-01-19T10:55:21","date_gmt":"2022-01-19T10:55:21","guid":{"rendered":"https:\/\/medianeeds.es\/quin-es-el-futur-del-disseny-de-logotips\/"},"modified":"2022-01-19T11:05:15","modified_gmt":"2022-01-19T11:05:15","slug":"cual-es-el-futuro-del-diseno-de-logotipos","status":"publish","type":"post","link":"https:\/\/medianeeds.es\/es\/cual-es-el-futuro-del-diseno-de-logotipos\/","title":{"rendered":"\u00bfCu\u00e1l es el futuro del dise\u00f1o de logotipos?"},"content":{"rendered":"<p>El mundo del dise\u00f1o fue testigo de uno de los mayores cambios de imagen de los \u00faltimos tiempos cuando Mark Zuckerberg lanz\u00f3 el nuevo logotipo de Facebook: un s\u00edmbolo de infinito azul de dos tonos que representa el nuevo nombre de la empresa, Meta.<\/p>\n<p>Una de las marcas de restaurantes m\u00e1s grandes de Estados Unidos, Papa John&#8217;s, tambi\u00e9n adopt\u00f3 un nuevo logotipo, eliminando su borde verde y abandonando la palabra \u201cpizza\u201d. Mientras, la marca de comida r\u00e1pida Burger King present\u00f3 un logo minimalista con una nueva tipograf\u00eda en enero de 2021.<\/p>\n<blockquote>\n<h3>Pero, \u00bfla evoluci\u00f3n del mundo digital, tambi\u00e9n ha interferido con la evoluci\u00f3n del logotipo y del dise\u00f1o?<\/h3>\n<\/blockquote>\n<p><strong>La inspiraci\u00f3n es clave<\/strong><br \/>\n\u201cLo que no ha cambiado es que el dise\u00f1o, en el fondo, es solo un concepto, una forma de ver las cosas o interpretarlas. Lo que ha cambiado es el \u00e9nfasis en encontrar un dise\u00f1o \u00fanico\u201d Dicen distintos expertos en el sector.<\/p>\n<p>Por tanto, la idea detr\u00e1s de un dise\u00f1o es muy importante: debe ser evocador, sorprendente y diferente. En la actualidad, inspirar a un dise\u00f1ador es m\u00e1s dif\u00edcil que en otras \u00e9pocas, ya que el \u00e1mbito digital y tecnol\u00f3gico hace que cada d\u00eda sea m\u00e1s dif\u00edcil sorprender a la ciudadan\u00eda. Demasiados imputs con demasiado poco tiempo, a\u00f1aden algunos expertos.<\/p>\n<p>El mayor reto ahora es destacar por encima del resto y esto en muchos casos, depende de la aplicaci\u00f3n y del formato.<\/p>\n<p><strong>Elegante, sencillo, atrevido<\/strong><br \/>\nEn la era digital, las consideraciones a la hora de crear un logo tambi\u00e9n han cambiado. Hay nuevos t\u00e9rminos en el dise\u00f1o. Entre ellos predominan los blanding. Esto significa alejarse de las tipograf\u00edas decoradas, los esquemas de colores complejos y las formas complejas. Sin embargo, ahora la idea es hacerlos m\u00e1s sencillos, elegantes, pero atrevidos.<\/p>\n<p>Por ejemplo, una letra cursiva podr\u00eda cambiarse a una fuente normal y un tipo serif podr\u00eda convertirse en sans serif, o el contraste de color se puede cambiar a s\u00f3lido, explica Mira Malhotra de Studio Kohl, una casa de dise\u00f1o boutique.<\/p>\n<p>Por tanto, en Media Needs, apostamos por estos nuevos dise\u00f1os traspas\u00e1ndolos a la imagen de nuestros clientes. Y evidentemente, formarnos e informarnos de cu\u00e1les son las tendencias actuales y c\u00f3mo podemos mejorarlas.<\/p>\n<p>El dise\u00f1o desde siempre ha estado en constante evoluci\u00f3n, y ahora m\u00e1s que nunca. La vida cada d\u00eda es m\u00e1s r\u00e1pida e incluso a veces parece que la tierra gire m\u00e1s r\u00e1pido, de ah\u00ed que sea muy importante estar al d\u00eda con este \u00e1mbito.<\/p>\n","protected":false},"excerpt":{"rendered":"<p>El mundo del dise\u00f1o fue testigo de uno de los mayores cambios de imagen de los \u00faltimos tiempos cuando Mark Zuckerberg lanz\u00f3 el nuevo logotipo de Facebook: un s\u00edmbolo de infinito azul de dos tonos que representa el nuevo nombre de la empresa, Meta. Una de las marcas de restaurantes m\u00e1s grandes de Estados Unidos, [&hellip;]<\/p>\n","protected":false},"author":1,"featured_media":16897,"comment_status":"closed","ping_status":"closed","sticky":false,"template":"","format":"standard","meta":{"_et_pb_use_builder":"","_et_pb_old_content":"","_et_gb_content_width":"","footnotes":""},"categories":[292,249,252],"tags":[],"class_list":["post-16899","post","type-post","status-publish","format-standard","has-post-thumbnail","hentry","category-blog-es-3-es","category-destacados","category-noticias"],"yoast_head":"<!-- This site is optimized with the Yoast SEO plugin v27.4 - https:\/\/yoast.com\/product\/yoast-seo-wordpress\/ -->\n<title>\u00bfCu\u00e1l es el futuro del dise\u00f1o de logotipos? - M\u00e0rketing Reus | Media Needs Reus | Ag\u00e8ncia de publicitat Reus<\/title>\n<meta name=\"robots\" content=\"index, follow, max-snippet:-1, max-image-preview:large, max-video-preview:-1\" \/>\n<link rel=\"canonical\" href=\"https:\/\/medianeeds.es\/es\/cual-es-el-futuro-del-diseno-de-logotipos\/\" \/>\n<meta property=\"og:locale\" content=\"es_ES\" \/>\n<meta property=\"og:type\" content=\"article\" \/>\n<meta property=\"og:title\" content=\"\u00bfCu\u00e1l es el futuro del dise\u00f1o de logotipos? - M\u00e0rketing Reus | Media Needs Reus | Ag\u00e8ncia de publicitat Reus\" \/>\n<meta property=\"og:description\" content=\"El mundo del dise\u00f1o fue testigo de uno de los mayores cambios de imagen de los \u00faltimos tiempos cuando Mark Zuckerberg lanz\u00f3 el nuevo logotipo de Facebook: un s\u00edmbolo de infinito azul de dos tonos que representa el nuevo nombre de la empresa, Meta. Una de las marcas de restaurantes m\u00e1s grandes de Estados Unidos, [&hellip;]\" \/>\n<meta property=\"og:url\" content=\"https:\/\/medianeeds.es\/es\/cual-es-el-futuro-del-diseno-de-logotipos\/\" \/>\n<meta property=\"og:site_name\" content=\"M\u00e0rketing Reus | Media Needs Reus | Ag\u00e8ncia de publicitat Reus\" \/>\n<meta property=\"article:publisher\" content=\"https:\/\/www.facebook.com\/medianeeds.es\/\" \/>\n<meta property=\"article:published_time\" content=\"2022-01-19T10:55:21+00:00\" \/>\n<meta property=\"article:modified_time\" content=\"2022-01-19T11:05:15+00:00\" \/>\n<meta property=\"og:image\" content=\"https:\/\/medianeeds.es\/wp-content\/uploads\/2022\/01\/disseny.jpg\" \/>\n\t<meta property=\"og:image:width\" content=\"400\" \/>\n\t<meta property=\"og:image:height\" content=\"250\" \/>\n\t<meta property=\"og:image:type\" content=\"image\/jpeg\" \/>\n<meta name=\"author\" content=\"Medianeeds\" \/>\n<meta name=\"twitter:label1\" content=\"Escrito por\" \/>\n\t<meta name=\"twitter:data1\" content=\"Medianeeds\" \/>\n\t<meta name=\"twitter:label2\" content=\"Tiempo de lectura\" \/>\n\t<meta name=\"twitter:data2\" content=\"2 minutos\" \/>\n<script type=\"application\/ld+json\" class=\"yoast-schema-graph\">{\"@context\":\"https:\\\/\\\/schema.org\",\"@graph\":[{\"@type\":\"Article\",\"@id\":\"https:\\\/\\\/medianeeds.es\\\/es\\\/cual-es-el-futuro-del-diseno-de-logotipos\\\/#article\",\"isPartOf\":{\"@id\":\"https:\\\/\\\/medianeeds.es\\\/es\\\/cual-es-el-futuro-del-diseno-de-logotipos\\\/\"},\"author\":{\"name\":\"Medianeeds\",\"@id\":\"https:\\\/\\\/medianeeds.es\\\/#\\\/schema\\\/person\\\/6a6f2f17f283df3eeb0946feebd2af79\"},\"headline\":\"\u00bfCu\u00e1l es el futuro del dise\u00f1o de logotipos?\",\"datePublished\":\"2022-01-19T10:55:21+00:00\",\"dateModified\":\"2022-01-19T11:05:15+00:00\",\"mainEntityOfPage\":{\"@id\":\"https:\\\/\\\/medianeeds.es\\\/es\\\/cual-es-el-futuro-del-diseno-de-logotipos\\\/\"},\"wordCount\":466,\"publisher\":{\"@id\":\"https:\\\/\\\/medianeeds.es\\\/#organization\"},\"image\":{\"@id\":\"https:\\\/\\\/medianeeds.es\\\/es\\\/cual-es-el-futuro-del-diseno-de-logotipos\\\/#primaryimage\"},\"thumbnailUrl\":\"https:\\\/\\\/medianeeds.es\\\/wp-content\\\/uploads\\\/2022\\\/01\\\/disseny.jpg\",\"articleSection\":[\"Blog\",\"Destacados\",\"Noticias\"],\"inLanguage\":\"es\"},{\"@type\":\"WebPage\",\"@id\":\"https:\\\/\\\/medianeeds.es\\\/es\\\/cual-es-el-futuro-del-diseno-de-logotipos\\\/\",\"url\":\"https:\\\/\\\/medianeeds.es\\\/es\\\/cual-es-el-futuro-del-diseno-de-logotipos\\\/\",\"name\":\"\u00bfCu\u00e1l es el futuro del dise\u00f1o de logotipos? - M\u00e0rketing Reus | Media Needs Reus | Ag\u00e8ncia de publicitat Reus\",\"isPartOf\":{\"@id\":\"https:\\\/\\\/medianeeds.es\\\/#website\"},\"primaryImageOfPage\":{\"@id\":\"https:\\\/\\\/medianeeds.es\\\/es\\\/cual-es-el-futuro-del-diseno-de-logotipos\\\/#primaryimage\"},\"image\":{\"@id\":\"https:\\\/\\\/medianeeds.es\\\/es\\\/cual-es-el-futuro-del-diseno-de-logotipos\\\/#primaryimage\"},\"thumbnailUrl\":\"https:\\\/\\\/medianeeds.es\\\/wp-content\\\/uploads\\\/2022\\\/01\\\/disseny.jpg\",\"datePublished\":\"2022-01-19T10:55:21+00:00\",\"dateModified\":\"2022-01-19T11:05:15+00:00\",\"breadcrumb\":{\"@id\":\"https:\\\/\\\/medianeeds.es\\\/es\\\/cual-es-el-futuro-del-diseno-de-logotipos\\\/#breadcrumb\"},\"inLanguage\":\"es\",\"potentialAction\":[{\"@type\":\"ReadAction\",\"target\":[\"https:\\\/\\\/medianeeds.es\\\/es\\\/cual-es-el-futuro-del-diseno-de-logotipos\\\/\"]}]},{\"@type\":\"ImageObject\",\"inLanguage\":\"es\",\"@id\":\"https:\\\/\\\/medianeeds.es\\\/es\\\/cual-es-el-futuro-del-diseno-de-logotipos\\\/#primaryimage\",\"url\":\"https:\\\/\\\/medianeeds.es\\\/wp-content\\\/uploads\\\/2022\\\/01\\\/disseny.jpg\",\"contentUrl\":\"https:\\\/\\\/medianeeds.es\\\/wp-content\\\/uploads\\\/2022\\\/01\\\/disseny.jpg\",\"width\":400,\"height\":250},{\"@type\":\"BreadcrumbList\",\"@id\":\"https:\\\/\\\/medianeeds.es\\\/es\\\/cual-es-el-futuro-del-diseno-de-logotipos\\\/#breadcrumb\",\"itemListElement\":[{\"@type\":\"ListItem\",\"position\":1,\"name\":\"Portada\",\"item\":\"https:\\\/\\\/medianeeds.es\\\/\"},{\"@type\":\"ListItem\",\"position\":2,\"name\":\"\u00bfCu\u00e1l es el futuro del dise\u00f1o de logotipos?\"}]},{\"@type\":\"WebSite\",\"@id\":\"https:\\\/\\\/medianeeds.es\\\/#website\",\"url\":\"https:\\\/\\\/medianeeds.es\\\/\",\"name\":\"M\u00e0rketing Reus | Media Needs Reus | Ag\u00e8ncia de publicitat Reus\",\"description\":\"MediaNeeds \u00e9s una empresa especialitzada en serveis integrals de publicitat, m\u00e0rqueting on-line i community manager a Reus, Tarragona\",\"publisher\":{\"@id\":\"https:\\\/\\\/medianeeds.es\\\/#organization\"},\"alternateName\":\"Media Needs\",\"potentialAction\":[{\"@type\":\"SearchAction\",\"target\":{\"@type\":\"EntryPoint\",\"urlTemplate\":\"https:\\\/\\\/medianeeds.es\\\/?s={search_term_string}\"},\"query-input\":{\"@type\":\"PropertyValueSpecification\",\"valueRequired\":true,\"valueName\":\"search_term_string\"}}],\"inLanguage\":\"es\"},{\"@type\":\"Organization\",\"@id\":\"https:\\\/\\\/medianeeds.es\\\/#organization\",\"name\":\"M\u00e0rketing Reus | Media Needs Reus | Ag\u00e8ncia de publicitat Reus\",\"alternateName\":\"Media Needs\",\"url\":\"https:\\\/\\\/medianeeds.es\\\/\",\"logo\":{\"@type\":\"ImageObject\",\"inLanguage\":\"es\",\"@id\":\"https:\\\/\\\/medianeeds.es\\\/#\\\/schema\\\/logo\\\/image\\\/\",\"url\":\"https:\\\/\\\/medianeeds.es\\\/wp-content\\\/uploads\\\/2024\\\/06\\\/COLOR_Mesa-de-trabajo-1-copia.png\",\"contentUrl\":\"https:\\\/\\\/medianeeds.es\\\/wp-content\\\/uploads\\\/2024\\\/06\\\/COLOR_Mesa-de-trabajo-1-copia.png\",\"width\":470,\"height\":226,\"caption\":\"M\u00e0rketing Reus | Media Needs Reus | Ag\u00e8ncia de publicitat Reus\"},\"image\":{\"@id\":\"https:\\\/\\\/medianeeds.es\\\/#\\\/schema\\\/logo\\\/image\\\/\"},\"sameAs\":[\"https:\\\/\\\/www.facebook.com\\\/medianeeds.es\\\/\",\"https:\\\/\\\/x.com\\\/media_needs\",\"https:\\\/\\\/www.instagram.com\\\/medianeeds\\\/?hl=es\"]},{\"@type\":\"Person\",\"@id\":\"https:\\\/\\\/medianeeds.es\\\/#\\\/schema\\\/person\\\/6a6f2f17f283df3eeb0946feebd2af79\",\"name\":\"Medianeeds\",\"image\":{\"@type\":\"ImageObject\",\"inLanguage\":\"es\",\"@id\":\"https:\\\/\\\/secure.gravatar.com\\\/avatar\\\/442251953f111b43a4668103c7b7c09aa35690e525473fb0bb9db0681ee9c0c3?s=96&d=mm&r=g\",\"url\":\"https:\\\/\\\/secure.gravatar.com\\\/avatar\\\/442251953f111b43a4668103c7b7c09aa35690e525473fb0bb9db0681ee9c0c3?s=96&d=mm&r=g\",\"contentUrl\":\"https:\\\/\\\/secure.gravatar.com\\\/avatar\\\/442251953f111b43a4668103c7b7c09aa35690e525473fb0bb9db0681ee9c0c3?s=96&d=mm&r=g\",\"caption\":\"Medianeeds\"},\"url\":\"https:\\\/\\\/medianeeds.es\\\/es\\\/author\\\/medianeeds\\\/\"}]}<\/script>\n<!-- \/ Yoast SEO plugin. -->","yoast_head_json":{"title":"\u00bfCu\u00e1l es el futuro del dise\u00f1o de logotipos? - M\u00e0rketing Reus | Media Needs Reus | Ag\u00e8ncia de publicitat Reus","robots":{"index":"index","follow":"follow","max-snippet":"max-snippet:-1","max-image-preview":"max-image-preview:large","max-video-preview":"max-video-preview:-1"},"canonical":"https:\/\/medianeeds.es\/es\/cual-es-el-futuro-del-diseno-de-logotipos\/","og_locale":"es_ES","og_type":"article","og_title":"\u00bfCu\u00e1l es el futuro del dise\u00f1o de logotipos? - M\u00e0rketing Reus | Media Needs Reus | Ag\u00e8ncia de publicitat Reus","og_description":"El mundo del dise\u00f1o fue testigo de uno de los mayores cambios de imagen de los \u00faltimos tiempos cuando Mark Zuckerberg lanz\u00f3 el nuevo logotipo de Facebook: un s\u00edmbolo de infinito azul de dos tonos que representa el nuevo nombre de la empresa, Meta. Una de las marcas de restaurantes m\u00e1s grandes de Estados Unidos, [&hellip;]","og_url":"https:\/\/medianeeds.es\/es\/cual-es-el-futuro-del-diseno-de-logotipos\/","og_site_name":"M\u00e0rketing Reus | Media Needs Reus | Ag\u00e8ncia de publicitat Reus","article_publisher":"https:\/\/www.facebook.com\/medianeeds.es\/","article_published_time":"2022-01-19T10:55:21+00:00","article_modified_time":"2022-01-19T11:05:15+00:00","og_image":[{"width":400,"height":250,"url":"https:\/\/medianeeds.es\/wp-content\/uploads\/2022\/01\/disseny.jpg","type":"image\/jpeg"}],"author":"Medianeeds","twitter_misc":{"Escrito por":"Medianeeds","Tiempo de lectura":"2 minutos"},"schema":{"@context":"https:\/\/schema.org","@graph":[{"@type":"Article","@id":"https:\/\/medianeeds.es\/es\/cual-es-el-futuro-del-diseno-de-logotipos\/#article","isPartOf":{"@id":"https:\/\/medianeeds.es\/es\/cual-es-el-futuro-del-diseno-de-logotipos\/"},"author":{"name":"Medianeeds","@id":"https:\/\/medianeeds.es\/#\/schema\/person\/6a6f2f17f283df3eeb0946feebd2af79"},"headline":"\u00bfCu\u00e1l es el futuro del dise\u00f1o de logotipos?","datePublished":"2022-01-19T10:55:21+00:00","dateModified":"2022-01-19T11:05:15+00:00","mainEntityOfPage":{"@id":"https:\/\/medianeeds.es\/es\/cual-es-el-futuro-del-diseno-de-logotipos\/"},"wordCount":466,"publisher":{"@id":"https:\/\/medianeeds.es\/#organization"},"image":{"@id":"https:\/\/medianeeds.es\/es\/cual-es-el-futuro-del-diseno-de-logotipos\/#primaryimage"},"thumbnailUrl":"https:\/\/medianeeds.es\/wp-content\/uploads\/2022\/01\/disseny.jpg","articleSection":["Blog","Destacados","Noticias"],"inLanguage":"es"},{"@type":"WebPage","@id":"https:\/\/medianeeds.es\/es\/cual-es-el-futuro-del-diseno-de-logotipos\/","url":"https:\/\/medianeeds.es\/es\/cual-es-el-futuro-del-diseno-de-logotipos\/","name":"\u00bfCu\u00e1l es el futuro del dise\u00f1o de logotipos? - M\u00e0rketing Reus | Media Needs Reus | Ag\u00e8ncia de publicitat Reus","isPartOf":{"@id":"https:\/\/medianeeds.es\/#website"},"primaryImageOfPage":{"@id":"https:\/\/medianeeds.es\/es\/cual-es-el-futuro-del-diseno-de-logotipos\/#primaryimage"},"image":{"@id":"https:\/\/medianeeds.es\/es\/cual-es-el-futuro-del-diseno-de-logotipos\/#primaryimage"},"thumbnailUrl":"https:\/\/medianeeds.es\/wp-content\/uploads\/2022\/01\/disseny.jpg","datePublished":"2022-01-19T10:55:21+00:00","dateModified":"2022-01-19T11:05:15+00:00","breadcrumb":{"@id":"https:\/\/medianeeds.es\/es\/cual-es-el-futuro-del-diseno-de-logotipos\/#breadcrumb"},"inLanguage":"es","potentialAction":[{"@type":"ReadAction","target":["https:\/\/medianeeds.es\/es\/cual-es-el-futuro-del-diseno-de-logotipos\/"]}]},{"@type":"ImageObject","inLanguage":"es","@id":"https:\/\/medianeeds.es\/es\/cual-es-el-futuro-del-diseno-de-logotipos\/#primaryimage","url":"https:\/\/medianeeds.es\/wp-content\/uploads\/2022\/01\/disseny.jpg","contentUrl":"https:\/\/medianeeds.es\/wp-content\/uploads\/2022\/01\/disseny.jpg","width":400,"height":250},{"@type":"BreadcrumbList","@id":"https:\/\/medianeeds.es\/es\/cual-es-el-futuro-del-diseno-de-logotipos\/#breadcrumb","itemListElement":[{"@type":"ListItem","position":1,"name":"Portada","item":"https:\/\/medianeeds.es\/"},{"@type":"ListItem","position":2,"name":"\u00bfCu\u00e1l es el futuro del dise\u00f1o de logotipos?"}]},{"@type":"WebSite","@id":"https:\/\/medianeeds.es\/#website","url":"https:\/\/medianeeds.es\/","name":"M\u00e0rketing Reus | Media Needs Reus | Ag\u00e8ncia de publicitat Reus","description":"MediaNeeds \u00e9s una empresa especialitzada en serveis integrals de publicitat, m\u00e0rqueting on-line i community manager a Reus, Tarragona","publisher":{"@id":"https:\/\/medianeeds.es\/#organization"},"alternateName":"Media Needs","potentialAction":[{"@type":"SearchAction","target":{"@type":"EntryPoint","urlTemplate":"https:\/\/medianeeds.es\/?s={search_term_string}"},"query-input":{"@type":"PropertyValueSpecification","valueRequired":true,"valueName":"search_term_string"}}],"inLanguage":"es"},{"@type":"Organization","@id":"https:\/\/medianeeds.es\/#organization","name":"M\u00e0rketing Reus | Media Needs Reus | Ag\u00e8ncia de publicitat Reus","alternateName":"Media Needs","url":"https:\/\/medianeeds.es\/","logo":{"@type":"ImageObject","inLanguage":"es","@id":"https:\/\/medianeeds.es\/#\/schema\/logo\/image\/","url":"https:\/\/medianeeds.es\/wp-content\/uploads\/2024\/06\/COLOR_Mesa-de-trabajo-1-copia.png","contentUrl":"https:\/\/medianeeds.es\/wp-content\/uploads\/2024\/06\/COLOR_Mesa-de-trabajo-1-copia.png","width":470,"height":226,"caption":"M\u00e0rketing Reus | Media Needs Reus | Ag\u00e8ncia de publicitat Reus"},"image":{"@id":"https:\/\/medianeeds.es\/#\/schema\/logo\/image\/"},"sameAs":["https:\/\/www.facebook.com\/medianeeds.es\/","https:\/\/x.com\/media_needs","https:\/\/www.instagram.com\/medianeeds\/?hl=es"]},{"@type":"Person","@id":"https:\/\/medianeeds.es\/#\/schema\/person\/6a6f2f17f283df3eeb0946feebd2af79","name":"Medianeeds","image":{"@type":"ImageObject","inLanguage":"es","@id":"https:\/\/secure.gravatar.com\/avatar\/442251953f111b43a4668103c7b7c09aa35690e525473fb0bb9db0681ee9c0c3?s=96&d=mm&r=g","url":"https:\/\/secure.gravatar.com\/avatar\/442251953f111b43a4668103c7b7c09aa35690e525473fb0bb9db0681ee9c0c3?s=96&d=mm&r=g","contentUrl":"https:\/\/secure.gravatar.com\/avatar\/442251953f111b43a4668103c7b7c09aa35690e525473fb0bb9db0681ee9c0c3?s=96&d=mm&r=g","caption":"Medianeeds"},"url":"https:\/\/medianeeds.es\/es\/author\/medianeeds\/"}]}},"_links":{"self":[{"href":"https:\/\/medianeeds.es\/es\/wp-json\/wp\/v2\/posts\/16899","targetHints":{"allow":["GET"]}}],"collection":[{"href":"https:\/\/medianeeds.es\/es\/wp-json\/wp\/v2\/posts"}],"about":[{"href":"https:\/\/medianeeds.es\/es\/wp-json\/wp\/v2\/types\/post"}],"author":[{"embeddable":true,"href":"https:\/\/medianeeds.es\/es\/wp-json\/wp\/v2\/users\/1"}],"replies":[{"embeddable":true,"href":"https:\/\/medianeeds.es\/es\/wp-json\/wp\/v2\/comments?post=16899"}],"version-history":[{"count":1,"href":"https:\/\/medianeeds.es\/es\/wp-json\/wp\/v2\/posts\/16899\/revisions"}],"predecessor-version":[{"id":16900,"href":"https:\/\/medianeeds.es\/es\/wp-json\/wp\/v2\/posts\/16899\/revisions\/16900"}],"wp:featuredmedia":[{"embeddable":true,"href":"https:\/\/medianeeds.es\/es\/wp-json\/wp\/v2\/media\/16897"}],"wp:attachment":[{"href":"https:\/\/medianeeds.es\/es\/wp-json\/wp\/v2\/media?parent=16899"}],"wp:term":[{"taxonomy":"category","embeddable":true,"href":"https:\/\/medianeeds.es\/es\/wp-json\/wp\/v2\/categories?post=16899"},{"taxonomy":"post_tag","embeddable":true,"href":"https:\/\/medianeeds.es\/es\/wp-json\/wp\/v2\/tags?post=16899"}],"curies":[{"name":"wp","href":"https:\/\/api.w.org\/{rel}","templated":true}]}}