{"id":16773,"date":"2021-06-14T07:53:00","date_gmt":"2021-06-14T07:53:00","guid":{"rendered":"https:\/\/medianeeds.es\/?p=16773"},"modified":"2021-06-14T07:59:14","modified_gmt":"2021-06-14T07:59:14","slug":"comunicacion-corporativa","status":"publish","type":"post","link":"https:\/\/medianeeds.es\/es\/comunicacion-corporativa\/","title":{"rendered":"La importancia de la comunicaci\u00f3n corporativa"},"content":{"rendered":"<p>La importancia de la comunicaci\u00f3n corporativa en las empresas es crucial, en <a href=\"http:\/\/medianeeds.es\">Media Needs<\/a> os comentamos porqu\u00e9 y que papel juega dentro de nuestra sociedad.<\/p>\n<p>En general, la comunicaci\u00f3n nos permite mantener relaciones de todo tipo con nuestro alrededor, ya sea comunicaci\u00f3n verbal, no verbal, escrita, signos\u2026 Sin esta, no podr\u00edamos desarrollarnos y evolucionar como persona, como ser social.<\/p>\n<h2>Comunicaci\u00f3n corporativa es conexi\u00f3n<\/h2>\n<p>Porque necesitamos la comunicaci\u00f3n para sentirnos en armon\u00eda con el medio en el que vivimos. Lo mismo pasa con las organizaciones y con la comunicaci\u00f3n corporativa. Las organizaciones establecen unos objetivos, unas metas&#8230; pero necesitan que todos sus grupos de inter\u00e9s entiendan esos objetivos, entiendan la historia de la empresa para as\u00ed poder mantener una estrecha relaci\u00f3n.<\/p>\n<p>Una empresa que no utiliza la comunicaci\u00f3n para expresarse, para revelar qui\u00e9n es, d\u00f3nde quiere llegar y a qui\u00e9n es una empresa destinada al fracaso o al olvido. Normalmente confiamos en una empresa porque sabemos a qu\u00e9 se dedica, tenemos informaci\u00f3n suya, tenemos recuerdos de\u00a0esta, recuerdos visuales&#8230; recuerdos de momentos &#8230;\u00a0Y\u00a0eso es lo que no hace confiar y elegir una organizaci\u00f3n.<\/p>\n<h3>Contar la historia de la empresa en todas sus dimensiones<\/h3>\n<p>La comunicaci\u00f3n corporativa se encarga de esto, de contar la historia de la empresa en todas sus dimensiones. Se encarga de expresar de la manera adecuada los mensajes que la empresa quiere hacer llegar a sus diferentes grupos de inter\u00e9s. Se encarga de dise\u00f1ar los distintos tipos de mensaje, de formar una identidad, un ADN, la comunicaci\u00f3n de una empresa es por as\u00ed decirlo su personalidad, su manera de hacer, de pensar, sus valores\u2026\u00bfy sin esto? \u00bfQu\u00e9 ser\u00eda una organizaci\u00f3n? Desde\u00a0nuestro punto de vista, ser\u00eda solo un mensaje que se queda en el olvido o que ni siquiera se olvida porque nunca ha llegado.<\/p>\n<p>Para terminar esta conclusi\u00f3n queremos a\u00f1adir la siguiente reflexi\u00f3n \u00bfQu\u00e9 es lo que hace a una empresa ser clara, concisa, correcta, cre\u00edble, responsable\u2026? \u00bfC\u00f3mo sabemos los consumidores que una empresa es de estas caracter\u00edsticas? Nuestra respuesta es gracias a la comunicaci\u00f3n corporativa.<\/p>\n","protected":false},"excerpt":{"rendered":"<p>La importancia de la comunicaci\u00f3n corporativa en las empresas es crucial, en Media Needs os comentamos porqu\u00e9 y que papel juega dentro de nuestra sociedad. En general, la comunicaci\u00f3n nos permite mantener relaciones de todo tipo con nuestro alrededor, ya sea comunicaci\u00f3n verbal, no verbal, escrita, signos\u2026 Sin esta, no podr\u00edamos desarrollarnos y evolucionar como [&hellip;]<\/p>\n","protected":false},"author":1,"featured_media":16774,"comment_status":"closed","ping_status":"closed","sticky":false,"template":"","format":"standard","meta":{"_et_pb_use_builder":"","_et_pb_old_content":"","_et_gb_content_width":"","footnotes":""},"categories":[252,21],"tags":[],"class_list":["post-16773","post","type-post","status-publish","format-standard","has-post-thumbnail","hentry","category-noticias","category-sin-categorizar"],"yoast_head":"<!-- This site is optimized with the Yoast SEO plugin v27.4 - https:\/\/yoast.com\/product\/yoast-seo-wordpress\/ -->\n<title>La importancia de la comunicaci\u00f3n corporativa - M\u00e0rketing Reus | Media Needs Reus | Ag\u00e8ncia de publicitat Reus<\/title>\n<meta name=\"description\" content=\"La importancia de la comunicaci\u00f3n corporativa en las empresas es crucial, os comentamos porqu\u00e9 y que papel juega dentro de nuestra sociedad.\u00a0\" \/>\n<meta name=\"robots\" content=\"index, follow, max-snippet:-1, max-image-preview:large, max-video-preview:-1\" \/>\n<link rel=\"canonical\" href=\"https:\/\/medianeeds.es\/es\/comunicacion-corporativa\/\" \/>\n<meta property=\"og:locale\" content=\"es_ES\" \/>\n<meta property=\"og:type\" content=\"article\" \/>\n<meta property=\"og:title\" content=\"La importancia de la comunicaci\u00f3n corporativa - M\u00e0rketing Reus | Media Needs Reus | Ag\u00e8ncia de publicitat Reus\" \/>\n<meta property=\"og:description\" content=\"La importancia de la comunicaci\u00f3n corporativa en las empresas es crucial, os comentamos porqu\u00e9 y que papel juega dentro de nuestra sociedad.\u00a0\" \/>\n<meta property=\"og:url\" content=\"https:\/\/medianeeds.es\/es\/comunicacion-corporativa\/\" \/>\n<meta property=\"og:site_name\" content=\"M\u00e0rketing Reus | Media Needs Reus | Ag\u00e8ncia de publicitat Reus\" \/>\n<meta property=\"article:publisher\" content=\"https:\/\/www.facebook.com\/medianeeds.es\/\" \/>\n<meta property=\"article:published_time\" content=\"2021-06-14T07:53:00+00:00\" \/>\n<meta property=\"article:modified_time\" content=\"2021-06-14T07:59:14+00:00\" \/>\n<meta property=\"og:image\" content=\"https:\/\/medianeeds.es\/wp-content\/uploads\/2021\/06\/b1.jpg\" \/>\n\t<meta property=\"og:image:width\" content=\"400\" \/>\n\t<meta property=\"og:image:height\" content=\"250\" \/>\n\t<meta property=\"og:image:type\" content=\"image\/jpeg\" \/>\n<meta name=\"author\" content=\"Medianeeds\" \/>\n<meta name=\"twitter:label1\" content=\"Escrito por\" \/>\n\t<meta name=\"twitter:data1\" content=\"Medianeeds\" \/>\n\t<meta name=\"twitter:label2\" content=\"Tiempo de lectura\" \/>\n\t<meta name=\"twitter:data2\" content=\"2 minutos\" \/>\n<script type=\"application\/ld+json\" class=\"yoast-schema-graph\">{\"@context\":\"https:\\\/\\\/schema.org\",\"@graph\":[{\"@type\":\"Article\",\"@id\":\"https:\\\/\\\/medianeeds.es\\\/es\\\/comunicacion-corporativa\\\/#article\",\"isPartOf\":{\"@id\":\"https:\\\/\\\/medianeeds.es\\\/es\\\/comunicacion-corporativa\\\/\"},\"author\":{\"name\":\"Medianeeds\",\"@id\":\"https:\\\/\\\/medianeeds.es\\\/#\\\/schema\\\/person\\\/6a6f2f17f283df3eeb0946feebd2af79\"},\"headline\":\"La importancia de la comunicaci\u00f3n corporativa\",\"datePublished\":\"2021-06-14T07:53:00+00:00\",\"dateModified\":\"2021-06-14T07:59:14+00:00\",\"mainEntityOfPage\":{\"@id\":\"https:\\\/\\\/medianeeds.es\\\/es\\\/comunicacion-corporativa\\\/\"},\"wordCount\":379,\"publisher\":{\"@id\":\"https:\\\/\\\/medianeeds.es\\\/#organization\"},\"image\":{\"@id\":\"https:\\\/\\\/medianeeds.es\\\/es\\\/comunicacion-corporativa\\\/#primaryimage\"},\"thumbnailUrl\":\"https:\\\/\\\/medianeeds.es\\\/wp-content\\\/uploads\\\/2021\\\/06\\\/b1.jpg\",\"articleSection\":[\"Noticias\",\"Sin categorizar\"],\"inLanguage\":\"es\"},{\"@type\":\"WebPage\",\"@id\":\"https:\\\/\\\/medianeeds.es\\\/es\\\/comunicacion-corporativa\\\/\",\"url\":\"https:\\\/\\\/medianeeds.es\\\/es\\\/comunicacion-corporativa\\\/\",\"name\":\"La importancia de la comunicaci\u00f3n corporativa - M\u00e0rketing Reus | Media Needs Reus | Ag\u00e8ncia de publicitat Reus\",\"isPartOf\":{\"@id\":\"https:\\\/\\\/medianeeds.es\\\/#website\"},\"primaryImageOfPage\":{\"@id\":\"https:\\\/\\\/medianeeds.es\\\/es\\\/comunicacion-corporativa\\\/#primaryimage\"},\"image\":{\"@id\":\"https:\\\/\\\/medianeeds.es\\\/es\\\/comunicacion-corporativa\\\/#primaryimage\"},\"thumbnailUrl\":\"https:\\\/\\\/medianeeds.es\\\/wp-content\\\/uploads\\\/2021\\\/06\\\/b1.jpg\",\"datePublished\":\"2021-06-14T07:53:00+00:00\",\"dateModified\":\"2021-06-14T07:59:14+00:00\",\"description\":\"La importancia de la comunicaci\u00f3n corporativa en las empresas es crucial, os comentamos porqu\u00e9 y que papel juega dentro de nuestra sociedad.\u00a0\",\"breadcrumb\":{\"@id\":\"https:\\\/\\\/medianeeds.es\\\/es\\\/comunicacion-corporativa\\\/#breadcrumb\"},\"inLanguage\":\"es\",\"potentialAction\":[{\"@type\":\"ReadAction\",\"target\":[\"https:\\\/\\\/medianeeds.es\\\/es\\\/comunicacion-corporativa\\\/\"]}]},{\"@type\":\"ImageObject\",\"inLanguage\":\"es\",\"@id\":\"https:\\\/\\\/medianeeds.es\\\/es\\\/comunicacion-corporativa\\\/#primaryimage\",\"url\":\"https:\\\/\\\/medianeeds.es\\\/wp-content\\\/uploads\\\/2021\\\/06\\\/b1.jpg\",\"contentUrl\":\"https:\\\/\\\/medianeeds.es\\\/wp-content\\\/uploads\\\/2021\\\/06\\\/b1.jpg\",\"width\":400,\"height\":250,\"caption\":\"Comunicaci\u00f3n Corporativa\"},{\"@type\":\"BreadcrumbList\",\"@id\":\"https:\\\/\\\/medianeeds.es\\\/es\\\/comunicacion-corporativa\\\/#breadcrumb\",\"itemListElement\":[{\"@type\":\"ListItem\",\"position\":1,\"name\":\"Portada\",\"item\":\"https:\\\/\\\/medianeeds.es\\\/\"},{\"@type\":\"ListItem\",\"position\":2,\"name\":\"La importancia de la comunicaci\u00f3n corporativa\"}]},{\"@type\":\"WebSite\",\"@id\":\"https:\\\/\\\/medianeeds.es\\\/#website\",\"url\":\"https:\\\/\\\/medianeeds.es\\\/\",\"name\":\"M\u00e0rketing Reus | Media Needs Reus | Ag\u00e8ncia de publicitat Reus\",\"description\":\"MediaNeeds \u00e9s una empresa especialitzada en serveis integrals de publicitat, m\u00e0rqueting on-line i community manager a Reus, Tarragona\",\"publisher\":{\"@id\":\"https:\\\/\\\/medianeeds.es\\\/#organization\"},\"alternateName\":\"Media Needs\",\"potentialAction\":[{\"@type\":\"SearchAction\",\"target\":{\"@type\":\"EntryPoint\",\"urlTemplate\":\"https:\\\/\\\/medianeeds.es\\\/?s={search_term_string}\"},\"query-input\":{\"@type\":\"PropertyValueSpecification\",\"valueRequired\":true,\"valueName\":\"search_term_string\"}}],\"inLanguage\":\"es\"},{\"@type\":\"Organization\",\"@id\":\"https:\\\/\\\/medianeeds.es\\\/#organization\",\"name\":\"M\u00e0rketing Reus | Media Needs Reus | Ag\u00e8ncia de publicitat Reus\",\"alternateName\":\"Media Needs\",\"url\":\"https:\\\/\\\/medianeeds.es\\\/\",\"logo\":{\"@type\":\"ImageObject\",\"inLanguage\":\"es\",\"@id\":\"https:\\\/\\\/medianeeds.es\\\/#\\\/schema\\\/logo\\\/image\\\/\",\"url\":\"https:\\\/\\\/medianeeds.es\\\/wp-content\\\/uploads\\\/2024\\\/06\\\/COLOR_Mesa-de-trabajo-1-copia.png\",\"contentUrl\":\"https:\\\/\\\/medianeeds.es\\\/wp-content\\\/uploads\\\/2024\\\/06\\\/COLOR_Mesa-de-trabajo-1-copia.png\",\"width\":470,\"height\":226,\"caption\":\"M\u00e0rketing Reus | Media Needs Reus | Ag\u00e8ncia de publicitat Reus\"},\"image\":{\"@id\":\"https:\\\/\\\/medianeeds.es\\\/#\\\/schema\\\/logo\\\/image\\\/\"},\"sameAs\":[\"https:\\\/\\\/www.facebook.com\\\/medianeeds.es\\\/\",\"https:\\\/\\\/x.com\\\/media_needs\",\"https:\\\/\\\/www.instagram.com\\\/medianeeds\\\/?hl=es\"]},{\"@type\":\"Person\",\"@id\":\"https:\\\/\\\/medianeeds.es\\\/#\\\/schema\\\/person\\\/6a6f2f17f283df3eeb0946feebd2af79\",\"name\":\"Medianeeds\",\"image\":{\"@type\":\"ImageObject\",\"inLanguage\":\"es\",\"@id\":\"https:\\\/\\\/secure.gravatar.com\\\/avatar\\\/442251953f111b43a4668103c7b7c09aa35690e525473fb0bb9db0681ee9c0c3?s=96&d=mm&r=g\",\"url\":\"https:\\\/\\\/secure.gravatar.com\\\/avatar\\\/442251953f111b43a4668103c7b7c09aa35690e525473fb0bb9db0681ee9c0c3?s=96&d=mm&r=g\",\"contentUrl\":\"https:\\\/\\\/secure.gravatar.com\\\/avatar\\\/442251953f111b43a4668103c7b7c09aa35690e525473fb0bb9db0681ee9c0c3?s=96&d=mm&r=g\",\"caption\":\"Medianeeds\"},\"url\":\"https:\\\/\\\/medianeeds.es\\\/es\\\/author\\\/medianeeds\\\/\"}]}<\/script>\n<!-- \/ Yoast SEO plugin. -->","yoast_head_json":{"title":"La importancia de la comunicaci\u00f3n corporativa - M\u00e0rketing Reus | Media Needs Reus | Ag\u00e8ncia de publicitat Reus","description":"La importancia de la comunicaci\u00f3n corporativa en las empresas es crucial, os comentamos porqu\u00e9 y que papel juega dentro de nuestra sociedad.\u00a0","robots":{"index":"index","follow":"follow","max-snippet":"max-snippet:-1","max-image-preview":"max-image-preview:large","max-video-preview":"max-video-preview:-1"},"canonical":"https:\/\/medianeeds.es\/es\/comunicacion-corporativa\/","og_locale":"es_ES","og_type":"article","og_title":"La importancia de la comunicaci\u00f3n corporativa - M\u00e0rketing Reus | Media Needs Reus | Ag\u00e8ncia de publicitat Reus","og_description":"La importancia de la comunicaci\u00f3n corporativa en las empresas es crucial, os comentamos porqu\u00e9 y que papel juega dentro de nuestra sociedad.\u00a0","og_url":"https:\/\/medianeeds.es\/es\/comunicacion-corporativa\/","og_site_name":"M\u00e0rketing Reus | Media Needs Reus | Ag\u00e8ncia de publicitat Reus","article_publisher":"https:\/\/www.facebook.com\/medianeeds.es\/","article_published_time":"2021-06-14T07:53:00+00:00","article_modified_time":"2021-06-14T07:59:14+00:00","og_image":[{"width":400,"height":250,"url":"https:\/\/medianeeds.es\/wp-content\/uploads\/2021\/06\/b1.jpg","type":"image\/jpeg"}],"author":"Medianeeds","twitter_misc":{"Escrito por":"Medianeeds","Tiempo de lectura":"2 minutos"},"schema":{"@context":"https:\/\/schema.org","@graph":[{"@type":"Article","@id":"https:\/\/medianeeds.es\/es\/comunicacion-corporativa\/#article","isPartOf":{"@id":"https:\/\/medianeeds.es\/es\/comunicacion-corporativa\/"},"author":{"name":"Medianeeds","@id":"https:\/\/medianeeds.es\/#\/schema\/person\/6a6f2f17f283df3eeb0946feebd2af79"},"headline":"La importancia de la comunicaci\u00f3n corporativa","datePublished":"2021-06-14T07:53:00+00:00","dateModified":"2021-06-14T07:59:14+00:00","mainEntityOfPage":{"@id":"https:\/\/medianeeds.es\/es\/comunicacion-corporativa\/"},"wordCount":379,"publisher":{"@id":"https:\/\/medianeeds.es\/#organization"},"image":{"@id":"https:\/\/medianeeds.es\/es\/comunicacion-corporativa\/#primaryimage"},"thumbnailUrl":"https:\/\/medianeeds.es\/wp-content\/uploads\/2021\/06\/b1.jpg","articleSection":["Noticias","Sin categorizar"],"inLanguage":"es"},{"@type":"WebPage","@id":"https:\/\/medianeeds.es\/es\/comunicacion-corporativa\/","url":"https:\/\/medianeeds.es\/es\/comunicacion-corporativa\/","name":"La importancia de la comunicaci\u00f3n corporativa - M\u00e0rketing Reus | Media Needs Reus | Ag\u00e8ncia de publicitat Reus","isPartOf":{"@id":"https:\/\/medianeeds.es\/#website"},"primaryImageOfPage":{"@id":"https:\/\/medianeeds.es\/es\/comunicacion-corporativa\/#primaryimage"},"image":{"@id":"https:\/\/medianeeds.es\/es\/comunicacion-corporativa\/#primaryimage"},"thumbnailUrl":"https:\/\/medianeeds.es\/wp-content\/uploads\/2021\/06\/b1.jpg","datePublished":"2021-06-14T07:53:00+00:00","dateModified":"2021-06-14T07:59:14+00:00","description":"La importancia de la comunicaci\u00f3n corporativa en las empresas es crucial, os comentamos porqu\u00e9 y que papel juega dentro de nuestra sociedad.\u00a0","breadcrumb":{"@id":"https:\/\/medianeeds.es\/es\/comunicacion-corporativa\/#breadcrumb"},"inLanguage":"es","potentialAction":[{"@type":"ReadAction","target":["https:\/\/medianeeds.es\/es\/comunicacion-corporativa\/"]}]},{"@type":"ImageObject","inLanguage":"es","@id":"https:\/\/medianeeds.es\/es\/comunicacion-corporativa\/#primaryimage","url":"https:\/\/medianeeds.es\/wp-content\/uploads\/2021\/06\/b1.jpg","contentUrl":"https:\/\/medianeeds.es\/wp-content\/uploads\/2021\/06\/b1.jpg","width":400,"height":250,"caption":"Comunicaci\u00f3n Corporativa"},{"@type":"BreadcrumbList","@id":"https:\/\/medianeeds.es\/es\/comunicacion-corporativa\/#breadcrumb","itemListElement":[{"@type":"ListItem","position":1,"name":"Portada","item":"https:\/\/medianeeds.es\/"},{"@type":"ListItem","position":2,"name":"La importancia de la comunicaci\u00f3n corporativa"}]},{"@type":"WebSite","@id":"https:\/\/medianeeds.es\/#website","url":"https:\/\/medianeeds.es\/","name":"M\u00e0rketing Reus | Media Needs Reus | Ag\u00e8ncia de publicitat Reus","description":"MediaNeeds \u00e9s una empresa especialitzada en serveis integrals de publicitat, m\u00e0rqueting on-line i community manager a Reus, Tarragona","publisher":{"@id":"https:\/\/medianeeds.es\/#organization"},"alternateName":"Media Needs","potentialAction":[{"@type":"SearchAction","target":{"@type":"EntryPoint","urlTemplate":"https:\/\/medianeeds.es\/?s={search_term_string}"},"query-input":{"@type":"PropertyValueSpecification","valueRequired":true,"valueName":"search_term_string"}}],"inLanguage":"es"},{"@type":"Organization","@id":"https:\/\/medianeeds.es\/#organization","name":"M\u00e0rketing Reus | Media Needs Reus | Ag\u00e8ncia de publicitat Reus","alternateName":"Media Needs","url":"https:\/\/medianeeds.es\/","logo":{"@type":"ImageObject","inLanguage":"es","@id":"https:\/\/medianeeds.es\/#\/schema\/logo\/image\/","url":"https:\/\/medianeeds.es\/wp-content\/uploads\/2024\/06\/COLOR_Mesa-de-trabajo-1-copia.png","contentUrl":"https:\/\/medianeeds.es\/wp-content\/uploads\/2024\/06\/COLOR_Mesa-de-trabajo-1-copia.png","width":470,"height":226,"caption":"M\u00e0rketing Reus | Media Needs Reus | Ag\u00e8ncia de publicitat Reus"},"image":{"@id":"https:\/\/medianeeds.es\/#\/schema\/logo\/image\/"},"sameAs":["https:\/\/www.facebook.com\/medianeeds.es\/","https:\/\/x.com\/media_needs","https:\/\/www.instagram.com\/medianeeds\/?hl=es"]},{"@type":"Person","@id":"https:\/\/medianeeds.es\/#\/schema\/person\/6a6f2f17f283df3eeb0946feebd2af79","name":"Medianeeds","image":{"@type":"ImageObject","inLanguage":"es","@id":"https:\/\/secure.gravatar.com\/avatar\/442251953f111b43a4668103c7b7c09aa35690e525473fb0bb9db0681ee9c0c3?s=96&d=mm&r=g","url":"https:\/\/secure.gravatar.com\/avatar\/442251953f111b43a4668103c7b7c09aa35690e525473fb0bb9db0681ee9c0c3?s=96&d=mm&r=g","contentUrl":"https:\/\/secure.gravatar.com\/avatar\/442251953f111b43a4668103c7b7c09aa35690e525473fb0bb9db0681ee9c0c3?s=96&d=mm&r=g","caption":"Medianeeds"},"url":"https:\/\/medianeeds.es\/es\/author\/medianeeds\/"}]}},"_links":{"self":[{"href":"https:\/\/medianeeds.es\/es\/wp-json\/wp\/v2\/posts\/16773","targetHints":{"allow":["GET"]}}],"collection":[{"href":"https:\/\/medianeeds.es\/es\/wp-json\/wp\/v2\/posts"}],"about":[{"href":"https:\/\/medianeeds.es\/es\/wp-json\/wp\/v2\/types\/post"}],"author":[{"embeddable":true,"href":"https:\/\/medianeeds.es\/es\/wp-json\/wp\/v2\/users\/1"}],"replies":[{"embeddable":true,"href":"https:\/\/medianeeds.es\/es\/wp-json\/wp\/v2\/comments?post=16773"}],"version-history":[{"count":1,"href":"https:\/\/medianeeds.es\/es\/wp-json\/wp\/v2\/posts\/16773\/revisions"}],"predecessor-version":[{"id":16776,"href":"https:\/\/medianeeds.es\/es\/wp-json\/wp\/v2\/posts\/16773\/revisions\/16776"}],"wp:featuredmedia":[{"embeddable":true,"href":"https:\/\/medianeeds.es\/es\/wp-json\/wp\/v2\/media\/16774"}],"wp:attachment":[{"href":"https:\/\/medianeeds.es\/es\/wp-json\/wp\/v2\/media?parent=16773"}],"wp:term":[{"taxonomy":"category","embeddable":true,"href":"https:\/\/medianeeds.es\/es\/wp-json\/wp\/v2\/categories?post=16773"},{"taxonomy":"post_tag","embeddable":true,"href":"https:\/\/medianeeds.es\/es\/wp-json\/wp\/v2\/tags?post=16773"}],"curies":[{"name":"wp","href":"https:\/\/api.w.org\/{rel}","templated":true}]}}