{"id":16758,"date":"2021-05-25T07:49:21","date_gmt":"2021-05-25T07:49:21","guid":{"rendered":"https:\/\/medianeeds.es\/e-commerce\/"},"modified":"2021-06-04T08:14:11","modified_gmt":"2021-06-04T08:14:11","slug":"e-commerce","status":"publish","type":"post","link":"https:\/\/medianeeds.es\/es\/e-commerce\/","title":{"rendered":"E-commerce"},"content":{"rendered":"<p>El concepto \u00abe-commerce\u00bb\u00a0est\u00e1 al orden del d\u00eda.<\/p>\n<p>Supone una tendencia que apunta a una continuidad y proyecci\u00f3n ascendente en un futuro pr\u00f3ximo, \u00bfpero ten\u00e9is claro que es el e-commerce?<\/p>\n<p>Hoy en <a href=\"https:\/\/medianeeds.es\/\">Media Needs<\/a> venimos a hablaros de este concepto y que supone para el marketing y las empresas tener que adaptarse a esta nueva puerta de negocio, \u00a1estad atentos\/as!<\/p>\n<p>Si empezamos por la definici\u00f3n y a largos rasgos, el concepto e-commerce\u00a0consistir\u00eda en la compraventa de productos y servicios mediante internet.<\/p>\n<p>Es importante no confundir el concepto con e-bussines, puesto que en el caso de la e-commerce\u00a0se trata de una transacci\u00f3n de bienes y servicios entre compradores y vendedores, mientras que el e-bussines\u00a0hace referencia a todo el proceso completo que se tiene que llevar a cabo para gestionar un negocio en l\u00ednea.<\/p>\n<p>Podr\u00edamos decir que la e-commerce se encuentra dentro de la e-bussines como una rama, de entre las que tambi\u00e9n podemos encontrar conceptos como:<\/p>\n<p>Inbound\u00a0marketing.<br \/>\nPromociones de abanicas.<br \/>\nGesti\u00f3n del\u00a0stock.<br \/>\nSEO.<br \/>\nEmail marketing.<\/p>\n<p>Volviendo a la e-commerce\u00a0podemos hacer 2 clasificaciones en funci\u00f3n del perfil comercial y el modelo de negocio.<\/p>\n<h3>Seg\u00fan el perfil comercial:<\/h3>\n<p>B2B (Business-tono-*Business): emprendidas los clientes finales de las cuales son otras empresas u organizaciones.<\/p>\n<p>B2C (Business-tono-*Consumer): empresas que venden de manera directa a los consumidores finales del producto o servicio.<\/p>\n<p>C2B (Consumer-tono-*Business): portales en los cuales los consumidores publican un producto o servicio y las empresas licitan por ellos.<\/p>\n<p>C2C (Consumer-tono-*Consumer): empresa que facilita la venta de productos de unos consumidores a otros.<\/p>\n<h3>Seg\u00fan el modelo de negocio:<\/h3>\n<p>Tienda en l\u00ednea con productos propios. Ser\u00eda el mismo que entender\u00edamos como \u00abtienda f\u00edsica\u00bb pero en formato en l\u00ednea.<\/p>\n<p>Dropshipping: Ser\u00eda a similar al anterior, pero con la diferencia que el producto no lo distribuye \u00abqui\u00e9n lo vende\u00bb, sino que la distribuci\u00f3n va por anticipado de un 3.\u00ba<\/p>\n<p>E-commerce de afiliaci\u00f3n: En este caso, la venta se cierra a trav\u00e9s de una plataforma externa que comisiona por cada venta.<\/p>\n<p>Membres\u00eda: Se caracteriza para ofrecer compras recurrentes a trav\u00e9s de suscripciones semanales, mensuales&#8230;<\/p>\n<p>Marketplace: uno marketplace es una tienda de tiendas. Es una web donde diferentes vendedores ofrecen sus productos de una o varias tem\u00e1ticas.<\/p>\n<p>Servicios: Como bien referencia su nombre, se trata de un comercio electr\u00f3nico que en vez de vender art\u00edculos vende servicios, formaciones, consultor\u00edas, mentories, etc.<\/p>\n<p>Ahora que tenemos m\u00e1s claro en que consiste la e-commerce, hay que decir que si hoy en d\u00eda est\u00e1 al alza porque tiene multitud de ventajas, puesto que es una forma de abaratar costes (local, suministros, mobiliario&#8230;) hay alcanzar m\u00e1s clientes, sobre todo a ra\u00edz de la pandemia, ya que la mayor\u00eda de gente apuesta por la compra en on-line, adem\u00e1s que no requiere de horarios, puesto que al ser digitalmente, es accesible para cualquiera en cualquier momento.<\/p>\n<p>\u00bfQu\u00e9 pens\u00e1is, ten\u00e9is ganas de emprender con una tienda e-commerce?<\/p>\n","protected":false},"excerpt":{"rendered":"<p>El concepto \u00abe-commerce\u00bb\u00a0est\u00e1 al orden del d\u00eda. Supone una tendencia que apunta a una continuidad y proyecci\u00f3n ascendente en un futuro pr\u00f3ximo, \u00bfpero ten\u00e9is claro que es el e-commerce? Hoy en Media Needs venimos a hablaros de este concepto y que supone para el marketing y las empresas tener que adaptarse a esta nueva puerta [&hellip;]<\/p>\n","protected":false},"author":1,"featured_media":16756,"comment_status":"closed","ping_status":"closed","sticky":false,"template":"","format":"standard","meta":{"_et_pb_use_builder":"","_et_pb_old_content":"","_et_gb_content_width":"","footnotes":""},"categories":[188,292,291,252,23],"tags":[],"class_list":["post-16758","post","type-post","status-publish","format-standard","has-post-thumbnail","hentry","category-blog-es-4","category-blog-es-3-es","category-destacats-es","category-noticias","category-noticies-es"],"yoast_head":"<!-- This site is optimized with the Yoast SEO plugin v27.4 - https:\/\/yoast.com\/product\/yoast-seo-wordpress\/ -->\n<title>E-commerce - Not\u00edcies - M\u00e0rqueting - Comunicaci\u00f3<\/title>\n<meta name=\"description\" content=\"El concepte &quot;e-commerce&quot; est\u00e0 a l&#039;ordre del dia i suposa una tend\u00e8ncia que apunta a una continu\u00eftat i projecci\u00f3 ascendent en un futur pr\u00f2xim.\" \/>\n<meta name=\"robots\" content=\"index, follow, max-snippet:-1, max-image-preview:large, max-video-preview:-1\" \/>\n<link rel=\"canonical\" href=\"https:\/\/medianeeds.es\/es\/e-commerce\/\" \/>\n<meta property=\"og:locale\" content=\"es_ES\" \/>\n<meta property=\"og:type\" content=\"article\" \/>\n<meta property=\"og:title\" content=\"E-commerce - Not\u00edcies - M\u00e0rqueting - Comunicaci\u00f3\" \/>\n<meta property=\"og:description\" content=\"El concepte &quot;e-commerce&quot; est\u00e0 a l&#039;ordre del dia i suposa una tend\u00e8ncia que apunta a una continu\u00eftat i projecci\u00f3 ascendent en un futur pr\u00f2xim.\" \/>\n<meta property=\"og:url\" content=\"https:\/\/medianeeds.es\/es\/e-commerce\/\" \/>\n<meta property=\"og:site_name\" content=\"M\u00e0rketing Reus | Media Needs Reus | Ag\u00e8ncia de publicitat Reus\" \/>\n<meta property=\"article:publisher\" content=\"https:\/\/www.facebook.com\/medianeeds.es\/\" \/>\n<meta property=\"article:published_time\" content=\"2021-05-25T07:49:21+00:00\" \/>\n<meta property=\"article:modified_time\" content=\"2021-06-04T08:14:11+00:00\" \/>\n<meta property=\"og:image\" content=\"https:\/\/medianeeds.es\/wp-content\/uploads\/2021\/06\/plantilla1.jpg\" \/>\n\t<meta property=\"og:image:width\" content=\"400\" \/>\n\t<meta property=\"og:image:height\" content=\"250\" \/>\n\t<meta property=\"og:image:type\" content=\"image\/jpeg\" \/>\n<meta name=\"author\" content=\"Medianeeds\" \/>\n<meta name=\"twitter:label1\" content=\"Escrito por\" \/>\n\t<meta name=\"twitter:data1\" content=\"Medianeeds\" \/>\n\t<meta name=\"twitter:label2\" content=\"Tiempo de lectura\" \/>\n\t<meta name=\"twitter:data2\" content=\"3 minutos\" \/>\n<script type=\"application\/ld+json\" class=\"yoast-schema-graph\">{\"@context\":\"https:\\\/\\\/schema.org\",\"@graph\":[{\"@type\":\"Article\",\"@id\":\"https:\\\/\\\/medianeeds.es\\\/es\\\/e-commerce\\\/#article\",\"isPartOf\":{\"@id\":\"https:\\\/\\\/medianeeds.es\\\/es\\\/e-commerce\\\/\"},\"author\":{\"name\":\"Medianeeds\",\"@id\":\"https:\\\/\\\/medianeeds.es\\\/#\\\/schema\\\/person\\\/6a6f2f17f283df3eeb0946feebd2af79\"},\"headline\":\"E-commerce\",\"datePublished\":\"2021-05-25T07:49:21+00:00\",\"dateModified\":\"2021-06-04T08:14:11+00:00\",\"mainEntityOfPage\":{\"@id\":\"https:\\\/\\\/medianeeds.es\\\/es\\\/e-commerce\\\/\"},\"wordCount\":521,\"publisher\":{\"@id\":\"https:\\\/\\\/medianeeds.es\\\/#organization\"},\"image\":{\"@id\":\"https:\\\/\\\/medianeeds.es\\\/es\\\/e-commerce\\\/#primaryimage\"},\"thumbnailUrl\":\"https:\\\/\\\/medianeeds.es\\\/wp-content\\\/uploads\\\/2021\\\/06\\\/plantilla1.jpg\",\"articleSection\":[\"Blog\",\"Blog\",\"Destacats\",\"Noticias\",\"Not\u00edcies\"],\"inLanguage\":\"es\"},{\"@type\":\"WebPage\",\"@id\":\"https:\\\/\\\/medianeeds.es\\\/es\\\/e-commerce\\\/\",\"url\":\"https:\\\/\\\/medianeeds.es\\\/es\\\/e-commerce\\\/\",\"name\":\"E-commerce - Not\u00edcies - M\u00e0rqueting - Comunicaci\u00f3\",\"isPartOf\":{\"@id\":\"https:\\\/\\\/medianeeds.es\\\/#website\"},\"primaryImageOfPage\":{\"@id\":\"https:\\\/\\\/medianeeds.es\\\/es\\\/e-commerce\\\/#primaryimage\"},\"image\":{\"@id\":\"https:\\\/\\\/medianeeds.es\\\/es\\\/e-commerce\\\/#primaryimage\"},\"thumbnailUrl\":\"https:\\\/\\\/medianeeds.es\\\/wp-content\\\/uploads\\\/2021\\\/06\\\/plantilla1.jpg\",\"datePublished\":\"2021-05-25T07:49:21+00:00\",\"dateModified\":\"2021-06-04T08:14:11+00:00\",\"description\":\"El concepte \\\"e-commerce\\\" est\u00e0 a l'ordre del dia i suposa una tend\u00e8ncia que apunta a una continu\u00eftat i projecci\u00f3 ascendent en un futur pr\u00f2xim.\",\"breadcrumb\":{\"@id\":\"https:\\\/\\\/medianeeds.es\\\/es\\\/e-commerce\\\/#breadcrumb\"},\"inLanguage\":\"es\",\"potentialAction\":[{\"@type\":\"ReadAction\",\"target\":[\"https:\\\/\\\/medianeeds.es\\\/es\\\/e-commerce\\\/\"]}]},{\"@type\":\"ImageObject\",\"inLanguage\":\"es\",\"@id\":\"https:\\\/\\\/medianeeds.es\\\/es\\\/e-commerce\\\/#primaryimage\",\"url\":\"https:\\\/\\\/medianeeds.es\\\/wp-content\\\/uploads\\\/2021\\\/06\\\/plantilla1.jpg\",\"contentUrl\":\"https:\\\/\\\/medianeeds.es\\\/wp-content\\\/uploads\\\/2021\\\/06\\\/plantilla1.jpg\",\"width\":400,\"height\":250,\"caption\":\"e-commerce\"},{\"@type\":\"BreadcrumbList\",\"@id\":\"https:\\\/\\\/medianeeds.es\\\/es\\\/e-commerce\\\/#breadcrumb\",\"itemListElement\":[{\"@type\":\"ListItem\",\"position\":1,\"name\":\"Portada\",\"item\":\"https:\\\/\\\/medianeeds.es\\\/\"},{\"@type\":\"ListItem\",\"position\":2,\"name\":\"E-commerce\"}]},{\"@type\":\"WebSite\",\"@id\":\"https:\\\/\\\/medianeeds.es\\\/#website\",\"url\":\"https:\\\/\\\/medianeeds.es\\\/\",\"name\":\"M\u00e0rketing Reus | Media Needs Reus | Ag\u00e8ncia de publicitat Reus\",\"description\":\"MediaNeeds \u00e9s una empresa especialitzada en serveis integrals de publicitat, m\u00e0rqueting on-line i community manager a Reus, Tarragona\",\"publisher\":{\"@id\":\"https:\\\/\\\/medianeeds.es\\\/#organization\"},\"alternateName\":\"Media Needs\",\"potentialAction\":[{\"@type\":\"SearchAction\",\"target\":{\"@type\":\"EntryPoint\",\"urlTemplate\":\"https:\\\/\\\/medianeeds.es\\\/?s={search_term_string}\"},\"query-input\":{\"@type\":\"PropertyValueSpecification\",\"valueRequired\":true,\"valueName\":\"search_term_string\"}}],\"inLanguage\":\"es\"},{\"@type\":\"Organization\",\"@id\":\"https:\\\/\\\/medianeeds.es\\\/#organization\",\"name\":\"M\u00e0rketing Reus | Media Needs Reus | Ag\u00e8ncia de publicitat Reus\",\"alternateName\":\"Media Needs\",\"url\":\"https:\\\/\\\/medianeeds.es\\\/\",\"logo\":{\"@type\":\"ImageObject\",\"inLanguage\":\"es\",\"@id\":\"https:\\\/\\\/medianeeds.es\\\/#\\\/schema\\\/logo\\\/image\\\/\",\"url\":\"https:\\\/\\\/medianeeds.es\\\/wp-content\\\/uploads\\\/2024\\\/06\\\/COLOR_Mesa-de-trabajo-1-copia.png\",\"contentUrl\":\"https:\\\/\\\/medianeeds.es\\\/wp-content\\\/uploads\\\/2024\\\/06\\\/COLOR_Mesa-de-trabajo-1-copia.png\",\"width\":470,\"height\":226,\"caption\":\"M\u00e0rketing Reus | Media Needs Reus | Ag\u00e8ncia de publicitat Reus\"},\"image\":{\"@id\":\"https:\\\/\\\/medianeeds.es\\\/#\\\/schema\\\/logo\\\/image\\\/\"},\"sameAs\":[\"https:\\\/\\\/www.facebook.com\\\/medianeeds.es\\\/\",\"https:\\\/\\\/x.com\\\/media_needs\",\"https:\\\/\\\/www.instagram.com\\\/medianeeds\\\/?hl=es\"]},{\"@type\":\"Person\",\"@id\":\"https:\\\/\\\/medianeeds.es\\\/#\\\/schema\\\/person\\\/6a6f2f17f283df3eeb0946feebd2af79\",\"name\":\"Medianeeds\",\"image\":{\"@type\":\"ImageObject\",\"inLanguage\":\"es\",\"@id\":\"https:\\\/\\\/secure.gravatar.com\\\/avatar\\\/442251953f111b43a4668103c7b7c09aa35690e525473fb0bb9db0681ee9c0c3?s=96&d=mm&r=g\",\"url\":\"https:\\\/\\\/secure.gravatar.com\\\/avatar\\\/442251953f111b43a4668103c7b7c09aa35690e525473fb0bb9db0681ee9c0c3?s=96&d=mm&r=g\",\"contentUrl\":\"https:\\\/\\\/secure.gravatar.com\\\/avatar\\\/442251953f111b43a4668103c7b7c09aa35690e525473fb0bb9db0681ee9c0c3?s=96&d=mm&r=g\",\"caption\":\"Medianeeds\"},\"url\":\"https:\\\/\\\/medianeeds.es\\\/es\\\/author\\\/medianeeds\\\/\"}]}<\/script>\n<!-- \/ Yoast SEO plugin. -->","yoast_head_json":{"title":"E-commerce - Not\u00edcies - M\u00e0rqueting - Comunicaci\u00f3","description":"El concepte \"e-commerce\" est\u00e0 a l'ordre del dia i suposa una tend\u00e8ncia que apunta a una continu\u00eftat i projecci\u00f3 ascendent en un futur pr\u00f2xim.","robots":{"index":"index","follow":"follow","max-snippet":"max-snippet:-1","max-image-preview":"max-image-preview:large","max-video-preview":"max-video-preview:-1"},"canonical":"https:\/\/medianeeds.es\/es\/e-commerce\/","og_locale":"es_ES","og_type":"article","og_title":"E-commerce - Not\u00edcies - M\u00e0rqueting - Comunicaci\u00f3","og_description":"El concepte \"e-commerce\" est\u00e0 a l'ordre del dia i suposa una tend\u00e8ncia que apunta a una continu\u00eftat i projecci\u00f3 ascendent en un futur pr\u00f2xim.","og_url":"https:\/\/medianeeds.es\/es\/e-commerce\/","og_site_name":"M\u00e0rketing Reus | Media Needs Reus | Ag\u00e8ncia de publicitat Reus","article_publisher":"https:\/\/www.facebook.com\/medianeeds.es\/","article_published_time":"2021-05-25T07:49:21+00:00","article_modified_time":"2021-06-04T08:14:11+00:00","og_image":[{"width":400,"height":250,"url":"https:\/\/medianeeds.es\/wp-content\/uploads\/2021\/06\/plantilla1.jpg","type":"image\/jpeg"}],"author":"Medianeeds","twitter_misc":{"Escrito por":"Medianeeds","Tiempo de lectura":"3 minutos"},"schema":{"@context":"https:\/\/schema.org","@graph":[{"@type":"Article","@id":"https:\/\/medianeeds.es\/es\/e-commerce\/#article","isPartOf":{"@id":"https:\/\/medianeeds.es\/es\/e-commerce\/"},"author":{"name":"Medianeeds","@id":"https:\/\/medianeeds.es\/#\/schema\/person\/6a6f2f17f283df3eeb0946feebd2af79"},"headline":"E-commerce","datePublished":"2021-05-25T07:49:21+00:00","dateModified":"2021-06-04T08:14:11+00:00","mainEntityOfPage":{"@id":"https:\/\/medianeeds.es\/es\/e-commerce\/"},"wordCount":521,"publisher":{"@id":"https:\/\/medianeeds.es\/#organization"},"image":{"@id":"https:\/\/medianeeds.es\/es\/e-commerce\/#primaryimage"},"thumbnailUrl":"https:\/\/medianeeds.es\/wp-content\/uploads\/2021\/06\/plantilla1.jpg","articleSection":["Blog","Blog","Destacats","Noticias","Not\u00edcies"],"inLanguage":"es"},{"@type":"WebPage","@id":"https:\/\/medianeeds.es\/es\/e-commerce\/","url":"https:\/\/medianeeds.es\/es\/e-commerce\/","name":"E-commerce - Not\u00edcies - M\u00e0rqueting - Comunicaci\u00f3","isPartOf":{"@id":"https:\/\/medianeeds.es\/#website"},"primaryImageOfPage":{"@id":"https:\/\/medianeeds.es\/es\/e-commerce\/#primaryimage"},"image":{"@id":"https:\/\/medianeeds.es\/es\/e-commerce\/#primaryimage"},"thumbnailUrl":"https:\/\/medianeeds.es\/wp-content\/uploads\/2021\/06\/plantilla1.jpg","datePublished":"2021-05-25T07:49:21+00:00","dateModified":"2021-06-04T08:14:11+00:00","description":"El concepte \"e-commerce\" est\u00e0 a l'ordre del dia i suposa una tend\u00e8ncia que apunta a una continu\u00eftat i projecci\u00f3 ascendent en un futur pr\u00f2xim.","breadcrumb":{"@id":"https:\/\/medianeeds.es\/es\/e-commerce\/#breadcrumb"},"inLanguage":"es","potentialAction":[{"@type":"ReadAction","target":["https:\/\/medianeeds.es\/es\/e-commerce\/"]}]},{"@type":"ImageObject","inLanguage":"es","@id":"https:\/\/medianeeds.es\/es\/e-commerce\/#primaryimage","url":"https:\/\/medianeeds.es\/wp-content\/uploads\/2021\/06\/plantilla1.jpg","contentUrl":"https:\/\/medianeeds.es\/wp-content\/uploads\/2021\/06\/plantilla1.jpg","width":400,"height":250,"caption":"e-commerce"},{"@type":"BreadcrumbList","@id":"https:\/\/medianeeds.es\/es\/e-commerce\/#breadcrumb","itemListElement":[{"@type":"ListItem","position":1,"name":"Portada","item":"https:\/\/medianeeds.es\/"},{"@type":"ListItem","position":2,"name":"E-commerce"}]},{"@type":"WebSite","@id":"https:\/\/medianeeds.es\/#website","url":"https:\/\/medianeeds.es\/","name":"M\u00e0rketing Reus | Media Needs Reus | Ag\u00e8ncia de publicitat Reus","description":"MediaNeeds \u00e9s una empresa especialitzada en serveis integrals de publicitat, m\u00e0rqueting on-line i community manager a Reus, Tarragona","publisher":{"@id":"https:\/\/medianeeds.es\/#organization"},"alternateName":"Media Needs","potentialAction":[{"@type":"SearchAction","target":{"@type":"EntryPoint","urlTemplate":"https:\/\/medianeeds.es\/?s={search_term_string}"},"query-input":{"@type":"PropertyValueSpecification","valueRequired":true,"valueName":"search_term_string"}}],"inLanguage":"es"},{"@type":"Organization","@id":"https:\/\/medianeeds.es\/#organization","name":"M\u00e0rketing Reus | Media Needs Reus | Ag\u00e8ncia de publicitat Reus","alternateName":"Media Needs","url":"https:\/\/medianeeds.es\/","logo":{"@type":"ImageObject","inLanguage":"es","@id":"https:\/\/medianeeds.es\/#\/schema\/logo\/image\/","url":"https:\/\/medianeeds.es\/wp-content\/uploads\/2024\/06\/COLOR_Mesa-de-trabajo-1-copia.png","contentUrl":"https:\/\/medianeeds.es\/wp-content\/uploads\/2024\/06\/COLOR_Mesa-de-trabajo-1-copia.png","width":470,"height":226,"caption":"M\u00e0rketing Reus | Media Needs Reus | Ag\u00e8ncia de publicitat Reus"},"image":{"@id":"https:\/\/medianeeds.es\/#\/schema\/logo\/image\/"},"sameAs":["https:\/\/www.facebook.com\/medianeeds.es\/","https:\/\/x.com\/media_needs","https:\/\/www.instagram.com\/medianeeds\/?hl=es"]},{"@type":"Person","@id":"https:\/\/medianeeds.es\/#\/schema\/person\/6a6f2f17f283df3eeb0946feebd2af79","name":"Medianeeds","image":{"@type":"ImageObject","inLanguage":"es","@id":"https:\/\/secure.gravatar.com\/avatar\/442251953f111b43a4668103c7b7c09aa35690e525473fb0bb9db0681ee9c0c3?s=96&d=mm&r=g","url":"https:\/\/secure.gravatar.com\/avatar\/442251953f111b43a4668103c7b7c09aa35690e525473fb0bb9db0681ee9c0c3?s=96&d=mm&r=g","contentUrl":"https:\/\/secure.gravatar.com\/avatar\/442251953f111b43a4668103c7b7c09aa35690e525473fb0bb9db0681ee9c0c3?s=96&d=mm&r=g","caption":"Medianeeds"},"url":"https:\/\/medianeeds.es\/es\/author\/medianeeds\/"}]}},"_links":{"self":[{"href":"https:\/\/medianeeds.es\/es\/wp-json\/wp\/v2\/posts\/16758","targetHints":{"allow":["GET"]}}],"collection":[{"href":"https:\/\/medianeeds.es\/es\/wp-json\/wp\/v2\/posts"}],"about":[{"href":"https:\/\/medianeeds.es\/es\/wp-json\/wp\/v2\/types\/post"}],"author":[{"embeddable":true,"href":"https:\/\/medianeeds.es\/es\/wp-json\/wp\/v2\/users\/1"}],"replies":[{"embeddable":true,"href":"https:\/\/medianeeds.es\/es\/wp-json\/wp\/v2\/comments?post=16758"}],"version-history":[{"count":3,"href":"https:\/\/medianeeds.es\/es\/wp-json\/wp\/v2\/posts\/16758\/revisions"}],"predecessor-version":[{"id":16764,"href":"https:\/\/medianeeds.es\/es\/wp-json\/wp\/v2\/posts\/16758\/revisions\/16764"}],"wp:featuredmedia":[{"embeddable":true,"href":"https:\/\/medianeeds.es\/es\/wp-json\/wp\/v2\/media\/16756"}],"wp:attachment":[{"href":"https:\/\/medianeeds.es\/es\/wp-json\/wp\/v2\/media?parent=16758"}],"wp:term":[{"taxonomy":"category","embeddable":true,"href":"https:\/\/medianeeds.es\/es\/wp-json\/wp\/v2\/categories?post=16758"},{"taxonomy":"post_tag","embeddable":true,"href":"https:\/\/medianeeds.es\/es\/wp-json\/wp\/v2\/tags?post=16758"}],"curies":[{"name":"wp","href":"https:\/\/api.w.org\/{rel}","templated":true}]}}