{"id":16737,"date":"2021-05-06T07:13:48","date_gmt":"2021-05-06T07:13:48","guid":{"rendered":"https:\/\/medianeeds.es\/colors-linies-formes-i-emocions\/"},"modified":"2021-05-06T07:15:48","modified_gmt":"2021-05-06T07:15:48","slug":"colors-linies-formes-i-emocions","status":"publish","type":"post","link":"https:\/\/medianeeds.es\/es\/colors-linies-formes-i-emocions\/","title":{"rendered":"Colores, l\u00edneas, formas y emociones."},"content":{"rendered":"<p>Colores, l\u00edneas, formas y emociones.<\/p>\n<p>Hoy en Media Needs venimos a hablaros del papel que juegan los colores, las formas y los elementos en nuestra marca, pero tambi\u00e9n en nuestro estado de \u00e1nimo.<\/p>\n<p>Por este motivo, hoy en d\u00eda es tan importando lo que denominamos com\u00fanmente Marketing de las emociones, o Neuromarketing. En este sentido el Marketing trabaja para crear un v\u00ednculo afectivo entre el consumidor y la marca\/producto.<\/p>\n<p>De hecho, se ha demostrado que si consumimos alg\u00fan producto en alg\u00fan momento donde nuestro estado de \u00e1nimo es positivo, nuestra memoria asociar\u00e1 dicho estado de \u00e1nimo con el producto y nos crear\u00e1 un v\u00ednculo de cara a la marca\/producto que nos transporta cada vez que lo vemos a aquel momento positivo.<\/p>\n<h3>La importancia que tienen estos elementos en nuestro estado de \u00e1nimo<\/h3>\n<p>Teniendo en cuenta todo esto, hay que introducir la importancia que tienen los colores, formas o elementos a la hora de mejorar o perjudicar nuestro estado de \u00e1nimo.<\/p>\n<p>Empezamos por los colores, el blanco y el beige por ejemplo, son s\u00edmbolos claros de pureza y simplicidad, ideales para poner en lugares donde se busca la m\u00e1xima concentraci\u00f3n. Al ser colores neutros, no recargan los espacios, y crean un ambiente de calma y relajaci\u00f3n magn\u00edfico.<\/p>\n<p>Si hablamos de las formas y elementos, tenemos que tener en cuenta que a nuestros sentidos les gusta experimentar (vista, tacto, olfato, o\u00eddo, gusto), y a trav\u00e9s de este tipo de inputs recibimos informaci\u00f3n que estimula nuestro cerebro. Los objetos especiales, diferentes, \u00fanicos, crean en nuestro cerebro oxit\u00f3cica, la hormona encargada de producir la felicidad.<\/p>\n<h3>Aplicarlo en tu d\u00eda a d\u00eda<\/h3>\n<p>Y como nosotros somos m\u00e1s de pr\u00e1ctica que de teor\u00eda, decidimos aplicar dichos conceptos a nuestras oficinas y crear un ambiente id\u00f3neo para que en ella se desarrollaran buenas sensaciones.<\/p>\n<p>Aplicamos una l\u00ednea de colores neutra, con tonos blancos y beige, adem\u00e1s de arriesgar con elementos \u00fanicos y exclusivos que hacen que cada vez que entremos por la puerta nos sintamos preparados para darle ca\u00f1a al cerebro.<\/p>\n<h3>Apuesta por productos naturales y \u00fanicos<\/h3>\n<p>Nuestra apuesta en decoraci\u00f3n fue con las l\u00e1mparas <a href=\"http:\/\/roowre.com\">Roowre,<\/a> hechas con productos naturales y ecol\u00f3gicos como el alabastro y el roble que aparte de hacer lucir nuestros despachos, desprenden calma y paz solo con mirarlas. La verdad es que, \u00a1no hay cliente que salga de Media Needs sin preguntar por ellas!<\/p>\n","protected":false},"excerpt":{"rendered":"<p>Colores, l\u00edneas, formas y emociones. Hoy en Media Needs venimos a hablaros del papel que juegan los colores, las formas y los elementos en nuestra marca, pero tambi\u00e9n en nuestro estado de \u00e1nimo. Por este motivo, hoy en d\u00eda es tan importando lo que denominamos com\u00fanmente Marketing de las emociones, o Neuromarketing. En este sentido [&hellip;]<\/p>\n","protected":false},"author":1,"featured_media":16735,"comment_status":"closed","ping_status":"closed","sticky":false,"template":"","format":"standard","meta":{"_et_pb_use_builder":"","_et_pb_old_content":"","_et_gb_content_width":"","footnotes":""},"categories":[292,252],"tags":[],"class_list":["post-16737","post","type-post","status-publish","format-standard","has-post-thumbnail","hentry","category-blog-es-3-es","category-noticias"],"yoast_head":"<!-- This site is optimized with the Yoast SEO plugin v27.4 - https:\/\/yoast.com\/product\/yoast-seo-wordpress\/ -->\n<title>Colores, l\u00edneas, formas y emociones. - Blog - Not\u00edcies - Comunicaci\u00f3<\/title>\n<meta name=\"description\" content=\"Por este motivo, hoy en d\u00eda es tan importando lo que denominamos com\u00fanmente Marketing de las emociones, o Neuromarketing. \u00a1Os lo explicamos!\" \/>\n<meta name=\"robots\" content=\"index, follow, max-snippet:-1, max-image-preview:large, max-video-preview:-1\" \/>\n<link rel=\"canonical\" href=\"https:\/\/medianeeds.es\/es\/colors-linies-formes-i-emocions\/\" \/>\n<meta property=\"og:locale\" content=\"es_ES\" \/>\n<meta property=\"og:type\" content=\"article\" \/>\n<meta property=\"og:title\" content=\"Colores, l\u00edneas, formas y emociones. - Blog - Not\u00edcies - Comunicaci\u00f3\" \/>\n<meta property=\"og:description\" content=\"Por este motivo, hoy en d\u00eda es tan importando lo que denominamos com\u00fanmente Marketing de las emociones, o Neuromarketing. \u00a1Os lo explicamos!\" \/>\n<meta property=\"og:url\" content=\"https:\/\/medianeeds.es\/es\/colors-linies-formes-i-emocions\/\" \/>\n<meta property=\"og:site_name\" content=\"M\u00e0rketing Reus | Media Needs Reus | Ag\u00e8ncia de publicitat Reus\" \/>\n<meta property=\"article:publisher\" content=\"https:\/\/www.facebook.com\/medianeeds.es\/\" \/>\n<meta property=\"article:published_time\" content=\"2021-05-06T07:13:48+00:00\" \/>\n<meta property=\"article:modified_time\" content=\"2021-05-06T07:15:48+00:00\" \/>\n<meta property=\"og:image\" content=\"https:\/\/medianeeds.es\/wp-content\/uploads\/2021\/05\/s-scaled.jpg\" \/>\n\t<meta property=\"og:image:width\" content=\"2560\" \/>\n\t<meta property=\"og:image:height\" content=\"1390\" \/>\n\t<meta property=\"og:image:type\" content=\"image\/jpeg\" \/>\n<meta name=\"author\" content=\"Medianeeds\" \/>\n<meta name=\"twitter:label1\" content=\"Escrito por\" \/>\n\t<meta name=\"twitter:data1\" content=\"Medianeeds\" \/>\n\t<meta name=\"twitter:label2\" content=\"Tiempo de lectura\" \/>\n\t<meta name=\"twitter:data2\" content=\"2 minutos\" \/>\n<script type=\"application\/ld+json\" class=\"yoast-schema-graph\">{\"@context\":\"https:\\\/\\\/schema.org\",\"@graph\":[{\"@type\":\"Article\",\"@id\":\"https:\\\/\\\/medianeeds.es\\\/es\\\/colors-linies-formes-i-emocions\\\/#article\",\"isPartOf\":{\"@id\":\"https:\\\/\\\/medianeeds.es\\\/es\\\/colors-linies-formes-i-emocions\\\/\"},\"author\":{\"name\":\"Medianeeds\",\"@id\":\"https:\\\/\\\/medianeeds.es\\\/#\\\/schema\\\/person\\\/6a6f2f17f283df3eeb0946feebd2af79\"},\"headline\":\"Colores, l\u00edneas, formas y emociones.\",\"datePublished\":\"2021-05-06T07:13:48+00:00\",\"dateModified\":\"2021-05-06T07:15:48+00:00\",\"mainEntityOfPage\":{\"@id\":\"https:\\\/\\\/medianeeds.es\\\/es\\\/colors-linies-formes-i-emocions\\\/\"},\"wordCount\":428,\"publisher\":{\"@id\":\"https:\\\/\\\/medianeeds.es\\\/#organization\"},\"image\":{\"@id\":\"https:\\\/\\\/medianeeds.es\\\/es\\\/colors-linies-formes-i-emocions\\\/#primaryimage\"},\"thumbnailUrl\":\"https:\\\/\\\/medianeeds.es\\\/wp-content\\\/uploads\\\/2021\\\/05\\\/s-scaled.jpg\",\"articleSection\":[\"Blog\",\"Noticias\"],\"inLanguage\":\"es\"},{\"@type\":\"WebPage\",\"@id\":\"https:\\\/\\\/medianeeds.es\\\/es\\\/colors-linies-formes-i-emocions\\\/\",\"url\":\"https:\\\/\\\/medianeeds.es\\\/es\\\/colors-linies-formes-i-emocions\\\/\",\"name\":\"Colores, l\u00edneas, formas y emociones. - Blog - Not\u00edcies - Comunicaci\u00f3\",\"isPartOf\":{\"@id\":\"https:\\\/\\\/medianeeds.es\\\/#website\"},\"primaryImageOfPage\":{\"@id\":\"https:\\\/\\\/medianeeds.es\\\/es\\\/colors-linies-formes-i-emocions\\\/#primaryimage\"},\"image\":{\"@id\":\"https:\\\/\\\/medianeeds.es\\\/es\\\/colors-linies-formes-i-emocions\\\/#primaryimage\"},\"thumbnailUrl\":\"https:\\\/\\\/medianeeds.es\\\/wp-content\\\/uploads\\\/2021\\\/05\\\/s-scaled.jpg\",\"datePublished\":\"2021-05-06T07:13:48+00:00\",\"dateModified\":\"2021-05-06T07:15:48+00:00\",\"description\":\"Por este motivo, hoy en d\u00eda es tan importando lo que denominamos com\u00fanmente Marketing de las emociones, o Neuromarketing. \u00a1Os lo explicamos!\",\"breadcrumb\":{\"@id\":\"https:\\\/\\\/medianeeds.es\\\/es\\\/colors-linies-formes-i-emocions\\\/#breadcrumb\"},\"inLanguage\":\"es\",\"potentialAction\":[{\"@type\":\"ReadAction\",\"target\":[\"https:\\\/\\\/medianeeds.es\\\/es\\\/colors-linies-formes-i-emocions\\\/\"]}]},{\"@type\":\"ImageObject\",\"inLanguage\":\"es\",\"@id\":\"https:\\\/\\\/medianeeds.es\\\/es\\\/colors-linies-formes-i-emocions\\\/#primaryimage\",\"url\":\"https:\\\/\\\/medianeeds.es\\\/wp-content\\\/uploads\\\/2021\\\/05\\\/s-scaled.jpg\",\"contentUrl\":\"https:\\\/\\\/medianeeds.es\\\/wp-content\\\/uploads\\\/2021\\\/05\\\/s-scaled.jpg\",\"width\":2560,\"height\":1390,\"caption\":\"Emociones\"},{\"@type\":\"BreadcrumbList\",\"@id\":\"https:\\\/\\\/medianeeds.es\\\/es\\\/colors-linies-formes-i-emocions\\\/#breadcrumb\",\"itemListElement\":[{\"@type\":\"ListItem\",\"position\":1,\"name\":\"Portada\",\"item\":\"https:\\\/\\\/medianeeds.es\\\/\"},{\"@type\":\"ListItem\",\"position\":2,\"name\":\"Colores, l\u00edneas, formas y emociones.\"}]},{\"@type\":\"WebSite\",\"@id\":\"https:\\\/\\\/medianeeds.es\\\/#website\",\"url\":\"https:\\\/\\\/medianeeds.es\\\/\",\"name\":\"M\u00e0rketing Reus | Media Needs Reus | Ag\u00e8ncia de publicitat Reus\",\"description\":\"MediaNeeds \u00e9s una empresa especialitzada en serveis integrals de publicitat, m\u00e0rqueting on-line i community manager a Reus, Tarragona\",\"publisher\":{\"@id\":\"https:\\\/\\\/medianeeds.es\\\/#organization\"},\"alternateName\":\"Media Needs\",\"potentialAction\":[{\"@type\":\"SearchAction\",\"target\":{\"@type\":\"EntryPoint\",\"urlTemplate\":\"https:\\\/\\\/medianeeds.es\\\/?s={search_term_string}\"},\"query-input\":{\"@type\":\"PropertyValueSpecification\",\"valueRequired\":true,\"valueName\":\"search_term_string\"}}],\"inLanguage\":\"es\"},{\"@type\":\"Organization\",\"@id\":\"https:\\\/\\\/medianeeds.es\\\/#organization\",\"name\":\"M\u00e0rketing Reus | Media Needs Reus | Ag\u00e8ncia de publicitat Reus\",\"alternateName\":\"Media Needs\",\"url\":\"https:\\\/\\\/medianeeds.es\\\/\",\"logo\":{\"@type\":\"ImageObject\",\"inLanguage\":\"es\",\"@id\":\"https:\\\/\\\/medianeeds.es\\\/#\\\/schema\\\/logo\\\/image\\\/\",\"url\":\"https:\\\/\\\/medianeeds.es\\\/wp-content\\\/uploads\\\/2024\\\/06\\\/COLOR_Mesa-de-trabajo-1-copia.png\",\"contentUrl\":\"https:\\\/\\\/medianeeds.es\\\/wp-content\\\/uploads\\\/2024\\\/06\\\/COLOR_Mesa-de-trabajo-1-copia.png\",\"width\":470,\"height\":226,\"caption\":\"M\u00e0rketing Reus | Media Needs Reus | Ag\u00e8ncia de publicitat Reus\"},\"image\":{\"@id\":\"https:\\\/\\\/medianeeds.es\\\/#\\\/schema\\\/logo\\\/image\\\/\"},\"sameAs\":[\"https:\\\/\\\/www.facebook.com\\\/medianeeds.es\\\/\",\"https:\\\/\\\/x.com\\\/media_needs\",\"https:\\\/\\\/www.instagram.com\\\/medianeeds\\\/?hl=es\"]},{\"@type\":\"Person\",\"@id\":\"https:\\\/\\\/medianeeds.es\\\/#\\\/schema\\\/person\\\/6a6f2f17f283df3eeb0946feebd2af79\",\"name\":\"Medianeeds\",\"image\":{\"@type\":\"ImageObject\",\"inLanguage\":\"es\",\"@id\":\"https:\\\/\\\/secure.gravatar.com\\\/avatar\\\/442251953f111b43a4668103c7b7c09aa35690e525473fb0bb9db0681ee9c0c3?s=96&d=mm&r=g\",\"url\":\"https:\\\/\\\/secure.gravatar.com\\\/avatar\\\/442251953f111b43a4668103c7b7c09aa35690e525473fb0bb9db0681ee9c0c3?s=96&d=mm&r=g\",\"contentUrl\":\"https:\\\/\\\/secure.gravatar.com\\\/avatar\\\/442251953f111b43a4668103c7b7c09aa35690e525473fb0bb9db0681ee9c0c3?s=96&d=mm&r=g\",\"caption\":\"Medianeeds\"},\"url\":\"https:\\\/\\\/medianeeds.es\\\/es\\\/author\\\/medianeeds\\\/\"}]}<\/script>\n<!-- \/ Yoast SEO plugin. -->","yoast_head_json":{"title":"Colores, l\u00edneas, formas y emociones. - Blog - Not\u00edcies - Comunicaci\u00f3","description":"Por este motivo, hoy en d\u00eda es tan importando lo que denominamos com\u00fanmente Marketing de las emociones, o Neuromarketing. \u00a1Os lo explicamos!","robots":{"index":"index","follow":"follow","max-snippet":"max-snippet:-1","max-image-preview":"max-image-preview:large","max-video-preview":"max-video-preview:-1"},"canonical":"https:\/\/medianeeds.es\/es\/colors-linies-formes-i-emocions\/","og_locale":"es_ES","og_type":"article","og_title":"Colores, l\u00edneas, formas y emociones. - Blog - Not\u00edcies - Comunicaci\u00f3","og_description":"Por este motivo, hoy en d\u00eda es tan importando lo que denominamos com\u00fanmente Marketing de las emociones, o Neuromarketing. \u00a1Os lo explicamos!","og_url":"https:\/\/medianeeds.es\/es\/colors-linies-formes-i-emocions\/","og_site_name":"M\u00e0rketing Reus | Media Needs Reus | Ag\u00e8ncia de publicitat Reus","article_publisher":"https:\/\/www.facebook.com\/medianeeds.es\/","article_published_time":"2021-05-06T07:13:48+00:00","article_modified_time":"2021-05-06T07:15:48+00:00","og_image":[{"width":2560,"height":1390,"url":"https:\/\/medianeeds.es\/wp-content\/uploads\/2021\/05\/s-scaled.jpg","type":"image\/jpeg"}],"author":"Medianeeds","twitter_misc":{"Escrito por":"Medianeeds","Tiempo de lectura":"2 minutos"},"schema":{"@context":"https:\/\/schema.org","@graph":[{"@type":"Article","@id":"https:\/\/medianeeds.es\/es\/colors-linies-formes-i-emocions\/#article","isPartOf":{"@id":"https:\/\/medianeeds.es\/es\/colors-linies-formes-i-emocions\/"},"author":{"name":"Medianeeds","@id":"https:\/\/medianeeds.es\/#\/schema\/person\/6a6f2f17f283df3eeb0946feebd2af79"},"headline":"Colores, l\u00edneas, formas y emociones.","datePublished":"2021-05-06T07:13:48+00:00","dateModified":"2021-05-06T07:15:48+00:00","mainEntityOfPage":{"@id":"https:\/\/medianeeds.es\/es\/colors-linies-formes-i-emocions\/"},"wordCount":428,"publisher":{"@id":"https:\/\/medianeeds.es\/#organization"},"image":{"@id":"https:\/\/medianeeds.es\/es\/colors-linies-formes-i-emocions\/#primaryimage"},"thumbnailUrl":"https:\/\/medianeeds.es\/wp-content\/uploads\/2021\/05\/s-scaled.jpg","articleSection":["Blog","Noticias"],"inLanguage":"es"},{"@type":"WebPage","@id":"https:\/\/medianeeds.es\/es\/colors-linies-formes-i-emocions\/","url":"https:\/\/medianeeds.es\/es\/colors-linies-formes-i-emocions\/","name":"Colores, l\u00edneas, formas y emociones. - Blog - Not\u00edcies - Comunicaci\u00f3","isPartOf":{"@id":"https:\/\/medianeeds.es\/#website"},"primaryImageOfPage":{"@id":"https:\/\/medianeeds.es\/es\/colors-linies-formes-i-emocions\/#primaryimage"},"image":{"@id":"https:\/\/medianeeds.es\/es\/colors-linies-formes-i-emocions\/#primaryimage"},"thumbnailUrl":"https:\/\/medianeeds.es\/wp-content\/uploads\/2021\/05\/s-scaled.jpg","datePublished":"2021-05-06T07:13:48+00:00","dateModified":"2021-05-06T07:15:48+00:00","description":"Por este motivo, hoy en d\u00eda es tan importando lo que denominamos com\u00fanmente Marketing de las emociones, o Neuromarketing. \u00a1Os lo explicamos!","breadcrumb":{"@id":"https:\/\/medianeeds.es\/es\/colors-linies-formes-i-emocions\/#breadcrumb"},"inLanguage":"es","potentialAction":[{"@type":"ReadAction","target":["https:\/\/medianeeds.es\/es\/colors-linies-formes-i-emocions\/"]}]},{"@type":"ImageObject","inLanguage":"es","@id":"https:\/\/medianeeds.es\/es\/colors-linies-formes-i-emocions\/#primaryimage","url":"https:\/\/medianeeds.es\/wp-content\/uploads\/2021\/05\/s-scaled.jpg","contentUrl":"https:\/\/medianeeds.es\/wp-content\/uploads\/2021\/05\/s-scaled.jpg","width":2560,"height":1390,"caption":"Emociones"},{"@type":"BreadcrumbList","@id":"https:\/\/medianeeds.es\/es\/colors-linies-formes-i-emocions\/#breadcrumb","itemListElement":[{"@type":"ListItem","position":1,"name":"Portada","item":"https:\/\/medianeeds.es\/"},{"@type":"ListItem","position":2,"name":"Colores, l\u00edneas, formas y emociones."}]},{"@type":"WebSite","@id":"https:\/\/medianeeds.es\/#website","url":"https:\/\/medianeeds.es\/","name":"M\u00e0rketing Reus | Media Needs Reus | Ag\u00e8ncia de publicitat Reus","description":"MediaNeeds \u00e9s una empresa especialitzada en serveis integrals de publicitat, m\u00e0rqueting on-line i community manager a Reus, Tarragona","publisher":{"@id":"https:\/\/medianeeds.es\/#organization"},"alternateName":"Media Needs","potentialAction":[{"@type":"SearchAction","target":{"@type":"EntryPoint","urlTemplate":"https:\/\/medianeeds.es\/?s={search_term_string}"},"query-input":{"@type":"PropertyValueSpecification","valueRequired":true,"valueName":"search_term_string"}}],"inLanguage":"es"},{"@type":"Organization","@id":"https:\/\/medianeeds.es\/#organization","name":"M\u00e0rketing Reus | Media Needs Reus | Ag\u00e8ncia de publicitat Reus","alternateName":"Media Needs","url":"https:\/\/medianeeds.es\/","logo":{"@type":"ImageObject","inLanguage":"es","@id":"https:\/\/medianeeds.es\/#\/schema\/logo\/image\/","url":"https:\/\/medianeeds.es\/wp-content\/uploads\/2024\/06\/COLOR_Mesa-de-trabajo-1-copia.png","contentUrl":"https:\/\/medianeeds.es\/wp-content\/uploads\/2024\/06\/COLOR_Mesa-de-trabajo-1-copia.png","width":470,"height":226,"caption":"M\u00e0rketing Reus | Media Needs Reus | Ag\u00e8ncia de publicitat Reus"},"image":{"@id":"https:\/\/medianeeds.es\/#\/schema\/logo\/image\/"},"sameAs":["https:\/\/www.facebook.com\/medianeeds.es\/","https:\/\/x.com\/media_needs","https:\/\/www.instagram.com\/medianeeds\/?hl=es"]},{"@type":"Person","@id":"https:\/\/medianeeds.es\/#\/schema\/person\/6a6f2f17f283df3eeb0946feebd2af79","name":"Medianeeds","image":{"@type":"ImageObject","inLanguage":"es","@id":"https:\/\/secure.gravatar.com\/avatar\/442251953f111b43a4668103c7b7c09aa35690e525473fb0bb9db0681ee9c0c3?s=96&d=mm&r=g","url":"https:\/\/secure.gravatar.com\/avatar\/442251953f111b43a4668103c7b7c09aa35690e525473fb0bb9db0681ee9c0c3?s=96&d=mm&r=g","contentUrl":"https:\/\/secure.gravatar.com\/avatar\/442251953f111b43a4668103c7b7c09aa35690e525473fb0bb9db0681ee9c0c3?s=96&d=mm&r=g","caption":"Medianeeds"},"url":"https:\/\/medianeeds.es\/es\/author\/medianeeds\/"}]}},"_links":{"self":[{"href":"https:\/\/medianeeds.es\/es\/wp-json\/wp\/v2\/posts\/16737","targetHints":{"allow":["GET"]}}],"collection":[{"href":"https:\/\/medianeeds.es\/es\/wp-json\/wp\/v2\/posts"}],"about":[{"href":"https:\/\/medianeeds.es\/es\/wp-json\/wp\/v2\/types\/post"}],"author":[{"embeddable":true,"href":"https:\/\/medianeeds.es\/es\/wp-json\/wp\/v2\/users\/1"}],"replies":[{"embeddable":true,"href":"https:\/\/medianeeds.es\/es\/wp-json\/wp\/v2\/comments?post=16737"}],"version-history":[{"count":2,"href":"https:\/\/medianeeds.es\/es\/wp-json\/wp\/v2\/posts\/16737\/revisions"}],"predecessor-version":[{"id":16739,"href":"https:\/\/medianeeds.es\/es\/wp-json\/wp\/v2\/posts\/16737\/revisions\/16739"}],"wp:featuredmedia":[{"embeddable":true,"href":"https:\/\/medianeeds.es\/es\/wp-json\/wp\/v2\/media\/16735"}],"wp:attachment":[{"href":"https:\/\/medianeeds.es\/es\/wp-json\/wp\/v2\/media?parent=16737"}],"wp:term":[{"taxonomy":"category","embeddable":true,"href":"https:\/\/medianeeds.es\/es\/wp-json\/wp\/v2\/categories?post=16737"},{"taxonomy":"post_tag","embeddable":true,"href":"https:\/\/medianeeds.es\/es\/wp-json\/wp\/v2\/tags?post=16737"}],"curies":[{"name":"wp","href":"https:\/\/api.w.org\/{rel}","templated":true}]}}