{"id":16683,"date":"2021-03-17T11:38:06","date_gmt":"2021-03-17T11:38:06","guid":{"rendered":"https:\/\/medianeeds.es\/?p=16683"},"modified":"2021-03-17T11:38:06","modified_gmt":"2021-03-17T11:38:06","slug":"twitter-cumple-15-anos","status":"publish","type":"post","link":"https:\/\/medianeeds.es\/es\/twitter-cumple-15-anos\/","title":{"rendered":"Twitter cumple 15 a\u00f1os."},"content":{"rendered":"<p>Twitter cumple 15 a\u00f1os.<\/p>\n<p>Dentro de un mundo en l\u00ednea las redes sociales han sido lo desencadenante de una forma de vida que sin ning\u00fan tipo de duda define nuestro siglo.<\/p>\n<p>Dentro de la revoluci\u00f3n de las redes, hace ya 15 a\u00f1os que la plataforma creada por Jack\u00a0Dorsey,\u00a0Noah\u00a0Glass,\u00a0Biz\u00a0Stone y\u00a0Evan\u00a0Williams entraba en acci\u00f3n y nos descubr\u00eda el que conocemos como \u00abMicrobloggin\u00bb.<\/p>\n<p>Fue el mismo Jack\u00a0Dorsey\u00a0el que lanz\u00f3 hace m\u00e1s de una d\u00e9cada el primer Tuit en el cual dec\u00eda \u00abJust\u00a0setting\u00a0up\u00a0my\u00a0twttr\u00bb\u00a0(Configurando mi Twitter). Desde entonces, la plataforma no ha dejado de crecer y con la llegada del internet m\u00f3vil la cifra se dispar\u00f3 hasta los 353 millones de usuarios en todo el mundo.<\/p>\n<p>A nivel mundial, son los hombres los que se decantan por el uso de esta plataforma, con un 68% de usuarios, mientras que las mujeres se quedan en una cifra mucho m\u00e1s baja, 31%.<\/p>\n<p>Respecto a las edades, la franja se sit\u00faa entre los 35 y 49 (19,6%) a\u00f1os, seguida mucho de cerca de la generaci\u00f3n anterior de los 25 a los 34 (18,7%).<\/p>\n<p>No hay que decir que Twitter es una de las principales plataformas actualmente y a diferencia otros como Facebook, va ganando bastante con el paso de los a\u00f1os.<\/p>\n<p>Si tuvi\u00e9ramos que destacar los aspectos de esta plataforma, podr\u00edamos resumirlos en:<\/p>\n<p>Rapidez de la informaci\u00f3n.<br \/>\nLa oportunidad de conectar con personas de tu inter\u00e9s.<br \/>\nFacilidad para encontrar contenido de calidad.<br \/>\nFont de tr\u00e1fico indiscutible.<br \/>\nPosibilidad de crear listas tem\u00e1ticas.<br \/>\nFacilidad para extender noticias\/rumores.<\/p>\n<p>En <a href=\"https:\/\/medianeeds.es\/\">Media Needs<\/a> tenemos claro, que del mismo modo que una tienda tiene que tener un buen escaparate, en la actualidad es imprescindible que las empresas tengan su espacio dentro de las redes y ofrezcan contenido de calidad.<\/p>\n<p>Por este motivo, y en referencia en Twitter, a\u00a0Media\u00a0Needs\u00a0trabajamos para Tuitear contenidos de valor y ayudamos a nuestros clientes a que sus plataformas resulten un reclamo y ayuden a mejorar su estatus frente a la competencia.<\/p>\n","protected":false},"excerpt":{"rendered":"<p>Twitter cumple 15 a\u00f1os. Dentro de un mundo en l\u00ednea las redes sociales han sido lo desencadenante de una forma de vida que sin ning\u00fan tipo de duda define nuestro siglo. Dentro de la revoluci\u00f3n de las redes, hace ya 15 a\u00f1os que la plataforma creada por Jack\u00a0Dorsey,\u00a0Noah\u00a0Glass,\u00a0Biz\u00a0Stone y\u00a0Evan\u00a0Williams entraba en acci\u00f3n y nos descubr\u00eda [&hellip;]<\/p>\n","protected":false},"author":1,"featured_media":16681,"comment_status":"closed","ping_status":"closed","sticky":false,"template":"","format":"standard","meta":{"_et_pb_use_builder":"","_et_pb_old_content":"","_et_gb_content_width":"","footnotes":""},"categories":[292,252],"tags":[],"class_list":["post-16683","post","type-post","status-publish","format-standard","has-post-thumbnail","hentry","category-blog-es-3-es","category-noticias"],"yoast_head":"<!-- This site is optimized with the Yoast SEO plugin v27.4 - https:\/\/yoast.com\/product\/yoast-seo-wordpress\/ -->\n<title>Twitter cumple 15 a\u00f1os. - M\u00e0rketing Reus | Media Needs Reus | Ag\u00e8ncia de publicitat Reus<\/title>\n<meta name=\"description\" content=\"Dentro de la revoluci\u00f3n de las redes, hace ya 15 a\u00f1os que Twitter la plataforma creada por Jack\u00a0Dorsey,\u00a0Noah\u00a0Glass,\u00a0Biz\u00a0Stone y\u00a0Evan\u00a0Williams ...\" \/>\n<meta name=\"robots\" content=\"index, follow, max-snippet:-1, max-image-preview:large, max-video-preview:-1\" \/>\n<link rel=\"canonical\" href=\"https:\/\/medianeeds.es\/es\/twitter-cumple-15-anos\/\" \/>\n<meta property=\"og:locale\" content=\"es_ES\" \/>\n<meta property=\"og:type\" content=\"article\" \/>\n<meta property=\"og:title\" content=\"Twitter cumple 15 a\u00f1os. - M\u00e0rketing Reus | Media Needs Reus | Ag\u00e8ncia de publicitat Reus\" \/>\n<meta property=\"og:description\" content=\"Dentro de la revoluci\u00f3n de las redes, hace ya 15 a\u00f1os que Twitter la plataforma creada por Jack\u00a0Dorsey,\u00a0Noah\u00a0Glass,\u00a0Biz\u00a0Stone y\u00a0Evan\u00a0Williams ...\" \/>\n<meta property=\"og:url\" content=\"https:\/\/medianeeds.es\/es\/twitter-cumple-15-anos\/\" \/>\n<meta property=\"og:site_name\" content=\"M\u00e0rketing Reus | Media Needs Reus | Ag\u00e8ncia de publicitat Reus\" \/>\n<meta property=\"article:publisher\" content=\"https:\/\/www.facebook.com\/medianeeds.es\/\" \/>\n<meta property=\"article:published_time\" content=\"2021-03-17T11:38:06+00:00\" \/>\n<meta property=\"og:image\" content=\"https:\/\/medianeeds.es\/wp-content\/uploads\/2021\/03\/media1-scaled.jpg\" \/>\n\t<meta property=\"og:image:width\" content=\"2560\" \/>\n\t<meta property=\"og:image:height\" content=\"1707\" \/>\n\t<meta property=\"og:image:type\" content=\"image\/jpeg\" \/>\n<meta name=\"author\" content=\"Medianeeds\" \/>\n<meta name=\"twitter:label1\" content=\"Escrito por\" \/>\n\t<meta name=\"twitter:data1\" content=\"Medianeeds\" \/>\n\t<meta name=\"twitter:label2\" content=\"Tiempo de lectura\" \/>\n\t<meta name=\"twitter:data2\" content=\"2 minutos\" \/>\n<script type=\"application\/ld+json\" class=\"yoast-schema-graph\">{\"@context\":\"https:\\\/\\\/schema.org\",\"@graph\":[{\"@type\":\"Article\",\"@id\":\"https:\\\/\\\/medianeeds.es\\\/es\\\/twitter-cumple-15-anos\\\/#article\",\"isPartOf\":{\"@id\":\"https:\\\/\\\/medianeeds.es\\\/es\\\/twitter-cumple-15-anos\\\/\"},\"author\":{\"name\":\"Medianeeds\",\"@id\":\"https:\\\/\\\/medianeeds.es\\\/#\\\/schema\\\/person\\\/6a6f2f17f283df3eeb0946feebd2af79\"},\"headline\":\"Twitter cumple 15 a\u00f1os.\",\"datePublished\":\"2021-03-17T11:38:06+00:00\",\"mainEntityOfPage\":{\"@id\":\"https:\\\/\\\/medianeeds.es\\\/es\\\/twitter-cumple-15-anos\\\/\"},\"wordCount\":354,\"publisher\":{\"@id\":\"https:\\\/\\\/medianeeds.es\\\/#organization\"},\"image\":{\"@id\":\"https:\\\/\\\/medianeeds.es\\\/es\\\/twitter-cumple-15-anos\\\/#primaryimage\"},\"thumbnailUrl\":\"https:\\\/\\\/medianeeds.es\\\/wp-content\\\/uploads\\\/2021\\\/03\\\/media1-scaled.jpg\",\"articleSection\":[\"Blog\",\"Noticias\"],\"inLanguage\":\"es\"},{\"@type\":\"WebPage\",\"@id\":\"https:\\\/\\\/medianeeds.es\\\/es\\\/twitter-cumple-15-anos\\\/\",\"url\":\"https:\\\/\\\/medianeeds.es\\\/es\\\/twitter-cumple-15-anos\\\/\",\"name\":\"Twitter cumple 15 a\u00f1os. - M\u00e0rketing Reus | Media Needs Reus | Ag\u00e8ncia de publicitat Reus\",\"isPartOf\":{\"@id\":\"https:\\\/\\\/medianeeds.es\\\/#website\"},\"primaryImageOfPage\":{\"@id\":\"https:\\\/\\\/medianeeds.es\\\/es\\\/twitter-cumple-15-anos\\\/#primaryimage\"},\"image\":{\"@id\":\"https:\\\/\\\/medianeeds.es\\\/es\\\/twitter-cumple-15-anos\\\/#primaryimage\"},\"thumbnailUrl\":\"https:\\\/\\\/medianeeds.es\\\/wp-content\\\/uploads\\\/2021\\\/03\\\/media1-scaled.jpg\",\"datePublished\":\"2021-03-17T11:38:06+00:00\",\"description\":\"Dentro de la revoluci\u00f3n de las redes, hace ya 15 a\u00f1os que Twitter la plataforma creada por Jack\u00a0Dorsey,\u00a0Noah\u00a0Glass,\u00a0Biz\u00a0Stone y\u00a0Evan\u00a0Williams ...\",\"breadcrumb\":{\"@id\":\"https:\\\/\\\/medianeeds.es\\\/es\\\/twitter-cumple-15-anos\\\/#breadcrumb\"},\"inLanguage\":\"es\",\"potentialAction\":[{\"@type\":\"ReadAction\",\"target\":[\"https:\\\/\\\/medianeeds.es\\\/es\\\/twitter-cumple-15-anos\\\/\"]}]},{\"@type\":\"ImageObject\",\"inLanguage\":\"es\",\"@id\":\"https:\\\/\\\/medianeeds.es\\\/es\\\/twitter-cumple-15-anos\\\/#primaryimage\",\"url\":\"https:\\\/\\\/medianeeds.es\\\/wp-content\\\/uploads\\\/2021\\\/03\\\/media1-scaled.jpg\",\"contentUrl\":\"https:\\\/\\\/medianeeds.es\\\/wp-content\\\/uploads\\\/2021\\\/03\\\/media1-scaled.jpg\",\"width\":2560,\"height\":1707,\"caption\":\"Twitter\"},{\"@type\":\"BreadcrumbList\",\"@id\":\"https:\\\/\\\/medianeeds.es\\\/es\\\/twitter-cumple-15-anos\\\/#breadcrumb\",\"itemListElement\":[{\"@type\":\"ListItem\",\"position\":1,\"name\":\"Portada\",\"item\":\"https:\\\/\\\/medianeeds.es\\\/\"},{\"@type\":\"ListItem\",\"position\":2,\"name\":\"Twitter cumple 15 a\u00f1os.\"}]},{\"@type\":\"WebSite\",\"@id\":\"https:\\\/\\\/medianeeds.es\\\/#website\",\"url\":\"https:\\\/\\\/medianeeds.es\\\/\",\"name\":\"M\u00e0rketing Reus | Media Needs Reus | Ag\u00e8ncia de publicitat Reus\",\"description\":\"MediaNeeds \u00e9s una empresa especialitzada en serveis integrals de publicitat, m\u00e0rqueting on-line i community manager a Reus, Tarragona\",\"publisher\":{\"@id\":\"https:\\\/\\\/medianeeds.es\\\/#organization\"},\"alternateName\":\"Media Needs\",\"potentialAction\":[{\"@type\":\"SearchAction\",\"target\":{\"@type\":\"EntryPoint\",\"urlTemplate\":\"https:\\\/\\\/medianeeds.es\\\/?s={search_term_string}\"},\"query-input\":{\"@type\":\"PropertyValueSpecification\",\"valueRequired\":true,\"valueName\":\"search_term_string\"}}],\"inLanguage\":\"es\"},{\"@type\":\"Organization\",\"@id\":\"https:\\\/\\\/medianeeds.es\\\/#organization\",\"name\":\"M\u00e0rketing Reus | Media Needs Reus | Ag\u00e8ncia de publicitat Reus\",\"alternateName\":\"Media Needs\",\"url\":\"https:\\\/\\\/medianeeds.es\\\/\",\"logo\":{\"@type\":\"ImageObject\",\"inLanguage\":\"es\",\"@id\":\"https:\\\/\\\/medianeeds.es\\\/#\\\/schema\\\/logo\\\/image\\\/\",\"url\":\"https:\\\/\\\/medianeeds.es\\\/wp-content\\\/uploads\\\/2024\\\/06\\\/COLOR_Mesa-de-trabajo-1-copia.png\",\"contentUrl\":\"https:\\\/\\\/medianeeds.es\\\/wp-content\\\/uploads\\\/2024\\\/06\\\/COLOR_Mesa-de-trabajo-1-copia.png\",\"width\":470,\"height\":226,\"caption\":\"M\u00e0rketing Reus | Media Needs Reus | Ag\u00e8ncia de publicitat Reus\"},\"image\":{\"@id\":\"https:\\\/\\\/medianeeds.es\\\/#\\\/schema\\\/logo\\\/image\\\/\"},\"sameAs\":[\"https:\\\/\\\/www.facebook.com\\\/medianeeds.es\\\/\",\"https:\\\/\\\/x.com\\\/media_needs\",\"https:\\\/\\\/www.instagram.com\\\/medianeeds\\\/?hl=es\"]},{\"@type\":\"Person\",\"@id\":\"https:\\\/\\\/medianeeds.es\\\/#\\\/schema\\\/person\\\/6a6f2f17f283df3eeb0946feebd2af79\",\"name\":\"Medianeeds\",\"image\":{\"@type\":\"ImageObject\",\"inLanguage\":\"es\",\"@id\":\"https:\\\/\\\/secure.gravatar.com\\\/avatar\\\/442251953f111b43a4668103c7b7c09aa35690e525473fb0bb9db0681ee9c0c3?s=96&d=mm&r=g\",\"url\":\"https:\\\/\\\/secure.gravatar.com\\\/avatar\\\/442251953f111b43a4668103c7b7c09aa35690e525473fb0bb9db0681ee9c0c3?s=96&d=mm&r=g\",\"contentUrl\":\"https:\\\/\\\/secure.gravatar.com\\\/avatar\\\/442251953f111b43a4668103c7b7c09aa35690e525473fb0bb9db0681ee9c0c3?s=96&d=mm&r=g\",\"caption\":\"Medianeeds\"},\"url\":\"https:\\\/\\\/medianeeds.es\\\/es\\\/author\\\/medianeeds\\\/\"}]}<\/script>\n<!-- \/ Yoast SEO plugin. -->","yoast_head_json":{"title":"Twitter cumple 15 a\u00f1os. - M\u00e0rketing Reus | Media Needs Reus | Ag\u00e8ncia de publicitat Reus","description":"Dentro de la revoluci\u00f3n de las redes, hace ya 15 a\u00f1os que Twitter la plataforma creada por Jack\u00a0Dorsey,\u00a0Noah\u00a0Glass,\u00a0Biz\u00a0Stone y\u00a0Evan\u00a0Williams ...","robots":{"index":"index","follow":"follow","max-snippet":"max-snippet:-1","max-image-preview":"max-image-preview:large","max-video-preview":"max-video-preview:-1"},"canonical":"https:\/\/medianeeds.es\/es\/twitter-cumple-15-anos\/","og_locale":"es_ES","og_type":"article","og_title":"Twitter cumple 15 a\u00f1os. - M\u00e0rketing Reus | Media Needs Reus | Ag\u00e8ncia de publicitat Reus","og_description":"Dentro de la revoluci\u00f3n de las redes, hace ya 15 a\u00f1os que Twitter la plataforma creada por Jack\u00a0Dorsey,\u00a0Noah\u00a0Glass,\u00a0Biz\u00a0Stone y\u00a0Evan\u00a0Williams ...","og_url":"https:\/\/medianeeds.es\/es\/twitter-cumple-15-anos\/","og_site_name":"M\u00e0rketing Reus | Media Needs Reus | Ag\u00e8ncia de publicitat Reus","article_publisher":"https:\/\/www.facebook.com\/medianeeds.es\/","article_published_time":"2021-03-17T11:38:06+00:00","og_image":[{"width":2560,"height":1707,"url":"https:\/\/medianeeds.es\/wp-content\/uploads\/2021\/03\/media1-scaled.jpg","type":"image\/jpeg"}],"author":"Medianeeds","twitter_misc":{"Escrito por":"Medianeeds","Tiempo de lectura":"2 minutos"},"schema":{"@context":"https:\/\/schema.org","@graph":[{"@type":"Article","@id":"https:\/\/medianeeds.es\/es\/twitter-cumple-15-anos\/#article","isPartOf":{"@id":"https:\/\/medianeeds.es\/es\/twitter-cumple-15-anos\/"},"author":{"name":"Medianeeds","@id":"https:\/\/medianeeds.es\/#\/schema\/person\/6a6f2f17f283df3eeb0946feebd2af79"},"headline":"Twitter cumple 15 a\u00f1os.","datePublished":"2021-03-17T11:38:06+00:00","mainEntityOfPage":{"@id":"https:\/\/medianeeds.es\/es\/twitter-cumple-15-anos\/"},"wordCount":354,"publisher":{"@id":"https:\/\/medianeeds.es\/#organization"},"image":{"@id":"https:\/\/medianeeds.es\/es\/twitter-cumple-15-anos\/#primaryimage"},"thumbnailUrl":"https:\/\/medianeeds.es\/wp-content\/uploads\/2021\/03\/media1-scaled.jpg","articleSection":["Blog","Noticias"],"inLanguage":"es"},{"@type":"WebPage","@id":"https:\/\/medianeeds.es\/es\/twitter-cumple-15-anos\/","url":"https:\/\/medianeeds.es\/es\/twitter-cumple-15-anos\/","name":"Twitter cumple 15 a\u00f1os. - M\u00e0rketing Reus | Media Needs Reus | Ag\u00e8ncia de publicitat Reus","isPartOf":{"@id":"https:\/\/medianeeds.es\/#website"},"primaryImageOfPage":{"@id":"https:\/\/medianeeds.es\/es\/twitter-cumple-15-anos\/#primaryimage"},"image":{"@id":"https:\/\/medianeeds.es\/es\/twitter-cumple-15-anos\/#primaryimage"},"thumbnailUrl":"https:\/\/medianeeds.es\/wp-content\/uploads\/2021\/03\/media1-scaled.jpg","datePublished":"2021-03-17T11:38:06+00:00","description":"Dentro de la revoluci\u00f3n de las redes, hace ya 15 a\u00f1os que Twitter la plataforma creada por Jack\u00a0Dorsey,\u00a0Noah\u00a0Glass,\u00a0Biz\u00a0Stone y\u00a0Evan\u00a0Williams ...","breadcrumb":{"@id":"https:\/\/medianeeds.es\/es\/twitter-cumple-15-anos\/#breadcrumb"},"inLanguage":"es","potentialAction":[{"@type":"ReadAction","target":["https:\/\/medianeeds.es\/es\/twitter-cumple-15-anos\/"]}]},{"@type":"ImageObject","inLanguage":"es","@id":"https:\/\/medianeeds.es\/es\/twitter-cumple-15-anos\/#primaryimage","url":"https:\/\/medianeeds.es\/wp-content\/uploads\/2021\/03\/media1-scaled.jpg","contentUrl":"https:\/\/medianeeds.es\/wp-content\/uploads\/2021\/03\/media1-scaled.jpg","width":2560,"height":1707,"caption":"Twitter"},{"@type":"BreadcrumbList","@id":"https:\/\/medianeeds.es\/es\/twitter-cumple-15-anos\/#breadcrumb","itemListElement":[{"@type":"ListItem","position":1,"name":"Portada","item":"https:\/\/medianeeds.es\/"},{"@type":"ListItem","position":2,"name":"Twitter cumple 15 a\u00f1os."}]},{"@type":"WebSite","@id":"https:\/\/medianeeds.es\/#website","url":"https:\/\/medianeeds.es\/","name":"M\u00e0rketing Reus | Media Needs Reus | Ag\u00e8ncia de publicitat Reus","description":"MediaNeeds \u00e9s una empresa especialitzada en serveis integrals de publicitat, m\u00e0rqueting on-line i community manager a Reus, Tarragona","publisher":{"@id":"https:\/\/medianeeds.es\/#organization"},"alternateName":"Media Needs","potentialAction":[{"@type":"SearchAction","target":{"@type":"EntryPoint","urlTemplate":"https:\/\/medianeeds.es\/?s={search_term_string}"},"query-input":{"@type":"PropertyValueSpecification","valueRequired":true,"valueName":"search_term_string"}}],"inLanguage":"es"},{"@type":"Organization","@id":"https:\/\/medianeeds.es\/#organization","name":"M\u00e0rketing Reus | Media Needs Reus | Ag\u00e8ncia de publicitat Reus","alternateName":"Media Needs","url":"https:\/\/medianeeds.es\/","logo":{"@type":"ImageObject","inLanguage":"es","@id":"https:\/\/medianeeds.es\/#\/schema\/logo\/image\/","url":"https:\/\/medianeeds.es\/wp-content\/uploads\/2024\/06\/COLOR_Mesa-de-trabajo-1-copia.png","contentUrl":"https:\/\/medianeeds.es\/wp-content\/uploads\/2024\/06\/COLOR_Mesa-de-trabajo-1-copia.png","width":470,"height":226,"caption":"M\u00e0rketing Reus | Media Needs Reus | Ag\u00e8ncia de publicitat Reus"},"image":{"@id":"https:\/\/medianeeds.es\/#\/schema\/logo\/image\/"},"sameAs":["https:\/\/www.facebook.com\/medianeeds.es\/","https:\/\/x.com\/media_needs","https:\/\/www.instagram.com\/medianeeds\/?hl=es"]},{"@type":"Person","@id":"https:\/\/medianeeds.es\/#\/schema\/person\/6a6f2f17f283df3eeb0946feebd2af79","name":"Medianeeds","image":{"@type":"ImageObject","inLanguage":"es","@id":"https:\/\/secure.gravatar.com\/avatar\/442251953f111b43a4668103c7b7c09aa35690e525473fb0bb9db0681ee9c0c3?s=96&d=mm&r=g","url":"https:\/\/secure.gravatar.com\/avatar\/442251953f111b43a4668103c7b7c09aa35690e525473fb0bb9db0681ee9c0c3?s=96&d=mm&r=g","contentUrl":"https:\/\/secure.gravatar.com\/avatar\/442251953f111b43a4668103c7b7c09aa35690e525473fb0bb9db0681ee9c0c3?s=96&d=mm&r=g","caption":"Medianeeds"},"url":"https:\/\/medianeeds.es\/es\/author\/medianeeds\/"}]}},"_links":{"self":[{"href":"https:\/\/medianeeds.es\/es\/wp-json\/wp\/v2\/posts\/16683","targetHints":{"allow":["GET"]}}],"collection":[{"href":"https:\/\/medianeeds.es\/es\/wp-json\/wp\/v2\/posts"}],"about":[{"href":"https:\/\/medianeeds.es\/es\/wp-json\/wp\/v2\/types\/post"}],"author":[{"embeddable":true,"href":"https:\/\/medianeeds.es\/es\/wp-json\/wp\/v2\/users\/1"}],"replies":[{"embeddable":true,"href":"https:\/\/medianeeds.es\/es\/wp-json\/wp\/v2\/comments?post=16683"}],"version-history":[{"count":1,"href":"https:\/\/medianeeds.es\/es\/wp-json\/wp\/v2\/posts\/16683\/revisions"}],"predecessor-version":[{"id":16684,"href":"https:\/\/medianeeds.es\/es\/wp-json\/wp\/v2\/posts\/16683\/revisions\/16684"}],"wp:featuredmedia":[{"embeddable":true,"href":"https:\/\/medianeeds.es\/es\/wp-json\/wp\/v2\/media\/16681"}],"wp:attachment":[{"href":"https:\/\/medianeeds.es\/es\/wp-json\/wp\/v2\/media?parent=16683"}],"wp:term":[{"taxonomy":"category","embeddable":true,"href":"https:\/\/medianeeds.es\/es\/wp-json\/wp\/v2\/categories?post=16683"},{"taxonomy":"post_tag","embeddable":true,"href":"https:\/\/medianeeds.es\/es\/wp-json\/wp\/v2\/tags?post=16683"}],"curies":[{"name":"wp","href":"https:\/\/api.w.org\/{rel}","templated":true}]}}