{"id":16642,"date":"2021-02-01T15:58:41","date_gmt":"2021-02-01T15:58:41","guid":{"rendered":"https:\/\/medianeeds.es\/branding\/"},"modified":"2021-02-01T16:13:31","modified_gmt":"2021-02-01T16:13:31","slug":"branding","status":"publish","type":"post","link":"https:\/\/medianeeds.es\/es\/branding\/","title":{"rendered":"Branding"},"content":{"rendered":"<h2>\u00bfHablamos de Branding?<\/h2>\n<p>En el blog de hoy venimos a hablaros del\u00a0Branding\u00a0y de c\u00f3mo de importante resulta para tener \u00e9xito empresarial.<\/p>\n<p>Hay que tener claro que una empresa no es solo un logotipo o un nombre, obviamente una empresa representa mucho m\u00e1s y hoy en d\u00eda gracias al Branding somos capaces de multiplicar las experiencias a partir del producto o servicio que la empresa ofrece.<\/p>\n<h3>Crear percepciones<\/h3>\n<p>El\u00a0Branding\u00a0es por lo tanto, una forma de gestionar la estrategia de marca de una empresa. Este tipo de planificaci\u00f3n engloba la creaci\u00f3n y gesti\u00f3n de los elementos de marca con intenci\u00f3n de crear percepciones en los consumidores.<\/p>\n<p>Seg\u00fan esto, el concepto de branding trabaja la planificaci\u00f3n, estructura, gesti\u00f3n y promoci\u00f3n, con el fin de aumentar la relevancia de la marca en el mercado.<\/p>\n<p>Un punto clave del\u00a0branding, se que se trata de una estrategia a largo plazo, esto garantiza que el crecimiento de la marca sea org\u00e1nico y progresivo y que se mantenga en el tiempo, siempre cuando la estrategia est\u00e9 bien estructurada y planificada.<\/p>\n<h3>Tener en cuenta valores a\u00f1adidos<\/h3>\n<p>Llegados hasta este punto, para empezar con el branding hay que tener en cuenta los valores a\u00f1adidos los cuales queremos atribuir a nuestra marca.<\/p>\n<p>Grandes empresas como Coca Cola por ejemplo, pasaron de vender una bebida azucarada a vender experiencias, consiguiendo crear una comunidad fiel a Coca Cola a la cual no se la pone en entredicho e invita a su consumo.<\/p>\n<p>Coca Cola es solo un ejemplo de \u00e9xito, pero podr\u00edamos encontrar muchos m\u00e1s.\u00a0Appel\u00a0por ejemplo, se podr\u00eda definir con innovaci\u00f3n, Converso con juventud y urbanismo&#8230;<\/p>\n<p>Esta es la diferencia de comprar una bebida cualquiera, a comprar Coca-cola, o comprar un m\u00f3vil a comprar un\u00a0Iphone.<\/p>\n<p>Por lo tanto, un buen\u00a0branding\u00a0marcar\u00eda la diferencia entre \u201cuna empresa\u201d y \u201cla empresa de \u00e9xito.\u201d<\/p>\n<p>Y se por eso que los profesionales del <a href=\"https:\/\/medianeeds.es\/\">Marketing<\/a> trabajamos d\u00eda a d\u00eda para conseguir contenido y valores de calidad para que cada una de las empresas para las que trabajamos, encuentren su factor diferencial.<\/p>\n","protected":false},"excerpt":{"rendered":"<p>\u00bfHablamos de Branding? En el blog de hoy venimos a hablaros del\u00a0Branding\u00a0y de c\u00f3mo de importante resulta para tener \u00e9xito empresarial. Hay que tener claro que una empresa no es solo un logotipo o un nombre, obviamente una empresa representa mucho m\u00e1s y hoy en d\u00eda gracias al Branding somos capaces de multiplicar las experiencias [&hellip;]<\/p>\n","protected":false},"author":1,"featured_media":16640,"comment_status":"closed","ping_status":"closed","sticky":false,"template":"","format":"standard","meta":{"_et_pb_use_builder":"","_et_pb_old_content":"","_et_gb_content_width":"","footnotes":""},"categories":[188,252],"tags":[],"class_list":["post-16642","post","type-post","status-publish","format-standard","has-post-thumbnail","hentry","category-blog-es-4","category-noticias"],"yoast_head":"<!-- This site is optimized with the Yoast SEO plugin v27.4 - https:\/\/yoast.com\/product\/yoast-seo-wordpress\/ -->\n<title>Branding - Blog - Media Needs - Comunicaci\u00f3n - Noticias<\/title>\n<meta name=\"description\" content=\"En el blog de hoy venimos a hablaros del\u00a0Branding\u00a0y de c\u00f3mo de importante resulta para tener \u00e9xito empresarial.Hay que tener claro que...\" \/>\n<meta name=\"robots\" content=\"index, follow, max-snippet:-1, max-image-preview:large, max-video-preview:-1\" \/>\n<link rel=\"canonical\" href=\"https:\/\/medianeeds.es\/es\/branding\/\" \/>\n<meta property=\"og:locale\" content=\"es_ES\" \/>\n<meta property=\"og:type\" content=\"article\" \/>\n<meta property=\"og:title\" content=\"Branding - Blog - Media Needs - Comunicaci\u00f3n - Noticias\" \/>\n<meta property=\"og:description\" content=\"En el blog de hoy venimos a hablaros del\u00a0Branding\u00a0y de c\u00f3mo de importante resulta para tener \u00e9xito empresarial.Hay que tener claro que...\" \/>\n<meta property=\"og:url\" content=\"https:\/\/medianeeds.es\/es\/branding\/\" \/>\n<meta property=\"og:site_name\" content=\"M\u00e0rketing Reus | Media Needs Reus | Ag\u00e8ncia de publicitat Reus\" \/>\n<meta property=\"article:publisher\" content=\"https:\/\/www.facebook.com\/medianeeds.es\/\" \/>\n<meta property=\"article:published_time\" content=\"2021-02-01T15:58:41+00:00\" \/>\n<meta property=\"article:modified_time\" content=\"2021-02-01T16:13:31+00:00\" \/>\n<meta property=\"og:image\" content=\"https:\/\/medianeeds.es\/wp-content\/uploads\/2021\/02\/312-scaled.jpg\" \/>\n\t<meta property=\"og:image:width\" content=\"2560\" \/>\n\t<meta property=\"og:image:height\" content=\"1790\" \/>\n\t<meta property=\"og:image:type\" content=\"image\/jpeg\" \/>\n<meta name=\"author\" content=\"Medianeeds\" \/>\n<meta name=\"twitter:label1\" content=\"Escrito por\" \/>\n\t<meta name=\"twitter:data1\" content=\"Medianeeds\" \/>\n\t<meta name=\"twitter:label2\" content=\"Tiempo de lectura\" \/>\n\t<meta name=\"twitter:data2\" content=\"2 minutos\" \/>\n<script type=\"application\/ld+json\" class=\"yoast-schema-graph\">{\"@context\":\"https:\\\/\\\/schema.org\",\"@graph\":[{\"@type\":\"Article\",\"@id\":\"https:\\\/\\\/medianeeds.es\\\/es\\\/branding\\\/#article\",\"isPartOf\":{\"@id\":\"https:\\\/\\\/medianeeds.es\\\/es\\\/branding\\\/\"},\"author\":{\"name\":\"Medianeeds\",\"@id\":\"https:\\\/\\\/medianeeds.es\\\/#\\\/schema\\\/person\\\/6a6f2f17f283df3eeb0946feebd2af79\"},\"headline\":\"Branding\",\"datePublished\":\"2021-02-01T15:58:41+00:00\",\"dateModified\":\"2021-02-01T16:13:31+00:00\",\"mainEntityOfPage\":{\"@id\":\"https:\\\/\\\/medianeeds.es\\\/es\\\/branding\\\/\"},\"wordCount\":365,\"publisher\":{\"@id\":\"https:\\\/\\\/medianeeds.es\\\/#organization\"},\"image\":{\"@id\":\"https:\\\/\\\/medianeeds.es\\\/es\\\/branding\\\/#primaryimage\"},\"thumbnailUrl\":\"https:\\\/\\\/medianeeds.es\\\/wp-content\\\/uploads\\\/2021\\\/02\\\/312-scaled.jpg\",\"articleSection\":[\"Blog\",\"Noticias\"],\"inLanguage\":\"es\"},{\"@type\":\"WebPage\",\"@id\":\"https:\\\/\\\/medianeeds.es\\\/es\\\/branding\\\/\",\"url\":\"https:\\\/\\\/medianeeds.es\\\/es\\\/branding\\\/\",\"name\":\"Branding - Blog - Media Needs - Comunicaci\u00f3n - Noticias\",\"isPartOf\":{\"@id\":\"https:\\\/\\\/medianeeds.es\\\/#website\"},\"primaryImageOfPage\":{\"@id\":\"https:\\\/\\\/medianeeds.es\\\/es\\\/branding\\\/#primaryimage\"},\"image\":{\"@id\":\"https:\\\/\\\/medianeeds.es\\\/es\\\/branding\\\/#primaryimage\"},\"thumbnailUrl\":\"https:\\\/\\\/medianeeds.es\\\/wp-content\\\/uploads\\\/2021\\\/02\\\/312-scaled.jpg\",\"datePublished\":\"2021-02-01T15:58:41+00:00\",\"dateModified\":\"2021-02-01T16:13:31+00:00\",\"description\":\"En el blog de hoy venimos a hablaros del\u00a0Branding\u00a0y de c\u00f3mo de importante resulta para tener \u00e9xito empresarial.Hay que tener claro que...\",\"breadcrumb\":{\"@id\":\"https:\\\/\\\/medianeeds.es\\\/es\\\/branding\\\/#breadcrumb\"},\"inLanguage\":\"es\",\"potentialAction\":[{\"@type\":\"ReadAction\",\"target\":[\"https:\\\/\\\/medianeeds.es\\\/es\\\/branding\\\/\"]}]},{\"@type\":\"ImageObject\",\"inLanguage\":\"es\",\"@id\":\"https:\\\/\\\/medianeeds.es\\\/es\\\/branding\\\/#primaryimage\",\"url\":\"https:\\\/\\\/medianeeds.es\\\/wp-content\\\/uploads\\\/2021\\\/02\\\/312-scaled.jpg\",\"contentUrl\":\"https:\\\/\\\/medianeeds.es\\\/wp-content\\\/uploads\\\/2021\\\/02\\\/312-scaled.jpg\",\"width\":2560,\"height\":1790,\"caption\":\"Branding\"},{\"@type\":\"BreadcrumbList\",\"@id\":\"https:\\\/\\\/medianeeds.es\\\/es\\\/branding\\\/#breadcrumb\",\"itemListElement\":[{\"@type\":\"ListItem\",\"position\":1,\"name\":\"Portada\",\"item\":\"https:\\\/\\\/medianeeds.es\\\/\"},{\"@type\":\"ListItem\",\"position\":2,\"name\":\"Branding\"}]},{\"@type\":\"WebSite\",\"@id\":\"https:\\\/\\\/medianeeds.es\\\/#website\",\"url\":\"https:\\\/\\\/medianeeds.es\\\/\",\"name\":\"M\u00e0rketing Reus | Media Needs Reus | Ag\u00e8ncia de publicitat Reus\",\"description\":\"MediaNeeds \u00e9s una empresa especialitzada en serveis integrals de publicitat, m\u00e0rqueting on-line i community manager a Reus, Tarragona\",\"publisher\":{\"@id\":\"https:\\\/\\\/medianeeds.es\\\/#organization\"},\"alternateName\":\"Media Needs\",\"potentialAction\":[{\"@type\":\"SearchAction\",\"target\":{\"@type\":\"EntryPoint\",\"urlTemplate\":\"https:\\\/\\\/medianeeds.es\\\/?s={search_term_string}\"},\"query-input\":{\"@type\":\"PropertyValueSpecification\",\"valueRequired\":true,\"valueName\":\"search_term_string\"}}],\"inLanguage\":\"es\"},{\"@type\":\"Organization\",\"@id\":\"https:\\\/\\\/medianeeds.es\\\/#organization\",\"name\":\"M\u00e0rketing Reus | Media Needs Reus | Ag\u00e8ncia de publicitat Reus\",\"alternateName\":\"Media Needs\",\"url\":\"https:\\\/\\\/medianeeds.es\\\/\",\"logo\":{\"@type\":\"ImageObject\",\"inLanguage\":\"es\",\"@id\":\"https:\\\/\\\/medianeeds.es\\\/#\\\/schema\\\/logo\\\/image\\\/\",\"url\":\"https:\\\/\\\/medianeeds.es\\\/wp-content\\\/uploads\\\/2024\\\/06\\\/COLOR_Mesa-de-trabajo-1-copia.png\",\"contentUrl\":\"https:\\\/\\\/medianeeds.es\\\/wp-content\\\/uploads\\\/2024\\\/06\\\/COLOR_Mesa-de-trabajo-1-copia.png\",\"width\":470,\"height\":226,\"caption\":\"M\u00e0rketing Reus | Media Needs Reus | Ag\u00e8ncia de publicitat Reus\"},\"image\":{\"@id\":\"https:\\\/\\\/medianeeds.es\\\/#\\\/schema\\\/logo\\\/image\\\/\"},\"sameAs\":[\"https:\\\/\\\/www.facebook.com\\\/medianeeds.es\\\/\",\"https:\\\/\\\/x.com\\\/media_needs\",\"https:\\\/\\\/www.instagram.com\\\/medianeeds\\\/?hl=es\"]},{\"@type\":\"Person\",\"@id\":\"https:\\\/\\\/medianeeds.es\\\/#\\\/schema\\\/person\\\/6a6f2f17f283df3eeb0946feebd2af79\",\"name\":\"Medianeeds\",\"image\":{\"@type\":\"ImageObject\",\"inLanguage\":\"es\",\"@id\":\"https:\\\/\\\/secure.gravatar.com\\\/avatar\\\/442251953f111b43a4668103c7b7c09aa35690e525473fb0bb9db0681ee9c0c3?s=96&d=mm&r=g\",\"url\":\"https:\\\/\\\/secure.gravatar.com\\\/avatar\\\/442251953f111b43a4668103c7b7c09aa35690e525473fb0bb9db0681ee9c0c3?s=96&d=mm&r=g\",\"contentUrl\":\"https:\\\/\\\/secure.gravatar.com\\\/avatar\\\/442251953f111b43a4668103c7b7c09aa35690e525473fb0bb9db0681ee9c0c3?s=96&d=mm&r=g\",\"caption\":\"Medianeeds\"},\"url\":\"https:\\\/\\\/medianeeds.es\\\/es\\\/author\\\/medianeeds\\\/\"}]}<\/script>\n<!-- \/ Yoast SEO plugin. -->","yoast_head_json":{"title":"Branding - Blog - Media Needs - Comunicaci\u00f3n - Noticias","description":"En el blog de hoy venimos a hablaros del\u00a0Branding\u00a0y de c\u00f3mo de importante resulta para tener \u00e9xito empresarial.Hay que tener claro que...","robots":{"index":"index","follow":"follow","max-snippet":"max-snippet:-1","max-image-preview":"max-image-preview:large","max-video-preview":"max-video-preview:-1"},"canonical":"https:\/\/medianeeds.es\/es\/branding\/","og_locale":"es_ES","og_type":"article","og_title":"Branding - Blog - Media Needs - Comunicaci\u00f3n - Noticias","og_description":"En el blog de hoy venimos a hablaros del\u00a0Branding\u00a0y de c\u00f3mo de importante resulta para tener \u00e9xito empresarial.Hay que tener claro que...","og_url":"https:\/\/medianeeds.es\/es\/branding\/","og_site_name":"M\u00e0rketing Reus | Media Needs Reus | Ag\u00e8ncia de publicitat Reus","article_publisher":"https:\/\/www.facebook.com\/medianeeds.es\/","article_published_time":"2021-02-01T15:58:41+00:00","article_modified_time":"2021-02-01T16:13:31+00:00","og_image":[{"width":2560,"height":1790,"url":"https:\/\/medianeeds.es\/wp-content\/uploads\/2021\/02\/312-scaled.jpg","type":"image\/jpeg"}],"author":"Medianeeds","twitter_misc":{"Escrito por":"Medianeeds","Tiempo de lectura":"2 minutos"},"schema":{"@context":"https:\/\/schema.org","@graph":[{"@type":"Article","@id":"https:\/\/medianeeds.es\/es\/branding\/#article","isPartOf":{"@id":"https:\/\/medianeeds.es\/es\/branding\/"},"author":{"name":"Medianeeds","@id":"https:\/\/medianeeds.es\/#\/schema\/person\/6a6f2f17f283df3eeb0946feebd2af79"},"headline":"Branding","datePublished":"2021-02-01T15:58:41+00:00","dateModified":"2021-02-01T16:13:31+00:00","mainEntityOfPage":{"@id":"https:\/\/medianeeds.es\/es\/branding\/"},"wordCount":365,"publisher":{"@id":"https:\/\/medianeeds.es\/#organization"},"image":{"@id":"https:\/\/medianeeds.es\/es\/branding\/#primaryimage"},"thumbnailUrl":"https:\/\/medianeeds.es\/wp-content\/uploads\/2021\/02\/312-scaled.jpg","articleSection":["Blog","Noticias"],"inLanguage":"es"},{"@type":"WebPage","@id":"https:\/\/medianeeds.es\/es\/branding\/","url":"https:\/\/medianeeds.es\/es\/branding\/","name":"Branding - Blog - Media Needs - Comunicaci\u00f3n - Noticias","isPartOf":{"@id":"https:\/\/medianeeds.es\/#website"},"primaryImageOfPage":{"@id":"https:\/\/medianeeds.es\/es\/branding\/#primaryimage"},"image":{"@id":"https:\/\/medianeeds.es\/es\/branding\/#primaryimage"},"thumbnailUrl":"https:\/\/medianeeds.es\/wp-content\/uploads\/2021\/02\/312-scaled.jpg","datePublished":"2021-02-01T15:58:41+00:00","dateModified":"2021-02-01T16:13:31+00:00","description":"En el blog de hoy venimos a hablaros del\u00a0Branding\u00a0y de c\u00f3mo de importante resulta para tener \u00e9xito empresarial.Hay que tener claro que...","breadcrumb":{"@id":"https:\/\/medianeeds.es\/es\/branding\/#breadcrumb"},"inLanguage":"es","potentialAction":[{"@type":"ReadAction","target":["https:\/\/medianeeds.es\/es\/branding\/"]}]},{"@type":"ImageObject","inLanguage":"es","@id":"https:\/\/medianeeds.es\/es\/branding\/#primaryimage","url":"https:\/\/medianeeds.es\/wp-content\/uploads\/2021\/02\/312-scaled.jpg","contentUrl":"https:\/\/medianeeds.es\/wp-content\/uploads\/2021\/02\/312-scaled.jpg","width":2560,"height":1790,"caption":"Branding"},{"@type":"BreadcrumbList","@id":"https:\/\/medianeeds.es\/es\/branding\/#breadcrumb","itemListElement":[{"@type":"ListItem","position":1,"name":"Portada","item":"https:\/\/medianeeds.es\/"},{"@type":"ListItem","position":2,"name":"Branding"}]},{"@type":"WebSite","@id":"https:\/\/medianeeds.es\/#website","url":"https:\/\/medianeeds.es\/","name":"M\u00e0rketing Reus | Media Needs Reus | Ag\u00e8ncia de publicitat Reus","description":"MediaNeeds \u00e9s una empresa especialitzada en serveis integrals de publicitat, m\u00e0rqueting on-line i community manager a Reus, Tarragona","publisher":{"@id":"https:\/\/medianeeds.es\/#organization"},"alternateName":"Media Needs","potentialAction":[{"@type":"SearchAction","target":{"@type":"EntryPoint","urlTemplate":"https:\/\/medianeeds.es\/?s={search_term_string}"},"query-input":{"@type":"PropertyValueSpecification","valueRequired":true,"valueName":"search_term_string"}}],"inLanguage":"es"},{"@type":"Organization","@id":"https:\/\/medianeeds.es\/#organization","name":"M\u00e0rketing Reus | Media Needs Reus | Ag\u00e8ncia de publicitat Reus","alternateName":"Media Needs","url":"https:\/\/medianeeds.es\/","logo":{"@type":"ImageObject","inLanguage":"es","@id":"https:\/\/medianeeds.es\/#\/schema\/logo\/image\/","url":"https:\/\/medianeeds.es\/wp-content\/uploads\/2024\/06\/COLOR_Mesa-de-trabajo-1-copia.png","contentUrl":"https:\/\/medianeeds.es\/wp-content\/uploads\/2024\/06\/COLOR_Mesa-de-trabajo-1-copia.png","width":470,"height":226,"caption":"M\u00e0rketing Reus | Media Needs Reus | Ag\u00e8ncia de publicitat Reus"},"image":{"@id":"https:\/\/medianeeds.es\/#\/schema\/logo\/image\/"},"sameAs":["https:\/\/www.facebook.com\/medianeeds.es\/","https:\/\/x.com\/media_needs","https:\/\/www.instagram.com\/medianeeds\/?hl=es"]},{"@type":"Person","@id":"https:\/\/medianeeds.es\/#\/schema\/person\/6a6f2f17f283df3eeb0946feebd2af79","name":"Medianeeds","image":{"@type":"ImageObject","inLanguage":"es","@id":"https:\/\/secure.gravatar.com\/avatar\/442251953f111b43a4668103c7b7c09aa35690e525473fb0bb9db0681ee9c0c3?s=96&d=mm&r=g","url":"https:\/\/secure.gravatar.com\/avatar\/442251953f111b43a4668103c7b7c09aa35690e525473fb0bb9db0681ee9c0c3?s=96&d=mm&r=g","contentUrl":"https:\/\/secure.gravatar.com\/avatar\/442251953f111b43a4668103c7b7c09aa35690e525473fb0bb9db0681ee9c0c3?s=96&d=mm&r=g","caption":"Medianeeds"},"url":"https:\/\/medianeeds.es\/es\/author\/medianeeds\/"}]}},"_links":{"self":[{"href":"https:\/\/medianeeds.es\/es\/wp-json\/wp\/v2\/posts\/16642","targetHints":{"allow":["GET"]}}],"collection":[{"href":"https:\/\/medianeeds.es\/es\/wp-json\/wp\/v2\/posts"}],"about":[{"href":"https:\/\/medianeeds.es\/es\/wp-json\/wp\/v2\/types\/post"}],"author":[{"embeddable":true,"href":"https:\/\/medianeeds.es\/es\/wp-json\/wp\/v2\/users\/1"}],"replies":[{"embeddable":true,"href":"https:\/\/medianeeds.es\/es\/wp-json\/wp\/v2\/comments?post=16642"}],"version-history":[{"count":2,"href":"https:\/\/medianeeds.es\/es\/wp-json\/wp\/v2\/posts\/16642\/revisions"}],"predecessor-version":[{"id":16644,"href":"https:\/\/medianeeds.es\/es\/wp-json\/wp\/v2\/posts\/16642\/revisions\/16644"}],"wp:featuredmedia":[{"embeddable":true,"href":"https:\/\/medianeeds.es\/es\/wp-json\/wp\/v2\/media\/16640"}],"wp:attachment":[{"href":"https:\/\/medianeeds.es\/es\/wp-json\/wp\/v2\/media?parent=16642"}],"wp:term":[{"taxonomy":"category","embeddable":true,"href":"https:\/\/medianeeds.es\/es\/wp-json\/wp\/v2\/categories?post=16642"},{"taxonomy":"post_tag","embeddable":true,"href":"https:\/\/medianeeds.es\/es\/wp-json\/wp\/v2\/tags?post=16642"}],"curies":[{"name":"wp","href":"https:\/\/api.w.org\/{rel}","templated":true}]}}