{"id":16621,"date":"2021-01-26T10:02:20","date_gmt":"2021-01-26T10:02:20","guid":{"rendered":"https:\/\/medianeeds.es\/?p=16621"},"modified":"2021-01-26T10:02:20","modified_gmt":"2021-01-26T10:02:20","slug":"el-boom-digital","status":"publish","type":"post","link":"https:\/\/medianeeds.es\/es\/el-boom-digital\/","title":{"rendered":"El boom digital"},"content":{"rendered":"<h2>El boom digital<\/h2>\n<p>Ya hace 38 a\u00f1os de la llegada de internet, y a pesar de que la era digital no ha dejado nunca de subir pelda\u00f1os, en este \u00faltimo a\u00f1o y debido en gran parte a la pandemia, ha experimentado un boom hist\u00f3rico.<\/p>\n<p>Pues s\u00ed, como en todo siempre hay dos caras de la moneda, y a pesar de que la llegada del Coronavirus ha sido una cat\u00e1strofe mundial de la cual todav\u00eda no nos hemos rehecho. La realidad es que para los creadores de contenidos, plataformas digitales o tiendas online, la pandemia ha sido un bien colateral para su econom\u00eda.<\/p>\n<h3>\n<p>La importancia de estar digitalizados<\/h3>\n<p>Y es que esta situaci\u00f3n solo ha hecho que poner en relevancia la importancia de estar digitalizados, y ha obligado a muchas empresas a pulsar el acelerador en lo que a digitalizaci\u00f3n se refiere.<\/p>\n<p>Empresas como Amazon por ejemplo, dispar\u00f3 las ganancias hasta un 69% m\u00e1s respecto al a\u00f1o anterior, lo mismo sucede con Netflix que aument\u00f3 un 31% los subscriptores en comparaci\u00f3n con el 2019, y las compras en l\u00ednea crecieron un 46% entre los consumidores.<\/p>\n<h2>\n<p>7 de cada 10 empresas han dado el paso al digital<\/h2>\n<p>Dentro de este escenario y como avanz\u00e1bamos anteriormente, 7 de cada 10 empresas que se resist\u00edan a la digitalizaci\u00f3n, han hecho el cambio en esta pandemia.<\/p>\n<p>Y en este sentido, las empresas de Marketing y publicidad, hemos tenido que apoyar a todos aquellas peque\u00f1as y medianas empresarios que se enfrentaban al cambio con incertidumbre, pero aceptando que hoy en d\u00eda \u00abno hay otra opci\u00f3n\u00bb para sobrevivir que hacerse un espacio en el mundo digital.<\/p>\n<p>En <a href=\"https:\/\/medianeeds.es\/\">Media\u00a0Needs<\/a> hace a\u00f1os que apoyamos, asesoramos y gestionamos la comunicaci\u00f3n digital de peque\u00f1as y medianas empresas, y ahora m\u00e1s que nunca nos debemos a vosotros y estamos a vuestra disposici\u00f3n para ayudaros en la transici\u00f3n.<\/p>\n<p>Si sois una peque\u00f1a o mediana empresa, y no sab\u00e9is por donde empezar&#8230; \u00a1Contactad con nosotros, estaremos encantados de ayudaros!<\/p>\n","protected":false},"excerpt":{"rendered":"<p>El boom digital Ya hace 38 a\u00f1os de la llegada de internet, y a pesar de que la era digital no ha dejado nunca de subir pelda\u00f1os, en este \u00faltimo a\u00f1o y debido en gran parte a la pandemia, ha experimentado un boom hist\u00f3rico. Pues s\u00ed, como en todo siempre hay dos caras de la [&hellip;]<\/p>\n","protected":false},"author":1,"featured_media":16619,"comment_status":"closed","ping_status":"closed","sticky":false,"template":"","format":"standard","meta":{"_et_pb_use_builder":"","_et_pb_old_content":"","_et_gb_content_width":"","footnotes":""},"categories":[252],"tags":[],"class_list":["post-16621","post","type-post","status-publish","format-standard","has-post-thumbnail","hentry","category-noticias"],"yoast_head":"<!-- This site is optimized with the Yoast SEO plugin v27.4 - https:\/\/yoast.com\/product\/yoast-seo-wordpress\/ -->\n<title>El boom digital - Blog - Media Needs - Comunicaci\u00f3n<\/title>\n<meta name=\"description\" content=\"La era digital no ha dejado nunca de subir pelda\u00f1os, en este \u00faltimo a\u00f1o y debido en gran parte a la pandemia, ha experimentado un boom hist\u00f3rico.\" \/>\n<meta name=\"robots\" content=\"index, follow, max-snippet:-1, max-image-preview:large, max-video-preview:-1\" \/>\n<link rel=\"canonical\" href=\"https:\/\/medianeeds.es\/es\/el-boom-digital\/\" \/>\n<meta property=\"og:locale\" content=\"es_ES\" \/>\n<meta property=\"og:type\" content=\"article\" \/>\n<meta property=\"og:title\" content=\"El boom digital - Blog - Media Needs - Comunicaci\u00f3n\" \/>\n<meta property=\"og:description\" content=\"La era digital no ha dejado nunca de subir pelda\u00f1os, en este \u00faltimo a\u00f1o y debido en gran parte a la pandemia, ha experimentado un boom hist\u00f3rico.\" \/>\n<meta property=\"og:url\" content=\"https:\/\/medianeeds.es\/es\/el-boom-digital\/\" \/>\n<meta property=\"og:site_name\" content=\"M\u00e0rketing Reus | Media Needs Reus | Ag\u00e8ncia de publicitat Reus\" \/>\n<meta property=\"article:publisher\" content=\"https:\/\/www.facebook.com\/medianeeds.es\/\" \/>\n<meta property=\"article:published_time\" content=\"2021-01-26T10:02:20+00:00\" \/>\n<meta property=\"og:image\" content=\"https:\/\/medianeeds.es\/wp-content\/uploads\/2021\/01\/w2.jpg\" \/>\n\t<meta property=\"og:image:width\" content=\"400\" \/>\n\t<meta property=\"og:image:height\" content=\"250\" \/>\n\t<meta property=\"og:image:type\" content=\"image\/jpeg\" \/>\n<meta name=\"author\" content=\"Medianeeds\" \/>\n<meta name=\"twitter:label1\" content=\"Escrito por\" \/>\n\t<meta name=\"twitter:data1\" content=\"Medianeeds\" \/>\n\t<meta name=\"twitter:label2\" content=\"Tiempo de lectura\" \/>\n\t<meta name=\"twitter:data2\" content=\"2 minutos\" \/>\n<script type=\"application\/ld+json\" class=\"yoast-schema-graph\">{\"@context\":\"https:\\\/\\\/schema.org\",\"@graph\":[{\"@type\":\"Article\",\"@id\":\"https:\\\/\\\/medianeeds.es\\\/es\\\/el-boom-digital\\\/#article\",\"isPartOf\":{\"@id\":\"https:\\\/\\\/medianeeds.es\\\/es\\\/el-boom-digital\\\/\"},\"author\":{\"name\":\"Medianeeds\",\"@id\":\"https:\\\/\\\/medianeeds.es\\\/#\\\/schema\\\/person\\\/6a6f2f17f283df3eeb0946feebd2af79\"},\"headline\":\"El boom digital\",\"datePublished\":\"2021-01-26T10:02:20+00:00\",\"mainEntityOfPage\":{\"@id\":\"https:\\\/\\\/medianeeds.es\\\/es\\\/el-boom-digital\\\/\"},\"wordCount\":347,\"publisher\":{\"@id\":\"https:\\\/\\\/medianeeds.es\\\/#organization\"},\"image\":{\"@id\":\"https:\\\/\\\/medianeeds.es\\\/es\\\/el-boom-digital\\\/#primaryimage\"},\"thumbnailUrl\":\"https:\\\/\\\/medianeeds.es\\\/wp-content\\\/uploads\\\/2021\\\/01\\\/w2.jpg\",\"articleSection\":[\"Noticias\"],\"inLanguage\":\"es\"},{\"@type\":\"WebPage\",\"@id\":\"https:\\\/\\\/medianeeds.es\\\/es\\\/el-boom-digital\\\/\",\"url\":\"https:\\\/\\\/medianeeds.es\\\/es\\\/el-boom-digital\\\/\",\"name\":\"El boom digital - Blog - Media Needs - Comunicaci\u00f3n\",\"isPartOf\":{\"@id\":\"https:\\\/\\\/medianeeds.es\\\/#website\"},\"primaryImageOfPage\":{\"@id\":\"https:\\\/\\\/medianeeds.es\\\/es\\\/el-boom-digital\\\/#primaryimage\"},\"image\":{\"@id\":\"https:\\\/\\\/medianeeds.es\\\/es\\\/el-boom-digital\\\/#primaryimage\"},\"thumbnailUrl\":\"https:\\\/\\\/medianeeds.es\\\/wp-content\\\/uploads\\\/2021\\\/01\\\/w2.jpg\",\"datePublished\":\"2021-01-26T10:02:20+00:00\",\"description\":\"La era digital no ha dejado nunca de subir pelda\u00f1os, en este \u00faltimo a\u00f1o y debido en gran parte a la pandemia, ha experimentado un boom hist\u00f3rico.\",\"breadcrumb\":{\"@id\":\"https:\\\/\\\/medianeeds.es\\\/es\\\/el-boom-digital\\\/#breadcrumb\"},\"inLanguage\":\"es\",\"potentialAction\":[{\"@type\":\"ReadAction\",\"target\":[\"https:\\\/\\\/medianeeds.es\\\/es\\\/el-boom-digital\\\/\"]}]},{\"@type\":\"ImageObject\",\"inLanguage\":\"es\",\"@id\":\"https:\\\/\\\/medianeeds.es\\\/es\\\/el-boom-digital\\\/#primaryimage\",\"url\":\"https:\\\/\\\/medianeeds.es\\\/wp-content\\\/uploads\\\/2021\\\/01\\\/w2.jpg\",\"contentUrl\":\"https:\\\/\\\/medianeeds.es\\\/wp-content\\\/uploads\\\/2021\\\/01\\\/w2.jpg\",\"width\":400,\"height\":250,\"caption\":\"Digital\"},{\"@type\":\"BreadcrumbList\",\"@id\":\"https:\\\/\\\/medianeeds.es\\\/es\\\/el-boom-digital\\\/#breadcrumb\",\"itemListElement\":[{\"@type\":\"ListItem\",\"position\":1,\"name\":\"Portada\",\"item\":\"https:\\\/\\\/medianeeds.es\\\/\"},{\"@type\":\"ListItem\",\"position\":2,\"name\":\"El boom digital\"}]},{\"@type\":\"WebSite\",\"@id\":\"https:\\\/\\\/medianeeds.es\\\/#website\",\"url\":\"https:\\\/\\\/medianeeds.es\\\/\",\"name\":\"M\u00e0rketing Reus | Media Needs Reus | Ag\u00e8ncia de publicitat Reus\",\"description\":\"MediaNeeds \u00e9s una empresa especialitzada en serveis integrals de publicitat, m\u00e0rqueting on-line i community manager a Reus, Tarragona\",\"publisher\":{\"@id\":\"https:\\\/\\\/medianeeds.es\\\/#organization\"},\"alternateName\":\"Media Needs\",\"potentialAction\":[{\"@type\":\"SearchAction\",\"target\":{\"@type\":\"EntryPoint\",\"urlTemplate\":\"https:\\\/\\\/medianeeds.es\\\/?s={search_term_string}\"},\"query-input\":{\"@type\":\"PropertyValueSpecification\",\"valueRequired\":true,\"valueName\":\"search_term_string\"}}],\"inLanguage\":\"es\"},{\"@type\":\"Organization\",\"@id\":\"https:\\\/\\\/medianeeds.es\\\/#organization\",\"name\":\"M\u00e0rketing Reus | Media Needs Reus | Ag\u00e8ncia de publicitat Reus\",\"alternateName\":\"Media Needs\",\"url\":\"https:\\\/\\\/medianeeds.es\\\/\",\"logo\":{\"@type\":\"ImageObject\",\"inLanguage\":\"es\",\"@id\":\"https:\\\/\\\/medianeeds.es\\\/#\\\/schema\\\/logo\\\/image\\\/\",\"url\":\"https:\\\/\\\/medianeeds.es\\\/wp-content\\\/uploads\\\/2024\\\/06\\\/COLOR_Mesa-de-trabajo-1-copia.png\",\"contentUrl\":\"https:\\\/\\\/medianeeds.es\\\/wp-content\\\/uploads\\\/2024\\\/06\\\/COLOR_Mesa-de-trabajo-1-copia.png\",\"width\":470,\"height\":226,\"caption\":\"M\u00e0rketing Reus | Media Needs Reus | Ag\u00e8ncia de publicitat Reus\"},\"image\":{\"@id\":\"https:\\\/\\\/medianeeds.es\\\/#\\\/schema\\\/logo\\\/image\\\/\"},\"sameAs\":[\"https:\\\/\\\/www.facebook.com\\\/medianeeds.es\\\/\",\"https:\\\/\\\/x.com\\\/media_needs\",\"https:\\\/\\\/www.instagram.com\\\/medianeeds\\\/?hl=es\"]},{\"@type\":\"Person\",\"@id\":\"https:\\\/\\\/medianeeds.es\\\/#\\\/schema\\\/person\\\/6a6f2f17f283df3eeb0946feebd2af79\",\"name\":\"Medianeeds\",\"image\":{\"@type\":\"ImageObject\",\"inLanguage\":\"es\",\"@id\":\"https:\\\/\\\/secure.gravatar.com\\\/avatar\\\/442251953f111b43a4668103c7b7c09aa35690e525473fb0bb9db0681ee9c0c3?s=96&d=mm&r=g\",\"url\":\"https:\\\/\\\/secure.gravatar.com\\\/avatar\\\/442251953f111b43a4668103c7b7c09aa35690e525473fb0bb9db0681ee9c0c3?s=96&d=mm&r=g\",\"contentUrl\":\"https:\\\/\\\/secure.gravatar.com\\\/avatar\\\/442251953f111b43a4668103c7b7c09aa35690e525473fb0bb9db0681ee9c0c3?s=96&d=mm&r=g\",\"caption\":\"Medianeeds\"},\"url\":\"https:\\\/\\\/medianeeds.es\\\/es\\\/author\\\/medianeeds\\\/\"}]}<\/script>\n<!-- \/ Yoast SEO plugin. -->","yoast_head_json":{"title":"El boom digital - Blog - Media Needs - Comunicaci\u00f3n","description":"La era digital no ha dejado nunca de subir pelda\u00f1os, en este \u00faltimo a\u00f1o y debido en gran parte a la pandemia, ha experimentado un boom hist\u00f3rico.","robots":{"index":"index","follow":"follow","max-snippet":"max-snippet:-1","max-image-preview":"max-image-preview:large","max-video-preview":"max-video-preview:-1"},"canonical":"https:\/\/medianeeds.es\/es\/el-boom-digital\/","og_locale":"es_ES","og_type":"article","og_title":"El boom digital - Blog - Media Needs - Comunicaci\u00f3n","og_description":"La era digital no ha dejado nunca de subir pelda\u00f1os, en este \u00faltimo a\u00f1o y debido en gran parte a la pandemia, ha experimentado un boom hist\u00f3rico.","og_url":"https:\/\/medianeeds.es\/es\/el-boom-digital\/","og_site_name":"M\u00e0rketing Reus | Media Needs Reus | Ag\u00e8ncia de publicitat Reus","article_publisher":"https:\/\/www.facebook.com\/medianeeds.es\/","article_published_time":"2021-01-26T10:02:20+00:00","og_image":[{"width":400,"height":250,"url":"https:\/\/medianeeds.es\/wp-content\/uploads\/2021\/01\/w2.jpg","type":"image\/jpeg"}],"author":"Medianeeds","twitter_misc":{"Escrito por":"Medianeeds","Tiempo de lectura":"2 minutos"},"schema":{"@context":"https:\/\/schema.org","@graph":[{"@type":"Article","@id":"https:\/\/medianeeds.es\/es\/el-boom-digital\/#article","isPartOf":{"@id":"https:\/\/medianeeds.es\/es\/el-boom-digital\/"},"author":{"name":"Medianeeds","@id":"https:\/\/medianeeds.es\/#\/schema\/person\/6a6f2f17f283df3eeb0946feebd2af79"},"headline":"El boom digital","datePublished":"2021-01-26T10:02:20+00:00","mainEntityOfPage":{"@id":"https:\/\/medianeeds.es\/es\/el-boom-digital\/"},"wordCount":347,"publisher":{"@id":"https:\/\/medianeeds.es\/#organization"},"image":{"@id":"https:\/\/medianeeds.es\/es\/el-boom-digital\/#primaryimage"},"thumbnailUrl":"https:\/\/medianeeds.es\/wp-content\/uploads\/2021\/01\/w2.jpg","articleSection":["Noticias"],"inLanguage":"es"},{"@type":"WebPage","@id":"https:\/\/medianeeds.es\/es\/el-boom-digital\/","url":"https:\/\/medianeeds.es\/es\/el-boom-digital\/","name":"El boom digital - Blog - Media Needs - Comunicaci\u00f3n","isPartOf":{"@id":"https:\/\/medianeeds.es\/#website"},"primaryImageOfPage":{"@id":"https:\/\/medianeeds.es\/es\/el-boom-digital\/#primaryimage"},"image":{"@id":"https:\/\/medianeeds.es\/es\/el-boom-digital\/#primaryimage"},"thumbnailUrl":"https:\/\/medianeeds.es\/wp-content\/uploads\/2021\/01\/w2.jpg","datePublished":"2021-01-26T10:02:20+00:00","description":"La era digital no ha dejado nunca de subir pelda\u00f1os, en este \u00faltimo a\u00f1o y debido en gran parte a la pandemia, ha experimentado un boom hist\u00f3rico.","breadcrumb":{"@id":"https:\/\/medianeeds.es\/es\/el-boom-digital\/#breadcrumb"},"inLanguage":"es","potentialAction":[{"@type":"ReadAction","target":["https:\/\/medianeeds.es\/es\/el-boom-digital\/"]}]},{"@type":"ImageObject","inLanguage":"es","@id":"https:\/\/medianeeds.es\/es\/el-boom-digital\/#primaryimage","url":"https:\/\/medianeeds.es\/wp-content\/uploads\/2021\/01\/w2.jpg","contentUrl":"https:\/\/medianeeds.es\/wp-content\/uploads\/2021\/01\/w2.jpg","width":400,"height":250,"caption":"Digital"},{"@type":"BreadcrumbList","@id":"https:\/\/medianeeds.es\/es\/el-boom-digital\/#breadcrumb","itemListElement":[{"@type":"ListItem","position":1,"name":"Portada","item":"https:\/\/medianeeds.es\/"},{"@type":"ListItem","position":2,"name":"El boom digital"}]},{"@type":"WebSite","@id":"https:\/\/medianeeds.es\/#website","url":"https:\/\/medianeeds.es\/","name":"M\u00e0rketing Reus | Media Needs Reus | Ag\u00e8ncia de publicitat Reus","description":"MediaNeeds \u00e9s una empresa especialitzada en serveis integrals de publicitat, m\u00e0rqueting on-line i community manager a Reus, Tarragona","publisher":{"@id":"https:\/\/medianeeds.es\/#organization"},"alternateName":"Media Needs","potentialAction":[{"@type":"SearchAction","target":{"@type":"EntryPoint","urlTemplate":"https:\/\/medianeeds.es\/?s={search_term_string}"},"query-input":{"@type":"PropertyValueSpecification","valueRequired":true,"valueName":"search_term_string"}}],"inLanguage":"es"},{"@type":"Organization","@id":"https:\/\/medianeeds.es\/#organization","name":"M\u00e0rketing Reus | Media Needs Reus | Ag\u00e8ncia de publicitat Reus","alternateName":"Media Needs","url":"https:\/\/medianeeds.es\/","logo":{"@type":"ImageObject","inLanguage":"es","@id":"https:\/\/medianeeds.es\/#\/schema\/logo\/image\/","url":"https:\/\/medianeeds.es\/wp-content\/uploads\/2024\/06\/COLOR_Mesa-de-trabajo-1-copia.png","contentUrl":"https:\/\/medianeeds.es\/wp-content\/uploads\/2024\/06\/COLOR_Mesa-de-trabajo-1-copia.png","width":470,"height":226,"caption":"M\u00e0rketing Reus | Media Needs Reus | Ag\u00e8ncia de publicitat Reus"},"image":{"@id":"https:\/\/medianeeds.es\/#\/schema\/logo\/image\/"},"sameAs":["https:\/\/www.facebook.com\/medianeeds.es\/","https:\/\/x.com\/media_needs","https:\/\/www.instagram.com\/medianeeds\/?hl=es"]},{"@type":"Person","@id":"https:\/\/medianeeds.es\/#\/schema\/person\/6a6f2f17f283df3eeb0946feebd2af79","name":"Medianeeds","image":{"@type":"ImageObject","inLanguage":"es","@id":"https:\/\/secure.gravatar.com\/avatar\/442251953f111b43a4668103c7b7c09aa35690e525473fb0bb9db0681ee9c0c3?s=96&d=mm&r=g","url":"https:\/\/secure.gravatar.com\/avatar\/442251953f111b43a4668103c7b7c09aa35690e525473fb0bb9db0681ee9c0c3?s=96&d=mm&r=g","contentUrl":"https:\/\/secure.gravatar.com\/avatar\/442251953f111b43a4668103c7b7c09aa35690e525473fb0bb9db0681ee9c0c3?s=96&d=mm&r=g","caption":"Medianeeds"},"url":"https:\/\/medianeeds.es\/es\/author\/medianeeds\/"}]}},"_links":{"self":[{"href":"https:\/\/medianeeds.es\/es\/wp-json\/wp\/v2\/posts\/16621","targetHints":{"allow":["GET"]}}],"collection":[{"href":"https:\/\/medianeeds.es\/es\/wp-json\/wp\/v2\/posts"}],"about":[{"href":"https:\/\/medianeeds.es\/es\/wp-json\/wp\/v2\/types\/post"}],"author":[{"embeddable":true,"href":"https:\/\/medianeeds.es\/es\/wp-json\/wp\/v2\/users\/1"}],"replies":[{"embeddable":true,"href":"https:\/\/medianeeds.es\/es\/wp-json\/wp\/v2\/comments?post=16621"}],"version-history":[{"count":1,"href":"https:\/\/medianeeds.es\/es\/wp-json\/wp\/v2\/posts\/16621\/revisions"}],"predecessor-version":[{"id":16622,"href":"https:\/\/medianeeds.es\/es\/wp-json\/wp\/v2\/posts\/16621\/revisions\/16622"}],"wp:featuredmedia":[{"embeddable":true,"href":"https:\/\/medianeeds.es\/es\/wp-json\/wp\/v2\/media\/16619"}],"wp:attachment":[{"href":"https:\/\/medianeeds.es\/es\/wp-json\/wp\/v2\/media?parent=16621"}],"wp:term":[{"taxonomy":"category","embeddable":true,"href":"https:\/\/medianeeds.es\/es\/wp-json\/wp\/v2\/categories?post=16621"},{"taxonomy":"post_tag","embeddable":true,"href":"https:\/\/medianeeds.es\/es\/wp-json\/wp\/v2\/tags?post=16621"}],"curies":[{"name":"wp","href":"https:\/\/api.w.org\/{rel}","templated":true}]}}