{"id":15229,"date":"2020-07-17T10:56:27","date_gmt":"2020-07-17T10:56:27","guid":{"rendered":"https:\/\/medianeeds.es\/on-van-les-meves-dades\/"},"modified":"2020-07-17T11:08:24","modified_gmt":"2020-07-17T11:08:24","slug":"on-van-les-meves-dades","status":"publish","type":"post","link":"https:\/\/medianeeds.es\/es\/on-van-les-meves-dades\/","title":{"rendered":"\u00bfA d\u00f3nde van mis datos?"},"content":{"rendered":"<p class=\"p1\">No es ninguna novedad que la tecnolog\u00eda cada vez ocupa m\u00e1s espacio y protagonismo en nuestras vidas. Uno de los \u00e1mbitos a los que m\u00e1s ha influido es la manera de comunicarnos, ofreci\u00e9ndonos d\u00eda tras d\u00eda nuevas formas de comunicaci\u00f3n nunca antes contempladas. <strong>Correos electr\u00f3nicos, llamadas, mensajes de Whatsapp, notas de voz, fotograf\u00edas\u2026 Cada vez son m\u00e1s los formatos que utilizamos para relacionarnos con el resto del mundo.<\/strong> Aun as\u00ed, no debemos olvidar que todos estos contenidos no se destruyen una vez son recibidos, sino que nuestra informaci\u00f3n queda almacenada. De este modo, sabiendo esto puede llegar el momento en el que nos preguntemos: <strong>\u00bfa d\u00f3nde van mis datos? La respuesta son los centros de datos, de los que hablaremos a continuaci\u00f3n.<\/strong><\/p>\n<p class=\"p1\">En primer lugar, los <i>data centers<\/i> o centros de datos son espacios de grandes dimensiones que cumplen los recursos necesarios para el procesamiento y almacenamiento de los datos que re\u00fane una empresa o particular.<\/p>\n<p class=\"p1\">Estas instalaciones son una soluci\u00f3n y una necesidad para muchos negocios, des de una pyme hasta una empresa que opera a nivel mundial. Adem\u00e1s, estos centros pueden ser f\u00edsicos o virtuales, lo que com\u00fanmente conocemos como \u201cla nube\u201d.<\/p>\n<p>&nbsp;<\/p>\n<h5 class=\"p1\"><strong>Decidir o no si implementar un <i>data center<\/i> propio es una decisi\u00f3n que requiere una inversi\u00f3n considerable. Para hacerlo ser\u00e1 necesario tener en cuenta muchos aspectos. Por ejemplo, el espacio disponible, los equipos necesarios para almacenar el volumen de datos con el que queremos trabajar o el personal adecuado para el mantenimiento y gesti\u00f3n del centro.<\/strong><\/h5>\n<p>&nbsp;<\/p>\n<p class=\"p1\"><strong>Aparte de esto, la ubicaci\u00f3n de estos centros no es cuesti\u00f3n de azar, sino de estrategia.<\/strong> Los factores que determinan el lugar donde se ubica un centro de datos son muchos. Por ejemplo, hay que considerar la necesidad de una continua refrigeraci\u00f3n de los equipos para evitar el sobrecalentamiento, o la proximidad a los usuarios para evitar que la informaci\u00f3n tenga que viajar distancias muy extensas.<\/p>\n<p class=\"p1\">As\u00ed, como pod\u00e9is ver, la construcci\u00f3n de un <i>data center<\/i> debe responder a muchas necesidades que no son f\u00e1ciles de asumir. Es por esto que <strong>hay muchos centros de datos en los paraderos m\u00e1s inh\u00f3spitos del mundo.<\/strong> A continuaci\u00f3n os explicaremos algunos de ellos:<\/p>\n<h5 class=\"p1\"><strong>Facebook en el C\u00edrculo Polar \u00c1rtico<\/strong><\/h5>\n<p class=\"p1\">Uno de los centros de datos m\u00e1s importantes de Facebook est\u00e1 en Lulea, una ciudad sueca. Su baja temperatura hace posible un gran ahorro ya que los equipos se refrigeran de forma natural.<\/p>\n<p>&nbsp;<\/p>\n<p>Foto: <a href=\"https:\/\/www.facebook.com\/pg\/LuleaDataCenter\/photos\/\">Facebook Lulea Data Center<\/a><\/p>\n<p><img decoding=\"async\" src=\"https:\/\/scontent-mad1-1.xx.fbcdn.net\/v\/t1.0-9\/p960x960\/53209753_1977543772314301_7159137757133012992_o.jpg?_nc_cat=104&amp;_nc_sid=85a577&amp;_nc_ohc=kz6hZ-wYwF4AX-_f8aa&amp;_nc_ht=scontent-mad1-1.xx&amp;_nc_tp=6&amp;oh=c89a9d8dde4866f15c78d57df5a55858&amp;oe=5F36FCD4\" alt=\"La imagen puede contener: hierba, cielo y exterior\" \/><\/p>\n<h5><\/h5>\n<h5 class=\"p1\"><strong>Microsoft, bajo el agua<\/strong><\/h5>\n<p class=\"p1\">\u201cProject Natick\u201d es un proyecto de Microsoft que consiste en ubicar un centro de datos bajo el mar. La decisi\u00f3n de escoger el fondo marino como ubicaci\u00f3n de un centro de datos tan importante como el de Microsoft se justifica en el uso del agua del oc\u00e9ano como m\u00e9todo de refrigeraci\u00f3n.<\/p>\n<p class=\"p1\">Si ya parece impactante pensar que un <i>data center<\/i> se encuentra a casi 36 metros de profundidad, \u00bfqu\u00e9 os parece que est\u00e9 dise\u00f1ado para operar sin ning\u00fan mantenimiento durante 5 a\u00f1os?<\/p>\n<p>Foto: <a href=\"https:\/\/www.xataka.com\/empresas-y-economia\/microsoft-acaba-meter-fondo-oceano-centro-datos-864-servidores-que-so-utiliza-energi-renovable\">Xataka.com<\/a><\/p>\n<p><img decoding=\"async\" src=\"https:\/\/mundocontact.com\/wp-content\/uploads\/2018\/06\/microsoft-data-center-escocia-Project-Natick-Orkney.jpg\" alt=\"Microsoft instala data center en el mar | Mundo Contact\" \/><\/p>\n<h5 class=\"p1\"><strong>Un bunker en Suecia<\/strong><\/h5>\n<p class=\"p1\">Lo que era un b\u00fanker nuclear utilizado durante la Guerra Fr\u00eda se convirti\u00f3 el a\u00f1o 2008 en un centro de datos bien original, equipado con jardines, cascadas \u00a1e incluso un tanque para peces!<\/p>\n<p>Foto: <a href=\"https:\/\/www.bahnhof.net\/\">Banhof<\/a><\/p>\n<p><img decoding=\"async\" src=\"https:\/\/twistedsifter.files.wordpress.com\/2013\/05\/bahnhof-data-center-isp-in-former-nuclear-bunker-from-cold-war-stockholm-sweden-4.jpg?w=800&amp;h=533\" alt=\"bahnhof data center isp in former nuclear bunker from cold war stockholm sweden (4)\" \/><\/p>\n<h5 class=\"p1\"><strong>Una catedral a Finl\u00e0ndia<\/strong><\/h5>\n<p class=\"p1\">Finalment, la catedral ortodoxa Uspenski era un antiguo refugio antia\u00e9reo de la 2\u00aa Guerra Mundial. Hace unos a\u00f1os se reconvirti\u00f3 para ser un centro de datos gracias ala baja temperatura de Helsinki. Lo m\u00e1s curioso es que el calor emitido se absorbe para ser distribuido por el sistema de calefacci\u00f3n de la zona, ofreciendo energ\u00eda a 500 hogares.<\/p>\n<p>Foto: <a href=\"https:\/\/www.larazon.es\/tecnologia\/20200220\/utoxq4pk2rbidpsx7gjywqjyty.html\">La Razon<\/a><\/p>\n<p>&nbsp;<\/p>\n<p><img decoding=\"async\" src=\"https:\/\/www.larazon.es\/resizer\/GZ8n7ikX6-oFbFs6HrYu0rJiz34=\/1260x840\/smart\/filters:format(webp)\/arc-photo-larazon.s3.amazonaws.com\/eu-central-1-prod\/public\/K3QTO6TSKRDRFLVWOS5J4BJMYU.jpg\" alt=\"Catedral ortodoxa de Uspenski, en Finlandia\" \/><\/p>\n","protected":false},"excerpt":{"rendered":"<p>No es ninguna novedad que la tecnolog\u00eda cada vez ocupa m\u00e1s espacio y protagonismo en nuestras vidas. Uno de los \u00e1mbitos a los que m\u00e1s ha influido es la manera de comunicarnos, ofreci\u00e9ndonos d\u00eda tras d\u00eda nuevas formas de comunicaci\u00f3n nunca antes contempladas. Correos electr\u00f3nicos, llamadas, mensajes de Whatsapp, notas de voz, fotograf\u00edas\u2026 Cada vez [&hellip;]<\/p>\n","protected":false},"author":1,"featured_media":15231,"comment_status":"closed","ping_status":"closed","sticky":false,"template":"","format":"standard","meta":{"_et_pb_use_builder":"","_et_pb_old_content":"","_et_gb_content_width":"","footnotes":""},"categories":[188,291,23],"tags":[],"class_list":["post-15229","post","type-post","status-publish","format-standard","has-post-thumbnail","hentry","category-blog-es-4","category-destacats-es","category-noticies-es"],"yoast_head":"<!-- This site is optimized with the Yoast SEO plugin v27.4 - https:\/\/yoast.com\/product\/yoast-seo-wordpress\/ -->\n<title>\u00bfA d\u00f3nde van mis datos? Hablamos de los centros de datos | MediaNeeds<\/title>\n<meta name=\"description\" content=\"Todo el d\u00eda enviando y recibiendo contenidos, \u00bfpero sabemos a d\u00f3nde van esos datos? En el blog hablamos de los centros de datos, \u00a1lee m\u00e1s y te sorprender\u00e1s!\" \/>\n<meta name=\"robots\" content=\"index, follow, max-snippet:-1, max-image-preview:large, max-video-preview:-1\" \/>\n<link rel=\"canonical\" href=\"https:\/\/medianeeds.es\/es\/on-van-les-meves-dades\/\" \/>\n<meta property=\"og:locale\" content=\"es_ES\" \/>\n<meta property=\"og:type\" content=\"article\" \/>\n<meta property=\"og:title\" content=\"\u00bfA d\u00f3nde van mis datos? Hablamos de los centros de datos | MediaNeeds\" \/>\n<meta property=\"og:description\" content=\"Todo el d\u00eda enviando y recibiendo contenidos, \u00bfpero sabemos a d\u00f3nde van esos datos? En el blog hablamos de los centros de datos, \u00a1lee m\u00e1s y te sorprender\u00e1s!\" \/>\n<meta property=\"og:url\" content=\"https:\/\/medianeeds.es\/es\/on-van-les-meves-dades\/\" \/>\n<meta property=\"og:site_name\" content=\"M\u00e0rketing Reus | Media Needs Reus | Ag\u00e8ncia de publicitat Reus\" \/>\n<meta property=\"article:publisher\" content=\"https:\/\/www.facebook.com\/medianeeds.es\/\" \/>\n<meta property=\"article:published_time\" content=\"2020-07-17T10:56:27+00:00\" \/>\n<meta property=\"article:modified_time\" content=\"2020-07-17T11:08:24+00:00\" \/>\n<meta property=\"og:image\" content=\"https:\/\/medianeeds.es\/wp-content\/uploads\/2020\/07\/BLOGDATOS-1024x640.jpg\" \/>\n\t<meta property=\"og:image:width\" content=\"1024\" \/>\n\t<meta property=\"og:image:height\" content=\"640\" \/>\n\t<meta property=\"og:image:type\" content=\"image\/jpeg\" \/>\n<meta name=\"author\" content=\"Medianeeds\" \/>\n<meta name=\"twitter:label1\" content=\"Escrito por\" \/>\n\t<meta name=\"twitter:data1\" content=\"Medianeeds\" \/>\n\t<meta name=\"twitter:label2\" content=\"Tiempo de lectura\" \/>\n\t<meta name=\"twitter:data2\" content=\"3 minutos\" \/>\n<script type=\"application\/ld+json\" class=\"yoast-schema-graph\">{\"@context\":\"https:\\\/\\\/schema.org\",\"@graph\":[{\"@type\":\"Article\",\"@id\":\"https:\\\/\\\/medianeeds.es\\\/es\\\/on-van-les-meves-dades\\\/#article\",\"isPartOf\":{\"@id\":\"https:\\\/\\\/medianeeds.es\\\/es\\\/on-van-les-meves-dades\\\/\"},\"author\":{\"name\":\"Medianeeds\",\"@id\":\"https:\\\/\\\/medianeeds.es\\\/#\\\/schema\\\/person\\\/6a6f2f17f283df3eeb0946feebd2af79\"},\"headline\":\"\u00bfA d\u00f3nde van mis datos?\",\"datePublished\":\"2020-07-17T10:56:27+00:00\",\"dateModified\":\"2020-07-17T11:08:24+00:00\",\"mainEntityOfPage\":{\"@id\":\"https:\\\/\\\/medianeeds.es\\\/es\\\/on-van-les-meves-dades\\\/\"},\"wordCount\":652,\"publisher\":{\"@id\":\"https:\\\/\\\/medianeeds.es\\\/#organization\"},\"image\":{\"@id\":\"https:\\\/\\\/medianeeds.es\\\/es\\\/on-van-les-meves-dades\\\/#primaryimage\"},\"thumbnailUrl\":\"https:\\\/\\\/medianeeds.es\\\/wp-content\\\/uploads\\\/2020\\\/07\\\/BLOGDATOS.jpg\",\"articleSection\":[\"Blog\",\"Destacats\",\"Not\u00edcies\"],\"inLanguage\":\"es\"},{\"@type\":\"WebPage\",\"@id\":\"https:\\\/\\\/medianeeds.es\\\/es\\\/on-van-les-meves-dades\\\/\",\"url\":\"https:\\\/\\\/medianeeds.es\\\/es\\\/on-van-les-meves-dades\\\/\",\"name\":\"\u00bfA d\u00f3nde van mis datos? Hablamos de los centros de datos | MediaNeeds\",\"isPartOf\":{\"@id\":\"https:\\\/\\\/medianeeds.es\\\/#website\"},\"primaryImageOfPage\":{\"@id\":\"https:\\\/\\\/medianeeds.es\\\/es\\\/on-van-les-meves-dades\\\/#primaryimage\"},\"image\":{\"@id\":\"https:\\\/\\\/medianeeds.es\\\/es\\\/on-van-les-meves-dades\\\/#primaryimage\"},\"thumbnailUrl\":\"https:\\\/\\\/medianeeds.es\\\/wp-content\\\/uploads\\\/2020\\\/07\\\/BLOGDATOS.jpg\",\"datePublished\":\"2020-07-17T10:56:27+00:00\",\"dateModified\":\"2020-07-17T11:08:24+00:00\",\"description\":\"Todo el d\u00eda enviando y recibiendo contenidos, \u00bfpero sabemos a d\u00f3nde van esos datos? En el blog hablamos de los centros de datos, \u00a1lee m\u00e1s y te sorprender\u00e1s!\",\"breadcrumb\":{\"@id\":\"https:\\\/\\\/medianeeds.es\\\/es\\\/on-van-les-meves-dades\\\/#breadcrumb\"},\"inLanguage\":\"es\",\"potentialAction\":[{\"@type\":\"ReadAction\",\"target\":[\"https:\\\/\\\/medianeeds.es\\\/es\\\/on-van-les-meves-dades\\\/\"]}]},{\"@type\":\"ImageObject\",\"inLanguage\":\"es\",\"@id\":\"https:\\\/\\\/medianeeds.es\\\/es\\\/on-van-les-meves-dades\\\/#primaryimage\",\"url\":\"https:\\\/\\\/medianeeds.es\\\/wp-content\\\/uploads\\\/2020\\\/07\\\/BLOGDATOS.jpg\",\"contentUrl\":\"https:\\\/\\\/medianeeds.es\\\/wp-content\\\/uploads\\\/2020\\\/07\\\/BLOGDATOS.jpg\",\"width\":1080,\"height\":675,\"caption\":\"centros de datos\"},{\"@type\":\"BreadcrumbList\",\"@id\":\"https:\\\/\\\/medianeeds.es\\\/es\\\/on-van-les-meves-dades\\\/#breadcrumb\",\"itemListElement\":[{\"@type\":\"ListItem\",\"position\":1,\"name\":\"Portada\",\"item\":\"https:\\\/\\\/medianeeds.es\\\/\"},{\"@type\":\"ListItem\",\"position\":2,\"name\":\"\u00bfA d\u00f3nde van mis datos?\"}]},{\"@type\":\"WebSite\",\"@id\":\"https:\\\/\\\/medianeeds.es\\\/#website\",\"url\":\"https:\\\/\\\/medianeeds.es\\\/\",\"name\":\"M\u00e0rketing Reus | Media Needs Reus | Ag\u00e8ncia de publicitat Reus\",\"description\":\"MediaNeeds \u00e9s una empresa especialitzada en serveis integrals de publicitat, m\u00e0rqueting on-line i community manager a Reus, Tarragona\",\"publisher\":{\"@id\":\"https:\\\/\\\/medianeeds.es\\\/#organization\"},\"alternateName\":\"Media Needs\",\"potentialAction\":[{\"@type\":\"SearchAction\",\"target\":{\"@type\":\"EntryPoint\",\"urlTemplate\":\"https:\\\/\\\/medianeeds.es\\\/?s={search_term_string}\"},\"query-input\":{\"@type\":\"PropertyValueSpecification\",\"valueRequired\":true,\"valueName\":\"search_term_string\"}}],\"inLanguage\":\"es\"},{\"@type\":\"Organization\",\"@id\":\"https:\\\/\\\/medianeeds.es\\\/#organization\",\"name\":\"M\u00e0rketing Reus | Media Needs Reus | Ag\u00e8ncia de publicitat Reus\",\"alternateName\":\"Media Needs\",\"url\":\"https:\\\/\\\/medianeeds.es\\\/\",\"logo\":{\"@type\":\"ImageObject\",\"inLanguage\":\"es\",\"@id\":\"https:\\\/\\\/medianeeds.es\\\/#\\\/schema\\\/logo\\\/image\\\/\",\"url\":\"https:\\\/\\\/medianeeds.es\\\/wp-content\\\/uploads\\\/2024\\\/06\\\/COLOR_Mesa-de-trabajo-1-copia.png\",\"contentUrl\":\"https:\\\/\\\/medianeeds.es\\\/wp-content\\\/uploads\\\/2024\\\/06\\\/COLOR_Mesa-de-trabajo-1-copia.png\",\"width\":470,\"height\":226,\"caption\":\"M\u00e0rketing Reus | Media Needs Reus | Ag\u00e8ncia de publicitat Reus\"},\"image\":{\"@id\":\"https:\\\/\\\/medianeeds.es\\\/#\\\/schema\\\/logo\\\/image\\\/\"},\"sameAs\":[\"https:\\\/\\\/www.facebook.com\\\/medianeeds.es\\\/\",\"https:\\\/\\\/x.com\\\/media_needs\",\"https:\\\/\\\/www.instagram.com\\\/medianeeds\\\/?hl=es\"]},{\"@type\":\"Person\",\"@id\":\"https:\\\/\\\/medianeeds.es\\\/#\\\/schema\\\/person\\\/6a6f2f17f283df3eeb0946feebd2af79\",\"name\":\"Medianeeds\",\"image\":{\"@type\":\"ImageObject\",\"inLanguage\":\"es\",\"@id\":\"https:\\\/\\\/secure.gravatar.com\\\/avatar\\\/442251953f111b43a4668103c7b7c09aa35690e525473fb0bb9db0681ee9c0c3?s=96&d=mm&r=g\",\"url\":\"https:\\\/\\\/secure.gravatar.com\\\/avatar\\\/442251953f111b43a4668103c7b7c09aa35690e525473fb0bb9db0681ee9c0c3?s=96&d=mm&r=g\",\"contentUrl\":\"https:\\\/\\\/secure.gravatar.com\\\/avatar\\\/442251953f111b43a4668103c7b7c09aa35690e525473fb0bb9db0681ee9c0c3?s=96&d=mm&r=g\",\"caption\":\"Medianeeds\"},\"url\":\"https:\\\/\\\/medianeeds.es\\\/es\\\/author\\\/medianeeds\\\/\"}]}<\/script>\n<!-- \/ Yoast SEO plugin. -->","yoast_head_json":{"title":"\u00bfA d\u00f3nde van mis datos? Hablamos de los centros de datos | MediaNeeds","description":"Todo el d\u00eda enviando y recibiendo contenidos, \u00bfpero sabemos a d\u00f3nde van esos datos? En el blog hablamos de los centros de datos, \u00a1lee m\u00e1s y te sorprender\u00e1s!","robots":{"index":"index","follow":"follow","max-snippet":"max-snippet:-1","max-image-preview":"max-image-preview:large","max-video-preview":"max-video-preview:-1"},"canonical":"https:\/\/medianeeds.es\/es\/on-van-les-meves-dades\/","og_locale":"es_ES","og_type":"article","og_title":"\u00bfA d\u00f3nde van mis datos? Hablamos de los centros de datos | MediaNeeds","og_description":"Todo el d\u00eda enviando y recibiendo contenidos, \u00bfpero sabemos a d\u00f3nde van esos datos? En el blog hablamos de los centros de datos, \u00a1lee m\u00e1s y te sorprender\u00e1s!","og_url":"https:\/\/medianeeds.es\/es\/on-van-les-meves-dades\/","og_site_name":"M\u00e0rketing Reus | Media Needs Reus | Ag\u00e8ncia de publicitat Reus","article_publisher":"https:\/\/www.facebook.com\/medianeeds.es\/","article_published_time":"2020-07-17T10:56:27+00:00","article_modified_time":"2020-07-17T11:08:24+00:00","og_image":[{"width":1024,"height":640,"url":"https:\/\/medianeeds.es\/wp-content\/uploads\/2020\/07\/BLOGDATOS-1024x640.jpg","type":"image\/jpeg"}],"author":"Medianeeds","twitter_misc":{"Escrito por":"Medianeeds","Tiempo de lectura":"3 minutos"},"schema":{"@context":"https:\/\/schema.org","@graph":[{"@type":"Article","@id":"https:\/\/medianeeds.es\/es\/on-van-les-meves-dades\/#article","isPartOf":{"@id":"https:\/\/medianeeds.es\/es\/on-van-les-meves-dades\/"},"author":{"name":"Medianeeds","@id":"https:\/\/medianeeds.es\/#\/schema\/person\/6a6f2f17f283df3eeb0946feebd2af79"},"headline":"\u00bfA d\u00f3nde van mis datos?","datePublished":"2020-07-17T10:56:27+00:00","dateModified":"2020-07-17T11:08:24+00:00","mainEntityOfPage":{"@id":"https:\/\/medianeeds.es\/es\/on-van-les-meves-dades\/"},"wordCount":652,"publisher":{"@id":"https:\/\/medianeeds.es\/#organization"},"image":{"@id":"https:\/\/medianeeds.es\/es\/on-van-les-meves-dades\/#primaryimage"},"thumbnailUrl":"https:\/\/medianeeds.es\/wp-content\/uploads\/2020\/07\/BLOGDATOS.jpg","articleSection":["Blog","Destacats","Not\u00edcies"],"inLanguage":"es"},{"@type":"WebPage","@id":"https:\/\/medianeeds.es\/es\/on-van-les-meves-dades\/","url":"https:\/\/medianeeds.es\/es\/on-van-les-meves-dades\/","name":"\u00bfA d\u00f3nde van mis datos? Hablamos de los centros de datos | MediaNeeds","isPartOf":{"@id":"https:\/\/medianeeds.es\/#website"},"primaryImageOfPage":{"@id":"https:\/\/medianeeds.es\/es\/on-van-les-meves-dades\/#primaryimage"},"image":{"@id":"https:\/\/medianeeds.es\/es\/on-van-les-meves-dades\/#primaryimage"},"thumbnailUrl":"https:\/\/medianeeds.es\/wp-content\/uploads\/2020\/07\/BLOGDATOS.jpg","datePublished":"2020-07-17T10:56:27+00:00","dateModified":"2020-07-17T11:08:24+00:00","description":"Todo el d\u00eda enviando y recibiendo contenidos, \u00bfpero sabemos a d\u00f3nde van esos datos? En el blog hablamos de los centros de datos, \u00a1lee m\u00e1s y te sorprender\u00e1s!","breadcrumb":{"@id":"https:\/\/medianeeds.es\/es\/on-van-les-meves-dades\/#breadcrumb"},"inLanguage":"es","potentialAction":[{"@type":"ReadAction","target":["https:\/\/medianeeds.es\/es\/on-van-les-meves-dades\/"]}]},{"@type":"ImageObject","inLanguage":"es","@id":"https:\/\/medianeeds.es\/es\/on-van-les-meves-dades\/#primaryimage","url":"https:\/\/medianeeds.es\/wp-content\/uploads\/2020\/07\/BLOGDATOS.jpg","contentUrl":"https:\/\/medianeeds.es\/wp-content\/uploads\/2020\/07\/BLOGDATOS.jpg","width":1080,"height":675,"caption":"centros de datos"},{"@type":"BreadcrumbList","@id":"https:\/\/medianeeds.es\/es\/on-van-les-meves-dades\/#breadcrumb","itemListElement":[{"@type":"ListItem","position":1,"name":"Portada","item":"https:\/\/medianeeds.es\/"},{"@type":"ListItem","position":2,"name":"\u00bfA d\u00f3nde van mis datos?"}]},{"@type":"WebSite","@id":"https:\/\/medianeeds.es\/#website","url":"https:\/\/medianeeds.es\/","name":"M\u00e0rketing Reus | Media Needs Reus | Ag\u00e8ncia de publicitat Reus","description":"MediaNeeds \u00e9s una empresa especialitzada en serveis integrals de publicitat, m\u00e0rqueting on-line i community manager a Reus, Tarragona","publisher":{"@id":"https:\/\/medianeeds.es\/#organization"},"alternateName":"Media Needs","potentialAction":[{"@type":"SearchAction","target":{"@type":"EntryPoint","urlTemplate":"https:\/\/medianeeds.es\/?s={search_term_string}"},"query-input":{"@type":"PropertyValueSpecification","valueRequired":true,"valueName":"search_term_string"}}],"inLanguage":"es"},{"@type":"Organization","@id":"https:\/\/medianeeds.es\/#organization","name":"M\u00e0rketing Reus | Media Needs Reus | Ag\u00e8ncia de publicitat Reus","alternateName":"Media Needs","url":"https:\/\/medianeeds.es\/","logo":{"@type":"ImageObject","inLanguage":"es","@id":"https:\/\/medianeeds.es\/#\/schema\/logo\/image\/","url":"https:\/\/medianeeds.es\/wp-content\/uploads\/2024\/06\/COLOR_Mesa-de-trabajo-1-copia.png","contentUrl":"https:\/\/medianeeds.es\/wp-content\/uploads\/2024\/06\/COLOR_Mesa-de-trabajo-1-copia.png","width":470,"height":226,"caption":"M\u00e0rketing Reus | Media Needs Reus | Ag\u00e8ncia de publicitat Reus"},"image":{"@id":"https:\/\/medianeeds.es\/#\/schema\/logo\/image\/"},"sameAs":["https:\/\/www.facebook.com\/medianeeds.es\/","https:\/\/x.com\/media_needs","https:\/\/www.instagram.com\/medianeeds\/?hl=es"]},{"@type":"Person","@id":"https:\/\/medianeeds.es\/#\/schema\/person\/6a6f2f17f283df3eeb0946feebd2af79","name":"Medianeeds","image":{"@type":"ImageObject","inLanguage":"es","@id":"https:\/\/secure.gravatar.com\/avatar\/442251953f111b43a4668103c7b7c09aa35690e525473fb0bb9db0681ee9c0c3?s=96&d=mm&r=g","url":"https:\/\/secure.gravatar.com\/avatar\/442251953f111b43a4668103c7b7c09aa35690e525473fb0bb9db0681ee9c0c3?s=96&d=mm&r=g","contentUrl":"https:\/\/secure.gravatar.com\/avatar\/442251953f111b43a4668103c7b7c09aa35690e525473fb0bb9db0681ee9c0c3?s=96&d=mm&r=g","caption":"Medianeeds"},"url":"https:\/\/medianeeds.es\/es\/author\/medianeeds\/"}]}},"_links":{"self":[{"href":"https:\/\/medianeeds.es\/es\/wp-json\/wp\/v2\/posts\/15229","targetHints":{"allow":["GET"]}}],"collection":[{"href":"https:\/\/medianeeds.es\/es\/wp-json\/wp\/v2\/posts"}],"about":[{"href":"https:\/\/medianeeds.es\/es\/wp-json\/wp\/v2\/types\/post"}],"author":[{"embeddable":true,"href":"https:\/\/medianeeds.es\/es\/wp-json\/wp\/v2\/users\/1"}],"replies":[{"embeddable":true,"href":"https:\/\/medianeeds.es\/es\/wp-json\/wp\/v2\/comments?post=15229"}],"version-history":[{"count":2,"href":"https:\/\/medianeeds.es\/es\/wp-json\/wp\/v2\/posts\/15229\/revisions"}],"predecessor-version":[{"id":15233,"href":"https:\/\/medianeeds.es\/es\/wp-json\/wp\/v2\/posts\/15229\/revisions\/15233"}],"wp:featuredmedia":[{"embeddable":true,"href":"https:\/\/medianeeds.es\/es\/wp-json\/wp\/v2\/media\/15231"}],"wp:attachment":[{"href":"https:\/\/medianeeds.es\/es\/wp-json\/wp\/v2\/media?parent=15229"}],"wp:term":[{"taxonomy":"category","embeddable":true,"href":"https:\/\/medianeeds.es\/es\/wp-json\/wp\/v2\/categories?post=15229"},{"taxonomy":"post_tag","embeddable":true,"href":"https:\/\/medianeeds.es\/es\/wp-json\/wp\/v2\/tags?post=15229"}],"curies":[{"name":"wp","href":"https:\/\/api.w.org\/{rel}","templated":true}]}}