{"id":15216,"date":"2020-06-18T15:28:07","date_gmt":"2020-06-18T15:28:07","guid":{"rendered":"https:\/\/medianeeds.es\/la-teva-empresa-necessita-tiktok\/"},"modified":"2020-06-18T15:58:28","modified_gmt":"2020-06-18T15:58:28","slug":"la-teva-empresa-necessita-tiktok","status":"publish","type":"post","link":"https:\/\/medianeeds.es\/es\/la-teva-empresa-necessita-tiktok\/","title":{"rendered":"\u00bfTU EMPRESA NECESITA TIKTOK?"},"content":{"rendered":"<p class=\"p1\"><span class=\"s1\"><b>TikTok<\/b> es ya la tercera red social m\u00e1s descargada del mundo, por detr\u00e1s de WhatsApp y Facebook y por delante de Instagram. Pero, \u00bfqu\u00e9 tiene esta red social para haber pasado de captar la atenci\u00f3n de los m\u00e1s j\u00f3venes a captar la de los negocios tambi\u00e9n? <b>En este blog analizaremos las caracter\u00edsticas y funcionamiento global de TikTok. <\/b>Quiz\u00e1s no te lo has planteado todav\u00eda pero, \u00bftu empresa necesita TikTok?<\/span><\/p>\n<p class=\"p1\"><span class=\"s1\">Empecemos por el principio. \u00bfQu\u00e9 es TikTok?<\/span><\/p>\n<p>&nbsp;<\/p>\n<h6 class=\"p1\"><span class=\"s1\"><a href=\"https:\/\/www.tiktok.com\/es\/\">TikTok <\/a><\/span><span class=\"s1\">es una aplicaci\u00f3n para dispositivos m\u00f3viles que permite crear v\u00eddeos de corta duraci\u00f3n y compartirlos posteriormente. Los v\u00eddeos pueden durar de 15 a 60 segundos, con la posibilidad de animarlos con distintos efectos, filtros, animaciones y m\u00fasica.<\/span><\/h6>\n<p>&nbsp;<\/p>\n<p class=\"p1\"><span class=\"s1\">En primer lugar hablaremos del <strong>formato. <\/strong>Del mismo modo que Instagram, es siempre <strong>vertical<\/strong> y se centra en la visualizaci\u00f3n de v\u00eddeos. Cuando reproducimos un v\u00eddeo en TikTok tenemos cuatro iconos con funciones distintas: seguir al usuario en cuesti\u00f3n, darle \u201cme gusta\u201d al v\u00eddeo, comentarlo o compartirlo en otras redes sociales.<\/span><\/p>\n<p class=\"p1\"><span class=\"s1\">La app supuso la apertura a una ventana art\u00edstica y humor\u00edstica para los adolescentes, pero a d\u00eda de hoy su popularidad no se limita solo a este sector. As\u00ed, para mantener su auge, <strong>la aplicaci\u00f3n se renueva y actualiza de forma constante<\/strong> ofreciendo nuevas funciones. Algunos ejemplos son las listas de reproducci\u00f3n gratuitas, stickers, emoticonos, filtros, herramientas de edici\u00f3n, etc.<\/span><\/p>\n<p>&nbsp;<\/p>\n<h6 class=\"p1\"><span class=\"s1\">Esta nueva red social empez\u00f3 cumpliendo una funci\u00f3n de entretenimiento, pero a d\u00eda de hoy su \u00e9xito a nivel global est\u00e1 haciendo que se inserte en \u00e1mbitos como el laboral. Muchos negocios lo est\u00e1n introduciendo dentro de sus plataformas sociales de referencia, que hasta ahora acostumbraban a ser Facebook, Instagram, Twitter, Youtube y\/o LinkedIn.<\/span><\/h6>\n<p>&nbsp;<\/p>\n<p class=\"p1\"><span class=\"s1\">El <strong>p\u00fablico objetivo<\/strong> que abarca la red social es joven, de los 15 a los 25 a\u00f1os aproximadamente. De este modo, TikTok es una opci\u00f3n a considerar si te interesa llegar a este sector de edad. <strong>Aun as\u00ed, si queremos introducir TikTok en nuestra estrategia de m\u00e1rketing es recomendable combinarlo con otras plataformas.<\/strong><\/span><\/p>\n<p class=\"p1\"><span class=\"s1\">Adem\u00e1s, dentro de TikTok hay ciertas herramientas que podemos usar para crecer. Una de las m\u00e1s famosas son los llamados <i>challenges <\/i>o retos.<\/span><\/p>\n<ul>\n<li class=\"p1\">\n<p class=\"p1\"><span class=\"s1\">Los <strong>retos<\/strong> en TikTok han captado la atenci\u00f3n de todos desde sus inicios. Su sencillez y la posibilidad de crear interacci\u00f3n es un punto fuerte a considerar de los <i>challenges. <\/i>En los retos de TikTok un usuario propone un desaf\u00edo, y anima al resto de usuarios de la red a repetirlo.<\/span><\/p>\n<\/li>\n<\/ul>\n<p class=\"p1\"><span class=\"s1\"><strong>TikTok puede funcionar muy bien si la estrategia comunicativa est\u00e1 definida y bien establecida.<\/strong> No solo nos servir\u00e1 para dar a conocer al resto del mundo nuestra empresa y sus valores, sino que podemos enfocarnos en un producto concreto. La personalizaci\u00f3n en TikTok es uno de sus factores clave, ya que podemos llegar a crear una canci\u00f3n espec\u00edfica para un producto del que queremos hacer publicidad y convertirlo en un \u201chimno\u201d de marca.<\/span><\/p>\n<p class=\"p1\"><span class=\"s1\">Adem\u00e1s, TikTok es una <strong>manera muy realista y honesta de acercar la empresa al propio cliente.<\/strong> El hecho de ver, por ejemplo, a los trabajadores de una empresa bailando una canci\u00f3n conocida puede generar sensaciones de ternura, humor y positivismo, hecho que beneficiar\u00e1 mucho a nuestra marca.<\/span><\/p>\n<p class=\"p1\"><span class=\"s1\">Finalmente, como hemos podido observar, la evoluci\u00f3n de TikTok ha sido tan r\u00e1pida como imprevisible. Lo que al principio parec\u00eda un juego de ni\u00f1os ha evolucionado hasta el punto que ha logrado la aceptaci\u00f3n por parte de grupos de personas de otras edades. Esto ha captado la atenci\u00f3n de las marcas, que han visto una oportunidad de sacarle jugo y exprimirlo.<\/span><\/p>\n<p class=\"p1\"><span class=\"s1\">\u00bfQu\u00e9 opin\u00e1is vosotros?<strong> \u00bfSer\u00e1 TikTok la red social definitiva para llegar a la audiencia m\u00e1s joven o pronto tendremos una nueva app que la desbancar\u00e1?<\/strong><\/span><\/p>\n","protected":false},"excerpt":{"rendered":"<p>TikTok es ya la tercera red social m\u00e1s descargada del mundo, por detr\u00e1s de WhatsApp y Facebook y por delante de Instagram. Pero, \u00bfqu\u00e9 tiene esta red social para haber pasado de captar la atenci\u00f3n de los m\u00e1s j\u00f3venes a captar la de los negocios tambi\u00e9n? En este blog analizaremos las caracter\u00edsticas y funcionamiento global [&hellip;]<\/p>\n","protected":false},"author":1,"featured_media":15221,"comment_status":"closed","ping_status":"closed","sticky":false,"template":"","format":"standard","meta":{"_et_pb_use_builder":"","_et_pb_old_content":"","_et_gb_content_width":"","footnotes":""},"categories":[292,188,249,291,252,23],"tags":[],"class_list":["post-15216","post","type-post","status-publish","format-standard","has-post-thumbnail","hentry","category-blog-es-3-es","category-blog-es-4","category-destacados","category-destacats-es","category-noticias","category-noticies-es"],"yoast_head":"<!-- This site is optimized with the Yoast SEO plugin v27.4 - https:\/\/yoast.com\/product\/yoast-seo-wordpress\/ -->\n<title>\u00bfTu empresa necesita TikTok? | Media Needs | M\u00e1rketing Reus<\/title>\n<meta name=\"description\" content=\"\u00bfTu empresa necesita TikTok? Quiz\u00e1s no te lo has llegado a plantear, pero esta nueva red est\u00e1 adquuiriendo m\u00e1s fuerza que nunca. \u00a1Inf\u00f3rmate en el blog!\" \/>\n<meta name=\"robots\" content=\"index, follow, max-snippet:-1, max-image-preview:large, max-video-preview:-1\" \/>\n<link rel=\"canonical\" href=\"https:\/\/medianeeds.es\/es\/la-teva-empresa-necessita-tiktok\/\" \/>\n<meta property=\"og:locale\" content=\"es_ES\" \/>\n<meta property=\"og:type\" content=\"article\" \/>\n<meta property=\"og:title\" content=\"\u00bfTu empresa necesita TikTok? | Media Needs | M\u00e1rketing Reus\" \/>\n<meta property=\"og:description\" content=\"\u00bfTu empresa necesita TikTok? Quiz\u00e1s no te lo has llegado a plantear, pero esta nueva red est\u00e1 adquuiriendo m\u00e1s fuerza que nunca. \u00a1Inf\u00f3rmate en el blog!\" \/>\n<meta property=\"og:url\" content=\"https:\/\/medianeeds.es\/es\/la-teva-empresa-necessita-tiktok\/\" \/>\n<meta property=\"og:site_name\" content=\"M\u00e0rketing Reus | Media Needs Reus | Ag\u00e8ncia de publicitat Reus\" \/>\n<meta property=\"article:publisher\" content=\"https:\/\/www.facebook.com\/medianeeds.es\/\" \/>\n<meta property=\"article:published_time\" content=\"2020-06-18T15:28:07+00:00\" \/>\n<meta property=\"article:modified_time\" content=\"2020-06-18T15:58:28+00:00\" \/>\n<meta property=\"og:image\" content=\"https:\/\/medianeeds.es\/wp-content\/uploads\/2020\/06\/tiktokblogcast.jpg\" \/>\n\t<meta property=\"og:image:width\" content=\"1080\" \/>\n\t<meta property=\"og:image:height\" content=\"675\" \/>\n\t<meta property=\"og:image:type\" content=\"image\/jpeg\" \/>\n<meta name=\"author\" content=\"Medianeeds\" \/>\n<meta name=\"twitter:label1\" content=\"Escrito por\" \/>\n\t<meta name=\"twitter:data1\" content=\"Medianeeds\" \/>\n\t<meta name=\"twitter:label2\" content=\"Tiempo de lectura\" \/>\n\t<meta name=\"twitter:data2\" content=\"3 minutos\" \/>\n<script type=\"application\/ld+json\" class=\"yoast-schema-graph\">{\"@context\":\"https:\\\/\\\/schema.org\",\"@graph\":[{\"@type\":\"Article\",\"@id\":\"https:\\\/\\\/medianeeds.es\\\/es\\\/la-teva-empresa-necessita-tiktok\\\/#article\",\"isPartOf\":{\"@id\":\"https:\\\/\\\/medianeeds.es\\\/es\\\/la-teva-empresa-necessita-tiktok\\\/\"},\"author\":{\"name\":\"Medianeeds\",\"@id\":\"https:\\\/\\\/medianeeds.es\\\/#\\\/schema\\\/person\\\/6a6f2f17f283df3eeb0946feebd2af79\"},\"headline\":\"\u00bfTU EMPRESA NECESITA TIKTOK?\",\"datePublished\":\"2020-06-18T15:28:07+00:00\",\"dateModified\":\"2020-06-18T15:58:28+00:00\",\"mainEntityOfPage\":{\"@id\":\"https:\\\/\\\/medianeeds.es\\\/es\\\/la-teva-empresa-necessita-tiktok\\\/\"},\"wordCount\":668,\"publisher\":{\"@id\":\"https:\\\/\\\/medianeeds.es\\\/#organization\"},\"image\":{\"@id\":\"https:\\\/\\\/medianeeds.es\\\/es\\\/la-teva-empresa-necessita-tiktok\\\/#primaryimage\"},\"thumbnailUrl\":\"https:\\\/\\\/medianeeds.es\\\/wp-content\\\/uploads\\\/2020\\\/06\\\/tiktokblogcast.jpg\",\"articleSection\":[\"Blog\",\"Blog\",\"Destacados\",\"Destacats\",\"Noticias\",\"Not\u00edcies\"],\"inLanguage\":\"es\"},{\"@type\":\"WebPage\",\"@id\":\"https:\\\/\\\/medianeeds.es\\\/es\\\/la-teva-empresa-necessita-tiktok\\\/\",\"url\":\"https:\\\/\\\/medianeeds.es\\\/es\\\/la-teva-empresa-necessita-tiktok\\\/\",\"name\":\"\u00bfTu empresa necesita TikTok? | Media Needs | M\u00e1rketing Reus\",\"isPartOf\":{\"@id\":\"https:\\\/\\\/medianeeds.es\\\/#website\"},\"primaryImageOfPage\":{\"@id\":\"https:\\\/\\\/medianeeds.es\\\/es\\\/la-teva-empresa-necessita-tiktok\\\/#primaryimage\"},\"image\":{\"@id\":\"https:\\\/\\\/medianeeds.es\\\/es\\\/la-teva-empresa-necessita-tiktok\\\/#primaryimage\"},\"thumbnailUrl\":\"https:\\\/\\\/medianeeds.es\\\/wp-content\\\/uploads\\\/2020\\\/06\\\/tiktokblogcast.jpg\",\"datePublished\":\"2020-06-18T15:28:07+00:00\",\"dateModified\":\"2020-06-18T15:58:28+00:00\",\"description\":\"\u00bfTu empresa necesita TikTok? Quiz\u00e1s no te lo has llegado a plantear, pero esta nueva red est\u00e1 adquuiriendo m\u00e1s fuerza que nunca. \u00a1Inf\u00f3rmate en el blog!\",\"breadcrumb\":{\"@id\":\"https:\\\/\\\/medianeeds.es\\\/es\\\/la-teva-empresa-necessita-tiktok\\\/#breadcrumb\"},\"inLanguage\":\"es\",\"potentialAction\":[{\"@type\":\"ReadAction\",\"target\":[\"https:\\\/\\\/medianeeds.es\\\/es\\\/la-teva-empresa-necessita-tiktok\\\/\"]}]},{\"@type\":\"ImageObject\",\"inLanguage\":\"es\",\"@id\":\"https:\\\/\\\/medianeeds.es\\\/es\\\/la-teva-empresa-necessita-tiktok\\\/#primaryimage\",\"url\":\"https:\\\/\\\/medianeeds.es\\\/wp-content\\\/uploads\\\/2020\\\/06\\\/tiktokblogcast.jpg\",\"contentUrl\":\"https:\\\/\\\/medianeeds.es\\\/wp-content\\\/uploads\\\/2020\\\/06\\\/tiktokblogcast.jpg\",\"width\":1080,\"height\":675,\"caption\":\"tiktok empresa\"},{\"@type\":\"BreadcrumbList\",\"@id\":\"https:\\\/\\\/medianeeds.es\\\/es\\\/la-teva-empresa-necessita-tiktok\\\/#breadcrumb\",\"itemListElement\":[{\"@type\":\"ListItem\",\"position\":1,\"name\":\"Portada\",\"item\":\"https:\\\/\\\/medianeeds.es\\\/\"},{\"@type\":\"ListItem\",\"position\":2,\"name\":\"\u00bfTU EMPRESA NECESITA TIKTOK?\"}]},{\"@type\":\"WebSite\",\"@id\":\"https:\\\/\\\/medianeeds.es\\\/#website\",\"url\":\"https:\\\/\\\/medianeeds.es\\\/\",\"name\":\"M\u00e0rketing Reus | Media Needs Reus | Ag\u00e8ncia de publicitat Reus\",\"description\":\"MediaNeeds \u00e9s una empresa especialitzada en serveis integrals de publicitat, m\u00e0rqueting on-line i community manager a Reus, Tarragona\",\"publisher\":{\"@id\":\"https:\\\/\\\/medianeeds.es\\\/#organization\"},\"alternateName\":\"Media Needs\",\"potentialAction\":[{\"@type\":\"SearchAction\",\"target\":{\"@type\":\"EntryPoint\",\"urlTemplate\":\"https:\\\/\\\/medianeeds.es\\\/?s={search_term_string}\"},\"query-input\":{\"@type\":\"PropertyValueSpecification\",\"valueRequired\":true,\"valueName\":\"search_term_string\"}}],\"inLanguage\":\"es\"},{\"@type\":\"Organization\",\"@id\":\"https:\\\/\\\/medianeeds.es\\\/#organization\",\"name\":\"M\u00e0rketing Reus | Media Needs Reus | Ag\u00e8ncia de publicitat Reus\",\"alternateName\":\"Media Needs\",\"url\":\"https:\\\/\\\/medianeeds.es\\\/\",\"logo\":{\"@type\":\"ImageObject\",\"inLanguage\":\"es\",\"@id\":\"https:\\\/\\\/medianeeds.es\\\/#\\\/schema\\\/logo\\\/image\\\/\",\"url\":\"https:\\\/\\\/medianeeds.es\\\/wp-content\\\/uploads\\\/2024\\\/06\\\/COLOR_Mesa-de-trabajo-1-copia.png\",\"contentUrl\":\"https:\\\/\\\/medianeeds.es\\\/wp-content\\\/uploads\\\/2024\\\/06\\\/COLOR_Mesa-de-trabajo-1-copia.png\",\"width\":470,\"height\":226,\"caption\":\"M\u00e0rketing Reus | Media Needs Reus | Ag\u00e8ncia de publicitat Reus\"},\"image\":{\"@id\":\"https:\\\/\\\/medianeeds.es\\\/#\\\/schema\\\/logo\\\/image\\\/\"},\"sameAs\":[\"https:\\\/\\\/www.facebook.com\\\/medianeeds.es\\\/\",\"https:\\\/\\\/x.com\\\/media_needs\",\"https:\\\/\\\/www.instagram.com\\\/medianeeds\\\/?hl=es\"]},{\"@type\":\"Person\",\"@id\":\"https:\\\/\\\/medianeeds.es\\\/#\\\/schema\\\/person\\\/6a6f2f17f283df3eeb0946feebd2af79\",\"name\":\"Medianeeds\",\"image\":{\"@type\":\"ImageObject\",\"inLanguage\":\"es\",\"@id\":\"https:\\\/\\\/secure.gravatar.com\\\/avatar\\\/442251953f111b43a4668103c7b7c09aa35690e525473fb0bb9db0681ee9c0c3?s=96&d=mm&r=g\",\"url\":\"https:\\\/\\\/secure.gravatar.com\\\/avatar\\\/442251953f111b43a4668103c7b7c09aa35690e525473fb0bb9db0681ee9c0c3?s=96&d=mm&r=g\",\"contentUrl\":\"https:\\\/\\\/secure.gravatar.com\\\/avatar\\\/442251953f111b43a4668103c7b7c09aa35690e525473fb0bb9db0681ee9c0c3?s=96&d=mm&r=g\",\"caption\":\"Medianeeds\"},\"url\":\"https:\\\/\\\/medianeeds.es\\\/es\\\/author\\\/medianeeds\\\/\"}]}<\/script>\n<!-- \/ Yoast SEO plugin. -->","yoast_head_json":{"title":"\u00bfTu empresa necesita TikTok? | Media Needs | M\u00e1rketing Reus","description":"\u00bfTu empresa necesita TikTok? Quiz\u00e1s no te lo has llegado a plantear, pero esta nueva red est\u00e1 adquuiriendo m\u00e1s fuerza que nunca. \u00a1Inf\u00f3rmate en el blog!","robots":{"index":"index","follow":"follow","max-snippet":"max-snippet:-1","max-image-preview":"max-image-preview:large","max-video-preview":"max-video-preview:-1"},"canonical":"https:\/\/medianeeds.es\/es\/la-teva-empresa-necessita-tiktok\/","og_locale":"es_ES","og_type":"article","og_title":"\u00bfTu empresa necesita TikTok? | Media Needs | M\u00e1rketing Reus","og_description":"\u00bfTu empresa necesita TikTok? Quiz\u00e1s no te lo has llegado a plantear, pero esta nueva red est\u00e1 adquuiriendo m\u00e1s fuerza que nunca. \u00a1Inf\u00f3rmate en el blog!","og_url":"https:\/\/medianeeds.es\/es\/la-teva-empresa-necessita-tiktok\/","og_site_name":"M\u00e0rketing Reus | Media Needs Reus | Ag\u00e8ncia de publicitat Reus","article_publisher":"https:\/\/www.facebook.com\/medianeeds.es\/","article_published_time":"2020-06-18T15:28:07+00:00","article_modified_time":"2020-06-18T15:58:28+00:00","og_image":[{"width":1080,"height":675,"url":"https:\/\/medianeeds.es\/wp-content\/uploads\/2020\/06\/tiktokblogcast.jpg","type":"image\/jpeg"}],"author":"Medianeeds","twitter_misc":{"Escrito por":"Medianeeds","Tiempo de lectura":"3 minutos"},"schema":{"@context":"https:\/\/schema.org","@graph":[{"@type":"Article","@id":"https:\/\/medianeeds.es\/es\/la-teva-empresa-necessita-tiktok\/#article","isPartOf":{"@id":"https:\/\/medianeeds.es\/es\/la-teva-empresa-necessita-tiktok\/"},"author":{"name":"Medianeeds","@id":"https:\/\/medianeeds.es\/#\/schema\/person\/6a6f2f17f283df3eeb0946feebd2af79"},"headline":"\u00bfTU EMPRESA NECESITA TIKTOK?","datePublished":"2020-06-18T15:28:07+00:00","dateModified":"2020-06-18T15:58:28+00:00","mainEntityOfPage":{"@id":"https:\/\/medianeeds.es\/es\/la-teva-empresa-necessita-tiktok\/"},"wordCount":668,"publisher":{"@id":"https:\/\/medianeeds.es\/#organization"},"image":{"@id":"https:\/\/medianeeds.es\/es\/la-teva-empresa-necessita-tiktok\/#primaryimage"},"thumbnailUrl":"https:\/\/medianeeds.es\/wp-content\/uploads\/2020\/06\/tiktokblogcast.jpg","articleSection":["Blog","Blog","Destacados","Destacats","Noticias","Not\u00edcies"],"inLanguage":"es"},{"@type":"WebPage","@id":"https:\/\/medianeeds.es\/es\/la-teva-empresa-necessita-tiktok\/","url":"https:\/\/medianeeds.es\/es\/la-teva-empresa-necessita-tiktok\/","name":"\u00bfTu empresa necesita TikTok? | Media Needs | M\u00e1rketing Reus","isPartOf":{"@id":"https:\/\/medianeeds.es\/#website"},"primaryImageOfPage":{"@id":"https:\/\/medianeeds.es\/es\/la-teva-empresa-necessita-tiktok\/#primaryimage"},"image":{"@id":"https:\/\/medianeeds.es\/es\/la-teva-empresa-necessita-tiktok\/#primaryimage"},"thumbnailUrl":"https:\/\/medianeeds.es\/wp-content\/uploads\/2020\/06\/tiktokblogcast.jpg","datePublished":"2020-06-18T15:28:07+00:00","dateModified":"2020-06-18T15:58:28+00:00","description":"\u00bfTu empresa necesita TikTok? Quiz\u00e1s no te lo has llegado a plantear, pero esta nueva red est\u00e1 adquuiriendo m\u00e1s fuerza que nunca. \u00a1Inf\u00f3rmate en el blog!","breadcrumb":{"@id":"https:\/\/medianeeds.es\/es\/la-teva-empresa-necessita-tiktok\/#breadcrumb"},"inLanguage":"es","potentialAction":[{"@type":"ReadAction","target":["https:\/\/medianeeds.es\/es\/la-teva-empresa-necessita-tiktok\/"]}]},{"@type":"ImageObject","inLanguage":"es","@id":"https:\/\/medianeeds.es\/es\/la-teva-empresa-necessita-tiktok\/#primaryimage","url":"https:\/\/medianeeds.es\/wp-content\/uploads\/2020\/06\/tiktokblogcast.jpg","contentUrl":"https:\/\/medianeeds.es\/wp-content\/uploads\/2020\/06\/tiktokblogcast.jpg","width":1080,"height":675,"caption":"tiktok empresa"},{"@type":"BreadcrumbList","@id":"https:\/\/medianeeds.es\/es\/la-teva-empresa-necessita-tiktok\/#breadcrumb","itemListElement":[{"@type":"ListItem","position":1,"name":"Portada","item":"https:\/\/medianeeds.es\/"},{"@type":"ListItem","position":2,"name":"\u00bfTU EMPRESA NECESITA TIKTOK?"}]},{"@type":"WebSite","@id":"https:\/\/medianeeds.es\/#website","url":"https:\/\/medianeeds.es\/","name":"M\u00e0rketing Reus | Media Needs Reus | Ag\u00e8ncia de publicitat Reus","description":"MediaNeeds \u00e9s una empresa especialitzada en serveis integrals de publicitat, m\u00e0rqueting on-line i community manager a Reus, Tarragona","publisher":{"@id":"https:\/\/medianeeds.es\/#organization"},"alternateName":"Media Needs","potentialAction":[{"@type":"SearchAction","target":{"@type":"EntryPoint","urlTemplate":"https:\/\/medianeeds.es\/?s={search_term_string}"},"query-input":{"@type":"PropertyValueSpecification","valueRequired":true,"valueName":"search_term_string"}}],"inLanguage":"es"},{"@type":"Organization","@id":"https:\/\/medianeeds.es\/#organization","name":"M\u00e0rketing Reus | Media Needs Reus | Ag\u00e8ncia de publicitat Reus","alternateName":"Media Needs","url":"https:\/\/medianeeds.es\/","logo":{"@type":"ImageObject","inLanguage":"es","@id":"https:\/\/medianeeds.es\/#\/schema\/logo\/image\/","url":"https:\/\/medianeeds.es\/wp-content\/uploads\/2024\/06\/COLOR_Mesa-de-trabajo-1-copia.png","contentUrl":"https:\/\/medianeeds.es\/wp-content\/uploads\/2024\/06\/COLOR_Mesa-de-trabajo-1-copia.png","width":470,"height":226,"caption":"M\u00e0rketing Reus | Media Needs Reus | Ag\u00e8ncia de publicitat Reus"},"image":{"@id":"https:\/\/medianeeds.es\/#\/schema\/logo\/image\/"},"sameAs":["https:\/\/www.facebook.com\/medianeeds.es\/","https:\/\/x.com\/media_needs","https:\/\/www.instagram.com\/medianeeds\/?hl=es"]},{"@type":"Person","@id":"https:\/\/medianeeds.es\/#\/schema\/person\/6a6f2f17f283df3eeb0946feebd2af79","name":"Medianeeds","image":{"@type":"ImageObject","inLanguage":"es","@id":"https:\/\/secure.gravatar.com\/avatar\/442251953f111b43a4668103c7b7c09aa35690e525473fb0bb9db0681ee9c0c3?s=96&d=mm&r=g","url":"https:\/\/secure.gravatar.com\/avatar\/442251953f111b43a4668103c7b7c09aa35690e525473fb0bb9db0681ee9c0c3?s=96&d=mm&r=g","contentUrl":"https:\/\/secure.gravatar.com\/avatar\/442251953f111b43a4668103c7b7c09aa35690e525473fb0bb9db0681ee9c0c3?s=96&d=mm&r=g","caption":"Medianeeds"},"url":"https:\/\/medianeeds.es\/es\/author\/medianeeds\/"}]}},"_links":{"self":[{"href":"https:\/\/medianeeds.es\/es\/wp-json\/wp\/v2\/posts\/15216","targetHints":{"allow":["GET"]}}],"collection":[{"href":"https:\/\/medianeeds.es\/es\/wp-json\/wp\/v2\/posts"}],"about":[{"href":"https:\/\/medianeeds.es\/es\/wp-json\/wp\/v2\/types\/post"}],"author":[{"embeddable":true,"href":"https:\/\/medianeeds.es\/es\/wp-json\/wp\/v2\/users\/1"}],"replies":[{"embeddable":true,"href":"https:\/\/medianeeds.es\/es\/wp-json\/wp\/v2\/comments?post=15216"}],"version-history":[{"count":4,"href":"https:\/\/medianeeds.es\/es\/wp-json\/wp\/v2\/posts\/15216\/revisions"}],"predecessor-version":[{"id":15220,"href":"https:\/\/medianeeds.es\/es\/wp-json\/wp\/v2\/posts\/15216\/revisions\/15220"}],"wp:featuredmedia":[{"embeddable":true,"href":"https:\/\/medianeeds.es\/es\/wp-json\/wp\/v2\/media\/15221"}],"wp:attachment":[{"href":"https:\/\/medianeeds.es\/es\/wp-json\/wp\/v2\/media?parent=15216"}],"wp:term":[{"taxonomy":"category","embeddable":true,"href":"https:\/\/medianeeds.es\/es\/wp-json\/wp\/v2\/categories?post=15216"},{"taxonomy":"post_tag","embeddable":true,"href":"https:\/\/medianeeds.es\/es\/wp-json\/wp\/v2\/tags?post=15216"}],"curies":[{"name":"wp","href":"https:\/\/api.w.org\/{rel}","templated":true}]}}