{"id":15199,"date":"2020-05-22T13:00:48","date_gmt":"2020-05-22T13:00:48","guid":{"rendered":"https:\/\/medianeeds.es\/?p=15199"},"modified":"2020-05-22T10:52:23","modified_gmt":"2020-05-22T10:52:23","slug":"por-que-invertir-en-marqueting-y-comunicacion","status":"publish","type":"post","link":"https:\/\/medianeeds.es\/es\/por-que-invertir-en-marqueting-y-comunicacion\/","title":{"rendered":"\u00bfPor qu\u00e9 invertir en m\u00e1rqueting y comunicaci\u00f3n?"},"content":{"rendered":"<p>En Media Needs, y probablemente muchas de las agencias especializadas en marketing y comunicaci\u00f3n, acostumbramos a encontrarnos clientes esc\u00e9pticos en la idea de invertir en algo \u00abintangible\u00bb, como lo es el desarrollo de su plataforma web, la mejora de sus redes o incluso en su propia imagen corporativa.<\/p>\n<p>Esto acostumbra a pasar en empresas que ya llevan muchos a\u00f1os en el mercado, y que han crecido en una \u00e9poca donde todo esto todav\u00eda \u00abno ten\u00eda importancia\u00bb, por lo tanto para ellos es complicado asumir que el marketing es una inversi\u00f3n no solo necesaria, sino sumamente importante.<\/p>\n<p>Si lo extrapolamos a algo m\u00e1s cotidiano y f\u00e1cil de entender, cualquier empresa que venda un producto requiere un escaparate. Este escaparate tiene que tener, no solo su producto expuesto, sino tenerlo de manera atractiva, capaz de captar la atenci\u00f3n del consumidor. Adem\u00e1s, necesitar\u00e1 dar cierta atenci\u00f3n a productos destacados, que lo diferencien del resto, que lo hagan \u00fanico. \u00bfVerdad que nadie imagina una tienda sin escaparate? Pues en un mundo sumergido en la tecnolog\u00eda como es el nuestro, una empresa sin agencia tampoco funciona.<\/p>\n<p>La llegada del Covid-19 ha puesto en relevancia este problema, donde las empresas que si ten\u00edan una buena comunicaci\u00f3n y estrategia digital, han podido seguir teniendo contacto con los consumidores, incluso algunos han sido capaces de reinventarse, y empezar a ofrecer producto v\u00eda on-line, abriendo abanico a una nueva estrategia de venta.<\/p>\n<p>Por el contrario, los establecimientos que ten\u00edan la\u00a0rama\u00a0digital olvidada, no han tenido tiempo material, ni soluci\u00f3n para seguir presentes para sus clientes, y esto en algunos casos ha podido incrementar p\u00e9rdidas.<\/p>\n<p>Por lo tanto, desde Media Needs hacemos un llamamiento a todas las peque\u00f1as y medianas empresas que todav\u00eda no han hecho el salto, las invitamos a consultar, sin compromiso sobre cualquier duda o requerimiento, y nosotros prometemos ayudar a impulsar vuestro negocio como se merece y necesita.<\/p>\n","protected":false},"excerpt":{"rendered":"<p>En Media Needs, y probablemente muchas de las agencias especializadas en marketing y comunicaci\u00f3n, acostumbramos a encontrarnos clientes esc\u00e9pticos en la idea de invertir en algo \u00abintangible\u00bb, como lo es el desarrollo de su plataforma web, la mejora de sus redes o incluso en su propia imagen corporativa. Esto acostumbra a pasar en empresas que [&hellip;]<\/p>\n","protected":false},"author":1,"featured_media":15208,"comment_status":"closed","ping_status":"closed","sticky":false,"template":"","format":"standard","meta":{"_et_pb_use_builder":"","_et_pb_old_content":"","_et_gb_content_width":"","footnotes":""},"categories":[188,292,291,23],"tags":[],"class_list":["post-15199","post","type-post","status-publish","format-standard","has-post-thumbnail","hentry","category-blog-es-4","category-blog-es-3-es","category-destacats-es","category-noticies-es"],"yoast_head":"<!-- This site is optimized with the Yoast SEO plugin v27.4 - https:\/\/yoast.com\/product\/yoast-seo-wordpress\/ -->\n<title>\u00bfPor qu\u00e9 invertir en m\u00e1rqueting y comunicaci\u00f3n? - M\u00e0rketing Reus | Media Needs Reus | Ag\u00e8ncia de publicitat Reus<\/title>\n<meta name=\"robots\" content=\"index, follow, max-snippet:-1, max-image-preview:large, max-video-preview:-1\" \/>\n<link rel=\"canonical\" href=\"https:\/\/medianeeds.es\/es\/por-que-invertir-en-marqueting-y-comunicacion\/\" \/>\n<meta property=\"og:locale\" content=\"es_ES\" \/>\n<meta property=\"og:type\" content=\"article\" \/>\n<meta property=\"og:title\" content=\"\u00bfPor qu\u00e9 invertir en m\u00e1rqueting y comunicaci\u00f3n? - M\u00e0rketing Reus | Media Needs Reus | Ag\u00e8ncia de publicitat Reus\" \/>\n<meta property=\"og:description\" content=\"En Media Needs, y probablemente muchas de las agencias especializadas en marketing y comunicaci\u00f3n, acostumbramos a encontrarnos clientes esc\u00e9pticos en la idea de invertir en algo \u00abintangible\u00bb, como lo es el desarrollo de su plataforma web, la mejora de sus redes o incluso en su propia imagen corporativa. Esto acostumbra a pasar en empresas que [&hellip;]\" \/>\n<meta property=\"og:url\" content=\"https:\/\/medianeeds.es\/es\/por-que-invertir-en-marqueting-y-comunicacion\/\" \/>\n<meta property=\"og:site_name\" content=\"M\u00e0rketing Reus | Media Needs Reus | Ag\u00e8ncia de publicitat Reus\" \/>\n<meta property=\"article:publisher\" content=\"https:\/\/www.facebook.com\/medianeeds.es\/\" \/>\n<meta property=\"article:published_time\" content=\"2020-05-22T13:00:48+00:00\" \/>\n<meta property=\"og:image\" content=\"https:\/\/medianeeds.es\/wp-content\/uploads\/2020\/05\/pkinvertirblog-1024x640.jpg\" \/>\n\t<meta property=\"og:image:width\" content=\"1024\" \/>\n\t<meta property=\"og:image:height\" content=\"640\" \/>\n\t<meta property=\"og:image:type\" content=\"image\/jpeg\" \/>\n<meta name=\"author\" content=\"Medianeeds\" \/>\n<meta name=\"twitter:label1\" content=\"Escrito por\" \/>\n\t<meta name=\"twitter:data1\" content=\"Medianeeds\" \/>\n\t<meta name=\"twitter:label2\" content=\"Tiempo de lectura\" \/>\n\t<meta name=\"twitter:data2\" content=\"2 minutos\" \/>\n<script type=\"application\/ld+json\" class=\"yoast-schema-graph\">{\"@context\":\"https:\\\/\\\/schema.org\",\"@graph\":[{\"@type\":\"Article\",\"@id\":\"https:\\\/\\\/medianeeds.es\\\/es\\\/por-que-invertir-en-marqueting-y-comunicacion\\\/#article\",\"isPartOf\":{\"@id\":\"https:\\\/\\\/medianeeds.es\\\/es\\\/por-que-invertir-en-marqueting-y-comunicacion\\\/\"},\"author\":{\"name\":\"Medianeeds\",\"@id\":\"https:\\\/\\\/medianeeds.es\\\/#\\\/schema\\\/person\\\/6a6f2f17f283df3eeb0946feebd2af79\"},\"headline\":\"\u00bfPor qu\u00e9 invertir en m\u00e1rqueting y comunicaci\u00f3n?\",\"datePublished\":\"2020-05-22T13:00:48+00:00\",\"mainEntityOfPage\":{\"@id\":\"https:\\\/\\\/medianeeds.es\\\/es\\\/por-que-invertir-en-marqueting-y-comunicacion\\\/\"},\"wordCount\":342,\"publisher\":{\"@id\":\"https:\\\/\\\/medianeeds.es\\\/#organization\"},\"image\":{\"@id\":\"https:\\\/\\\/medianeeds.es\\\/es\\\/por-que-invertir-en-marqueting-y-comunicacion\\\/#primaryimage\"},\"thumbnailUrl\":\"https:\\\/\\\/medianeeds.es\\\/wp-content\\\/uploads\\\/2020\\\/05\\\/pkinvertirblog.jpg\",\"articleSection\":[\"Blog\",\"Blog\",\"Destacats\",\"Not\u00edcies\"],\"inLanguage\":\"es\"},{\"@type\":\"WebPage\",\"@id\":\"https:\\\/\\\/medianeeds.es\\\/es\\\/por-que-invertir-en-marqueting-y-comunicacion\\\/\",\"url\":\"https:\\\/\\\/medianeeds.es\\\/es\\\/por-que-invertir-en-marqueting-y-comunicacion\\\/\",\"name\":\"\u00bfPor qu\u00e9 invertir en m\u00e1rqueting y comunicaci\u00f3n? - M\u00e0rketing Reus | Media Needs Reus | Ag\u00e8ncia de publicitat Reus\",\"isPartOf\":{\"@id\":\"https:\\\/\\\/medianeeds.es\\\/#website\"},\"primaryImageOfPage\":{\"@id\":\"https:\\\/\\\/medianeeds.es\\\/es\\\/por-que-invertir-en-marqueting-y-comunicacion\\\/#primaryimage\"},\"image\":{\"@id\":\"https:\\\/\\\/medianeeds.es\\\/es\\\/por-que-invertir-en-marqueting-y-comunicacion\\\/#primaryimage\"},\"thumbnailUrl\":\"https:\\\/\\\/medianeeds.es\\\/wp-content\\\/uploads\\\/2020\\\/05\\\/pkinvertirblog.jpg\",\"datePublished\":\"2020-05-22T13:00:48+00:00\",\"breadcrumb\":{\"@id\":\"https:\\\/\\\/medianeeds.es\\\/es\\\/por-que-invertir-en-marqueting-y-comunicacion\\\/#breadcrumb\"},\"inLanguage\":\"es\",\"potentialAction\":[{\"@type\":\"ReadAction\",\"target\":[\"https:\\\/\\\/medianeeds.es\\\/es\\\/por-que-invertir-en-marqueting-y-comunicacion\\\/\"]}]},{\"@type\":\"ImageObject\",\"inLanguage\":\"es\",\"@id\":\"https:\\\/\\\/medianeeds.es\\\/es\\\/por-que-invertir-en-marqueting-y-comunicacion\\\/#primaryimage\",\"url\":\"https:\\\/\\\/medianeeds.es\\\/wp-content\\\/uploads\\\/2020\\\/05\\\/pkinvertirblog.jpg\",\"contentUrl\":\"https:\\\/\\\/medianeeds.es\\\/wp-content\\\/uploads\\\/2020\\\/05\\\/pkinvertirblog.jpg\",\"width\":1080,\"height\":675,\"caption\":\"m\u00e0rqueting i comunicaci\u00f3\"},{\"@type\":\"BreadcrumbList\",\"@id\":\"https:\\\/\\\/medianeeds.es\\\/es\\\/por-que-invertir-en-marqueting-y-comunicacion\\\/#breadcrumb\",\"itemListElement\":[{\"@type\":\"ListItem\",\"position\":1,\"name\":\"Portada\",\"item\":\"https:\\\/\\\/medianeeds.es\\\/\"},{\"@type\":\"ListItem\",\"position\":2,\"name\":\"\u00bfPor qu\u00e9 invertir en m\u00e1rqueting y comunicaci\u00f3n?\"}]},{\"@type\":\"WebSite\",\"@id\":\"https:\\\/\\\/medianeeds.es\\\/#website\",\"url\":\"https:\\\/\\\/medianeeds.es\\\/\",\"name\":\"M\u00e0rketing Reus | Media Needs Reus | Ag\u00e8ncia de publicitat Reus\",\"description\":\"MediaNeeds \u00e9s una empresa especialitzada en serveis integrals de publicitat, m\u00e0rqueting on-line i community manager a Reus, Tarragona\",\"publisher\":{\"@id\":\"https:\\\/\\\/medianeeds.es\\\/#organization\"},\"alternateName\":\"Media Needs\",\"potentialAction\":[{\"@type\":\"SearchAction\",\"target\":{\"@type\":\"EntryPoint\",\"urlTemplate\":\"https:\\\/\\\/medianeeds.es\\\/?s={search_term_string}\"},\"query-input\":{\"@type\":\"PropertyValueSpecification\",\"valueRequired\":true,\"valueName\":\"search_term_string\"}}],\"inLanguage\":\"es\"},{\"@type\":\"Organization\",\"@id\":\"https:\\\/\\\/medianeeds.es\\\/#organization\",\"name\":\"M\u00e0rketing Reus | Media Needs Reus | Ag\u00e8ncia de publicitat Reus\",\"alternateName\":\"Media Needs\",\"url\":\"https:\\\/\\\/medianeeds.es\\\/\",\"logo\":{\"@type\":\"ImageObject\",\"inLanguage\":\"es\",\"@id\":\"https:\\\/\\\/medianeeds.es\\\/#\\\/schema\\\/logo\\\/image\\\/\",\"url\":\"https:\\\/\\\/medianeeds.es\\\/wp-content\\\/uploads\\\/2024\\\/06\\\/COLOR_Mesa-de-trabajo-1-copia.png\",\"contentUrl\":\"https:\\\/\\\/medianeeds.es\\\/wp-content\\\/uploads\\\/2024\\\/06\\\/COLOR_Mesa-de-trabajo-1-copia.png\",\"width\":470,\"height\":226,\"caption\":\"M\u00e0rketing Reus | Media Needs Reus | Ag\u00e8ncia de publicitat Reus\"},\"image\":{\"@id\":\"https:\\\/\\\/medianeeds.es\\\/#\\\/schema\\\/logo\\\/image\\\/\"},\"sameAs\":[\"https:\\\/\\\/www.facebook.com\\\/medianeeds.es\\\/\",\"https:\\\/\\\/x.com\\\/media_needs\",\"https:\\\/\\\/www.instagram.com\\\/medianeeds\\\/?hl=es\"]},{\"@type\":\"Person\",\"@id\":\"https:\\\/\\\/medianeeds.es\\\/#\\\/schema\\\/person\\\/6a6f2f17f283df3eeb0946feebd2af79\",\"name\":\"Medianeeds\",\"image\":{\"@type\":\"ImageObject\",\"inLanguage\":\"es\",\"@id\":\"https:\\\/\\\/secure.gravatar.com\\\/avatar\\\/442251953f111b43a4668103c7b7c09aa35690e525473fb0bb9db0681ee9c0c3?s=96&d=mm&r=g\",\"url\":\"https:\\\/\\\/secure.gravatar.com\\\/avatar\\\/442251953f111b43a4668103c7b7c09aa35690e525473fb0bb9db0681ee9c0c3?s=96&d=mm&r=g\",\"contentUrl\":\"https:\\\/\\\/secure.gravatar.com\\\/avatar\\\/442251953f111b43a4668103c7b7c09aa35690e525473fb0bb9db0681ee9c0c3?s=96&d=mm&r=g\",\"caption\":\"Medianeeds\"},\"url\":\"https:\\\/\\\/medianeeds.es\\\/es\\\/author\\\/medianeeds\\\/\"}]}<\/script>\n<!-- \/ Yoast SEO plugin. -->","yoast_head_json":{"title":"\u00bfPor qu\u00e9 invertir en m\u00e1rqueting y comunicaci\u00f3n? - M\u00e0rketing Reus | Media Needs Reus | Ag\u00e8ncia de publicitat Reus","robots":{"index":"index","follow":"follow","max-snippet":"max-snippet:-1","max-image-preview":"max-image-preview:large","max-video-preview":"max-video-preview:-1"},"canonical":"https:\/\/medianeeds.es\/es\/por-que-invertir-en-marqueting-y-comunicacion\/","og_locale":"es_ES","og_type":"article","og_title":"\u00bfPor qu\u00e9 invertir en m\u00e1rqueting y comunicaci\u00f3n? - M\u00e0rketing Reus | Media Needs Reus | Ag\u00e8ncia de publicitat Reus","og_description":"En Media Needs, y probablemente muchas de las agencias especializadas en marketing y comunicaci\u00f3n, acostumbramos a encontrarnos clientes esc\u00e9pticos en la idea de invertir en algo \u00abintangible\u00bb, como lo es el desarrollo de su plataforma web, la mejora de sus redes o incluso en su propia imagen corporativa. Esto acostumbra a pasar en empresas que [&hellip;]","og_url":"https:\/\/medianeeds.es\/es\/por-que-invertir-en-marqueting-y-comunicacion\/","og_site_name":"M\u00e0rketing Reus | Media Needs Reus | Ag\u00e8ncia de publicitat Reus","article_publisher":"https:\/\/www.facebook.com\/medianeeds.es\/","article_published_time":"2020-05-22T13:00:48+00:00","og_image":[{"width":1024,"height":640,"url":"https:\/\/medianeeds.es\/wp-content\/uploads\/2020\/05\/pkinvertirblog-1024x640.jpg","type":"image\/jpeg"}],"author":"Medianeeds","twitter_misc":{"Escrito por":"Medianeeds","Tiempo de lectura":"2 minutos"},"schema":{"@context":"https:\/\/schema.org","@graph":[{"@type":"Article","@id":"https:\/\/medianeeds.es\/es\/por-que-invertir-en-marqueting-y-comunicacion\/#article","isPartOf":{"@id":"https:\/\/medianeeds.es\/es\/por-que-invertir-en-marqueting-y-comunicacion\/"},"author":{"name":"Medianeeds","@id":"https:\/\/medianeeds.es\/#\/schema\/person\/6a6f2f17f283df3eeb0946feebd2af79"},"headline":"\u00bfPor qu\u00e9 invertir en m\u00e1rqueting y comunicaci\u00f3n?","datePublished":"2020-05-22T13:00:48+00:00","mainEntityOfPage":{"@id":"https:\/\/medianeeds.es\/es\/por-que-invertir-en-marqueting-y-comunicacion\/"},"wordCount":342,"publisher":{"@id":"https:\/\/medianeeds.es\/#organization"},"image":{"@id":"https:\/\/medianeeds.es\/es\/por-que-invertir-en-marqueting-y-comunicacion\/#primaryimage"},"thumbnailUrl":"https:\/\/medianeeds.es\/wp-content\/uploads\/2020\/05\/pkinvertirblog.jpg","articleSection":["Blog","Blog","Destacats","Not\u00edcies"],"inLanguage":"es"},{"@type":"WebPage","@id":"https:\/\/medianeeds.es\/es\/por-que-invertir-en-marqueting-y-comunicacion\/","url":"https:\/\/medianeeds.es\/es\/por-que-invertir-en-marqueting-y-comunicacion\/","name":"\u00bfPor qu\u00e9 invertir en m\u00e1rqueting y comunicaci\u00f3n? - M\u00e0rketing Reus | Media Needs Reus | Ag\u00e8ncia de publicitat Reus","isPartOf":{"@id":"https:\/\/medianeeds.es\/#website"},"primaryImageOfPage":{"@id":"https:\/\/medianeeds.es\/es\/por-que-invertir-en-marqueting-y-comunicacion\/#primaryimage"},"image":{"@id":"https:\/\/medianeeds.es\/es\/por-que-invertir-en-marqueting-y-comunicacion\/#primaryimage"},"thumbnailUrl":"https:\/\/medianeeds.es\/wp-content\/uploads\/2020\/05\/pkinvertirblog.jpg","datePublished":"2020-05-22T13:00:48+00:00","breadcrumb":{"@id":"https:\/\/medianeeds.es\/es\/por-que-invertir-en-marqueting-y-comunicacion\/#breadcrumb"},"inLanguage":"es","potentialAction":[{"@type":"ReadAction","target":["https:\/\/medianeeds.es\/es\/por-que-invertir-en-marqueting-y-comunicacion\/"]}]},{"@type":"ImageObject","inLanguage":"es","@id":"https:\/\/medianeeds.es\/es\/por-que-invertir-en-marqueting-y-comunicacion\/#primaryimage","url":"https:\/\/medianeeds.es\/wp-content\/uploads\/2020\/05\/pkinvertirblog.jpg","contentUrl":"https:\/\/medianeeds.es\/wp-content\/uploads\/2020\/05\/pkinvertirblog.jpg","width":1080,"height":675,"caption":"m\u00e0rqueting i comunicaci\u00f3"},{"@type":"BreadcrumbList","@id":"https:\/\/medianeeds.es\/es\/por-que-invertir-en-marqueting-y-comunicacion\/#breadcrumb","itemListElement":[{"@type":"ListItem","position":1,"name":"Portada","item":"https:\/\/medianeeds.es\/"},{"@type":"ListItem","position":2,"name":"\u00bfPor qu\u00e9 invertir en m\u00e1rqueting y comunicaci\u00f3n?"}]},{"@type":"WebSite","@id":"https:\/\/medianeeds.es\/#website","url":"https:\/\/medianeeds.es\/","name":"M\u00e0rketing Reus | Media Needs Reus | Ag\u00e8ncia de publicitat Reus","description":"MediaNeeds \u00e9s una empresa especialitzada en serveis integrals de publicitat, m\u00e0rqueting on-line i community manager a Reus, Tarragona","publisher":{"@id":"https:\/\/medianeeds.es\/#organization"},"alternateName":"Media Needs","potentialAction":[{"@type":"SearchAction","target":{"@type":"EntryPoint","urlTemplate":"https:\/\/medianeeds.es\/?s={search_term_string}"},"query-input":{"@type":"PropertyValueSpecification","valueRequired":true,"valueName":"search_term_string"}}],"inLanguage":"es"},{"@type":"Organization","@id":"https:\/\/medianeeds.es\/#organization","name":"M\u00e0rketing Reus | Media Needs Reus | Ag\u00e8ncia de publicitat Reus","alternateName":"Media Needs","url":"https:\/\/medianeeds.es\/","logo":{"@type":"ImageObject","inLanguage":"es","@id":"https:\/\/medianeeds.es\/#\/schema\/logo\/image\/","url":"https:\/\/medianeeds.es\/wp-content\/uploads\/2024\/06\/COLOR_Mesa-de-trabajo-1-copia.png","contentUrl":"https:\/\/medianeeds.es\/wp-content\/uploads\/2024\/06\/COLOR_Mesa-de-trabajo-1-copia.png","width":470,"height":226,"caption":"M\u00e0rketing Reus | Media Needs Reus | Ag\u00e8ncia de publicitat Reus"},"image":{"@id":"https:\/\/medianeeds.es\/#\/schema\/logo\/image\/"},"sameAs":["https:\/\/www.facebook.com\/medianeeds.es\/","https:\/\/x.com\/media_needs","https:\/\/www.instagram.com\/medianeeds\/?hl=es"]},{"@type":"Person","@id":"https:\/\/medianeeds.es\/#\/schema\/person\/6a6f2f17f283df3eeb0946feebd2af79","name":"Medianeeds","image":{"@type":"ImageObject","inLanguage":"es","@id":"https:\/\/secure.gravatar.com\/avatar\/442251953f111b43a4668103c7b7c09aa35690e525473fb0bb9db0681ee9c0c3?s=96&d=mm&r=g","url":"https:\/\/secure.gravatar.com\/avatar\/442251953f111b43a4668103c7b7c09aa35690e525473fb0bb9db0681ee9c0c3?s=96&d=mm&r=g","contentUrl":"https:\/\/secure.gravatar.com\/avatar\/442251953f111b43a4668103c7b7c09aa35690e525473fb0bb9db0681ee9c0c3?s=96&d=mm&r=g","caption":"Medianeeds"},"url":"https:\/\/medianeeds.es\/es\/author\/medianeeds\/"}]}},"_links":{"self":[{"href":"https:\/\/medianeeds.es\/es\/wp-json\/wp\/v2\/posts\/15199","targetHints":{"allow":["GET"]}}],"collection":[{"href":"https:\/\/medianeeds.es\/es\/wp-json\/wp\/v2\/posts"}],"about":[{"href":"https:\/\/medianeeds.es\/es\/wp-json\/wp\/v2\/types\/post"}],"author":[{"embeddable":true,"href":"https:\/\/medianeeds.es\/es\/wp-json\/wp\/v2\/users\/1"}],"replies":[{"embeddable":true,"href":"https:\/\/medianeeds.es\/es\/wp-json\/wp\/v2\/comments?post=15199"}],"version-history":[{"count":1,"href":"https:\/\/medianeeds.es\/es\/wp-json\/wp\/v2\/posts\/15199\/revisions"}],"predecessor-version":[{"id":15202,"href":"https:\/\/medianeeds.es\/es\/wp-json\/wp\/v2\/posts\/15199\/revisions\/15202"}],"wp:featuredmedia":[{"embeddable":true,"href":"https:\/\/medianeeds.es\/es\/wp-json\/wp\/v2\/media\/15208"}],"wp:attachment":[{"href":"https:\/\/medianeeds.es\/es\/wp-json\/wp\/v2\/media?parent=15199"}],"wp:term":[{"taxonomy":"category","embeddable":true,"href":"https:\/\/medianeeds.es\/es\/wp-json\/wp\/v2\/categories?post=15199"},{"taxonomy":"post_tag","embeddable":true,"href":"https:\/\/medianeeds.es\/es\/wp-json\/wp\/v2\/tags?post=15199"}],"curies":[{"name":"wp","href":"https:\/\/api.w.org\/{rel}","templated":true}]}}