{"id":15169,"date":"2020-04-29T11:22:14","date_gmt":"2020-04-29T11:22:14","guid":{"rendered":"https:\/\/medianeeds.es\/lauge-de-la-desinformacio-i-les-fake-news\/"},"modified":"2020-04-30T12:47:39","modified_gmt":"2020-04-30T12:47:39","slug":"lauge-de-la-desinformacio-i-les-fake-news","status":"publish","type":"post","link":"https:\/\/medianeeds.es\/es\/lauge-de-la-desinformacio-i-les-fake-news\/","title":{"rendered":"El auge de la desinformaci\u00f3n y las \u00abfake news\u00bb"},"content":{"rendered":"<p class=\"p1\"><span class=\"s1\">La crisis sanitaria que estamos viviendo durante los \u00faltimos meses en Espa\u00f1a y en el mundo ha visibilizado todav\u00eda m\u00e1s uno de los grandes problemas de la globalizaci\u00f3n tecnol\u00f3gica: <b>el auge de la desinformaci\u00f3n y las <em>fake news<\/em>. <\/b>La desinformaci\u00f3n es un problema ligado a internet y a las redes sociales desde hace mucho tiempo, pero cuando lo que est\u00e1 en juego es la salud de la poblaci\u00f3n se hace todav\u00eda m\u00e1s necesario combatirlo.<\/span><\/p>\n<p>&nbsp;<\/p>\n<h5 class=\"p1\"><span class=\"s1\">Los medios de comunicaci\u00f3n y las redes sociales tienen la funci\u00f3n de explicar a la sociedad todo lo que sucede para que las personas puedan tomar decisiones desde una base informativa y veraz.<\/span><\/h5>\n<p>&nbsp;<\/p>\n<p class=\"p1\"><span class=\"s1\">A su vez, estas formas de comunicaci\u00f3n hoy en d\u00eda establecen la <strong>instantaneidad<\/strong> como el ritmo normal de la informaci\u00f3n. Este mismo ritmo es el que nos acaba haciendo \u201caceptar\u201d las noticias no verificadas como un componente m\u00e1s de las propias redes sociales.<\/span><\/p>\n<p class=\"p1\"><span class=\"s1\">As\u00ed, en esta tesitura surge un nuevo concepto: la <b>infodemia. <\/b>Esta hace referencia a la sobreabundancia de informaci\u00f3n que, muchas veces, va de la mano de rumores y datos falsos. Este hecho siempre ha creado conflictos que ahora han empeorado teniendo consecuencias como la confusi\u00f3n, el p\u00e1nico y las malas praxis por parte de los consumidores de contenidos.<\/span><\/p>\n<p class=\"p1\"><span class=\"s1\">Adem\u00e1s, el <b>aislamiento<\/b> en casa est\u00e1 aumentando la propagaci\u00f3n de falsos contenidos. Esto se debe a que mucha gente disfruta de su tiempo de ocio mediante internet y las pantallas. No solo eso, sino que la preocupaci\u00f3n hacia la situaci\u00f3n hace que se comparta la informaci\u00f3n con otras personas sin antes verificarla.<\/span><\/p>\n<p class=\"p1\"><span class=\"s1\">La <strong>desinformaci\u00f3n<\/strong>, aparte de originar malentendidos entre los usuarios, tambi\u00e9n hace que estos act\u00faen en consecuencia llevando a cabo pr\u00e1cticas err\u00f3neas. Entre otras, los rumores y mitos referentes a la prevenci\u00f3n o cura del coronavirus son los que m\u00e1s preocupan a los expertos.<\/span><\/p>\n<p>&nbsp;<\/p>\n<h5 class=\"p1\"><span class=\"s1\">Todas estas fake news de las que hablamos se sustentan en las emociones humanas para tener \u00e9xito.<\/span><\/h5>\n<p>&nbsp;<\/p>\n<p class=\"p1\"><span class=\"s1\">De esta forma, los que las emplean suelen querer hacernos pensar de una manera que beneficie a este receptor en cuesti\u00f3n. S\u00f3lo con esto ya se est\u00e1n vulnerando los principios que rigen los medios informativos, que deben ser siempre imparciales y objetivos.<\/span><\/p>\n<p class=\"p1\"><span class=\"s1\">Aparte de este conflicto entre veracidad y falsedad se le suma la aparici\u00f3n de <b>nuevas estafas por parte de los delincuentes cibern\u00e9ticos. <\/b>Es tal el desconcierto general que los enga\u00f1os por parte de <em>hackers<\/em> se hace muy efectiva si se emplea como \u201cgancho\u201d el coronavirus. De esta manera se puede lograr que el usuario acabe revelando datos privados como la informaci\u00f3n bancaria.<\/span><\/p>\n<p class=\"p1\"><span class=\"s1\">Frente a este panorama de descontrol y opacidad informativa, autoridades como la guardia civil piden la colaboraci\u00f3n ciudadana de la mano de los siguientes <strong>consejos<\/strong>:<\/span><\/p>\n<ul>\n<li class=\"p1\">\n<p class=\"p1\"><span class=\"s1\">Desconfiar de datos e informaci\u00f3n en los que no se especifique la fuente<\/span><\/p>\n<\/li>\n<li class=\"p1\">\n<p class=\"p1\"><span class=\"s1\">No confiar en datos que contrastar en exceso con las cifras oficiales<\/span><\/p>\n<\/li>\n<li class=\"p1\">\n<p class=\"p1\"><span class=\"s1\">Informar a las autoridades correspondientes de las ciberestafas detectadas<\/span><\/p>\n<\/li>\n<\/ul>\n<p class=\"p1\"><span class=\"s1\">En definitiva, en esta \u00faltima etapa que est\u00e1 viviendo internet se evidencia c\u00f3mo la viralizaci\u00f3n propiciada por las redes sociales y la mala actuaci\u00f3n de algunos medios a la hora de publicar datos sin contrastar dejan en evidencia la credibilidad de estos. A la vez, sin embargo, esta realidad supone una gran <b>oportunidad<\/b> para los medios, pudiendo <\/span><span class=\"s1\">actuar como buenos canales de informaci\u00f3n y ganarse la credibilidad de la audiencia en base al contraste de informaci\u00f3n y la veracidad.<\/span><\/p>\n","protected":false},"excerpt":{"rendered":"<p>La crisis sanitaria que estamos viviendo durante los \u00faltimos meses en Espa\u00f1a y en el mundo ha visibilizado todav\u00eda m\u00e1s uno de los grandes problemas de la globalizaci\u00f3n tecnol\u00f3gica: el auge de la desinformaci\u00f3n y las fake news. La desinformaci\u00f3n es un problema ligado a internet y a las redes sociales desde hace mucho tiempo, [&hellip;]<\/p>\n","protected":false},"author":1,"featured_media":15171,"comment_status":"closed","ping_status":"closed","sticky":false,"template":"","format":"standard","meta":{"_et_pb_use_builder":"","_et_pb_old_content":"","_et_gb_content_width":"","footnotes":""},"categories":[292,249,252],"tags":[],"class_list":["post-15169","post","type-post","status-publish","format-standard","has-post-thumbnail","hentry","category-blog-es-3-es","category-destacados","category-noticias"],"yoast_head":"<!-- This site is optimized with the Yoast SEO plugin v27.4 - https:\/\/yoast.com\/product\/yoast-seo-wordpress\/ -->\n<title>El auge de la desinformaci\u00f3n y las &quot;fake news&quot; | Media Needs<\/title>\n<meta name=\"description\" content=\"La desinformaci\u00f3n y las &quot;fake news&quot; cuestionan la viabilidad de las redes sociales y los medios de comunicaci\u00f3n hoy en d\u00eda. \u00a1Lee m\u00e1s en el nuevo blog!\" \/>\n<meta name=\"robots\" content=\"index, follow, max-snippet:-1, max-image-preview:large, max-video-preview:-1\" \/>\n<link rel=\"canonical\" href=\"https:\/\/medianeeds.es\/es\/lauge-de-la-desinformacio-i-les-fake-news\/\" \/>\n<meta property=\"og:locale\" content=\"es_ES\" \/>\n<meta property=\"og:type\" content=\"article\" \/>\n<meta property=\"og:title\" content=\"El auge de la desinformaci\u00f3n y las &quot;fake news&quot; | Media Needs\" \/>\n<meta property=\"og:description\" content=\"La desinformaci\u00f3n y las &quot;fake news&quot; cuestionan la viabilidad de las redes sociales y los medios de comunicaci\u00f3n hoy en d\u00eda. \u00a1Lee m\u00e1s en el nuevo blog!\" \/>\n<meta property=\"og:url\" content=\"https:\/\/medianeeds.es\/es\/lauge-de-la-desinformacio-i-les-fake-news\/\" \/>\n<meta property=\"og:site_name\" content=\"M\u00e0rketing Reus | Media Needs Reus | Ag\u00e8ncia de publicitat Reus\" \/>\n<meta property=\"article:publisher\" content=\"https:\/\/www.facebook.com\/medianeeds.es\/\" \/>\n<meta property=\"article:published_time\" content=\"2020-04-29T11:22:14+00:00\" \/>\n<meta property=\"article:modified_time\" content=\"2020-04-30T12:47:39+00:00\" \/>\n<meta property=\"og:image\" content=\"https:\/\/medianeeds.es\/wp-content\/uploads\/2020\/04\/fakenewsblogcast.jpg\" \/>\n\t<meta property=\"og:image:width\" content=\"1080\" \/>\n\t<meta property=\"og:image:height\" content=\"675\" \/>\n\t<meta property=\"og:image:type\" content=\"image\/jpeg\" \/>\n<meta name=\"author\" content=\"Medianeeds\" \/>\n<meta name=\"twitter:label1\" content=\"Escrito por\" \/>\n\t<meta name=\"twitter:data1\" content=\"Medianeeds\" \/>\n\t<meta name=\"twitter:label2\" content=\"Tiempo de lectura\" \/>\n\t<meta name=\"twitter:data2\" content=\"3 minutos\" \/>\n<script type=\"application\/ld+json\" class=\"yoast-schema-graph\">{\"@context\":\"https:\\\/\\\/schema.org\",\"@graph\":[{\"@type\":\"Article\",\"@id\":\"https:\\\/\\\/medianeeds.es\\\/es\\\/lauge-de-la-desinformacio-i-les-fake-news\\\/#article\",\"isPartOf\":{\"@id\":\"https:\\\/\\\/medianeeds.es\\\/es\\\/lauge-de-la-desinformacio-i-les-fake-news\\\/\"},\"author\":{\"name\":\"Medianeeds\",\"@id\":\"https:\\\/\\\/medianeeds.es\\\/#\\\/schema\\\/person\\\/6a6f2f17f283df3eeb0946feebd2af79\"},\"headline\":\"El auge de la desinformaci\u00f3n y las \u00abfake news\u00bb\",\"datePublished\":\"2020-04-29T11:22:14+00:00\",\"dateModified\":\"2020-04-30T12:47:39+00:00\",\"mainEntityOfPage\":{\"@id\":\"https:\\\/\\\/medianeeds.es\\\/es\\\/lauge-de-la-desinformacio-i-les-fake-news\\\/\"},\"wordCount\":621,\"publisher\":{\"@id\":\"https:\\\/\\\/medianeeds.es\\\/#organization\"},\"image\":{\"@id\":\"https:\\\/\\\/medianeeds.es\\\/es\\\/lauge-de-la-desinformacio-i-les-fake-news\\\/#primaryimage\"},\"thumbnailUrl\":\"https:\\\/\\\/medianeeds.es\\\/wp-content\\\/uploads\\\/2020\\\/04\\\/fakenewsblogcast.jpg\",\"articleSection\":[\"Blog\",\"Destacados\",\"Noticias\"],\"inLanguage\":\"es\"},{\"@type\":\"WebPage\",\"@id\":\"https:\\\/\\\/medianeeds.es\\\/es\\\/lauge-de-la-desinformacio-i-les-fake-news\\\/\",\"url\":\"https:\\\/\\\/medianeeds.es\\\/es\\\/lauge-de-la-desinformacio-i-les-fake-news\\\/\",\"name\":\"El auge de la desinformaci\u00f3n y las \\\"fake news\\\" | Media Needs\",\"isPartOf\":{\"@id\":\"https:\\\/\\\/medianeeds.es\\\/#website\"},\"primaryImageOfPage\":{\"@id\":\"https:\\\/\\\/medianeeds.es\\\/es\\\/lauge-de-la-desinformacio-i-les-fake-news\\\/#primaryimage\"},\"image\":{\"@id\":\"https:\\\/\\\/medianeeds.es\\\/es\\\/lauge-de-la-desinformacio-i-les-fake-news\\\/#primaryimage\"},\"thumbnailUrl\":\"https:\\\/\\\/medianeeds.es\\\/wp-content\\\/uploads\\\/2020\\\/04\\\/fakenewsblogcast.jpg\",\"datePublished\":\"2020-04-29T11:22:14+00:00\",\"dateModified\":\"2020-04-30T12:47:39+00:00\",\"description\":\"La desinformaci\u00f3n y las \\\"fake news\\\" cuestionan la viabilidad de las redes sociales y los medios de comunicaci\u00f3n hoy en d\u00eda. \u00a1Lee m\u00e1s en el nuevo blog!\",\"breadcrumb\":{\"@id\":\"https:\\\/\\\/medianeeds.es\\\/es\\\/lauge-de-la-desinformacio-i-les-fake-news\\\/#breadcrumb\"},\"inLanguage\":\"es\",\"potentialAction\":[{\"@type\":\"ReadAction\",\"target\":[\"https:\\\/\\\/medianeeds.es\\\/es\\\/lauge-de-la-desinformacio-i-les-fake-news\\\/\"]}]},{\"@type\":\"ImageObject\",\"inLanguage\":\"es\",\"@id\":\"https:\\\/\\\/medianeeds.es\\\/es\\\/lauge-de-la-desinformacio-i-les-fake-news\\\/#primaryimage\",\"url\":\"https:\\\/\\\/medianeeds.es\\\/wp-content\\\/uploads\\\/2020\\\/04\\\/fakenewsblogcast.jpg\",\"contentUrl\":\"https:\\\/\\\/medianeeds.es\\\/wp-content\\\/uploads\\\/2020\\\/04\\\/fakenewsblogcast.jpg\",\"width\":1080,\"height\":675,\"caption\":\"desinformaci\u00f3n fake news\"},{\"@type\":\"BreadcrumbList\",\"@id\":\"https:\\\/\\\/medianeeds.es\\\/es\\\/lauge-de-la-desinformacio-i-les-fake-news\\\/#breadcrumb\",\"itemListElement\":[{\"@type\":\"ListItem\",\"position\":1,\"name\":\"Portada\",\"item\":\"https:\\\/\\\/medianeeds.es\\\/\"},{\"@type\":\"ListItem\",\"position\":2,\"name\":\"El auge de la desinformaci\u00f3n y las \u00abfake news\u00bb\"}]},{\"@type\":\"WebSite\",\"@id\":\"https:\\\/\\\/medianeeds.es\\\/#website\",\"url\":\"https:\\\/\\\/medianeeds.es\\\/\",\"name\":\"M\u00e0rketing Reus | Media Needs Reus | Ag\u00e8ncia de publicitat Reus\",\"description\":\"MediaNeeds \u00e9s una empresa especialitzada en serveis integrals de publicitat, m\u00e0rqueting on-line i community manager a Reus, Tarragona\",\"publisher\":{\"@id\":\"https:\\\/\\\/medianeeds.es\\\/#organization\"},\"alternateName\":\"Media Needs\",\"potentialAction\":[{\"@type\":\"SearchAction\",\"target\":{\"@type\":\"EntryPoint\",\"urlTemplate\":\"https:\\\/\\\/medianeeds.es\\\/?s={search_term_string}\"},\"query-input\":{\"@type\":\"PropertyValueSpecification\",\"valueRequired\":true,\"valueName\":\"search_term_string\"}}],\"inLanguage\":\"es\"},{\"@type\":\"Organization\",\"@id\":\"https:\\\/\\\/medianeeds.es\\\/#organization\",\"name\":\"M\u00e0rketing Reus | Media Needs Reus | Ag\u00e8ncia de publicitat Reus\",\"alternateName\":\"Media Needs\",\"url\":\"https:\\\/\\\/medianeeds.es\\\/\",\"logo\":{\"@type\":\"ImageObject\",\"inLanguage\":\"es\",\"@id\":\"https:\\\/\\\/medianeeds.es\\\/#\\\/schema\\\/logo\\\/image\\\/\",\"url\":\"https:\\\/\\\/medianeeds.es\\\/wp-content\\\/uploads\\\/2024\\\/06\\\/COLOR_Mesa-de-trabajo-1-copia.png\",\"contentUrl\":\"https:\\\/\\\/medianeeds.es\\\/wp-content\\\/uploads\\\/2024\\\/06\\\/COLOR_Mesa-de-trabajo-1-copia.png\",\"width\":470,\"height\":226,\"caption\":\"M\u00e0rketing Reus | Media Needs Reus | Ag\u00e8ncia de publicitat Reus\"},\"image\":{\"@id\":\"https:\\\/\\\/medianeeds.es\\\/#\\\/schema\\\/logo\\\/image\\\/\"},\"sameAs\":[\"https:\\\/\\\/www.facebook.com\\\/medianeeds.es\\\/\",\"https:\\\/\\\/x.com\\\/media_needs\",\"https:\\\/\\\/www.instagram.com\\\/medianeeds\\\/?hl=es\"]},{\"@type\":\"Person\",\"@id\":\"https:\\\/\\\/medianeeds.es\\\/#\\\/schema\\\/person\\\/6a6f2f17f283df3eeb0946feebd2af79\",\"name\":\"Medianeeds\",\"image\":{\"@type\":\"ImageObject\",\"inLanguage\":\"es\",\"@id\":\"https:\\\/\\\/secure.gravatar.com\\\/avatar\\\/442251953f111b43a4668103c7b7c09aa35690e525473fb0bb9db0681ee9c0c3?s=96&d=mm&r=g\",\"url\":\"https:\\\/\\\/secure.gravatar.com\\\/avatar\\\/442251953f111b43a4668103c7b7c09aa35690e525473fb0bb9db0681ee9c0c3?s=96&d=mm&r=g\",\"contentUrl\":\"https:\\\/\\\/secure.gravatar.com\\\/avatar\\\/442251953f111b43a4668103c7b7c09aa35690e525473fb0bb9db0681ee9c0c3?s=96&d=mm&r=g\",\"caption\":\"Medianeeds\"},\"url\":\"https:\\\/\\\/medianeeds.es\\\/es\\\/author\\\/medianeeds\\\/\"}]}<\/script>\n<!-- \/ Yoast SEO plugin. -->","yoast_head_json":{"title":"El auge de la desinformaci\u00f3n y las \"fake news\" | Media Needs","description":"La desinformaci\u00f3n y las \"fake news\" cuestionan la viabilidad de las redes sociales y los medios de comunicaci\u00f3n hoy en d\u00eda. \u00a1Lee m\u00e1s en el nuevo blog!","robots":{"index":"index","follow":"follow","max-snippet":"max-snippet:-1","max-image-preview":"max-image-preview:large","max-video-preview":"max-video-preview:-1"},"canonical":"https:\/\/medianeeds.es\/es\/lauge-de-la-desinformacio-i-les-fake-news\/","og_locale":"es_ES","og_type":"article","og_title":"El auge de la desinformaci\u00f3n y las \"fake news\" | Media Needs","og_description":"La desinformaci\u00f3n y las \"fake news\" cuestionan la viabilidad de las redes sociales y los medios de comunicaci\u00f3n hoy en d\u00eda. \u00a1Lee m\u00e1s en el nuevo blog!","og_url":"https:\/\/medianeeds.es\/es\/lauge-de-la-desinformacio-i-les-fake-news\/","og_site_name":"M\u00e0rketing Reus | Media Needs Reus | Ag\u00e8ncia de publicitat Reus","article_publisher":"https:\/\/www.facebook.com\/medianeeds.es\/","article_published_time":"2020-04-29T11:22:14+00:00","article_modified_time":"2020-04-30T12:47:39+00:00","og_image":[{"width":1080,"height":675,"url":"https:\/\/medianeeds.es\/wp-content\/uploads\/2020\/04\/fakenewsblogcast.jpg","type":"image\/jpeg"}],"author":"Medianeeds","twitter_misc":{"Escrito por":"Medianeeds","Tiempo de lectura":"3 minutos"},"schema":{"@context":"https:\/\/schema.org","@graph":[{"@type":"Article","@id":"https:\/\/medianeeds.es\/es\/lauge-de-la-desinformacio-i-les-fake-news\/#article","isPartOf":{"@id":"https:\/\/medianeeds.es\/es\/lauge-de-la-desinformacio-i-les-fake-news\/"},"author":{"name":"Medianeeds","@id":"https:\/\/medianeeds.es\/#\/schema\/person\/6a6f2f17f283df3eeb0946feebd2af79"},"headline":"El auge de la desinformaci\u00f3n y las \u00abfake news\u00bb","datePublished":"2020-04-29T11:22:14+00:00","dateModified":"2020-04-30T12:47:39+00:00","mainEntityOfPage":{"@id":"https:\/\/medianeeds.es\/es\/lauge-de-la-desinformacio-i-les-fake-news\/"},"wordCount":621,"publisher":{"@id":"https:\/\/medianeeds.es\/#organization"},"image":{"@id":"https:\/\/medianeeds.es\/es\/lauge-de-la-desinformacio-i-les-fake-news\/#primaryimage"},"thumbnailUrl":"https:\/\/medianeeds.es\/wp-content\/uploads\/2020\/04\/fakenewsblogcast.jpg","articleSection":["Blog","Destacados","Noticias"],"inLanguage":"es"},{"@type":"WebPage","@id":"https:\/\/medianeeds.es\/es\/lauge-de-la-desinformacio-i-les-fake-news\/","url":"https:\/\/medianeeds.es\/es\/lauge-de-la-desinformacio-i-les-fake-news\/","name":"El auge de la desinformaci\u00f3n y las \"fake news\" | Media Needs","isPartOf":{"@id":"https:\/\/medianeeds.es\/#website"},"primaryImageOfPage":{"@id":"https:\/\/medianeeds.es\/es\/lauge-de-la-desinformacio-i-les-fake-news\/#primaryimage"},"image":{"@id":"https:\/\/medianeeds.es\/es\/lauge-de-la-desinformacio-i-les-fake-news\/#primaryimage"},"thumbnailUrl":"https:\/\/medianeeds.es\/wp-content\/uploads\/2020\/04\/fakenewsblogcast.jpg","datePublished":"2020-04-29T11:22:14+00:00","dateModified":"2020-04-30T12:47:39+00:00","description":"La desinformaci\u00f3n y las \"fake news\" cuestionan la viabilidad de las redes sociales y los medios de comunicaci\u00f3n hoy en d\u00eda. \u00a1Lee m\u00e1s en el nuevo blog!","breadcrumb":{"@id":"https:\/\/medianeeds.es\/es\/lauge-de-la-desinformacio-i-les-fake-news\/#breadcrumb"},"inLanguage":"es","potentialAction":[{"@type":"ReadAction","target":["https:\/\/medianeeds.es\/es\/lauge-de-la-desinformacio-i-les-fake-news\/"]}]},{"@type":"ImageObject","inLanguage":"es","@id":"https:\/\/medianeeds.es\/es\/lauge-de-la-desinformacio-i-les-fake-news\/#primaryimage","url":"https:\/\/medianeeds.es\/wp-content\/uploads\/2020\/04\/fakenewsblogcast.jpg","contentUrl":"https:\/\/medianeeds.es\/wp-content\/uploads\/2020\/04\/fakenewsblogcast.jpg","width":1080,"height":675,"caption":"desinformaci\u00f3n fake news"},{"@type":"BreadcrumbList","@id":"https:\/\/medianeeds.es\/es\/lauge-de-la-desinformacio-i-les-fake-news\/#breadcrumb","itemListElement":[{"@type":"ListItem","position":1,"name":"Portada","item":"https:\/\/medianeeds.es\/"},{"@type":"ListItem","position":2,"name":"El auge de la desinformaci\u00f3n y las \u00abfake news\u00bb"}]},{"@type":"WebSite","@id":"https:\/\/medianeeds.es\/#website","url":"https:\/\/medianeeds.es\/","name":"M\u00e0rketing Reus | Media Needs Reus | Ag\u00e8ncia de publicitat Reus","description":"MediaNeeds \u00e9s una empresa especialitzada en serveis integrals de publicitat, m\u00e0rqueting on-line i community manager a Reus, Tarragona","publisher":{"@id":"https:\/\/medianeeds.es\/#organization"},"alternateName":"Media Needs","potentialAction":[{"@type":"SearchAction","target":{"@type":"EntryPoint","urlTemplate":"https:\/\/medianeeds.es\/?s={search_term_string}"},"query-input":{"@type":"PropertyValueSpecification","valueRequired":true,"valueName":"search_term_string"}}],"inLanguage":"es"},{"@type":"Organization","@id":"https:\/\/medianeeds.es\/#organization","name":"M\u00e0rketing Reus | Media Needs Reus | Ag\u00e8ncia de publicitat Reus","alternateName":"Media Needs","url":"https:\/\/medianeeds.es\/","logo":{"@type":"ImageObject","inLanguage":"es","@id":"https:\/\/medianeeds.es\/#\/schema\/logo\/image\/","url":"https:\/\/medianeeds.es\/wp-content\/uploads\/2024\/06\/COLOR_Mesa-de-trabajo-1-copia.png","contentUrl":"https:\/\/medianeeds.es\/wp-content\/uploads\/2024\/06\/COLOR_Mesa-de-trabajo-1-copia.png","width":470,"height":226,"caption":"M\u00e0rketing Reus | Media Needs Reus | Ag\u00e8ncia de publicitat Reus"},"image":{"@id":"https:\/\/medianeeds.es\/#\/schema\/logo\/image\/"},"sameAs":["https:\/\/www.facebook.com\/medianeeds.es\/","https:\/\/x.com\/media_needs","https:\/\/www.instagram.com\/medianeeds\/?hl=es"]},{"@type":"Person","@id":"https:\/\/medianeeds.es\/#\/schema\/person\/6a6f2f17f283df3eeb0946feebd2af79","name":"Medianeeds","image":{"@type":"ImageObject","inLanguage":"es","@id":"https:\/\/secure.gravatar.com\/avatar\/442251953f111b43a4668103c7b7c09aa35690e525473fb0bb9db0681ee9c0c3?s=96&d=mm&r=g","url":"https:\/\/secure.gravatar.com\/avatar\/442251953f111b43a4668103c7b7c09aa35690e525473fb0bb9db0681ee9c0c3?s=96&d=mm&r=g","contentUrl":"https:\/\/secure.gravatar.com\/avatar\/442251953f111b43a4668103c7b7c09aa35690e525473fb0bb9db0681ee9c0c3?s=96&d=mm&r=g","caption":"Medianeeds"},"url":"https:\/\/medianeeds.es\/es\/author\/medianeeds\/"}]}},"_links":{"self":[{"href":"https:\/\/medianeeds.es\/es\/wp-json\/wp\/v2\/posts\/15169","targetHints":{"allow":["GET"]}}],"collection":[{"href":"https:\/\/medianeeds.es\/es\/wp-json\/wp\/v2\/posts"}],"about":[{"href":"https:\/\/medianeeds.es\/es\/wp-json\/wp\/v2\/types\/post"}],"author":[{"embeddable":true,"href":"https:\/\/medianeeds.es\/es\/wp-json\/wp\/v2\/users\/1"}],"replies":[{"embeddable":true,"href":"https:\/\/medianeeds.es\/es\/wp-json\/wp\/v2\/comments?post=15169"}],"version-history":[{"count":2,"href":"https:\/\/medianeeds.es\/es\/wp-json\/wp\/v2\/posts\/15169\/revisions"}],"predecessor-version":[{"id":15173,"href":"https:\/\/medianeeds.es\/es\/wp-json\/wp\/v2\/posts\/15169\/revisions\/15173"}],"wp:featuredmedia":[{"embeddable":true,"href":"https:\/\/medianeeds.es\/es\/wp-json\/wp\/v2\/media\/15171"}],"wp:attachment":[{"href":"https:\/\/medianeeds.es\/es\/wp-json\/wp\/v2\/media?parent=15169"}],"wp:term":[{"taxonomy":"category","embeddable":true,"href":"https:\/\/medianeeds.es\/es\/wp-json\/wp\/v2\/categories?post=15169"},{"taxonomy":"post_tag","embeddable":true,"href":"https:\/\/medianeeds.es\/es\/wp-json\/wp\/v2\/tags?post=15169"}],"curies":[{"name":"wp","href":"https:\/\/api.w.org\/{rel}","templated":true}]}}