{"id":14999,"date":"2020-03-25T10:49:17","date_gmt":"2020-03-25T10:49:17","guid":{"rendered":"https:\/\/medianeeds.es\/quines-son-les-consequencies-del-coronavirus-en-la-tecnologia\/"},"modified":"2020-03-25T21:11:05","modified_gmt":"2020-03-25T21:11:05","slug":"quines-son-les-consequencies-del-coronavirus-en-la-tecnologia","status":"publish","type":"post","link":"https:\/\/medianeeds.es\/es\/quines-son-les-consequencies-del-coronavirus-en-la-tecnologia\/","title":{"rendered":"Cambios en la tecnolog\u00eda causados por el CoVid-19"},"content":{"rendered":"<p class=\"p1\"><span class=\"s1\">Desde que se ha decretado el estado de alarma en territorio espa\u00f1ol por el CoVid-19, el confinamiento ha llevado a muchas personas y familias a refugiarse en la red intern\u00e1utica para buscar entretenimientos de todo tipo. Este aumento en la demanda de contenidos ha provocado cambios en la tecnolog\u00eda causados por el CoVid-19. De este modo, empresas del \u00e1mbito han sufrido modificaciones en distintos sentidos para poder garantizar el buen funcionamiento de la red.<\/span><\/p>\n<h6 class=\"p1\"><span class=\"s1\">En este blog os explicamos algunos de los cambios en la tecnolog\u00eda causados por el CoVid-19 , as\u00ed como otros datos de inter\u00e9s.<\/span><\/h6>\n<ul class=\"ul1\">\n<li class=\"li1\"><span class=\"s1\"><strong>Se ha disparado el consumo de videojuegos y plataformas de streaming.<\/strong> El confinamiento se est\u00e1 traduciendo en un incremento en las horas que estamos frente a una pantalla. Por ello, mucha gente ha escogido los videojuegos como aliados para pasar las horas de forma m\u00e1s amena. Otra gran parte se ha decantado por plataformas como Netflix o HBO.<br \/>\n<\/span><\/li>\n<li class=\"li1\"><span class=\"s1\"><strong>La televisi\u00f3n se recupera con un aumento del 42% en el consumo.<\/strong> Se ha registrado una cifras hist\u00f3ricas de m\u00e1s de 5 horas de consumo diario por persona.<br \/>\n<\/span><\/li>\n<li class=\"li1\"><span class=\"s1\"><strong>Se multiplica el uso de herramientas de videollamada.<\/strong> Trabajar desde casa o el simple hecho de relacionarnos con los nuestros es una necesidad. Esto ha conllevado que el tr\u00e1fico de herramientas como Skype o Webex se haya multiplicado por 4.<br \/>\n<\/span><\/li>\n<li class=\"li1\"><span class=\"s1\"><strong>Netflix y Youtube reducen la calidad de sus contenidos.<\/strong> Ambas han decidido limitar la calidad de sus productos ofrecidos en streaming\u00a0 con el fin de evitar el colapso de la red.<br \/>\n<\/span><\/li>\n<li class=\"li1\"><span class=\"s1\"><strong>Movistar+ <a href=\"https:\/\/www.abc.es\/play\/series\/noticias\/abci-movistar-regala-clientes-mas-contenidos-y-disney-crisis-coronavirus-202003211802_noticia.html\">regala contenidos gratuitos y ampl\u00eda su oferta en otros.<\/a><\/strong> La empresa anunci\u00f3 una ampliaci\u00f3n de sus contenidos actuales de forma temporal y sin coste adicional. Tambi\u00e9n a\u00f1adi\u00f3 la posibilidad de darse de alta en Movistar+Lite de forma gratuita durante un mes.<\/span><\/li>\n<\/ul>\n<p class=\"p1\"><span class=\"s1\">Finalmente, estos son algunos efectos que el aislamiento por el CoVid-19 ha tenido durante las \u00faltimas semanas. En definitiva, <strong>la tecnolog\u00eda ha actuado en muchos casos como \u201csalvavidas\u201d de una sociedad que, si ya presenciaba un aumento de los dispositivos tecnol\u00f3gicos en su vida diaria, ahora lo hace m\u00e1s que nunca.<\/strong><\/span><\/p>\n","protected":false},"excerpt":{"rendered":"<p>Desde que se ha decretado el estado de alarma en territorio espa\u00f1ol por el CoVid-19, el confinamiento ha llevado a muchas personas y familias a refugiarse en la red intern\u00e1utica para buscar entretenimientos de todo tipo. Este aumento en la demanda de contenidos ha provocado cambios en la tecnolog\u00eda causados por el CoVid-19. De este [&hellip;]<\/p>\n","protected":false},"author":1,"featured_media":14989,"comment_status":"closed","ping_status":"closed","sticky":false,"template":"","format":"standard","meta":{"_et_pb_use_builder":"","_et_pb_old_content":"","_et_gb_content_width":"","footnotes":""},"categories":[188,249,252],"tags":[],"class_list":["post-14999","post","type-post","status-publish","format-standard","has-post-thumbnail","hentry","category-blog-es-4","category-destacados","category-noticias"],"yoast_head":"<!-- This site is optimized with the Yoast SEO plugin v27.4 - https:\/\/yoast.com\/product\/yoast-seo-wordpress\/ -->\n<title>Cambios en la tecnolog\u00eda causados por el CoVid-19 | Media Needs<\/title>\n<meta name=\"description\" content=\"El CoVid-19 ha influ\u00eddo en cada \u00e1mbito de nuestra vida. En este blog te explicamos los cambios en la tecnolog\u00eda causados por el CoVid-19.\" \/>\n<meta name=\"robots\" content=\"index, follow, max-snippet:-1, max-image-preview:large, max-video-preview:-1\" \/>\n<link rel=\"canonical\" href=\"https:\/\/medianeeds.es\/es\/quines-son-les-consequencies-del-coronavirus-en-la-tecnologia\/\" \/>\n<meta property=\"og:locale\" content=\"es_ES\" \/>\n<meta property=\"og:type\" content=\"article\" \/>\n<meta property=\"og:title\" content=\"Cambios en la tecnolog\u00eda causados por el CoVid-19 | Media Needs\" \/>\n<meta property=\"og:description\" content=\"El CoVid-19 ha influ\u00eddo en cada \u00e1mbito de nuestra vida. En este blog te explicamos los cambios en la tecnolog\u00eda causados por el CoVid-19.\" \/>\n<meta property=\"og:url\" content=\"https:\/\/medianeeds.es\/es\/quines-son-les-consequencies-del-coronavirus-en-la-tecnologia\/\" \/>\n<meta property=\"og:site_name\" content=\"M\u00e0rketing Reus | Media Needs Reus | Ag\u00e8ncia de publicitat Reus\" \/>\n<meta property=\"article:publisher\" content=\"https:\/\/www.facebook.com\/medianeeds.es\/\" \/>\n<meta property=\"article:published_time\" content=\"2020-03-25T10:49:17+00:00\" \/>\n<meta property=\"article:modified_time\" content=\"2020-03-25T21:11:05+00:00\" \/>\n<meta property=\"og:image\" content=\"https:\/\/medianeeds.es\/wp-content\/uploads\/2020\/03\/fotoblogcovid.jpg\" \/>\n\t<meta property=\"og:image:width\" content=\"980\" \/>\n\t<meta property=\"og:image:height\" content=\"735\" \/>\n\t<meta property=\"og:image:type\" content=\"image\/jpeg\" \/>\n<meta name=\"author\" content=\"Medianeeds\" \/>\n<meta name=\"twitter:label1\" content=\"Escrito por\" \/>\n\t<meta name=\"twitter:data1\" content=\"Medianeeds\" \/>\n\t<meta name=\"twitter:label2\" content=\"Tiempo de lectura\" \/>\n\t<meta name=\"twitter:data2\" content=\"2 minutos\" \/>\n<script type=\"application\/ld+json\" class=\"yoast-schema-graph\">{\"@context\":\"https:\\\/\\\/schema.org\",\"@graph\":[{\"@type\":\"Article\",\"@id\":\"https:\\\/\\\/medianeeds.es\\\/es\\\/quines-son-les-consequencies-del-coronavirus-en-la-tecnologia\\\/#article\",\"isPartOf\":{\"@id\":\"https:\\\/\\\/medianeeds.es\\\/es\\\/quines-son-les-consequencies-del-coronavirus-en-la-tecnologia\\\/\"},\"author\":{\"name\":\"Medianeeds\",\"@id\":\"https:\\\/\\\/medianeeds.es\\\/#\\\/schema\\\/person\\\/6a6f2f17f283df3eeb0946feebd2af79\"},\"headline\":\"Cambios en la tecnolog\u00eda causados por el CoVid-19\",\"datePublished\":\"2020-03-25T10:49:17+00:00\",\"dateModified\":\"2020-03-25T21:11:05+00:00\",\"mainEntityOfPage\":{\"@id\":\"https:\\\/\\\/medianeeds.es\\\/es\\\/quines-son-les-consequencies-del-coronavirus-en-la-tecnologia\\\/\"},\"wordCount\":370,\"publisher\":{\"@id\":\"https:\\\/\\\/medianeeds.es\\\/#organization\"},\"image\":{\"@id\":\"https:\\\/\\\/medianeeds.es\\\/es\\\/quines-son-les-consequencies-del-coronavirus-en-la-tecnologia\\\/#primaryimage\"},\"thumbnailUrl\":\"https:\\\/\\\/medianeeds.es\\\/wp-content\\\/uploads\\\/2020\\\/03\\\/fotoblogcovid.jpg\",\"articleSection\":[\"Blog\",\"Destacados\",\"Noticias\"],\"inLanguage\":\"es\"},{\"@type\":\"WebPage\",\"@id\":\"https:\\\/\\\/medianeeds.es\\\/es\\\/quines-son-les-consequencies-del-coronavirus-en-la-tecnologia\\\/\",\"url\":\"https:\\\/\\\/medianeeds.es\\\/es\\\/quines-son-les-consequencies-del-coronavirus-en-la-tecnologia\\\/\",\"name\":\"Cambios en la tecnolog\u00eda causados por el CoVid-19 | Media Needs\",\"isPartOf\":{\"@id\":\"https:\\\/\\\/medianeeds.es\\\/#website\"},\"primaryImageOfPage\":{\"@id\":\"https:\\\/\\\/medianeeds.es\\\/es\\\/quines-son-les-consequencies-del-coronavirus-en-la-tecnologia\\\/#primaryimage\"},\"image\":{\"@id\":\"https:\\\/\\\/medianeeds.es\\\/es\\\/quines-son-les-consequencies-del-coronavirus-en-la-tecnologia\\\/#primaryimage\"},\"thumbnailUrl\":\"https:\\\/\\\/medianeeds.es\\\/wp-content\\\/uploads\\\/2020\\\/03\\\/fotoblogcovid.jpg\",\"datePublished\":\"2020-03-25T10:49:17+00:00\",\"dateModified\":\"2020-03-25T21:11:05+00:00\",\"description\":\"El CoVid-19 ha influ\u00eddo en cada \u00e1mbito de nuestra vida. En este blog te explicamos los cambios en la tecnolog\u00eda causados por el CoVid-19.\",\"breadcrumb\":{\"@id\":\"https:\\\/\\\/medianeeds.es\\\/es\\\/quines-son-les-consequencies-del-coronavirus-en-la-tecnologia\\\/#breadcrumb\"},\"inLanguage\":\"es\",\"potentialAction\":[{\"@type\":\"ReadAction\",\"target\":[\"https:\\\/\\\/medianeeds.es\\\/es\\\/quines-son-les-consequencies-del-coronavirus-en-la-tecnologia\\\/\"]}]},{\"@type\":\"ImageObject\",\"inLanguage\":\"es\",\"@id\":\"https:\\\/\\\/medianeeds.es\\\/es\\\/quines-son-les-consequencies-del-coronavirus-en-la-tecnologia\\\/#primaryimage\",\"url\":\"https:\\\/\\\/medianeeds.es\\\/wp-content\\\/uploads\\\/2020\\\/03\\\/fotoblogcovid.jpg\",\"contentUrl\":\"https:\\\/\\\/medianeeds.es\\\/wp-content\\\/uploads\\\/2020\\\/03\\\/fotoblogcovid.jpg\",\"width\":980,\"height\":735,\"caption\":\"tecnologia i coronavirus\"},{\"@type\":\"BreadcrumbList\",\"@id\":\"https:\\\/\\\/medianeeds.es\\\/es\\\/quines-son-les-consequencies-del-coronavirus-en-la-tecnologia\\\/#breadcrumb\",\"itemListElement\":[{\"@type\":\"ListItem\",\"position\":1,\"name\":\"Portada\",\"item\":\"https:\\\/\\\/medianeeds.es\\\/\"},{\"@type\":\"ListItem\",\"position\":2,\"name\":\"Cambios en la tecnolog\u00eda causados por el CoVid-19\"}]},{\"@type\":\"WebSite\",\"@id\":\"https:\\\/\\\/medianeeds.es\\\/#website\",\"url\":\"https:\\\/\\\/medianeeds.es\\\/\",\"name\":\"M\u00e0rketing Reus | Media Needs Reus | Ag\u00e8ncia de publicitat Reus\",\"description\":\"MediaNeeds \u00e9s una empresa especialitzada en serveis integrals de publicitat, m\u00e0rqueting on-line i community manager a Reus, Tarragona\",\"publisher\":{\"@id\":\"https:\\\/\\\/medianeeds.es\\\/#organization\"},\"alternateName\":\"Media Needs\",\"potentialAction\":[{\"@type\":\"SearchAction\",\"target\":{\"@type\":\"EntryPoint\",\"urlTemplate\":\"https:\\\/\\\/medianeeds.es\\\/?s={search_term_string}\"},\"query-input\":{\"@type\":\"PropertyValueSpecification\",\"valueRequired\":true,\"valueName\":\"search_term_string\"}}],\"inLanguage\":\"es\"},{\"@type\":\"Organization\",\"@id\":\"https:\\\/\\\/medianeeds.es\\\/#organization\",\"name\":\"M\u00e0rketing Reus | Media Needs Reus | Ag\u00e8ncia de publicitat Reus\",\"alternateName\":\"Media Needs\",\"url\":\"https:\\\/\\\/medianeeds.es\\\/\",\"logo\":{\"@type\":\"ImageObject\",\"inLanguage\":\"es\",\"@id\":\"https:\\\/\\\/medianeeds.es\\\/#\\\/schema\\\/logo\\\/image\\\/\",\"url\":\"https:\\\/\\\/medianeeds.es\\\/wp-content\\\/uploads\\\/2024\\\/06\\\/COLOR_Mesa-de-trabajo-1-copia.png\",\"contentUrl\":\"https:\\\/\\\/medianeeds.es\\\/wp-content\\\/uploads\\\/2024\\\/06\\\/COLOR_Mesa-de-trabajo-1-copia.png\",\"width\":470,\"height\":226,\"caption\":\"M\u00e0rketing Reus | Media Needs Reus | Ag\u00e8ncia de publicitat Reus\"},\"image\":{\"@id\":\"https:\\\/\\\/medianeeds.es\\\/#\\\/schema\\\/logo\\\/image\\\/\"},\"sameAs\":[\"https:\\\/\\\/www.facebook.com\\\/medianeeds.es\\\/\",\"https:\\\/\\\/x.com\\\/media_needs\",\"https:\\\/\\\/www.instagram.com\\\/medianeeds\\\/?hl=es\"]},{\"@type\":\"Person\",\"@id\":\"https:\\\/\\\/medianeeds.es\\\/#\\\/schema\\\/person\\\/6a6f2f17f283df3eeb0946feebd2af79\",\"name\":\"Medianeeds\",\"image\":{\"@type\":\"ImageObject\",\"inLanguage\":\"es\",\"@id\":\"https:\\\/\\\/secure.gravatar.com\\\/avatar\\\/442251953f111b43a4668103c7b7c09aa35690e525473fb0bb9db0681ee9c0c3?s=96&d=mm&r=g\",\"url\":\"https:\\\/\\\/secure.gravatar.com\\\/avatar\\\/442251953f111b43a4668103c7b7c09aa35690e525473fb0bb9db0681ee9c0c3?s=96&d=mm&r=g\",\"contentUrl\":\"https:\\\/\\\/secure.gravatar.com\\\/avatar\\\/442251953f111b43a4668103c7b7c09aa35690e525473fb0bb9db0681ee9c0c3?s=96&d=mm&r=g\",\"caption\":\"Medianeeds\"},\"url\":\"https:\\\/\\\/medianeeds.es\\\/es\\\/author\\\/medianeeds\\\/\"}]}<\/script>\n<!-- \/ Yoast SEO plugin. -->","yoast_head_json":{"title":"Cambios en la tecnolog\u00eda causados por el CoVid-19 | Media Needs","description":"El CoVid-19 ha influ\u00eddo en cada \u00e1mbito de nuestra vida. En este blog te explicamos los cambios en la tecnolog\u00eda causados por el CoVid-19.","robots":{"index":"index","follow":"follow","max-snippet":"max-snippet:-1","max-image-preview":"max-image-preview:large","max-video-preview":"max-video-preview:-1"},"canonical":"https:\/\/medianeeds.es\/es\/quines-son-les-consequencies-del-coronavirus-en-la-tecnologia\/","og_locale":"es_ES","og_type":"article","og_title":"Cambios en la tecnolog\u00eda causados por el CoVid-19 | Media Needs","og_description":"El CoVid-19 ha influ\u00eddo en cada \u00e1mbito de nuestra vida. En este blog te explicamos los cambios en la tecnolog\u00eda causados por el CoVid-19.","og_url":"https:\/\/medianeeds.es\/es\/quines-son-les-consequencies-del-coronavirus-en-la-tecnologia\/","og_site_name":"M\u00e0rketing Reus | Media Needs Reus | Ag\u00e8ncia de publicitat Reus","article_publisher":"https:\/\/www.facebook.com\/medianeeds.es\/","article_published_time":"2020-03-25T10:49:17+00:00","article_modified_time":"2020-03-25T21:11:05+00:00","og_image":[{"width":980,"height":735,"url":"https:\/\/medianeeds.es\/wp-content\/uploads\/2020\/03\/fotoblogcovid.jpg","type":"image\/jpeg"}],"author":"Medianeeds","twitter_misc":{"Escrito por":"Medianeeds","Tiempo de lectura":"2 minutos"},"schema":{"@context":"https:\/\/schema.org","@graph":[{"@type":"Article","@id":"https:\/\/medianeeds.es\/es\/quines-son-les-consequencies-del-coronavirus-en-la-tecnologia\/#article","isPartOf":{"@id":"https:\/\/medianeeds.es\/es\/quines-son-les-consequencies-del-coronavirus-en-la-tecnologia\/"},"author":{"name":"Medianeeds","@id":"https:\/\/medianeeds.es\/#\/schema\/person\/6a6f2f17f283df3eeb0946feebd2af79"},"headline":"Cambios en la tecnolog\u00eda causados por el CoVid-19","datePublished":"2020-03-25T10:49:17+00:00","dateModified":"2020-03-25T21:11:05+00:00","mainEntityOfPage":{"@id":"https:\/\/medianeeds.es\/es\/quines-son-les-consequencies-del-coronavirus-en-la-tecnologia\/"},"wordCount":370,"publisher":{"@id":"https:\/\/medianeeds.es\/#organization"},"image":{"@id":"https:\/\/medianeeds.es\/es\/quines-son-les-consequencies-del-coronavirus-en-la-tecnologia\/#primaryimage"},"thumbnailUrl":"https:\/\/medianeeds.es\/wp-content\/uploads\/2020\/03\/fotoblogcovid.jpg","articleSection":["Blog","Destacados","Noticias"],"inLanguage":"es"},{"@type":"WebPage","@id":"https:\/\/medianeeds.es\/es\/quines-son-les-consequencies-del-coronavirus-en-la-tecnologia\/","url":"https:\/\/medianeeds.es\/es\/quines-son-les-consequencies-del-coronavirus-en-la-tecnologia\/","name":"Cambios en la tecnolog\u00eda causados por el CoVid-19 | Media Needs","isPartOf":{"@id":"https:\/\/medianeeds.es\/#website"},"primaryImageOfPage":{"@id":"https:\/\/medianeeds.es\/es\/quines-son-les-consequencies-del-coronavirus-en-la-tecnologia\/#primaryimage"},"image":{"@id":"https:\/\/medianeeds.es\/es\/quines-son-les-consequencies-del-coronavirus-en-la-tecnologia\/#primaryimage"},"thumbnailUrl":"https:\/\/medianeeds.es\/wp-content\/uploads\/2020\/03\/fotoblogcovid.jpg","datePublished":"2020-03-25T10:49:17+00:00","dateModified":"2020-03-25T21:11:05+00:00","description":"El CoVid-19 ha influ\u00eddo en cada \u00e1mbito de nuestra vida. En este blog te explicamos los cambios en la tecnolog\u00eda causados por el CoVid-19.","breadcrumb":{"@id":"https:\/\/medianeeds.es\/es\/quines-son-les-consequencies-del-coronavirus-en-la-tecnologia\/#breadcrumb"},"inLanguage":"es","potentialAction":[{"@type":"ReadAction","target":["https:\/\/medianeeds.es\/es\/quines-son-les-consequencies-del-coronavirus-en-la-tecnologia\/"]}]},{"@type":"ImageObject","inLanguage":"es","@id":"https:\/\/medianeeds.es\/es\/quines-son-les-consequencies-del-coronavirus-en-la-tecnologia\/#primaryimage","url":"https:\/\/medianeeds.es\/wp-content\/uploads\/2020\/03\/fotoblogcovid.jpg","contentUrl":"https:\/\/medianeeds.es\/wp-content\/uploads\/2020\/03\/fotoblogcovid.jpg","width":980,"height":735,"caption":"tecnologia i coronavirus"},{"@type":"BreadcrumbList","@id":"https:\/\/medianeeds.es\/es\/quines-son-les-consequencies-del-coronavirus-en-la-tecnologia\/#breadcrumb","itemListElement":[{"@type":"ListItem","position":1,"name":"Portada","item":"https:\/\/medianeeds.es\/"},{"@type":"ListItem","position":2,"name":"Cambios en la tecnolog\u00eda causados por el CoVid-19"}]},{"@type":"WebSite","@id":"https:\/\/medianeeds.es\/#website","url":"https:\/\/medianeeds.es\/","name":"M\u00e0rketing Reus | Media Needs Reus | Ag\u00e8ncia de publicitat Reus","description":"MediaNeeds \u00e9s una empresa especialitzada en serveis integrals de publicitat, m\u00e0rqueting on-line i community manager a Reus, Tarragona","publisher":{"@id":"https:\/\/medianeeds.es\/#organization"},"alternateName":"Media Needs","potentialAction":[{"@type":"SearchAction","target":{"@type":"EntryPoint","urlTemplate":"https:\/\/medianeeds.es\/?s={search_term_string}"},"query-input":{"@type":"PropertyValueSpecification","valueRequired":true,"valueName":"search_term_string"}}],"inLanguage":"es"},{"@type":"Organization","@id":"https:\/\/medianeeds.es\/#organization","name":"M\u00e0rketing Reus | Media Needs Reus | Ag\u00e8ncia de publicitat Reus","alternateName":"Media Needs","url":"https:\/\/medianeeds.es\/","logo":{"@type":"ImageObject","inLanguage":"es","@id":"https:\/\/medianeeds.es\/#\/schema\/logo\/image\/","url":"https:\/\/medianeeds.es\/wp-content\/uploads\/2024\/06\/COLOR_Mesa-de-trabajo-1-copia.png","contentUrl":"https:\/\/medianeeds.es\/wp-content\/uploads\/2024\/06\/COLOR_Mesa-de-trabajo-1-copia.png","width":470,"height":226,"caption":"M\u00e0rketing Reus | Media Needs Reus | Ag\u00e8ncia de publicitat Reus"},"image":{"@id":"https:\/\/medianeeds.es\/#\/schema\/logo\/image\/"},"sameAs":["https:\/\/www.facebook.com\/medianeeds.es\/","https:\/\/x.com\/media_needs","https:\/\/www.instagram.com\/medianeeds\/?hl=es"]},{"@type":"Person","@id":"https:\/\/medianeeds.es\/#\/schema\/person\/6a6f2f17f283df3eeb0946feebd2af79","name":"Medianeeds","image":{"@type":"ImageObject","inLanguage":"es","@id":"https:\/\/secure.gravatar.com\/avatar\/442251953f111b43a4668103c7b7c09aa35690e525473fb0bb9db0681ee9c0c3?s=96&d=mm&r=g","url":"https:\/\/secure.gravatar.com\/avatar\/442251953f111b43a4668103c7b7c09aa35690e525473fb0bb9db0681ee9c0c3?s=96&d=mm&r=g","contentUrl":"https:\/\/secure.gravatar.com\/avatar\/442251953f111b43a4668103c7b7c09aa35690e525473fb0bb9db0681ee9c0c3?s=96&d=mm&r=g","caption":"Medianeeds"},"url":"https:\/\/medianeeds.es\/es\/author\/medianeeds\/"}]}},"_links":{"self":[{"href":"https:\/\/medianeeds.es\/es\/wp-json\/wp\/v2\/posts\/14999","targetHints":{"allow":["GET"]}}],"collection":[{"href":"https:\/\/medianeeds.es\/es\/wp-json\/wp\/v2\/posts"}],"about":[{"href":"https:\/\/medianeeds.es\/es\/wp-json\/wp\/v2\/types\/post"}],"author":[{"embeddable":true,"href":"https:\/\/medianeeds.es\/es\/wp-json\/wp\/v2\/users\/1"}],"replies":[{"embeddable":true,"href":"https:\/\/medianeeds.es\/es\/wp-json\/wp\/v2\/comments?post=14999"}],"version-history":[{"count":6,"href":"https:\/\/medianeeds.es\/es\/wp-json\/wp\/v2\/posts\/14999\/revisions"}],"predecessor-version":[{"id":15005,"href":"https:\/\/medianeeds.es\/es\/wp-json\/wp\/v2\/posts\/14999\/revisions\/15005"}],"wp:featuredmedia":[{"embeddable":true,"href":"https:\/\/medianeeds.es\/es\/wp-json\/wp\/v2\/media\/14989"}],"wp:attachment":[{"href":"https:\/\/medianeeds.es\/es\/wp-json\/wp\/v2\/media?parent=14999"}],"wp:term":[{"taxonomy":"category","embeddable":true,"href":"https:\/\/medianeeds.es\/es\/wp-json\/wp\/v2\/categories?post=14999"},{"taxonomy":"post_tag","embeddable":true,"href":"https:\/\/medianeeds.es\/es\/wp-json\/wp\/v2\/tags?post=14999"}],"curies":[{"name":"wp","href":"https:\/\/api.w.org\/{rel}","templated":true}]}}