{"id":14304,"date":"2019-12-09T13:00:11","date_gmt":"2019-12-09T13:00:11","guid":{"rendered":"https:\/\/medianeeds.es\/?p=14304"},"modified":"2019-12-09T11:33:07","modified_gmt":"2019-12-09T11:33:07","slug":"ninos-e-internet-a-que-se-exponen","status":"publish","type":"post","link":"https:\/\/medianeeds.es\/es\/ninos-e-internet-a-que-se-exponen\/","title":{"rendered":"Ni\u00f1os e internet, \u00bfa qu\u00e9 se exponen?"},"content":{"rendered":"<p>Aunque internet fue dise\u00f1ado para adultos, ni\u00f1os y j\u00f3venes lo utilizan cada vez m\u00e1s. Hoy 1 de cada 3 usuarios de internet en todo el mundo es un ni\u00f1o. Eso les da enormes <a href=\"https:\/\/medianeeds.es\/es\/que-beneficios-aportan-las-redes-sociales-a-nuestra-empresa\/\">oportunidades<\/a>, pero tambi\u00e9n los expone considerablemente. Por ello en Media Needs venimos a hablaros de Ni\u00f1os e internet, \u00bfa qu\u00e9 se exponen?<\/p>\n<p>Y a pesar de que las medidas para protegerlos en este \u00e1mbito son todav\u00eda muy escasas, inevitablemente la tecnolog\u00eda digital ha venido para quedarse.<\/p>\n<p>Hay muchos frentes abiertos. Por un lado, est\u00e1 la desigualdad existente y cada vez m\u00e1s notable entre el primer y tercer mundo. Se calcula que alrededor de un tercio de los j\u00f3venes del mundo, no tienen acceso a internet, lo que reduce su capacidad para participar en una econom\u00eda cada vez m\u00e1s digital. Y aunque estos se encuentran fuera de peligros como, el c\u00edberacoso, o la exposici\u00f3n a contenido inapropiado, tambi\u00e9n es cierto que se enfrentan a un problema de exclusi\u00f3n igual de alarmante.<\/p>\n<p>A lo que respecta los problemas que puede acarrear el acceso a internet en ni\u00f1os, Seg\u00fan datos de la Encuesta EU Kids Online, alrededor del 40% de los menores de entre 11 y 16 a\u00f1os desconoce c\u00f3mo hacer un uso seguro de Internet. Adem\u00e1s, \u00fanicamente el 16,9% de los adolescentes espa\u00f1oles afirma contar con un sistema de filtrado o control parental.<\/p>\n<p>Esta falta de control en el acceso de los ni\u00f1os y el uso que le dan a internet, va directamente relacionado con el aumento de casos de bullynig, acoso e incluso pornograf\u00eda infantil de la \u00faltima d\u00e9cada.<\/p>\n<p>En los \u00faltimos a\u00f1os y gracias al desarrollo tecnol\u00f3gico, los perpetradores en plataformas encriptadas como la llamada \u00abDeep Web\u00bb han encontrado su oportunidad para incendiar la red con contenido en masa, lo que los expertos catalogan como \u201ccrisis inabarcable\u201d, ya que no hay recursos ni medios suficientes para perseguir y controlar el flujo salvaje de este tipo de contenido.<\/p>\n<p>Lo que est\u00e1 claro es que, no hay forma de evitar que nuestros peque\u00f1os tengan acceso a internet, ya que la sociedad y el mismo sistema educativo contempla la tecnolog\u00eda digital para desarrollar actividades diarias, pero si que hay que tener en cuenta ciertos puntos:<\/p>\n<ul>\n<li>Todos los ni\u00f1os deber\u00edan tener acceso asequible a recursos online de alta calidad.<\/li>\n<li>Se les debe proteger de los da\u00f1os online, como el abuso, la explotaci\u00f3n, la trata, el acoso cibern\u00e9tico y la exposici\u00f3n a materiales inadecuados.<\/li>\n<li>Se debe garantizar y proteger la privacidad y la identidad de los ni\u00f1os online.<\/li>\n<li>Educar a los ni\u00f1os desde casa y las aulas para mantenerlos informados, comprometidos y seguros.<\/li>\n<li>Promover normas y pr\u00e1cticas \u00e9ticas que protejan y beneficien a los ni\u00f1os.<\/li>\n<\/ul>\n<p>&nbsp;<\/p>\n","protected":false},"excerpt":{"rendered":"<p>Aunque internet fue dise\u00f1ado para adultos, ni\u00f1os y j\u00f3venes lo utilizan cada vez m\u00e1s. Hoy 1 de cada 3 usuarios de internet en todo el mundo es un ni\u00f1o. Eso les da enormes oportunidades, pero tambi\u00e9n los expone considerablemente. Por ello en Media Needs venimos a hablaros de Ni\u00f1os e internet, \u00bfa qu\u00e9 se exponen? [&hellip;]<\/p>\n","protected":false},"author":1,"featured_media":14302,"comment_status":"closed","ping_status":"closed","sticky":false,"template":"","format":"standard","meta":{"_et_pb_use_builder":"","_et_pb_old_content":"","_et_gb_content_width":"","footnotes":""},"categories":[249,252,23],"tags":[],"class_list":["post-14304","post","type-post","status-publish","format-standard","has-post-thumbnail","hentry","category-destacados","category-noticias","category-noticies-es"],"yoast_head":"<!-- This site is optimized with the Yoast SEO plugin v27.4 - https:\/\/yoast.com\/product\/yoast-seo-wordpress\/ -->\n<title>Ni\u00f1os e internet, \u00bfa qu\u00e9 se exponen? - M\u00e0rketing Reus | Media Needs Reus | Ag\u00e8ncia de publicitat Reus<\/title>\n<meta name=\"description\" content=\"Ni\u00f1os e internet. 1 de cada 3 usuarios de internet en todo el mundo es un ni\u00f1o. Eso les da enormes oportunidades, pero tambi\u00e9n los expone considerablemente.\" \/>\n<meta name=\"robots\" content=\"index, follow, max-snippet:-1, max-image-preview:large, max-video-preview:-1\" \/>\n<link rel=\"canonical\" href=\"https:\/\/medianeeds.es\/es\/ninos-e-internet-a-que-se-exponen\/\" \/>\n<meta property=\"og:locale\" content=\"es_ES\" \/>\n<meta property=\"og:type\" content=\"article\" \/>\n<meta property=\"og:title\" content=\"Ni\u00f1os e internet, \u00bfa qu\u00e9 se exponen? - M\u00e0rketing Reus | Media Needs Reus | Ag\u00e8ncia de publicitat Reus\" \/>\n<meta property=\"og:description\" content=\"Ni\u00f1os e internet. 1 de cada 3 usuarios de internet en todo el mundo es un ni\u00f1o. Eso les da enormes oportunidades, pero tambi\u00e9n los expone considerablemente.\" \/>\n<meta property=\"og:url\" content=\"https:\/\/medianeeds.es\/es\/ninos-e-internet-a-que-se-exponen\/\" \/>\n<meta property=\"og:site_name\" content=\"M\u00e0rketing Reus | Media Needs Reus | Ag\u00e8ncia de publicitat Reus\" \/>\n<meta property=\"article:publisher\" content=\"https:\/\/www.facebook.com\/medianeeds.es\/\" \/>\n<meta property=\"article:published_time\" content=\"2019-12-09T13:00:11+00:00\" \/>\n<meta property=\"og:image\" content=\"https:\/\/medianeeds.es\/wp-content\/uploads\/2019\/12\/Blog9.jpg\" \/>\n\t<meta property=\"og:image:width\" content=\"1080\" \/>\n\t<meta property=\"og:image:height\" content=\"675\" \/>\n\t<meta property=\"og:image:type\" content=\"image\/jpeg\" \/>\n<meta name=\"author\" content=\"Medianeeds\" \/>\n<meta name=\"twitter:label1\" content=\"Escrito por\" \/>\n\t<meta name=\"twitter:data1\" content=\"Medianeeds\" \/>\n\t<meta name=\"twitter:label2\" content=\"Tiempo de lectura\" \/>\n\t<meta name=\"twitter:data2\" content=\"2 minutos\" \/>\n<script type=\"application\/ld+json\" class=\"yoast-schema-graph\">{\"@context\":\"https:\\\/\\\/schema.org\",\"@graph\":[{\"@type\":\"Article\",\"@id\":\"https:\\\/\\\/medianeeds.es\\\/es\\\/ninos-e-internet-a-que-se-exponen\\\/#article\",\"isPartOf\":{\"@id\":\"https:\\\/\\\/medianeeds.es\\\/es\\\/ninos-e-internet-a-que-se-exponen\\\/\"},\"author\":{\"name\":\"Medianeeds\",\"@id\":\"https:\\\/\\\/medianeeds.es\\\/#\\\/schema\\\/person\\\/6a6f2f17f283df3eeb0946feebd2af79\"},\"headline\":\"Ni\u00f1os e internet, \u00bfa qu\u00e9 se exponen?\",\"datePublished\":\"2019-12-09T13:00:11+00:00\",\"mainEntityOfPage\":{\"@id\":\"https:\\\/\\\/medianeeds.es\\\/es\\\/ninos-e-internet-a-que-se-exponen\\\/\"},\"wordCount\":486,\"publisher\":{\"@id\":\"https:\\\/\\\/medianeeds.es\\\/#organization\"},\"image\":{\"@id\":\"https:\\\/\\\/medianeeds.es\\\/es\\\/ninos-e-internet-a-que-se-exponen\\\/#primaryimage\"},\"thumbnailUrl\":\"https:\\\/\\\/medianeeds.es\\\/wp-content\\\/uploads\\\/2019\\\/12\\\/Blog9.jpg\",\"articleSection\":[\"Destacados\",\"Noticias\",\"Not\u00edcies\"],\"inLanguage\":\"es\"},{\"@type\":\"WebPage\",\"@id\":\"https:\\\/\\\/medianeeds.es\\\/es\\\/ninos-e-internet-a-que-se-exponen\\\/\",\"url\":\"https:\\\/\\\/medianeeds.es\\\/es\\\/ninos-e-internet-a-que-se-exponen\\\/\",\"name\":\"Ni\u00f1os e internet, \u00bfa qu\u00e9 se exponen? - M\u00e0rketing Reus | Media Needs Reus | Ag\u00e8ncia de publicitat Reus\",\"isPartOf\":{\"@id\":\"https:\\\/\\\/medianeeds.es\\\/#website\"},\"primaryImageOfPage\":{\"@id\":\"https:\\\/\\\/medianeeds.es\\\/es\\\/ninos-e-internet-a-que-se-exponen\\\/#primaryimage\"},\"image\":{\"@id\":\"https:\\\/\\\/medianeeds.es\\\/es\\\/ninos-e-internet-a-que-se-exponen\\\/#primaryimage\"},\"thumbnailUrl\":\"https:\\\/\\\/medianeeds.es\\\/wp-content\\\/uploads\\\/2019\\\/12\\\/Blog9.jpg\",\"datePublished\":\"2019-12-09T13:00:11+00:00\",\"description\":\"Ni\u00f1os e internet. 1 de cada 3 usuarios de internet en todo el mundo es un ni\u00f1o. Eso les da enormes oportunidades, pero tambi\u00e9n los expone considerablemente.\",\"breadcrumb\":{\"@id\":\"https:\\\/\\\/medianeeds.es\\\/es\\\/ninos-e-internet-a-que-se-exponen\\\/#breadcrumb\"},\"inLanguage\":\"es\",\"potentialAction\":[{\"@type\":\"ReadAction\",\"target\":[\"https:\\\/\\\/medianeeds.es\\\/es\\\/ninos-e-internet-a-que-se-exponen\\\/\"]}]},{\"@type\":\"ImageObject\",\"inLanguage\":\"es\",\"@id\":\"https:\\\/\\\/medianeeds.es\\\/es\\\/ninos-e-internet-a-que-se-exponen\\\/#primaryimage\",\"url\":\"https:\\\/\\\/medianeeds.es\\\/wp-content\\\/uploads\\\/2019\\\/12\\\/Blog9.jpg\",\"contentUrl\":\"https:\\\/\\\/medianeeds.es\\\/wp-content\\\/uploads\\\/2019\\\/12\\\/Blog9.jpg\",\"width\":1080,\"height\":675,\"caption\":\"Ni\u00f1os e internet\"},{\"@type\":\"BreadcrumbList\",\"@id\":\"https:\\\/\\\/medianeeds.es\\\/es\\\/ninos-e-internet-a-que-se-exponen\\\/#breadcrumb\",\"itemListElement\":[{\"@type\":\"ListItem\",\"position\":1,\"name\":\"Portada\",\"item\":\"https:\\\/\\\/medianeeds.es\\\/\"},{\"@type\":\"ListItem\",\"position\":2,\"name\":\"Ni\u00f1os e internet, \u00bfa qu\u00e9 se exponen?\"}]},{\"@type\":\"WebSite\",\"@id\":\"https:\\\/\\\/medianeeds.es\\\/#website\",\"url\":\"https:\\\/\\\/medianeeds.es\\\/\",\"name\":\"M\u00e0rketing Reus | Media Needs Reus | Ag\u00e8ncia de publicitat Reus\",\"description\":\"MediaNeeds \u00e9s una empresa especialitzada en serveis integrals de publicitat, m\u00e0rqueting on-line i community manager a Reus, Tarragona\",\"publisher\":{\"@id\":\"https:\\\/\\\/medianeeds.es\\\/#organization\"},\"alternateName\":\"Media Needs\",\"potentialAction\":[{\"@type\":\"SearchAction\",\"target\":{\"@type\":\"EntryPoint\",\"urlTemplate\":\"https:\\\/\\\/medianeeds.es\\\/?s={search_term_string}\"},\"query-input\":{\"@type\":\"PropertyValueSpecification\",\"valueRequired\":true,\"valueName\":\"search_term_string\"}}],\"inLanguage\":\"es\"},{\"@type\":\"Organization\",\"@id\":\"https:\\\/\\\/medianeeds.es\\\/#organization\",\"name\":\"M\u00e0rketing Reus | Media Needs Reus | Ag\u00e8ncia de publicitat Reus\",\"alternateName\":\"Media Needs\",\"url\":\"https:\\\/\\\/medianeeds.es\\\/\",\"logo\":{\"@type\":\"ImageObject\",\"inLanguage\":\"es\",\"@id\":\"https:\\\/\\\/medianeeds.es\\\/#\\\/schema\\\/logo\\\/image\\\/\",\"url\":\"https:\\\/\\\/medianeeds.es\\\/wp-content\\\/uploads\\\/2024\\\/06\\\/COLOR_Mesa-de-trabajo-1-copia.png\",\"contentUrl\":\"https:\\\/\\\/medianeeds.es\\\/wp-content\\\/uploads\\\/2024\\\/06\\\/COLOR_Mesa-de-trabajo-1-copia.png\",\"width\":470,\"height\":226,\"caption\":\"M\u00e0rketing Reus | Media Needs Reus | Ag\u00e8ncia de publicitat Reus\"},\"image\":{\"@id\":\"https:\\\/\\\/medianeeds.es\\\/#\\\/schema\\\/logo\\\/image\\\/\"},\"sameAs\":[\"https:\\\/\\\/www.facebook.com\\\/medianeeds.es\\\/\",\"https:\\\/\\\/x.com\\\/media_needs\",\"https:\\\/\\\/www.instagram.com\\\/medianeeds\\\/?hl=es\"]},{\"@type\":\"Person\",\"@id\":\"https:\\\/\\\/medianeeds.es\\\/#\\\/schema\\\/person\\\/6a6f2f17f283df3eeb0946feebd2af79\",\"name\":\"Medianeeds\",\"image\":{\"@type\":\"ImageObject\",\"inLanguage\":\"es\",\"@id\":\"https:\\\/\\\/secure.gravatar.com\\\/avatar\\\/442251953f111b43a4668103c7b7c09aa35690e525473fb0bb9db0681ee9c0c3?s=96&d=mm&r=g\",\"url\":\"https:\\\/\\\/secure.gravatar.com\\\/avatar\\\/442251953f111b43a4668103c7b7c09aa35690e525473fb0bb9db0681ee9c0c3?s=96&d=mm&r=g\",\"contentUrl\":\"https:\\\/\\\/secure.gravatar.com\\\/avatar\\\/442251953f111b43a4668103c7b7c09aa35690e525473fb0bb9db0681ee9c0c3?s=96&d=mm&r=g\",\"caption\":\"Medianeeds\"},\"url\":\"https:\\\/\\\/medianeeds.es\\\/es\\\/author\\\/medianeeds\\\/\"}]}<\/script>\n<!-- \/ Yoast SEO plugin. -->","yoast_head_json":{"title":"Ni\u00f1os e internet, \u00bfa qu\u00e9 se exponen? - M\u00e0rketing Reus | Media Needs Reus | Ag\u00e8ncia de publicitat Reus","description":"Ni\u00f1os e internet. 1 de cada 3 usuarios de internet en todo el mundo es un ni\u00f1o. Eso les da enormes oportunidades, pero tambi\u00e9n los expone considerablemente.","robots":{"index":"index","follow":"follow","max-snippet":"max-snippet:-1","max-image-preview":"max-image-preview:large","max-video-preview":"max-video-preview:-1"},"canonical":"https:\/\/medianeeds.es\/es\/ninos-e-internet-a-que-se-exponen\/","og_locale":"es_ES","og_type":"article","og_title":"Ni\u00f1os e internet, \u00bfa qu\u00e9 se exponen? - M\u00e0rketing Reus | Media Needs Reus | Ag\u00e8ncia de publicitat Reus","og_description":"Ni\u00f1os e internet. 1 de cada 3 usuarios de internet en todo el mundo es un ni\u00f1o. Eso les da enormes oportunidades, pero tambi\u00e9n los expone considerablemente.","og_url":"https:\/\/medianeeds.es\/es\/ninos-e-internet-a-que-se-exponen\/","og_site_name":"M\u00e0rketing Reus | Media Needs Reus | Ag\u00e8ncia de publicitat Reus","article_publisher":"https:\/\/www.facebook.com\/medianeeds.es\/","article_published_time":"2019-12-09T13:00:11+00:00","og_image":[{"width":1080,"height":675,"url":"https:\/\/medianeeds.es\/wp-content\/uploads\/2019\/12\/Blog9.jpg","type":"image\/jpeg"}],"author":"Medianeeds","twitter_misc":{"Escrito por":"Medianeeds","Tiempo de lectura":"2 minutos"},"schema":{"@context":"https:\/\/schema.org","@graph":[{"@type":"Article","@id":"https:\/\/medianeeds.es\/es\/ninos-e-internet-a-que-se-exponen\/#article","isPartOf":{"@id":"https:\/\/medianeeds.es\/es\/ninos-e-internet-a-que-se-exponen\/"},"author":{"name":"Medianeeds","@id":"https:\/\/medianeeds.es\/#\/schema\/person\/6a6f2f17f283df3eeb0946feebd2af79"},"headline":"Ni\u00f1os e internet, \u00bfa qu\u00e9 se exponen?","datePublished":"2019-12-09T13:00:11+00:00","mainEntityOfPage":{"@id":"https:\/\/medianeeds.es\/es\/ninos-e-internet-a-que-se-exponen\/"},"wordCount":486,"publisher":{"@id":"https:\/\/medianeeds.es\/#organization"},"image":{"@id":"https:\/\/medianeeds.es\/es\/ninos-e-internet-a-que-se-exponen\/#primaryimage"},"thumbnailUrl":"https:\/\/medianeeds.es\/wp-content\/uploads\/2019\/12\/Blog9.jpg","articleSection":["Destacados","Noticias","Not\u00edcies"],"inLanguage":"es"},{"@type":"WebPage","@id":"https:\/\/medianeeds.es\/es\/ninos-e-internet-a-que-se-exponen\/","url":"https:\/\/medianeeds.es\/es\/ninos-e-internet-a-que-se-exponen\/","name":"Ni\u00f1os e internet, \u00bfa qu\u00e9 se exponen? - M\u00e0rketing Reus | Media Needs Reus | Ag\u00e8ncia de publicitat Reus","isPartOf":{"@id":"https:\/\/medianeeds.es\/#website"},"primaryImageOfPage":{"@id":"https:\/\/medianeeds.es\/es\/ninos-e-internet-a-que-se-exponen\/#primaryimage"},"image":{"@id":"https:\/\/medianeeds.es\/es\/ninos-e-internet-a-que-se-exponen\/#primaryimage"},"thumbnailUrl":"https:\/\/medianeeds.es\/wp-content\/uploads\/2019\/12\/Blog9.jpg","datePublished":"2019-12-09T13:00:11+00:00","description":"Ni\u00f1os e internet. 1 de cada 3 usuarios de internet en todo el mundo es un ni\u00f1o. Eso les da enormes oportunidades, pero tambi\u00e9n los expone considerablemente.","breadcrumb":{"@id":"https:\/\/medianeeds.es\/es\/ninos-e-internet-a-que-se-exponen\/#breadcrumb"},"inLanguage":"es","potentialAction":[{"@type":"ReadAction","target":["https:\/\/medianeeds.es\/es\/ninos-e-internet-a-que-se-exponen\/"]}]},{"@type":"ImageObject","inLanguage":"es","@id":"https:\/\/medianeeds.es\/es\/ninos-e-internet-a-que-se-exponen\/#primaryimage","url":"https:\/\/medianeeds.es\/wp-content\/uploads\/2019\/12\/Blog9.jpg","contentUrl":"https:\/\/medianeeds.es\/wp-content\/uploads\/2019\/12\/Blog9.jpg","width":1080,"height":675,"caption":"Ni\u00f1os e internet"},{"@type":"BreadcrumbList","@id":"https:\/\/medianeeds.es\/es\/ninos-e-internet-a-que-se-exponen\/#breadcrumb","itemListElement":[{"@type":"ListItem","position":1,"name":"Portada","item":"https:\/\/medianeeds.es\/"},{"@type":"ListItem","position":2,"name":"Ni\u00f1os e internet, \u00bfa qu\u00e9 se exponen?"}]},{"@type":"WebSite","@id":"https:\/\/medianeeds.es\/#website","url":"https:\/\/medianeeds.es\/","name":"M\u00e0rketing Reus | Media Needs Reus | Ag\u00e8ncia de publicitat Reus","description":"MediaNeeds \u00e9s una empresa especialitzada en serveis integrals de publicitat, m\u00e0rqueting on-line i community manager a Reus, Tarragona","publisher":{"@id":"https:\/\/medianeeds.es\/#organization"},"alternateName":"Media Needs","potentialAction":[{"@type":"SearchAction","target":{"@type":"EntryPoint","urlTemplate":"https:\/\/medianeeds.es\/?s={search_term_string}"},"query-input":{"@type":"PropertyValueSpecification","valueRequired":true,"valueName":"search_term_string"}}],"inLanguage":"es"},{"@type":"Organization","@id":"https:\/\/medianeeds.es\/#organization","name":"M\u00e0rketing Reus | Media Needs Reus | Ag\u00e8ncia de publicitat Reus","alternateName":"Media Needs","url":"https:\/\/medianeeds.es\/","logo":{"@type":"ImageObject","inLanguage":"es","@id":"https:\/\/medianeeds.es\/#\/schema\/logo\/image\/","url":"https:\/\/medianeeds.es\/wp-content\/uploads\/2024\/06\/COLOR_Mesa-de-trabajo-1-copia.png","contentUrl":"https:\/\/medianeeds.es\/wp-content\/uploads\/2024\/06\/COLOR_Mesa-de-trabajo-1-copia.png","width":470,"height":226,"caption":"M\u00e0rketing Reus | Media Needs Reus | Ag\u00e8ncia de publicitat Reus"},"image":{"@id":"https:\/\/medianeeds.es\/#\/schema\/logo\/image\/"},"sameAs":["https:\/\/www.facebook.com\/medianeeds.es\/","https:\/\/x.com\/media_needs","https:\/\/www.instagram.com\/medianeeds\/?hl=es"]},{"@type":"Person","@id":"https:\/\/medianeeds.es\/#\/schema\/person\/6a6f2f17f283df3eeb0946feebd2af79","name":"Medianeeds","image":{"@type":"ImageObject","inLanguage":"es","@id":"https:\/\/secure.gravatar.com\/avatar\/442251953f111b43a4668103c7b7c09aa35690e525473fb0bb9db0681ee9c0c3?s=96&d=mm&r=g","url":"https:\/\/secure.gravatar.com\/avatar\/442251953f111b43a4668103c7b7c09aa35690e525473fb0bb9db0681ee9c0c3?s=96&d=mm&r=g","contentUrl":"https:\/\/secure.gravatar.com\/avatar\/442251953f111b43a4668103c7b7c09aa35690e525473fb0bb9db0681ee9c0c3?s=96&d=mm&r=g","caption":"Medianeeds"},"url":"https:\/\/medianeeds.es\/es\/author\/medianeeds\/"}]}},"_links":{"self":[{"href":"https:\/\/medianeeds.es\/es\/wp-json\/wp\/v2\/posts\/14304","targetHints":{"allow":["GET"]}}],"collection":[{"href":"https:\/\/medianeeds.es\/es\/wp-json\/wp\/v2\/posts"}],"about":[{"href":"https:\/\/medianeeds.es\/es\/wp-json\/wp\/v2\/types\/post"}],"author":[{"embeddable":true,"href":"https:\/\/medianeeds.es\/es\/wp-json\/wp\/v2\/users\/1"}],"replies":[{"embeddable":true,"href":"https:\/\/medianeeds.es\/es\/wp-json\/wp\/v2\/comments?post=14304"}],"version-history":[{"count":1,"href":"https:\/\/medianeeds.es\/es\/wp-json\/wp\/v2\/posts\/14304\/revisions"}],"predecessor-version":[{"id":14305,"href":"https:\/\/medianeeds.es\/es\/wp-json\/wp\/v2\/posts\/14304\/revisions\/14305"}],"wp:featuredmedia":[{"embeddable":true,"href":"https:\/\/medianeeds.es\/es\/wp-json\/wp\/v2\/media\/14302"}],"wp:attachment":[{"href":"https:\/\/medianeeds.es\/es\/wp-json\/wp\/v2\/media?parent=14304"}],"wp:term":[{"taxonomy":"category","embeddable":true,"href":"https:\/\/medianeeds.es\/es\/wp-json\/wp\/v2\/categories?post=14304"},{"taxonomy":"post_tag","embeddable":true,"href":"https:\/\/medianeeds.es\/es\/wp-json\/wp\/v2\/tags?post=14304"}],"curies":[{"name":"wp","href":"https:\/\/api.w.org\/{rel}","templated":true}]}}